{"id":3191,"date":"2024-04-12T19:17:53","date_gmt":"2024-04-12T19:17:53","guid":{"rendered":"https:\/\/blogdobispo.com.br\/?p=3191"},"modified":"2024-04-12T19:17:53","modified_gmt":"2024-04-12T19:17:53","slug":"programa-wi-fi-natal-e-ampliado-e-chega-a-mais-de-60-pontos-de-acesso-a-internet-gratuita","status":"publish","type":"post","link":"https:\/\/blogdobispo.com.br\/?p=3191","title":{"rendered":"Programa Wi-Fi Natal \u00e9 ampliado e chega a mais de 60 pontos de acesso \u00e0 internet gratuita"},"content":{"rendered":"\n<figure class=\"wp-block-image size-large\"><img data-recalc-dims=\"1\" fetchpriority=\"high\" decoding=\"async\" width=\"800\" height=\"533\" src=\"https:\/\/i0.wp.com\/blogdobispo.com.br\/wp-content\/uploads\/2024\/04\/1204-ampliacao-do-wi-fi-natal-foto-alex-regis--1024x682.jpg?resize=800%2C533&#038;ssl=1\" class=\"wp-image-3190\" srcset=\"https:\/\/i0.wp.com\/blogdobispo.com.br\/wp-content\/uploads\/2024\/04\/1204-ampliacao-do-wi-fi-natal-foto-alex-regis-.jpg?resize=1024%2C682&amp;ssl=1 1024w, https:\/\/i0.wp.com\/blogdobispo.com.br\/wp-content\/uploads\/2024\/04\/1204-ampliacao-do-wi-fi-natal-foto-alex-regis-.jpg?resize=300%2C200&amp;ssl=1 300w, https:\/\/i0.wp.com\/blogdobispo.com.br\/wp-content\/uploads\/2024\/04\/1204-ampliacao-do-wi-fi-natal-foto-alex-regis-.jpg?resize=768%2C512&amp;ssl=1 768w, https:\/\/i0.wp.com\/blogdobispo.com.br\/wp-content\/uploads\/2024\/04\/1204-ampliacao-do-wi-fi-natal-foto-alex-regis-.jpg?resize=1536%2C1023&amp;ssl=1 1536w, https:\/\/i0.wp.com\/blogdobispo.com.br\/wp-content\/uploads\/2024\/04\/1204-ampliacao-do-wi-fi-natal-foto-alex-regis-.jpg?w=1600&amp;ssl=1 1600w\" sizes=\"(max-width: 800px) 100vw, 800px\" \/><\/figure>\n\n\n\n<p><\/p>\n\n\n\n<p>Em mais um passo em dire\u00e7\u00e3o \u00e0 democratiza\u00e7\u00e3o do acesso \u00e0 internet gratuita e de alta velocidade na cidade, o prefeito \u00c1lvaro Dias, lan\u00e7ou nesta sexta-feira (12), em solenidade realizada no sal\u00e3o nobre do Pal\u00e1cio Felipe Camar\u00e3o, mais uma etapa do programa Wi-Fi Natal, garantindo a instala\u00e7\u00e3o de 19 novos pontos espalhados por todas as regi\u00f5es da capital potiguar. O Munic\u00edpio passa agora a contar com 62 espa\u00e7os p\u00fablicos entre pra\u00e7as, orla, parques, bosques e mercados com a tecnologia. Al\u00e9m disso, a solenidade tamb\u00e9m marcou a assinatura do decreto que institui o Guia de Servi\u00e7os Municipal. A medida amplia e refor\u00e7a a&nbsp;<a href=\"https:\/\/guiadeservicos.natal.rn.gov.br\/\" target=\"_blank\" rel=\"noreferrer noopener\">ferramenta on-line<\/a>, que disponibiliza ao cidad\u00e3o informa\u00e7\u00f5es sobre os servi\u00e7os oferecidos pela gest\u00e3o em diversas \u00e1reas.<\/p>\n\n\n\n<p><br \/>\u201cEsse \u00e9 um momento muito significativo para a cidade. Estamos ampliando ainda mais os pontos de internet livre, gratuita e de alta velocidade. O mundo hoje est\u00e1 conectado, tudo \u00e9 solucionado por meio de um smartphone e a nossa gest\u00e3o tem feito um trabalho prof\u00edcuo de inclus\u00e3o digital. Ao instalar esses pontos, oportunizamos a popula\u00e7\u00e3o das regi\u00f5es beneficiadas acesso \u00e0 informa\u00e7\u00e3o, cultura, entretenimento e lazer. O Wi-Fi Natal est\u00e1 consolidado e vamos nos empenhar para lev\u00e1-lo para mais locais\u201d, ressaltou \u00c1lvaro Dias.<\/p>\n\n\n\n<p><br \/>Os locais onde ser\u00e3o instalados os 19 pontos da nova etapa do Wi-fi Natal s\u00e3o: Mercado do Peixe, nas Rocas, e o da Avenida 6, no Alecrim; na orla, no rel\u00f3gio da praia de Miami, em Areia Preta, al\u00e9m de mais dois parques urbanos: o parque Ecol\u00f3gico de Capim Macio e o Bosque das Mangueiras. Os demais espa\u00e7os s\u00e3o a Pra\u00e7a Juscelino Kubitschek, Cruzeiro Religioso Setor Missa Nossa Senhora de F\u00e1tima, Cruzeiro Religioso Setor S\u00e3o Jos\u00e9, Pra\u00e7a Maurino Lucena, Pra\u00e7a Pastor Jos\u00e9 Agostinho de Oliveira, Pra\u00e7a Eldorado, Pra\u00e7a Alu\u00edzio Alves, Pra\u00e7a das Flores, Pra\u00e7a Passo da P\u00e1tria, Pra\u00e7a Pedro Velho, Pra\u00e7a Armando Nobre Viana, Pra\u00e7a Central de Ne\u00f3polis, Pra\u00e7a Marechal Floriano Peixoto e Pra\u00e7a da \u00c1rvore de Mirassol.<\/p>\n\n\n\n<p><br \/>Presente \u00e0 solenidade, a presidente do Conselho Comunit\u00e1rio de Ne\u00f3polis, Algecira Gomes, agradeceu ao prefeito por ter disponibilizado um ponto do Wi-fi Natal na pra\u00e7a central da comunidade: \u201cEstamos muito felizes com esse benef\u00edcio. Todos os dias acompanho as pessoas utilizando a tecnologia disponibilizada pela Prefeitura. A gest\u00e3o do prefeito \u00c1lvaro Dias n\u00e3o ficar\u00e1 marcada s\u00f3 pela execu\u00e7\u00e3o de grandes obras, como tamb\u00e9m deixar\u00e1 uma marca de muita sensibilidade e cuidado com a popula\u00e7\u00e3o, tendo como exemplo iniciativas como essa que disponibiliza internet livre e r\u00e1pida\u201d, detalhou.<\/p>\n\n\n\n<p><br \/>Sobre o Guia dos Servi\u00e7os, o chefe do executivo municipal tamb\u00e9m enalteceu a disponibiliza\u00e7\u00e3o da ferramenta: \u201cAo alcance de um clique, tanto os cidad\u00e3os quanto os turistas ter\u00e3o acesso a todas informa\u00e7\u00f5es referentes \u00e0 gest\u00e3o em \u00e1reas como mobilidade urbana, sa\u00fade, esporte, lazer, assist\u00eancia social, turismo, dentre outras. \u00c9 uma ferramenta poderosa e de grande valia para todos\u201d, destacou o prefeito.<\/p>\n\n\n\n<p><br \/>O Guia de Servi\u00e7os \u00e9 uma ferramenta on-line que disponibiliza informa\u00e7\u00f5es sobre os servi\u00e7os oferecidos pela administra\u00e7\u00e3o municipal. Com as mudan\u00e7as efetivadas, as demandas da popula\u00e7\u00e3o sobre os servi\u00e7os da Prefeitura s\u00e3o disponibilizadas nos canais de comunica\u00e7\u00e3o do Guia e imediatamente repassadas \u00e0s secretarias ou \u00f3rg\u00e3os respons\u00e1veis.<\/p>\n\n\n\n<p><br \/>\u201cO Guia vem cumprindo o importante papel de ser a interface entre o cidad\u00e3o e a gest\u00e3o municipal, al\u00e9m de ser um forte aliado e um facilitador para o cidad\u00e3o que precisa de informa\u00e7\u00f5es sobre os servi\u00e7os oferecidos pela Prefeitura, pois a busca pode ser feita por \u00e1rea tem\u00e1tica, \u00f3rg\u00e3o respons\u00e1vel, bairro e perfil do usu\u00e1rio. Quero agradecer o empenho e a compet\u00eancia de toda a equipe da secretaria municipal de Planejamento pelo trabalho desempenhado&#8221;, explicou Joanna Guerra.<\/p>\n\n\n\n<p><br>A solenidade contou com as presen\u00e7as dos vereadores Preto Aquino, Robson Carvalho, Luciano Nascimento, Dickson J\u00fanior, Nivaldo Bacurau e Hermes C\u00e2mara, al\u00e9m do presidente da Associa\u00e7\u00e3o dos Empres\u00e1rios do Bairro do Alecrim (AEBA), Matheus Feitosa.<\/p>\n","protected":false},"excerpt":{"rendered":"<p>Em mais um passo em dire\u00e7\u00e3o \u00e0 democratiza\u00e7\u00e3o do acesso \u00e0 internet gratuita e de alta velocidade na cidade, o prefeito \u00c1lvaro Dias, lan\u00e7ou nesta sexta-feira (12), em solenidade realizada no sal\u00e3o nobre do Pal\u00e1cio Felipe Camar\u00e3o, mais uma etapa do programa Wi-Fi Natal, garantindo a instala\u00e7\u00e3o de 19 novos pontos espalhados por todas as [&hellip;]<\/p>\n","protected":false},"author":1,"featured_media":0,"comment_status":"open","ping_status":"open","sticky":false,"template":"","format":"standard","meta":{"cybocfi_hide_featured_image":"","_jetpack_memberships_contains_paid_content":false,"footnotes":""},"categories":[1],"tags":[],"class_list":["post-3191","post","type-post","status-publish","format-standard","hentry","category-diversos"],"yoast_head":"<!-- This site is optimized with the Yoast SEO plugin v25.6 - https:\/\/yoast.com\/wordpress\/plugins\/seo\/ -->\n<title>Programa Wi-Fi Natal \u00e9 ampliado e chega a mais de 60 pontos de acesso \u00e0 internet gratuita - Blog do Bispo<\/title>\n<meta name=\"robots\" content=\"index, follow, max-snippet:-1, max-image-preview:large, max-video-preview:-1\" \/>\n<link rel=\"canonical\" href=\"https:\/\/blogdobispo.com.br\/?p=3191\" \/>\n<meta property=\"og:locale\" content=\"pt_BR\" \/>\n<meta property=\"og:type\" content=\"article\" \/>\n<meta property=\"og:title\" content=\"Programa Wi-Fi Natal \u00e9 ampliado e chega a mais de 60 pontos de acesso \u00e0 internet gratuita - Blog do Bispo\" \/>\n<meta property=\"og:description\" content=\"Em mais um passo em dire\u00e7\u00e3o \u00e0 democratiza\u00e7\u00e3o do acesso \u00e0 internet gratuita e de alta velocidade na cidade, o prefeito \u00c1lvaro Dias, lan\u00e7ou nesta sexta-feira (12), em solenidade realizada no sal\u00e3o nobre do Pal\u00e1cio Felipe Camar\u00e3o, mais uma etapa do programa Wi-Fi Natal, garantindo a instala\u00e7\u00e3o de 19 novos pontos espalhados por todas as [&hellip;]\" \/>\n<meta property=\"og:url\" content=\"https:\/\/blogdobispo.com.br\/?p=3191\" \/>\n<meta property=\"og:site_name\" content=\"Blog do Bispo\" \/>\n<meta property=\"article:published_time\" content=\"2024-04-12T19:17:53+00:00\" \/>\n<meta property=\"og:image\" content=\"https:\/\/blogdobispo.com.br\/wp-content\/uploads\/2024\/04\/1204-ampliacao-do-wi-fi-natal-foto-alex-regis--1024x682.jpg\" \/>\n<meta name=\"author\" content=\"Jefferson Sterfeno\" \/>\n<meta name=\"twitter:card\" content=\"summary_large_image\" \/>\n<meta name=\"twitter:label1\" content=\"Escrito por\" \/>\n\t<meta name=\"twitter:data1\" content=\"Jefferson Sterfeno\" \/>\n\t<meta name=\"twitter:label2\" content=\"Est. tempo de leitura\" \/>\n\t<meta name=\"twitter:data2\" content=\"4 minutos\" \/>\n<script type=\"application\/ld+json\" class=\"yoast-schema-graph\">{\"@context\":\"https:\/\/schema.org\",\"@graph\":[{\"@type\":\"Article\",\"@id\":\"https:\/\/blogdobispo.com.br\/?p=3191#article\",\"isPartOf\":{\"@id\":\"https:\/\/blogdobispo.com.br\/?p=3191\"},\"author\":{\"name\":\"Jefferson Sterfeno\",\"@id\":\"https:\/\/blogdobispo.com.br\/#\/schema\/person\/e2209cc0e6cea5c5233d033e997b373f\"},\"headline\":\"Programa Wi-Fi Natal \u00e9 ampliado e chega a mais de 60 pontos de acesso \u00e0 internet gratuita\",\"datePublished\":\"2024-04-12T19:17:53+00:00\",\"mainEntityOfPage\":{\"@id\":\"https:\/\/blogdobispo.com.br\/?p=3191\"},\"wordCount\":725,\"commentCount\":0,\"publisher\":{\"@id\":\"https:\/\/blogdobispo.com.br\/#organization\"},\"image\":{\"@id\":\"https:\/\/blogdobispo.com.br\/?p=3191#primaryimage\"},\"thumbnailUrl\":\"https:\/\/blogdobispo.com.br\/wp-content\/uploads\/2024\/04\/1204-ampliacao-do-wi-fi-natal-foto-alex-regis--1024x682.jpg\",\"articleSection\":[\"diversos\"],\"inLanguage\":\"pt-BR\",\"potentialAction\":[{\"@type\":\"CommentAction\",\"name\":\"Comment\",\"target\":[\"https:\/\/blogdobispo.com.br\/?p=3191#respond\"]}]},{\"@type\":\"WebPage\",\"@id\":\"https:\/\/blogdobispo.com.br\/?p=3191\",\"url\":\"https:\/\/blogdobispo.com.br\/?p=3191\",\"name\":\"Programa Wi-Fi Natal \u00e9 ampliado e chega a mais de 60 pontos de acesso \u00e0 internet gratuita - Blog do Bispo\",\"isPartOf\":{\"@id\":\"https:\/\/blogdobispo.com.br\/#website\"},\"primaryImageOfPage\":{\"@id\":\"https:\/\/blogdobispo.com.br\/?p=3191#primaryimage\"},\"image\":{\"@id\":\"https:\/\/blogdobispo.com.br\/?p=3191#primaryimage\"},\"thumbnailUrl\":\"https:\/\/blogdobispo.com.br\/wp-content\/uploads\/2024\/04\/1204-ampliacao-do-wi-fi-natal-foto-alex-regis--1024x682.jpg\",\"datePublished\":\"2024-04-12T19:17:53+00:00\",\"breadcrumb\":{\"@id\":\"https:\/\/blogdobispo.com.br\/?p=3191#breadcrumb\"},\"inLanguage\":\"pt-BR\",\"potentialAction\":[{\"@type\":\"ReadAction\",\"target\":[\"https:\/\/blogdobispo.com.br\/?p=3191\"]}]},{\"@type\":\"ImageObject\",\"inLanguage\":\"pt-BR\",\"@id\":\"https:\/\/blogdobispo.com.br\/?p=3191#primaryimage\",\"url\":\"https:\/\/blogdobispo.com.br\/wp-content\/uploads\/2024\/04\/1204-ampliacao-do-wi-fi-natal-foto-alex-regis--1024x682.jpg\",\"contentUrl\":\"https:\/\/blogdobispo.com.br\/wp-content\/uploads\/2024\/04\/1204-ampliacao-do-wi-fi-natal-foto-alex-regis--1024x682.jpg\"},{\"@type\":\"BreadcrumbList\",\"@id\":\"https:\/\/blogdobispo.com.br\/?p=3191#breadcrumb\",\"itemListElement\":[{\"@type\":\"ListItem\",\"position\":1,\"name\":\"In\u00edcio\",\"item\":\"https:\/\/blogdobispo.com.br\/\"},{\"@type\":\"ListItem\",\"position\":2,\"name\":\"Programa Wi-Fi Natal \u00e9 ampliado e chega a mais de 60 pontos de acesso \u00e0 internet gratuita\"}]},{\"@type\":\"WebSite\",\"@id\":\"https:\/\/blogdobispo.com.br\/#website\",\"url\":\"https:\/\/blogdobispo.com.br\/\",\"name\":\"Blog do Bispo\",\"description\":\"Comprometido apenas com o leitor\",\"publisher\":{\"@id\":\"https:\/\/blogdobispo.com.br\/#organization\"},\"potentialAction\":[{\"@type\":\"SearchAction\",\"target\":{\"@type\":\"EntryPoint\",\"urlTemplate\":\"https:\/\/blogdobispo.com.br\/?s={search_term_string}\"},\"query-input\":{\"@type\":\"PropertyValueSpecification\",\"valueRequired\":true,\"valueName\":\"search_term_string\"}}],\"inLanguage\":\"pt-BR\"},{\"@type\":\"Organization\",\"@id\":\"https:\/\/blogdobispo.com.br\/#organization\",\"name\":\"Blog do Bispo\",\"url\":\"https:\/\/blogdobispo.com.br\/\",\"logo\":{\"@type\":\"ImageObject\",\"inLanguage\":\"pt-BR\",\"@id\":\"https:\/\/blogdobispo.com.br\/#\/schema\/logo\/image\/\",\"url\":\"http:\/\/blogdobispo.com.br\/wp-content\/uploads\/2023\/05\/cropped-headear.png\",\"contentUrl\":\"http:\/\/blogdobispo.com.br\/wp-content\/uploads\/2023\/05\/cropped-headear.png\",\"width\":1500,\"height\":399,\"caption\":\"Blog do Bispo\"},\"image\":{\"@id\":\"https:\/\/blogdobispo.com.br\/#\/schema\/logo\/image\/\"}},{\"@type\":\"Person\",\"@id\":\"https:\/\/blogdobispo.com.br\/#\/schema\/person\/e2209cc0e6cea5c5233d033e997b373f\",\"name\":\"Jefferson Sterfeno\",\"image\":{\"@type\":\"ImageObject\",\"inLanguage\":\"pt-BR\",\"@id\":\"https:\/\/blogdobispo.com.br\/#\/schema\/person\/image\/\",\"url\":\"https:\/\/secure.gravatar.com\/avatar\/0534e84764641168a677026b6d57a3f51dc7ac4db0b4f6186d9cb330d4ee1160?s=96&d=mm&r=g\",\"contentUrl\":\"https:\/\/secure.gravatar.com\/avatar\/0534e84764641168a677026b6d57a3f51dc7ac4db0b4f6186d9cb330d4ee1160?s=96&d=mm&r=g\",\"caption\":\"Jefferson Sterfeno\"},\"sameAs\":[\"http:\/\/blogdobispo.com.br\"],\"url\":\"https:\/\/blogdobispo.com.br\/?author=1\"}]}<\/script>\n<!-- \/ Yoast SEO plugin. -->","yoast_head_json":{"title":"Programa Wi-Fi Natal \u00e9 ampliado e chega a mais de 60 pontos de acesso \u00e0 internet gratuita - Blog do Bispo","robots":{"index":"index","follow":"follow","max-snippet":"max-snippet:-1","max-image-preview":"max-image-preview:large","max-video-preview":"max-video-preview:-1"},"canonical":"https:\/\/blogdobispo.com.br\/?p=3191","og_locale":"pt_BR","og_type":"article","og_title":"Programa Wi-Fi Natal \u00e9 ampliado e chega a mais de 60 pontos de acesso \u00e0 internet gratuita - Blog do Bispo","og_description":"Em mais um passo em dire\u00e7\u00e3o \u00e0 democratiza\u00e7\u00e3o do acesso \u00e0 internet gratuita e de alta velocidade na cidade, o prefeito \u00c1lvaro Dias, lan\u00e7ou nesta sexta-feira (12), em solenidade realizada no sal\u00e3o nobre do Pal\u00e1cio Felipe Camar\u00e3o, mais uma etapa do programa Wi-Fi Natal, garantindo a instala\u00e7\u00e3o de 19 novos pontos espalhados por todas as [&hellip;]","og_url":"https:\/\/blogdobispo.com.br\/?p=3191","og_site_name":"Blog do Bispo","article_published_time":"2024-04-12T19:17:53+00:00","og_image":[{"url":"https:\/\/blogdobispo.com.br\/wp-content\/uploads\/2024\/04\/1204-ampliacao-do-wi-fi-natal-foto-alex-regis--1024x682.jpg","type":"","width":"","height":""}],"author":"Jefferson Sterfeno","twitter_card":"summary_large_image","twitter_misc":{"Escrito por":"Jefferson Sterfeno","Est. tempo de leitura":"4 minutos"},"schema":{"@context":"https:\/\/schema.org","@graph":[{"@type":"Article","@id":"https:\/\/blogdobispo.com.br\/?p=3191#article","isPartOf":{"@id":"https:\/\/blogdobispo.com.br\/?p=3191"},"author":{"name":"Jefferson Sterfeno","@id":"https:\/\/blogdobispo.com.br\/#\/schema\/person\/e2209cc0e6cea5c5233d033e997b373f"},"headline":"Programa Wi-Fi Natal \u00e9 ampliado e chega a mais de 60 pontos de acesso \u00e0 internet gratuita","datePublished":"2024-04-12T19:17:53+00:00","mainEntityOfPage":{"@id":"https:\/\/blogdobispo.com.br\/?p=3191"},"wordCount":725,"commentCount":0,"publisher":{"@id":"https:\/\/blogdobispo.com.br\/#organization"},"image":{"@id":"https:\/\/blogdobispo.com.br\/?p=3191#primaryimage"},"thumbnailUrl":"https:\/\/blogdobispo.com.br\/wp-content\/uploads\/2024\/04\/1204-ampliacao-do-wi-fi-natal-foto-alex-regis--1024x682.jpg","articleSection":["diversos"],"inLanguage":"pt-BR","potentialAction":[{"@type":"CommentAction","name":"Comment","target":["https:\/\/blogdobispo.com.br\/?p=3191#respond"]}]},{"@type":"WebPage","@id":"https:\/\/blogdobispo.com.br\/?p=3191","url":"https:\/\/blogdobispo.com.br\/?p=3191","name":"Programa Wi-Fi Natal \u00e9 ampliado e chega a mais de 60 pontos de acesso \u00e0 internet gratuita - Blog do Bispo","isPartOf":{"@id":"https:\/\/blogdobispo.com.br\/#website"},"primaryImageOfPage":{"@id":"https:\/\/blogdobispo.com.br\/?p=3191#primaryimage"},"image":{"@id":"https:\/\/blogdobispo.com.br\/?p=3191#primaryimage"},"thumbnailUrl":"https:\/\/blogdobispo.com.br\/wp-content\/uploads\/2024\/04\/1204-ampliacao-do-wi-fi-natal-foto-alex-regis--1024x682.jpg","datePublished":"2024-04-12T19:17:53+00:00","breadcrumb":{"@id":"https:\/\/blogdobispo.com.br\/?p=3191#breadcrumb"},"inLanguage":"pt-BR","potentialAction":[{"@type":"ReadAction","target":["https:\/\/blogdobispo.com.br\/?p=3191"]}]},{"@type":"ImageObject","inLanguage":"pt-BR","@id":"https:\/\/blogdobispo.com.br\/?p=3191#primaryimage","url":"https:\/\/blogdobispo.com.br\/wp-content\/uploads\/2024\/04\/1204-ampliacao-do-wi-fi-natal-foto-alex-regis--1024x682.jpg","contentUrl":"https:\/\/blogdobispo.com.br\/wp-content\/uploads\/2024\/04\/1204-ampliacao-do-wi-fi-natal-foto-alex-regis--1024x682.jpg"},{"@type":"BreadcrumbList","@id":"https:\/\/blogdobispo.com.br\/?p=3191#breadcrumb","itemListElement":[{"@type":"ListItem","position":1,"name":"In\u00edcio","item":"https:\/\/blogdobispo.com.br\/"},{"@type":"ListItem","position":2,"name":"Programa Wi-Fi Natal \u00e9 ampliado e chega a mais de 60 pontos de acesso \u00e0 internet gratuita"}]},{"@type":"WebSite","@id":"https:\/\/blogdobispo.com.br\/#website","url":"https:\/\/blogdobispo.com.br\/","name":"Blog do Bispo","description":"Comprometido apenas com o leitor","publisher":{"@id":"https:\/\/blogdobispo.com.br\/#organization"},"potentialAction":[{"@type":"SearchAction","target":{"@type":"EntryPoint","urlTemplate":"https:\/\/blogdobispo.com.br\/?s={search_term_string}"},"query-input":{"@type":"PropertyValueSpecification","valueRequired":true,"valueName":"search_term_string"}}],"inLanguage":"pt-BR"},{"@type":"Organization","@id":"https:\/\/blogdobispo.com.br\/#organization","name":"Blog do Bispo","url":"https:\/\/blogdobispo.com.br\/","logo":{"@type":"ImageObject","inLanguage":"pt-BR","@id":"https:\/\/blogdobispo.com.br\/#\/schema\/logo\/image\/","url":"http:\/\/blogdobispo.com.br\/wp-content\/uploads\/2023\/05\/cropped-headear.png","contentUrl":"http:\/\/blogdobispo.com.br\/wp-content\/uploads\/2023\/05\/cropped-headear.png","width":1500,"height":399,"caption":"Blog do Bispo"},"image":{"@id":"https:\/\/blogdobispo.com.br\/#\/schema\/logo\/image\/"}},{"@type":"Person","@id":"https:\/\/blogdobispo.com.br\/#\/schema\/person\/e2209cc0e6cea5c5233d033e997b373f","name":"Jefferson Sterfeno","image":{"@type":"ImageObject","inLanguage":"pt-BR","@id":"https:\/\/blogdobispo.com.br\/#\/schema\/person\/image\/","url":"https:\/\/secure.gravatar.com\/avatar\/0534e84764641168a677026b6d57a3f51dc7ac4db0b4f6186d9cb330d4ee1160?s=96&d=mm&r=g","contentUrl":"https:\/\/secure.gravatar.com\/avatar\/0534e84764641168a677026b6d57a3f51dc7ac4db0b4f6186d9cb330d4ee1160?s=96&d=mm&r=g","caption":"Jefferson Sterfeno"},"sameAs":["http:\/\/blogdobispo.com.br"],"url":"https:\/\/blogdobispo.com.br\/?author=1"}]}},"featured_image_urls":{"full":"","thumbnail":"","medium":"","medium_large":"","large":"","1536x1536":"","2048x2048":""},"author_info":{"display_name":"Jefferson Sterfeno","author_link":"https:\/\/blogdobispo.com.br\/?author=1"},"category_info":"<a href=\"https:\/\/blogdobispo.com.br\/?cat=1\" rel=\"category\">diversos<\/a>","tag_info":"diversos","comment_count":"0","jetpack_featured_media_url":"","jetpack_sharing_enabled":true,"_links":{"self":[{"href":"https:\/\/blogdobispo.com.br\/index.php?rest_route=\/wp\/v2\/posts\/3191","targetHints":{"allow":["GET"]}}],"collection":[{"href":"https:\/\/blogdobispo.com.br\/index.php?rest_route=\/wp\/v2\/posts"}],"about":[{"href":"https:\/\/blogdobispo.com.br\/index.php?rest_route=\/wp\/v2\/types\/post"}],"author":[{"embeddable":true,"href":"https:\/\/blogdobispo.com.br\/index.php?rest_route=\/wp\/v2\/users\/1"}],"replies":[{"embeddable":true,"href":"https:\/\/blogdobispo.com.br\/index.php?rest_route=%2Fwp%2Fv2%2Fcomments&post=3191"}],"version-history":[{"count":0,"href":"https:\/\/blogdobispo.com.br\/index.php?rest_route=\/wp\/v2\/posts\/3191\/revisions"}],"wp:attachment":[{"href":"https:\/\/blogdobispo.com.br\/index.php?rest_route=%2Fwp%2Fv2%2Fmedia&parent=3191"}],"wp:term":[{"taxonomy":"category","embeddable":true,"href":"https:\/\/blogdobispo.com.br\/index.php?rest_route=%2Fwp%2Fv2%2Fcategories&post=3191"},{"taxonomy":"post_tag","embeddable":true,"href":"https:\/\/blogdobispo.com.br\/index.php?rest_route=%2Fwp%2Fv2%2Ftags&post=3191"}],"curies":[{"name":"wp","href":"https:\/\/api.w.org\/{rel}","templated":true}]}}