{"id":3181,"date":"2024-04-11T23:30:31","date_gmt":"2024-04-11T23:30:31","guid":{"rendered":"https:\/\/blogdobispo.com.br\/?p=3181"},"modified":"2024-04-11T23:32:26","modified_gmt":"2024-04-11T23:32:26","slug":"prefeitura-de-sao-goncalo-do-amarante-inicia-multirao-de-corte-de-terra-na-zona-rural","status":"publish","type":"post","link":"https:\/\/blogdobispo.com.br\/?p=3181","title":{"rendered":"Prefeitura de S\u00e3o Gon\u00e7alo do Amarante Inicia Multir\u00e3o de Corte de Terra na Zona Rural"},"content":{"rendered":"\n<figure class=\"wp-block-image size-large\"><img data-recalc-dims=\"1\" fetchpriority=\"high\" decoding=\"async\" width=\"800\" height=\"450\" src=\"https:\/\/i0.wp.com\/blogdobispo.com.br\/wp-content\/uploads\/2024\/04\/05ab26e0-b8cb-4403-a2c6-82ef8818b082-1-1024x576.jpg?resize=800%2C450&#038;ssl=1\" class=\"wp-image-3182\" srcset=\"https:\/\/i0.wp.com\/blogdobispo.com.br\/wp-content\/uploads\/2024\/04\/05ab26e0-b8cb-4403-a2c6-82ef8818b082-1.jpg?resize=1024%2C576&amp;ssl=1 1024w, https:\/\/i0.wp.com\/blogdobispo.com.br\/wp-content\/uploads\/2024\/04\/05ab26e0-b8cb-4403-a2c6-82ef8818b082-1.jpg?resize=300%2C169&amp;ssl=1 300w, https:\/\/i0.wp.com\/blogdobispo.com.br\/wp-content\/uploads\/2024\/04\/05ab26e0-b8cb-4403-a2c6-82ef8818b082-1.jpg?resize=768%2C432&amp;ssl=1 768w, https:\/\/i0.wp.com\/blogdobispo.com.br\/wp-content\/uploads\/2024\/04\/05ab26e0-b8cb-4403-a2c6-82ef8818b082-1.jpg?w=1280&amp;ssl=1 1280w\" sizes=\"(max-width: 800px) 100vw, 800px\" \/><\/figure>\n\n\n\n<p><\/p>\n\n\n\n<p>Nesta quinta-feira (11), a prefeitura de S\u00e3o Gon\u00e7alo do Amarante deu um importante passo para apoiar os agricultores da nossa regi\u00e3o: o in\u00edcio do multir\u00e3o de corte de terra na zona rural. Esse trabalho \u00e9 fundamental para garantir melhores condi\u00e7\u00f5es de plantio e colheita para os nossos produtores.<\/p>\n\n\n\n<p>A iniciativa est\u00e1 sendo coordenada pela Secretaria Municipal de Agropecu\u00e1ria e Desenvolvimento Agr\u00e1rio, que mobilizou sua equipe em um regime de mutir\u00e3o. As atividades come\u00e7aram nesta quinta-feira e v\u00e3o continuar durante toda a sexta-feira, s\u00e1bado e domingo.<\/p>\n\n\n\n<p>O prefeito Eraldo destacou a import\u00e2ncia desse trabalho para o desenvolvimento da agricultura local: &#8220;Estamos empenhados em apoiar nossos agricultores, e o corte de terra \u00e9 uma das a\u00e7\u00f5es essenciais para isso. Quero parabenizar toda a equipe da Secretaria e a secret\u00e1ria Regina Tinoco pelo trabalho realizado at\u00e9 aqui.&#8221;<\/p>\n\n\n\n<p>Esse \u00e9 mais um passo em dire\u00e7\u00e3o ao progresso e ao fortalecimento da agricultura em S\u00e3o Gon\u00e7alo do Amarante. A prefeitura reafirma seu compromisso em continuar trabalhando em prol dos nossos produtores rurais, buscando sempre mais avan\u00e7os e melhorias para a nossa zona rural.<\/p>\n","protected":false},"excerpt":{"rendered":"<p>Nesta quinta-feira (11), a prefeitura de S\u00e3o Gon\u00e7alo do Amarante deu um importante passo para apoiar os agricultores da nossa regi\u00e3o: o in\u00edcio do multir\u00e3o de corte de terra na zona rural. Esse trabalho \u00e9 fundamental para garantir melhores condi\u00e7\u00f5es de plantio e colheita para os nossos produtores. A iniciativa est\u00e1 sendo coordenada pela Secretaria [&hellip;]<\/p>\n","protected":false},"author":1,"featured_media":0,"comment_status":"open","ping_status":"open","sticky":false,"template":"","format":"standard","meta":{"cybocfi_hide_featured_image":"","_jetpack_memberships_contains_paid_content":false,"footnotes":""},"categories":[1],"tags":[],"class_list":["post-3181","post","type-post","status-publish","format-standard","hentry","category-diversos"],"yoast_head":"<!-- This site is optimized with the Yoast SEO plugin v25.6 - https:\/\/yoast.com\/wordpress\/plugins\/seo\/ -->\n<title>Prefeitura de S\u00e3o Gon\u00e7alo do Amarante Inicia Multir\u00e3o de Corte de Terra na Zona Rural - Blog do Bispo<\/title>\n<meta name=\"robots\" content=\"index, follow, max-snippet:-1, max-image-preview:large, max-video-preview:-1\" \/>\n<link rel=\"canonical\" href=\"https:\/\/blogdobispo.com.br\/?p=3181\" \/>\n<meta property=\"og:locale\" content=\"pt_BR\" \/>\n<meta property=\"og:type\" content=\"article\" \/>\n<meta property=\"og:title\" content=\"Prefeitura de S\u00e3o Gon\u00e7alo do Amarante Inicia Multir\u00e3o de Corte de Terra na Zona Rural - Blog do Bispo\" \/>\n<meta property=\"og:description\" content=\"Nesta quinta-feira (11), a prefeitura de S\u00e3o Gon\u00e7alo do Amarante deu um importante passo para apoiar os agricultores da nossa regi\u00e3o: o in\u00edcio do multir\u00e3o de corte de terra na zona rural. Esse trabalho \u00e9 fundamental para garantir melhores condi\u00e7\u00f5es de plantio e colheita para os nossos produtores. A iniciativa est\u00e1 sendo coordenada pela Secretaria [&hellip;]\" \/>\n<meta property=\"og:url\" content=\"https:\/\/blogdobispo.com.br\/?p=3181\" \/>\n<meta property=\"og:site_name\" content=\"Blog do Bispo\" \/>\n<meta property=\"article:published_time\" content=\"2024-04-11T23:30:31+00:00\" \/>\n<meta property=\"article:modified_time\" content=\"2024-04-11T23:32:26+00:00\" \/>\n<meta property=\"og:image\" content=\"https:\/\/blogdobispo.com.br\/wp-content\/uploads\/2024\/04\/05ab26e0-b8cb-4403-a2c6-82ef8818b082-1-1024x576.jpg\" \/>\n<meta name=\"author\" content=\"Jefferson Sterfeno\" \/>\n<meta name=\"twitter:card\" content=\"summary_large_image\" \/>\n<meta name=\"twitter:label1\" content=\"Escrito por\" \/>\n\t<meta name=\"twitter:data1\" content=\"Jefferson Sterfeno\" \/>\n\t<meta name=\"twitter:label2\" content=\"Est. tempo de leitura\" \/>\n\t<meta name=\"twitter:data2\" content=\"1 minuto\" \/>\n<script type=\"application\/ld+json\" class=\"yoast-schema-graph\">{\"@context\":\"https:\/\/schema.org\",\"@graph\":[{\"@type\":\"Article\",\"@id\":\"https:\/\/blogdobispo.com.br\/?p=3181#article\",\"isPartOf\":{\"@id\":\"https:\/\/blogdobispo.com.br\/?p=3181\"},\"author\":{\"name\":\"Jefferson Sterfeno\",\"@id\":\"https:\/\/blogdobispo.com.br\/#\/schema\/person\/e2209cc0e6cea5c5233d033e997b373f\"},\"headline\":\"Prefeitura de S\u00e3o Gon\u00e7alo do Amarante Inicia Multir\u00e3o de Corte de Terra na Zona Rural\",\"datePublished\":\"2024-04-11T23:30:31+00:00\",\"dateModified\":\"2024-04-11T23:32:26+00:00\",\"mainEntityOfPage\":{\"@id\":\"https:\/\/blogdobispo.com.br\/?p=3181\"},\"wordCount\":211,\"commentCount\":0,\"publisher\":{\"@id\":\"https:\/\/blogdobispo.com.br\/#organization\"},\"image\":{\"@id\":\"https:\/\/blogdobispo.com.br\/?p=3181#primaryimage\"},\"thumbnailUrl\":\"https:\/\/blogdobispo.com.br\/wp-content\/uploads\/2024\/04\/05ab26e0-b8cb-4403-a2c6-82ef8818b082-1-1024x576.jpg\",\"articleSection\":[\"diversos\"],\"inLanguage\":\"pt-BR\",\"potentialAction\":[{\"@type\":\"CommentAction\",\"name\":\"Comment\",\"target\":[\"https:\/\/blogdobispo.com.br\/?p=3181#respond\"]}]},{\"@type\":\"WebPage\",\"@id\":\"https:\/\/blogdobispo.com.br\/?p=3181\",\"url\":\"https:\/\/blogdobispo.com.br\/?p=3181\",\"name\":\"Prefeitura de S\u00e3o Gon\u00e7alo do Amarante Inicia Multir\u00e3o de Corte de Terra na Zona Rural - Blog do Bispo\",\"isPartOf\":{\"@id\":\"https:\/\/blogdobispo.com.br\/#website\"},\"primaryImageOfPage\":{\"@id\":\"https:\/\/blogdobispo.com.br\/?p=3181#primaryimage\"},\"image\":{\"@id\":\"https:\/\/blogdobispo.com.br\/?p=3181#primaryimage\"},\"thumbnailUrl\":\"https:\/\/blogdobispo.com.br\/wp-content\/uploads\/2024\/04\/05ab26e0-b8cb-4403-a2c6-82ef8818b082-1-1024x576.jpg\",\"datePublished\":\"2024-04-11T23:30:31+00:00\",\"dateModified\":\"2024-04-11T23:32:26+00:00\",\"breadcrumb\":{\"@id\":\"https:\/\/blogdobispo.com.br\/?p=3181#breadcrumb\"},\"inLanguage\":\"pt-BR\",\"potentialAction\":[{\"@type\":\"ReadAction\",\"target\":[\"https:\/\/blogdobispo.com.br\/?p=3181\"]}]},{\"@type\":\"ImageObject\",\"inLanguage\":\"pt-BR\",\"@id\":\"https:\/\/blogdobispo.com.br\/?p=3181#primaryimage\",\"url\":\"https:\/\/blogdobispo.com.br\/wp-content\/uploads\/2024\/04\/05ab26e0-b8cb-4403-a2c6-82ef8818b082-1-1024x576.jpg\",\"contentUrl\":\"https:\/\/blogdobispo.com.br\/wp-content\/uploads\/2024\/04\/05ab26e0-b8cb-4403-a2c6-82ef8818b082-1-1024x576.jpg\"},{\"@type\":\"BreadcrumbList\",\"@id\":\"https:\/\/blogdobispo.com.br\/?p=3181#breadcrumb\",\"itemListElement\":[{\"@type\":\"ListItem\",\"position\":1,\"name\":\"In\u00edcio\",\"item\":\"https:\/\/blogdobispo.com.br\/\"},{\"@type\":\"ListItem\",\"position\":2,\"name\":\"Prefeitura de S\u00e3o Gon\u00e7alo do Amarante Inicia Multir\u00e3o de Corte de Terra na Zona Rural\"}]},{\"@type\":\"WebSite\",\"@id\":\"https:\/\/blogdobispo.com.br\/#website\",\"url\":\"https:\/\/blogdobispo.com.br\/\",\"name\":\"Blog do Bispo\",\"description\":\"Comprometido apenas com o leitor\",\"publisher\":{\"@id\":\"https:\/\/blogdobispo.com.br\/#organization\"},\"potentialAction\":[{\"@type\":\"SearchAction\",\"target\":{\"@type\":\"EntryPoint\",\"urlTemplate\":\"https:\/\/blogdobispo.com.br\/?s={search_term_string}\"},\"query-input\":{\"@type\":\"PropertyValueSpecification\",\"valueRequired\":true,\"valueName\":\"search_term_string\"}}],\"inLanguage\":\"pt-BR\"},{\"@type\":\"Organization\",\"@id\":\"https:\/\/blogdobispo.com.br\/#organization\",\"name\":\"Blog do Bispo\",\"url\":\"https:\/\/blogdobispo.com.br\/\",\"logo\":{\"@type\":\"ImageObject\",\"inLanguage\":\"pt-BR\",\"@id\":\"https:\/\/blogdobispo.com.br\/#\/schema\/logo\/image\/\",\"url\":\"http:\/\/blogdobispo.com.br\/wp-content\/uploads\/2023\/05\/cropped-headear.png\",\"contentUrl\":\"http:\/\/blogdobispo.com.br\/wp-content\/uploads\/2023\/05\/cropped-headear.png\",\"width\":1500,\"height\":399,\"caption\":\"Blog do Bispo\"},\"image\":{\"@id\":\"https:\/\/blogdobispo.com.br\/#\/schema\/logo\/image\/\"}},{\"@type\":\"Person\",\"@id\":\"https:\/\/blogdobispo.com.br\/#\/schema\/person\/e2209cc0e6cea5c5233d033e997b373f\",\"name\":\"Jefferson Sterfeno\",\"image\":{\"@type\":\"ImageObject\",\"inLanguage\":\"pt-BR\",\"@id\":\"https:\/\/blogdobispo.com.br\/#\/schema\/person\/image\/\",\"url\":\"https:\/\/secure.gravatar.com\/avatar\/0534e84764641168a677026b6d57a3f51dc7ac4db0b4f6186d9cb330d4ee1160?s=96&d=mm&r=g\",\"contentUrl\":\"https:\/\/secure.gravatar.com\/avatar\/0534e84764641168a677026b6d57a3f51dc7ac4db0b4f6186d9cb330d4ee1160?s=96&d=mm&r=g\",\"caption\":\"Jefferson Sterfeno\"},\"sameAs\":[\"http:\/\/blogdobispo.com.br\"],\"url\":\"https:\/\/blogdobispo.com.br\/?author=1\"}]}<\/script>\n<!-- \/ Yoast SEO plugin. -->","yoast_head_json":{"title":"Prefeitura de S\u00e3o Gon\u00e7alo do Amarante Inicia Multir\u00e3o de Corte de Terra na Zona Rural - Blog do Bispo","robots":{"index":"index","follow":"follow","max-snippet":"max-snippet:-1","max-image-preview":"max-image-preview:large","max-video-preview":"max-video-preview:-1"},"canonical":"https:\/\/blogdobispo.com.br\/?p=3181","og_locale":"pt_BR","og_type":"article","og_title":"Prefeitura de S\u00e3o Gon\u00e7alo do Amarante Inicia Multir\u00e3o de Corte de Terra na Zona Rural - Blog do Bispo","og_description":"Nesta quinta-feira (11), a prefeitura de S\u00e3o Gon\u00e7alo do Amarante deu um importante passo para apoiar os agricultores da nossa regi\u00e3o: o in\u00edcio do multir\u00e3o de corte de terra na zona rural. Esse trabalho \u00e9 fundamental para garantir melhores condi\u00e7\u00f5es de plantio e colheita para os nossos produtores. A iniciativa est\u00e1 sendo coordenada pela Secretaria [&hellip;]","og_url":"https:\/\/blogdobispo.com.br\/?p=3181","og_site_name":"Blog do Bispo","article_published_time":"2024-04-11T23:30:31+00:00","article_modified_time":"2024-04-11T23:32:26+00:00","og_image":[{"url":"https:\/\/blogdobispo.com.br\/wp-content\/uploads\/2024\/04\/05ab26e0-b8cb-4403-a2c6-82ef8818b082-1-1024x576.jpg","type":"","width":"","height":""}],"author":"Jefferson Sterfeno","twitter_card":"summary_large_image","twitter_misc":{"Escrito por":"Jefferson Sterfeno","Est. tempo de leitura":"1 minuto"},"schema":{"@context":"https:\/\/schema.org","@graph":[{"@type":"Article","@id":"https:\/\/blogdobispo.com.br\/?p=3181#article","isPartOf":{"@id":"https:\/\/blogdobispo.com.br\/?p=3181"},"author":{"name":"Jefferson Sterfeno","@id":"https:\/\/blogdobispo.com.br\/#\/schema\/person\/e2209cc0e6cea5c5233d033e997b373f"},"headline":"Prefeitura de S\u00e3o Gon\u00e7alo do Amarante Inicia Multir\u00e3o de Corte de Terra na Zona Rural","datePublished":"2024-04-11T23:30:31+00:00","dateModified":"2024-04-11T23:32:26+00:00","mainEntityOfPage":{"@id":"https:\/\/blogdobispo.com.br\/?p=3181"},"wordCount":211,"commentCount":0,"publisher":{"@id":"https:\/\/blogdobispo.com.br\/#organization"},"image":{"@id":"https:\/\/blogdobispo.com.br\/?p=3181#primaryimage"},"thumbnailUrl":"https:\/\/blogdobispo.com.br\/wp-content\/uploads\/2024\/04\/05ab26e0-b8cb-4403-a2c6-82ef8818b082-1-1024x576.jpg","articleSection":["diversos"],"inLanguage":"pt-BR","potentialAction":[{"@type":"CommentAction","name":"Comment","target":["https:\/\/blogdobispo.com.br\/?p=3181#respond"]}]},{"@type":"WebPage","@id":"https:\/\/blogdobispo.com.br\/?p=3181","url":"https:\/\/blogdobispo.com.br\/?p=3181","name":"Prefeitura de S\u00e3o Gon\u00e7alo do Amarante Inicia Multir\u00e3o de Corte de Terra na Zona Rural - Blog do Bispo","isPartOf":{"@id":"https:\/\/blogdobispo.com.br\/#website"},"primaryImageOfPage":{"@id":"https:\/\/blogdobispo.com.br\/?p=3181#primaryimage"},"image":{"@id":"https:\/\/blogdobispo.com.br\/?p=3181#primaryimage"},"thumbnailUrl":"https:\/\/blogdobispo.com.br\/wp-content\/uploads\/2024\/04\/05ab26e0-b8cb-4403-a2c6-82ef8818b082-1-1024x576.jpg","datePublished":"2024-04-11T23:30:31+00:00","dateModified":"2024-04-11T23:32:26+00:00","breadcrumb":{"@id":"https:\/\/blogdobispo.com.br\/?p=3181#breadcrumb"},"inLanguage":"pt-BR","potentialAction":[{"@type":"ReadAction","target":["https:\/\/blogdobispo.com.br\/?p=3181"]}]},{"@type":"ImageObject","inLanguage":"pt-BR","@id":"https:\/\/blogdobispo.com.br\/?p=3181#primaryimage","url":"https:\/\/blogdobispo.com.br\/wp-content\/uploads\/2024\/04\/05ab26e0-b8cb-4403-a2c6-82ef8818b082-1-1024x576.jpg","contentUrl":"https:\/\/blogdobispo.com.br\/wp-content\/uploads\/2024\/04\/05ab26e0-b8cb-4403-a2c6-82ef8818b082-1-1024x576.jpg"},{"@type":"BreadcrumbList","@id":"https:\/\/blogdobispo.com.br\/?p=3181#breadcrumb","itemListElement":[{"@type":"ListItem","position":1,"name":"In\u00edcio","item":"https:\/\/blogdobispo.com.br\/"},{"@type":"ListItem","position":2,"name":"Prefeitura de S\u00e3o Gon\u00e7alo do Amarante Inicia Multir\u00e3o de Corte de Terra na Zona Rural"}]},{"@type":"WebSite","@id":"https:\/\/blogdobispo.com.br\/#website","url":"https:\/\/blogdobispo.com.br\/","name":"Blog do Bispo","description":"Comprometido apenas com o leitor","publisher":{"@id":"https:\/\/blogdobispo.com.br\/#organization"},"potentialAction":[{"@type":"SearchAction","target":{"@type":"EntryPoint","urlTemplate":"https:\/\/blogdobispo.com.br\/?s={search_term_string}"},"query-input":{"@type":"PropertyValueSpecification","valueRequired":true,"valueName":"search_term_string"}}],"inLanguage":"pt-BR"},{"@type":"Organization","@id":"https:\/\/blogdobispo.com.br\/#organization","name":"Blog do Bispo","url":"https:\/\/blogdobispo.com.br\/","logo":{"@type":"ImageObject","inLanguage":"pt-BR","@id":"https:\/\/blogdobispo.com.br\/#\/schema\/logo\/image\/","url":"http:\/\/blogdobispo.com.br\/wp-content\/uploads\/2023\/05\/cropped-headear.png","contentUrl":"http:\/\/blogdobispo.com.br\/wp-content\/uploads\/2023\/05\/cropped-headear.png","width":1500,"height":399,"caption":"Blog do Bispo"},"image":{"@id":"https:\/\/blogdobispo.com.br\/#\/schema\/logo\/image\/"}},{"@type":"Person","@id":"https:\/\/blogdobispo.com.br\/#\/schema\/person\/e2209cc0e6cea5c5233d033e997b373f","name":"Jefferson Sterfeno","image":{"@type":"ImageObject","inLanguage":"pt-BR","@id":"https:\/\/blogdobispo.com.br\/#\/schema\/person\/image\/","url":"https:\/\/secure.gravatar.com\/avatar\/0534e84764641168a677026b6d57a3f51dc7ac4db0b4f6186d9cb330d4ee1160?s=96&d=mm&r=g","contentUrl":"https:\/\/secure.gravatar.com\/avatar\/0534e84764641168a677026b6d57a3f51dc7ac4db0b4f6186d9cb330d4ee1160?s=96&d=mm&r=g","caption":"Jefferson Sterfeno"},"sameAs":["http:\/\/blogdobispo.com.br"],"url":"https:\/\/blogdobispo.com.br\/?author=1"}]}},"featured_image_urls":{"full":"","thumbnail":"","medium":"","medium_large":"","large":"","1536x1536":"","2048x2048":""},"author_info":{"display_name":"Jefferson Sterfeno","author_link":"https:\/\/blogdobispo.com.br\/?author=1"},"category_info":"<a href=\"https:\/\/blogdobispo.com.br\/?cat=1\" rel=\"category\">diversos<\/a>","tag_info":"diversos","comment_count":"0","jetpack_featured_media_url":"","jetpack_sharing_enabled":true,"_links":{"self":[{"href":"https:\/\/blogdobispo.com.br\/index.php?rest_route=\/wp\/v2\/posts\/3181","targetHints":{"allow":["GET"]}}],"collection":[{"href":"https:\/\/blogdobispo.com.br\/index.php?rest_route=\/wp\/v2\/posts"}],"about":[{"href":"https:\/\/blogdobispo.com.br\/index.php?rest_route=\/wp\/v2\/types\/post"}],"author":[{"embeddable":true,"href":"https:\/\/blogdobispo.com.br\/index.php?rest_route=\/wp\/v2\/users\/1"}],"replies":[{"embeddable":true,"href":"https:\/\/blogdobispo.com.br\/index.php?rest_route=%2Fwp%2Fv2%2Fcomments&post=3181"}],"version-history":[{"count":1,"href":"https:\/\/blogdobispo.com.br\/index.php?rest_route=\/wp\/v2\/posts\/3181\/revisions"}],"predecessor-version":[{"id":3183,"href":"https:\/\/blogdobispo.com.br\/index.php?rest_route=\/wp\/v2\/posts\/3181\/revisions\/3183"}],"wp:attachment":[{"href":"https:\/\/blogdobispo.com.br\/index.php?rest_route=%2Fwp%2Fv2%2Fmedia&parent=3181"}],"wp:term":[{"taxonomy":"category","embeddable":true,"href":"https:\/\/blogdobispo.com.br\/index.php?rest_route=%2Fwp%2Fv2%2Fcategories&post=3181"},{"taxonomy":"post_tag","embeddable":true,"href":"https:\/\/blogdobispo.com.br\/index.php?rest_route=%2Fwp%2Fv2%2Ftags&post=3181"}],"curies":[{"name":"wp","href":"https:\/\/api.w.org\/{rel}","templated":true}]}}