{"id":3122,"date":"2024-04-06T00:32:48","date_gmt":"2024-04-06T00:32:48","guid":{"rendered":"https:\/\/blogdobispo.com.br\/?p=3122"},"modified":"2024-04-06T00:32:48","modified_gmt":"2024-04-06T00:32:48","slug":"multidao-se-reune-em-evento-de-prestacao-de-contas-do-prefeito-eraldo-em-sao-goncalo-do-amarante","status":"publish","type":"post","link":"https:\/\/blogdobispo.com.br\/?p=3122","title":{"rendered":"Multid\u00e3o se re\u00fane em evento de presta\u00e7\u00e3o de contas do Prefeito Eraldo em S\u00e3o Gon\u00e7alo do Amarante"},"content":{"rendered":"\n<figure class=\"wp-block-image size-large\"><img data-recalc-dims=\"1\" fetchpriority=\"high\" decoding=\"async\" width=\"800\" height=\"450\" src=\"https:\/\/i0.wp.com\/blogdobispo.com.br\/wp-content\/uploads\/2024\/04\/f9a6adb2-f4db-4b84-9fe4-3f1e2d117fc1-1-1024x576.jpg?resize=800%2C450&#038;ssl=1\" class=\"wp-image-3121\" srcset=\"https:\/\/i0.wp.com\/blogdobispo.com.br\/wp-content\/uploads\/2024\/04\/f9a6adb2-f4db-4b84-9fe4-3f1e2d117fc1-1.jpg?resize=1024%2C576&amp;ssl=1 1024w, https:\/\/i0.wp.com\/blogdobispo.com.br\/wp-content\/uploads\/2024\/04\/f9a6adb2-f4db-4b84-9fe4-3f1e2d117fc1-1.jpg?resize=300%2C169&amp;ssl=1 300w, https:\/\/i0.wp.com\/blogdobispo.com.br\/wp-content\/uploads\/2024\/04\/f9a6adb2-f4db-4b84-9fe4-3f1e2d117fc1-1.jpg?resize=768%2C432&amp;ssl=1 768w, https:\/\/i0.wp.com\/blogdobispo.com.br\/wp-content\/uploads\/2024\/04\/f9a6adb2-f4db-4b84-9fe4-3f1e2d117fc1-1.jpg?resize=1536%2C864&amp;ssl=1 1536w, https:\/\/i0.wp.com\/blogdobispo.com.br\/wp-content\/uploads\/2024\/04\/f9a6adb2-f4db-4b84-9fe4-3f1e2d117fc1-1.jpg?w=1600&amp;ssl=1 1600w\" sizes=\"(max-width: 800px) 100vw, 800px\" \/><\/figure>\n\n\n\n<p><\/p>\n\n\n\n<p>Nesta sexta-feira (05), o Prefeito do munic\u00edpio de S\u00e3o Gon\u00e7alo do Amarante, Eraldo Paiva, realizou um grande evento de presta\u00e7\u00e3o de contas da sua gest\u00e3o. O encontro, que contou com uma multid\u00e3o de apoiadores, cidad\u00e3os e servidores municipais, destacou os in\u00fameros projetos e realiza\u00e7\u00f5es do prefeito Eraldo em prol do desenvolvimento e bem-estar do munic\u00edpio. Desde obras de infraestrutura at\u00e9 investimentos em educa\u00e7\u00e3o, sa\u00fade, esporte e lazer, o prefeito demonstrou seu compromisso com o progresso e qualidade de vida dos mun\u00edcipes.<\/p>\n\n\n\n<p>&#8220;Estou extremamente orgulhoso do que conseguimos realizar at\u00e9 agora. Nosso foco sempre foi o bem-estar e o desenvolvimento de S\u00e3o Gon\u00e7alo do Amarante, e esse evento \u00e9 uma oportunidade para compartilhar com nossa popula\u00e7\u00e3o os resultados do nosso trabalho \u00e1rduo&#8221;, afirmou o prefeito Eraldo em seu discurso.<\/p>\n\n\n\n<p>Entre as realiza\u00e7\u00f5es mais emblem\u00e1ticas mais recentes destacam-se a pavimenta\u00e7\u00e3o de diversas \u00e1reas da cidade, incluindo Golandim, Bairro Jardins, Urua\u00e7u, Santa Terezinha, Bela Vista e Campinas. Al\u00e9m disso, Eraldo tem direcionado esfor\u00e7os para promover a reforma e amplia\u00e7\u00e3o de escolas e creches, garantindo um ambiente prop\u00edcio para o aprendizado e desenvolvimento educacional das crian\u00e7as e jovens de S\u00e3o Gon\u00e7alo.<\/p>\n\n\n\n<p>No \u00e2mbito da sa\u00fade, o prefeito n\u00e3o mediu esfor\u00e7os para viabilizar o funcionamento do Centro Especializado em Reabilita\u00e7\u00e3o de S\u00e3o Gon\u00e7alo, bem como a constru\u00e7\u00e3o de um grande hospital e uma Esta\u00e7\u00e3o de Tratamento, al\u00e9m da t\u00e3o aguardada Ponte que ligar\u00e1 S\u00e3o Gon\u00e7alo a Natal, facilitando o acesso e a mobilidade entre as cidades.<\/p>\n\n\n\n<p>Eraldo tamb\u00e9m demonstrou seu compromisso com o funcionalismo p\u00fablico, implementando o Plano de Carreira da Guarda Municipal e dos Servidores da Sa\u00fade, concedendo reajustes salariais aos professores e servidores do SAAE, e regularizando a contrata\u00e7\u00e3o dos agentes de sa\u00fade, valorizando assim o trabalho e dedica\u00e7\u00e3o dos servidores municipais.<\/p>\n\n\n\n<p>&#8220;Agrade\u00e7o a todos os presentes por compartilharem deste momento conosco e por todo o apoio que t\u00eam dado \u00e0 nossa gest\u00e3o. Seguiremos trabalhando incansavelmente em prol de S\u00e3o Gon\u00e7alo do Amarante&#8221;, concluiu o prefeito Eraldo.<\/p>\n","protected":false},"excerpt":{"rendered":"<p>Nesta sexta-feira (05), o Prefeito do munic\u00edpio de S\u00e3o Gon\u00e7alo do Amarante, Eraldo Paiva, realizou um grande evento de presta\u00e7\u00e3o de contas da sua gest\u00e3o. O encontro, que contou com uma multid\u00e3o de apoiadores, cidad\u00e3os e servidores municipais, destacou os in\u00fameros projetos e realiza\u00e7\u00f5es do prefeito Eraldo em prol do desenvolvimento e bem-estar do munic\u00edpio. [&hellip;]<\/p>\n","protected":false},"author":1,"featured_media":0,"comment_status":"open","ping_status":"open","sticky":false,"template":"","format":"standard","meta":{"cybocfi_hide_featured_image":"","_jetpack_memberships_contains_paid_content":false,"footnotes":""},"categories":[1],"tags":[],"class_list":["post-3122","post","type-post","status-publish","format-standard","hentry","category-diversos"],"yoast_head":"<!-- This site is optimized with the Yoast SEO plugin v25.6 - https:\/\/yoast.com\/wordpress\/plugins\/seo\/ -->\n<title>Multid\u00e3o se re\u00fane em evento de presta\u00e7\u00e3o de contas do Prefeito Eraldo em S\u00e3o Gon\u00e7alo do Amarante - Blog do Bispo<\/title>\n<meta name=\"robots\" content=\"index, follow, max-snippet:-1, max-image-preview:large, max-video-preview:-1\" \/>\n<link rel=\"canonical\" href=\"https:\/\/blogdobispo.com.br\/?p=3122\" \/>\n<meta property=\"og:locale\" content=\"pt_BR\" \/>\n<meta property=\"og:type\" content=\"article\" \/>\n<meta property=\"og:title\" content=\"Multid\u00e3o se re\u00fane em evento de presta\u00e7\u00e3o de contas do Prefeito Eraldo em S\u00e3o Gon\u00e7alo do Amarante - Blog do Bispo\" \/>\n<meta property=\"og:description\" content=\"Nesta sexta-feira (05), o Prefeito do munic\u00edpio de S\u00e3o Gon\u00e7alo do Amarante, Eraldo Paiva, realizou um grande evento de presta\u00e7\u00e3o de contas da sua gest\u00e3o. O encontro, que contou com uma multid\u00e3o de apoiadores, cidad\u00e3os e servidores municipais, destacou os in\u00fameros projetos e realiza\u00e7\u00f5es do prefeito Eraldo em prol do desenvolvimento e bem-estar do munic\u00edpio. [&hellip;]\" \/>\n<meta property=\"og:url\" content=\"https:\/\/blogdobispo.com.br\/?p=3122\" \/>\n<meta property=\"og:site_name\" content=\"Blog do Bispo\" \/>\n<meta property=\"article:published_time\" content=\"2024-04-06T00:32:48+00:00\" \/>\n<meta property=\"og:image\" content=\"https:\/\/blogdobispo.com.br\/wp-content\/uploads\/2024\/04\/f9a6adb2-f4db-4b84-9fe4-3f1e2d117fc1-1-1024x576.jpg\" \/>\n<meta name=\"author\" content=\"Jefferson Sterfeno\" \/>\n<meta name=\"twitter:card\" content=\"summary_large_image\" \/>\n<meta name=\"twitter:label1\" content=\"Escrito por\" \/>\n\t<meta name=\"twitter:data1\" content=\"Jefferson Sterfeno\" \/>\n\t<meta name=\"twitter:label2\" content=\"Est. tempo de leitura\" \/>\n\t<meta name=\"twitter:data2\" content=\"2 minutos\" \/>\n<script type=\"application\/ld+json\" class=\"yoast-schema-graph\">{\"@context\":\"https:\/\/schema.org\",\"@graph\":[{\"@type\":\"Article\",\"@id\":\"https:\/\/blogdobispo.com.br\/?p=3122#article\",\"isPartOf\":{\"@id\":\"https:\/\/blogdobispo.com.br\/?p=3122\"},\"author\":{\"name\":\"Jefferson Sterfeno\",\"@id\":\"https:\/\/blogdobispo.com.br\/#\/schema\/person\/e2209cc0e6cea5c5233d033e997b373f\"},\"headline\":\"Multid\u00e3o se re\u00fane em evento de presta\u00e7\u00e3o de contas do Prefeito Eraldo em S\u00e3o Gon\u00e7alo do Amarante\",\"datePublished\":\"2024-04-06T00:32:48+00:00\",\"mainEntityOfPage\":{\"@id\":\"https:\/\/blogdobispo.com.br\/?p=3122\"},\"wordCount\":393,\"commentCount\":0,\"publisher\":{\"@id\":\"https:\/\/blogdobispo.com.br\/#organization\"},\"image\":{\"@id\":\"https:\/\/blogdobispo.com.br\/?p=3122#primaryimage\"},\"thumbnailUrl\":\"https:\/\/blogdobispo.com.br\/wp-content\/uploads\/2024\/04\/f9a6adb2-f4db-4b84-9fe4-3f1e2d117fc1-1-1024x576.jpg\",\"articleSection\":[\"diversos\"],\"inLanguage\":\"pt-BR\",\"potentialAction\":[{\"@type\":\"CommentAction\",\"name\":\"Comment\",\"target\":[\"https:\/\/blogdobispo.com.br\/?p=3122#respond\"]}]},{\"@type\":\"WebPage\",\"@id\":\"https:\/\/blogdobispo.com.br\/?p=3122\",\"url\":\"https:\/\/blogdobispo.com.br\/?p=3122\",\"name\":\"Multid\u00e3o se re\u00fane em evento de presta\u00e7\u00e3o de contas do Prefeito Eraldo em S\u00e3o Gon\u00e7alo do Amarante - Blog do Bispo\",\"isPartOf\":{\"@id\":\"https:\/\/blogdobispo.com.br\/#website\"},\"primaryImageOfPage\":{\"@id\":\"https:\/\/blogdobispo.com.br\/?p=3122#primaryimage\"},\"image\":{\"@id\":\"https:\/\/blogdobispo.com.br\/?p=3122#primaryimage\"},\"thumbnailUrl\":\"https:\/\/blogdobispo.com.br\/wp-content\/uploads\/2024\/04\/f9a6adb2-f4db-4b84-9fe4-3f1e2d117fc1-1-1024x576.jpg\",\"datePublished\":\"2024-04-06T00:32:48+00:00\",\"breadcrumb\":{\"@id\":\"https:\/\/blogdobispo.com.br\/?p=3122#breadcrumb\"},\"inLanguage\":\"pt-BR\",\"potentialAction\":[{\"@type\":\"ReadAction\",\"target\":[\"https:\/\/blogdobispo.com.br\/?p=3122\"]}]},{\"@type\":\"ImageObject\",\"inLanguage\":\"pt-BR\",\"@id\":\"https:\/\/blogdobispo.com.br\/?p=3122#primaryimage\",\"url\":\"https:\/\/blogdobispo.com.br\/wp-content\/uploads\/2024\/04\/f9a6adb2-f4db-4b84-9fe4-3f1e2d117fc1-1-1024x576.jpg\",\"contentUrl\":\"https:\/\/blogdobispo.com.br\/wp-content\/uploads\/2024\/04\/f9a6adb2-f4db-4b84-9fe4-3f1e2d117fc1-1-1024x576.jpg\"},{\"@type\":\"BreadcrumbList\",\"@id\":\"https:\/\/blogdobispo.com.br\/?p=3122#breadcrumb\",\"itemListElement\":[{\"@type\":\"ListItem\",\"position\":1,\"name\":\"In\u00edcio\",\"item\":\"https:\/\/blogdobispo.com.br\/\"},{\"@type\":\"ListItem\",\"position\":2,\"name\":\"Multid\u00e3o se re\u00fane em evento de presta\u00e7\u00e3o de contas do Prefeito Eraldo em S\u00e3o Gon\u00e7alo do Amarante\"}]},{\"@type\":\"WebSite\",\"@id\":\"https:\/\/blogdobispo.com.br\/#website\",\"url\":\"https:\/\/blogdobispo.com.br\/\",\"name\":\"Blog do Bispo\",\"description\":\"Comprometido apenas com o leitor\",\"publisher\":{\"@id\":\"https:\/\/blogdobispo.com.br\/#organization\"},\"potentialAction\":[{\"@type\":\"SearchAction\",\"target\":{\"@type\":\"EntryPoint\",\"urlTemplate\":\"https:\/\/blogdobispo.com.br\/?s={search_term_string}\"},\"query-input\":{\"@type\":\"PropertyValueSpecification\",\"valueRequired\":true,\"valueName\":\"search_term_string\"}}],\"inLanguage\":\"pt-BR\"},{\"@type\":\"Organization\",\"@id\":\"https:\/\/blogdobispo.com.br\/#organization\",\"name\":\"Blog do Bispo\",\"url\":\"https:\/\/blogdobispo.com.br\/\",\"logo\":{\"@type\":\"ImageObject\",\"inLanguage\":\"pt-BR\",\"@id\":\"https:\/\/blogdobispo.com.br\/#\/schema\/logo\/image\/\",\"url\":\"http:\/\/blogdobispo.com.br\/wp-content\/uploads\/2023\/05\/cropped-headear.png\",\"contentUrl\":\"http:\/\/blogdobispo.com.br\/wp-content\/uploads\/2023\/05\/cropped-headear.png\",\"width\":1500,\"height\":399,\"caption\":\"Blog do Bispo\"},\"image\":{\"@id\":\"https:\/\/blogdobispo.com.br\/#\/schema\/logo\/image\/\"}},{\"@type\":\"Person\",\"@id\":\"https:\/\/blogdobispo.com.br\/#\/schema\/person\/e2209cc0e6cea5c5233d033e997b373f\",\"name\":\"Jefferson Sterfeno\",\"image\":{\"@type\":\"ImageObject\",\"inLanguage\":\"pt-BR\",\"@id\":\"https:\/\/blogdobispo.com.br\/#\/schema\/person\/image\/\",\"url\":\"https:\/\/secure.gravatar.com\/avatar\/0534e84764641168a677026b6d57a3f51dc7ac4db0b4f6186d9cb330d4ee1160?s=96&d=mm&r=g\",\"contentUrl\":\"https:\/\/secure.gravatar.com\/avatar\/0534e84764641168a677026b6d57a3f51dc7ac4db0b4f6186d9cb330d4ee1160?s=96&d=mm&r=g\",\"caption\":\"Jefferson Sterfeno\"},\"sameAs\":[\"http:\/\/blogdobispo.com.br\"],\"url\":\"https:\/\/blogdobispo.com.br\/?author=1\"}]}<\/script>\n<!-- \/ Yoast SEO plugin. -->","yoast_head_json":{"title":"Multid\u00e3o se re\u00fane em evento de presta\u00e7\u00e3o de contas do Prefeito Eraldo em S\u00e3o Gon\u00e7alo do Amarante - Blog do Bispo","robots":{"index":"index","follow":"follow","max-snippet":"max-snippet:-1","max-image-preview":"max-image-preview:large","max-video-preview":"max-video-preview:-1"},"canonical":"https:\/\/blogdobispo.com.br\/?p=3122","og_locale":"pt_BR","og_type":"article","og_title":"Multid\u00e3o se re\u00fane em evento de presta\u00e7\u00e3o de contas do Prefeito Eraldo em S\u00e3o Gon\u00e7alo do Amarante - Blog do Bispo","og_description":"Nesta sexta-feira (05), o Prefeito do munic\u00edpio de S\u00e3o Gon\u00e7alo do Amarante, Eraldo Paiva, realizou um grande evento de presta\u00e7\u00e3o de contas da sua gest\u00e3o. O encontro, que contou com uma multid\u00e3o de apoiadores, cidad\u00e3os e servidores municipais, destacou os in\u00fameros projetos e realiza\u00e7\u00f5es do prefeito Eraldo em prol do desenvolvimento e bem-estar do munic\u00edpio. [&hellip;]","og_url":"https:\/\/blogdobispo.com.br\/?p=3122","og_site_name":"Blog do Bispo","article_published_time":"2024-04-06T00:32:48+00:00","og_image":[{"url":"https:\/\/blogdobispo.com.br\/wp-content\/uploads\/2024\/04\/f9a6adb2-f4db-4b84-9fe4-3f1e2d117fc1-1-1024x576.jpg","type":"","width":"","height":""}],"author":"Jefferson Sterfeno","twitter_card":"summary_large_image","twitter_misc":{"Escrito por":"Jefferson Sterfeno","Est. tempo de leitura":"2 minutos"},"schema":{"@context":"https:\/\/schema.org","@graph":[{"@type":"Article","@id":"https:\/\/blogdobispo.com.br\/?p=3122#article","isPartOf":{"@id":"https:\/\/blogdobispo.com.br\/?p=3122"},"author":{"name":"Jefferson Sterfeno","@id":"https:\/\/blogdobispo.com.br\/#\/schema\/person\/e2209cc0e6cea5c5233d033e997b373f"},"headline":"Multid\u00e3o se re\u00fane em evento de presta\u00e7\u00e3o de contas do Prefeito Eraldo em S\u00e3o Gon\u00e7alo do Amarante","datePublished":"2024-04-06T00:32:48+00:00","mainEntityOfPage":{"@id":"https:\/\/blogdobispo.com.br\/?p=3122"},"wordCount":393,"commentCount":0,"publisher":{"@id":"https:\/\/blogdobispo.com.br\/#organization"},"image":{"@id":"https:\/\/blogdobispo.com.br\/?p=3122#primaryimage"},"thumbnailUrl":"https:\/\/blogdobispo.com.br\/wp-content\/uploads\/2024\/04\/f9a6adb2-f4db-4b84-9fe4-3f1e2d117fc1-1-1024x576.jpg","articleSection":["diversos"],"inLanguage":"pt-BR","potentialAction":[{"@type":"CommentAction","name":"Comment","target":["https:\/\/blogdobispo.com.br\/?p=3122#respond"]}]},{"@type":"WebPage","@id":"https:\/\/blogdobispo.com.br\/?p=3122","url":"https:\/\/blogdobispo.com.br\/?p=3122","name":"Multid\u00e3o se re\u00fane em evento de presta\u00e7\u00e3o de contas do Prefeito Eraldo em S\u00e3o Gon\u00e7alo do Amarante - Blog do Bispo","isPartOf":{"@id":"https:\/\/blogdobispo.com.br\/#website"},"primaryImageOfPage":{"@id":"https:\/\/blogdobispo.com.br\/?p=3122#primaryimage"},"image":{"@id":"https:\/\/blogdobispo.com.br\/?p=3122#primaryimage"},"thumbnailUrl":"https:\/\/blogdobispo.com.br\/wp-content\/uploads\/2024\/04\/f9a6adb2-f4db-4b84-9fe4-3f1e2d117fc1-1-1024x576.jpg","datePublished":"2024-04-06T00:32:48+00:00","breadcrumb":{"@id":"https:\/\/blogdobispo.com.br\/?p=3122#breadcrumb"},"inLanguage":"pt-BR","potentialAction":[{"@type":"ReadAction","target":["https:\/\/blogdobispo.com.br\/?p=3122"]}]},{"@type":"ImageObject","inLanguage":"pt-BR","@id":"https:\/\/blogdobispo.com.br\/?p=3122#primaryimage","url":"https:\/\/blogdobispo.com.br\/wp-content\/uploads\/2024\/04\/f9a6adb2-f4db-4b84-9fe4-3f1e2d117fc1-1-1024x576.jpg","contentUrl":"https:\/\/blogdobispo.com.br\/wp-content\/uploads\/2024\/04\/f9a6adb2-f4db-4b84-9fe4-3f1e2d117fc1-1-1024x576.jpg"},{"@type":"BreadcrumbList","@id":"https:\/\/blogdobispo.com.br\/?p=3122#breadcrumb","itemListElement":[{"@type":"ListItem","position":1,"name":"In\u00edcio","item":"https:\/\/blogdobispo.com.br\/"},{"@type":"ListItem","position":2,"name":"Multid\u00e3o se re\u00fane em evento de presta\u00e7\u00e3o de contas do Prefeito Eraldo em S\u00e3o Gon\u00e7alo do Amarante"}]},{"@type":"WebSite","@id":"https:\/\/blogdobispo.com.br\/#website","url":"https:\/\/blogdobispo.com.br\/","name":"Blog do Bispo","description":"Comprometido apenas com o leitor","publisher":{"@id":"https:\/\/blogdobispo.com.br\/#organization"},"potentialAction":[{"@type":"SearchAction","target":{"@type":"EntryPoint","urlTemplate":"https:\/\/blogdobispo.com.br\/?s={search_term_string}"},"query-input":{"@type":"PropertyValueSpecification","valueRequired":true,"valueName":"search_term_string"}}],"inLanguage":"pt-BR"},{"@type":"Organization","@id":"https:\/\/blogdobispo.com.br\/#organization","name":"Blog do Bispo","url":"https:\/\/blogdobispo.com.br\/","logo":{"@type":"ImageObject","inLanguage":"pt-BR","@id":"https:\/\/blogdobispo.com.br\/#\/schema\/logo\/image\/","url":"http:\/\/blogdobispo.com.br\/wp-content\/uploads\/2023\/05\/cropped-headear.png","contentUrl":"http:\/\/blogdobispo.com.br\/wp-content\/uploads\/2023\/05\/cropped-headear.png","width":1500,"height":399,"caption":"Blog do Bispo"},"image":{"@id":"https:\/\/blogdobispo.com.br\/#\/schema\/logo\/image\/"}},{"@type":"Person","@id":"https:\/\/blogdobispo.com.br\/#\/schema\/person\/e2209cc0e6cea5c5233d033e997b373f","name":"Jefferson Sterfeno","image":{"@type":"ImageObject","inLanguage":"pt-BR","@id":"https:\/\/blogdobispo.com.br\/#\/schema\/person\/image\/","url":"https:\/\/secure.gravatar.com\/avatar\/0534e84764641168a677026b6d57a3f51dc7ac4db0b4f6186d9cb330d4ee1160?s=96&d=mm&r=g","contentUrl":"https:\/\/secure.gravatar.com\/avatar\/0534e84764641168a677026b6d57a3f51dc7ac4db0b4f6186d9cb330d4ee1160?s=96&d=mm&r=g","caption":"Jefferson Sterfeno"},"sameAs":["http:\/\/blogdobispo.com.br"],"url":"https:\/\/blogdobispo.com.br\/?author=1"}]}},"featured_image_urls":{"full":"","thumbnail":"","medium":"","medium_large":"","large":"","1536x1536":"","2048x2048":""},"author_info":{"display_name":"Jefferson Sterfeno","author_link":"https:\/\/blogdobispo.com.br\/?author=1"},"category_info":"<a href=\"https:\/\/blogdobispo.com.br\/?cat=1\" rel=\"category\">diversos<\/a>","tag_info":"diversos","comment_count":"0","jetpack_featured_media_url":"","jetpack_sharing_enabled":true,"_links":{"self":[{"href":"https:\/\/blogdobispo.com.br\/index.php?rest_route=\/wp\/v2\/posts\/3122","targetHints":{"allow":["GET"]}}],"collection":[{"href":"https:\/\/blogdobispo.com.br\/index.php?rest_route=\/wp\/v2\/posts"}],"about":[{"href":"https:\/\/blogdobispo.com.br\/index.php?rest_route=\/wp\/v2\/types\/post"}],"author":[{"embeddable":true,"href":"https:\/\/blogdobispo.com.br\/index.php?rest_route=\/wp\/v2\/users\/1"}],"replies":[{"embeddable":true,"href":"https:\/\/blogdobispo.com.br\/index.php?rest_route=%2Fwp%2Fv2%2Fcomments&post=3122"}],"version-history":[{"count":0,"href":"https:\/\/blogdobispo.com.br\/index.php?rest_route=\/wp\/v2\/posts\/3122\/revisions"}],"wp:attachment":[{"href":"https:\/\/blogdobispo.com.br\/index.php?rest_route=%2Fwp%2Fv2%2Fmedia&parent=3122"}],"wp:term":[{"taxonomy":"category","embeddable":true,"href":"https:\/\/blogdobispo.com.br\/index.php?rest_route=%2Fwp%2Fv2%2Fcategories&post=3122"},{"taxonomy":"post_tag","embeddable":true,"href":"https:\/\/blogdobispo.com.br\/index.php?rest_route=%2Fwp%2Fv2%2Ftags&post=3122"}],"curies":[{"name":"wp","href":"https:\/\/api.w.org\/{rel}","templated":true}]}}