{"id":3115,"date":"2024-04-05T18:59:39","date_gmt":"2024-04-05T18:59:39","guid":{"rendered":"https:\/\/blogdobispo.com.br\/?p=3115"},"modified":"2024-04-05T18:59:39","modified_gmt":"2024-04-05T18:59:39","slug":"internada-com-doenca-neurologica-ha-135-dias-jovem-ira-a-colacao-de-grau-em-natal","status":"publish","type":"post","link":"https:\/\/blogdobispo.com.br\/?p=3115","title":{"rendered":"Internada com doen\u00e7a neurol\u00f3gica h\u00e1 135 dias, jovem ir\u00e1 a cola\u00e7\u00e3o de grau em Natal"},"content":{"rendered":"\n<figure class=\"wp-block-image size-large\"><img data-recalc-dims=\"1\" fetchpriority=\"high\" decoding=\"async\" width=\"700\" height=\"471\" src=\"https:\/\/i0.wp.com\/blogdobispo.com.br\/wp-content\/uploads\/2024\/04\/1e812aca-bd22-4710-9dc8-8e28ebb1235c-1.jpg?resize=700%2C471&#038;ssl=1\" class=\"wp-image-3114\" srcset=\"https:\/\/i0.wp.com\/blogdobispo.com.br\/wp-content\/uploads\/2024\/04\/1e812aca-bd22-4710-9dc8-8e28ebb1235c-1.jpg?w=700&amp;ssl=1 700w, https:\/\/i0.wp.com\/blogdobispo.com.br\/wp-content\/uploads\/2024\/04\/1e812aca-bd22-4710-9dc8-8e28ebb1235c-1.jpg?resize=300%2C202&amp;ssl=1 300w\" sizes=\"(max-width: 700px) 100vw, 700px\" \/><\/figure>\n\n\n\n<p><\/p>\n\n\n\n<p>O Hospital Universit\u00e1rio Onofre Lopes (Huol-UFRN) ir\u00e1 realizar o desejo de uma paciente internada com doen\u00e7a neurol\u00f3gica cr\u00f4nica de ir \u00e0 solenidade de sua cola\u00e7\u00e3o de grau, que ocorre neste s\u00e1bado (6), no campus do Instituto Federal do Rio Grande do Norte (IFRN). A a\u00e7\u00e3o ser\u00e1 realizada por uma equipe multidisciplinar do hospital, administrado pela Ebserh, para garantir a seguran\u00e7a e conforto da paciente.<\/p>\n\n\n\n<p>Raylly Victoria Fernandes Freitas, de 18 anos, diagnosticada entre os 6 a 8 anos de idade com a doen\u00e7a de Pompe (DP), doen\u00e7a neurol\u00f3gica cr\u00f4nica, est\u00e1 internada no Huol-UFRN h\u00e1 135 dias, sendo acompanhada por uma equipe multidisciplinar do hospital. A interna\u00e7\u00e3o de Raylly Victoria ocorreu quando ela estava concluindo o ensino m\u00e9dio e t\u00e9cnico no IFRN.<\/p>\n\n\n\n<p>\u201cInfelizmente ficou muito triste por n\u00e3o ter participado das fotos de formatura e n\u00e3o ter conclu\u00eddo a 2\u00aa etapa do Enem, em que ela j\u00e1 vinha se preparando h\u00e1 tempos. Ent\u00e3o ela despertou o desejo de participar da cola\u00e7\u00e3o de grau, e vendo que seria poss\u00edvel por estar em um bom estado cl\u00ednico, come\u00e7ou a buscar informa\u00e7\u00f5es que mobilizou a equipe que a acompanha\u201d, disse a m\u00e3e de Raylly, Rayanny Nayara Fernandes Silva.<\/p>\n\n\n\n<p>Raylly Victoria ir\u00e1 se formar no curso de com\u00e9rcio no IFRN da zona norte de Natal. O pedido de Raylly Victoria e de sua m\u00e3e de ir \u00e0 cola\u00e7\u00e3o de grau sensibilizou a equipe m\u00e9dica do Huol para viabilizar o momento.<\/p>\n\n\n\n<p>\u201cA equipe sensibilizou-se e vem buscando os meios de viabilizar o sonho da paciente, com respeito aos aspectos de seguran\u00e7a cl\u00ednica e jur\u00eddica. Mediante articula\u00e7\u00e3o pr\u00e9via com o IFRN, o Huol disponibilizar\u00e1 equipe de suporte m\u00e9dico avan\u00e7ado para proporcionar o transporte seguro da paciente at\u00e9 o evento, mantendo-se a postos para atua\u00e7\u00e3o diante de intercorr\u00eancias\u201d, explica o Chefe da Divis\u00e3o de Gest\u00e3o do Cuidado, Raphael Nepomuceno Galv\u00e3o Santos.<\/p>\n\n\n\n<p>A paciente ser\u00e1 acompanhada por m\u00e9dico neurologista, enfermeiro assistencial e um fisioterapeuta. O IFRN ir\u00e1 disponibilizar um espa\u00e7o adequado para dar suporte aos equipamentos e conforto \u00e0 paciente antes da entrada para cola\u00e7\u00e3o de grau, ser\u00e1 dada a prioriza\u00e7\u00e3o da formanda\/paciente no ato simb\u00f3lico da entrega do diploma. A cerim\u00f4nia acontece \u00e0s 16h, no gin\u00e1sio poliesportivo do campus.<\/p>\n\n\n\n<p>Hist\u00f3ria da paciente com o Huol-UFRN<\/p>\n\n\n\n<p>\u201cA paciente \u00e9 acompanhada no hospital desde os 4 anos de idade. Naturalmente, desenvolveu-se uma forte rela\u00e7\u00e3o de afeto e confian\u00e7a entre a paciente, sua fam\u00edlia e a equipe do hospital. Ela possui uma doen\u00e7a rara, incur\u00e1vel (Doen\u00e7a de Pompe), deu entrada em novembro de 2023 por insufici\u00eancia respirat\u00f3ria e atualmente encontra-se acamada, com necessidade de suporte ventilat\u00f3rio por traqueostomia e dieta por gastrostomia, ainda que est\u00e1vel. Possui condi\u00e7\u00f5es de alta hospitalar, mas aguarda judicializa\u00e7\u00e3o para estrutura\u00e7\u00e3o de Home Care (cuidado em domic\u00edlio)\u201d, disse Raphael Nepomuceno.<\/p>\n\n\n\n<p>\u201cMe sinto muito orgulhosa em saber que Jesus nos deu a oportunidade de estar ao lado dela e saber que ela tem muita garra e for\u00e7a de vontade de ir mais longe, ela sempre diz que tem muitos sonhos para colocar em pr\u00e1tica. Ressalto a import\u00e2ncia de cada profissional do 4\u00b0 andar que nos acompanhou at\u00e9 aqui, m\u00e9dicos, fisioterapeutas em especial Emanoel Travassos que sempre acreditou que tudo seria poss\u00edvel e deu for\u00e7as para ela n\u00e3o desistir, a equipe de enfermagem que \u00e9 espetacular sempre muito atenciosos com Raylly, os t\u00e9cnicos de enfermagem que n\u00e3o s\u00e3o s\u00f3 t\u00e9cnicos s\u00e3o anjos e nunca largaram a m\u00e3o dela em nenhum momento, cuidaram dela, n\u00e3o deixando de lado a equipe de limpeza, a equipe de distribui\u00e7\u00e3o de refei\u00e7\u00f5es que nos tornamos uma fam\u00edlia e nos deram e continuam nos dando todo apoio necess\u00e1rio\u201d, expressou Rayanny Nayara.<\/p>\n\n\n\n<p>Foto: Arquivo TN<\/p>\n\n\n\n<p>Fonte: Tribuna do Norte<\/p>\n","protected":false},"excerpt":{"rendered":"<p>O Hospital Universit\u00e1rio Onofre Lopes (Huol-UFRN) ir\u00e1 realizar o desejo de uma paciente internada com doen\u00e7a neurol\u00f3gica cr\u00f4nica de ir \u00e0 solenidade de sua cola\u00e7\u00e3o de grau, que ocorre neste s\u00e1bado (6), no campus do Instituto Federal do Rio Grande do Norte (IFRN). A a\u00e7\u00e3o ser\u00e1 realizada por uma equipe multidisciplinar do hospital, administrado pela [&hellip;]<\/p>\n","protected":false},"author":1,"featured_media":0,"comment_status":"open","ping_status":"open","sticky":false,"template":"","format":"standard","meta":{"cybocfi_hide_featured_image":"","_jetpack_memberships_contains_paid_content":false,"footnotes":""},"categories":[1],"tags":[],"class_list":["post-3115","post","type-post","status-publish","format-standard","hentry","category-diversos"],"yoast_head":"<!-- This site is optimized with the Yoast SEO plugin v25.6 - https:\/\/yoast.com\/wordpress\/plugins\/seo\/ -->\n<title>Internada com doen\u00e7a neurol\u00f3gica h\u00e1 135 dias, jovem ir\u00e1 a cola\u00e7\u00e3o de grau em Natal - Blog do Bispo<\/title>\n<meta name=\"robots\" content=\"index, follow, max-snippet:-1, max-image-preview:large, max-video-preview:-1\" \/>\n<link rel=\"canonical\" href=\"https:\/\/blogdobispo.com.br\/?p=3115\" \/>\n<meta property=\"og:locale\" content=\"pt_BR\" \/>\n<meta property=\"og:type\" content=\"article\" \/>\n<meta property=\"og:title\" content=\"Internada com doen\u00e7a neurol\u00f3gica h\u00e1 135 dias, jovem ir\u00e1 a cola\u00e7\u00e3o de grau em Natal - Blog do Bispo\" \/>\n<meta property=\"og:description\" content=\"O Hospital Universit\u00e1rio Onofre Lopes (Huol-UFRN) ir\u00e1 realizar o desejo de uma paciente internada com doen\u00e7a neurol\u00f3gica cr\u00f4nica de ir \u00e0 solenidade de sua cola\u00e7\u00e3o de grau, que ocorre neste s\u00e1bado (6), no campus do Instituto Federal do Rio Grande do Norte (IFRN). A a\u00e7\u00e3o ser\u00e1 realizada por uma equipe multidisciplinar do hospital, administrado pela [&hellip;]\" \/>\n<meta property=\"og:url\" content=\"https:\/\/blogdobispo.com.br\/?p=3115\" \/>\n<meta property=\"og:site_name\" content=\"Blog do Bispo\" \/>\n<meta property=\"article:published_time\" content=\"2024-04-05T18:59:39+00:00\" \/>\n<meta property=\"og:image\" content=\"https:\/\/blogdobispo.com.br\/wp-content\/uploads\/2024\/04\/1e812aca-bd22-4710-9dc8-8e28ebb1235c-1.jpg\" \/>\n<meta name=\"author\" content=\"Jefferson Sterfeno\" \/>\n<meta name=\"twitter:card\" content=\"summary_large_image\" \/>\n<meta name=\"twitter:label1\" content=\"Escrito por\" \/>\n\t<meta name=\"twitter:data1\" content=\"Jefferson Sterfeno\" \/>\n\t<meta name=\"twitter:label2\" content=\"Est. tempo de leitura\" \/>\n\t<meta name=\"twitter:data2\" content=\"3 minutos\" \/>\n<script type=\"application\/ld+json\" class=\"yoast-schema-graph\">{\"@context\":\"https:\/\/schema.org\",\"@graph\":[{\"@type\":\"Article\",\"@id\":\"https:\/\/blogdobispo.com.br\/?p=3115#article\",\"isPartOf\":{\"@id\":\"https:\/\/blogdobispo.com.br\/?p=3115\"},\"author\":{\"name\":\"Jefferson Sterfeno\",\"@id\":\"https:\/\/blogdobispo.com.br\/#\/schema\/person\/e2209cc0e6cea5c5233d033e997b373f\"},\"headline\":\"Internada com doen\u00e7a neurol\u00f3gica h\u00e1 135 dias, jovem ir\u00e1 a cola\u00e7\u00e3o de grau em Natal\",\"datePublished\":\"2024-04-05T18:59:39+00:00\",\"mainEntityOfPage\":{\"@id\":\"https:\/\/blogdobispo.com.br\/?p=3115\"},\"wordCount\":688,\"commentCount\":0,\"publisher\":{\"@id\":\"https:\/\/blogdobispo.com.br\/#organization\"},\"image\":{\"@id\":\"https:\/\/blogdobispo.com.br\/?p=3115#primaryimage\"},\"thumbnailUrl\":\"https:\/\/blogdobispo.com.br\/wp-content\/uploads\/2024\/04\/1e812aca-bd22-4710-9dc8-8e28ebb1235c-1.jpg\",\"articleSection\":[\"diversos\"],\"inLanguage\":\"pt-BR\",\"potentialAction\":[{\"@type\":\"CommentAction\",\"name\":\"Comment\",\"target\":[\"https:\/\/blogdobispo.com.br\/?p=3115#respond\"]}]},{\"@type\":\"WebPage\",\"@id\":\"https:\/\/blogdobispo.com.br\/?p=3115\",\"url\":\"https:\/\/blogdobispo.com.br\/?p=3115\",\"name\":\"Internada com doen\u00e7a neurol\u00f3gica h\u00e1 135 dias, jovem ir\u00e1 a cola\u00e7\u00e3o de grau em Natal - Blog do Bispo\",\"isPartOf\":{\"@id\":\"https:\/\/blogdobispo.com.br\/#website\"},\"primaryImageOfPage\":{\"@id\":\"https:\/\/blogdobispo.com.br\/?p=3115#primaryimage\"},\"image\":{\"@id\":\"https:\/\/blogdobispo.com.br\/?p=3115#primaryimage\"},\"thumbnailUrl\":\"https:\/\/blogdobispo.com.br\/wp-content\/uploads\/2024\/04\/1e812aca-bd22-4710-9dc8-8e28ebb1235c-1.jpg\",\"datePublished\":\"2024-04-05T18:59:39+00:00\",\"breadcrumb\":{\"@id\":\"https:\/\/blogdobispo.com.br\/?p=3115#breadcrumb\"},\"inLanguage\":\"pt-BR\",\"potentialAction\":[{\"@type\":\"ReadAction\",\"target\":[\"https:\/\/blogdobispo.com.br\/?p=3115\"]}]},{\"@type\":\"ImageObject\",\"inLanguage\":\"pt-BR\",\"@id\":\"https:\/\/blogdobispo.com.br\/?p=3115#primaryimage\",\"url\":\"https:\/\/blogdobispo.com.br\/wp-content\/uploads\/2024\/04\/1e812aca-bd22-4710-9dc8-8e28ebb1235c-1.jpg\",\"contentUrl\":\"https:\/\/blogdobispo.com.br\/wp-content\/uploads\/2024\/04\/1e812aca-bd22-4710-9dc8-8e28ebb1235c-1.jpg\"},{\"@type\":\"BreadcrumbList\",\"@id\":\"https:\/\/blogdobispo.com.br\/?p=3115#breadcrumb\",\"itemListElement\":[{\"@type\":\"ListItem\",\"position\":1,\"name\":\"In\u00edcio\",\"item\":\"https:\/\/blogdobispo.com.br\/\"},{\"@type\":\"ListItem\",\"position\":2,\"name\":\"Internada com doen\u00e7a neurol\u00f3gica h\u00e1 135 dias, jovem ir\u00e1 a cola\u00e7\u00e3o de grau em Natal\"}]},{\"@type\":\"WebSite\",\"@id\":\"https:\/\/blogdobispo.com.br\/#website\",\"url\":\"https:\/\/blogdobispo.com.br\/\",\"name\":\"Blog do Bispo\",\"description\":\"Comprometido apenas com o leitor\",\"publisher\":{\"@id\":\"https:\/\/blogdobispo.com.br\/#organization\"},\"potentialAction\":[{\"@type\":\"SearchAction\",\"target\":{\"@type\":\"EntryPoint\",\"urlTemplate\":\"https:\/\/blogdobispo.com.br\/?s={search_term_string}\"},\"query-input\":{\"@type\":\"PropertyValueSpecification\",\"valueRequired\":true,\"valueName\":\"search_term_string\"}}],\"inLanguage\":\"pt-BR\"},{\"@type\":\"Organization\",\"@id\":\"https:\/\/blogdobispo.com.br\/#organization\",\"name\":\"Blog do Bispo\",\"url\":\"https:\/\/blogdobispo.com.br\/\",\"logo\":{\"@type\":\"ImageObject\",\"inLanguage\":\"pt-BR\",\"@id\":\"https:\/\/blogdobispo.com.br\/#\/schema\/logo\/image\/\",\"url\":\"http:\/\/blogdobispo.com.br\/wp-content\/uploads\/2023\/05\/cropped-headear.png\",\"contentUrl\":\"http:\/\/blogdobispo.com.br\/wp-content\/uploads\/2023\/05\/cropped-headear.png\",\"width\":1500,\"height\":399,\"caption\":\"Blog do Bispo\"},\"image\":{\"@id\":\"https:\/\/blogdobispo.com.br\/#\/schema\/logo\/image\/\"}},{\"@type\":\"Person\",\"@id\":\"https:\/\/blogdobispo.com.br\/#\/schema\/person\/e2209cc0e6cea5c5233d033e997b373f\",\"name\":\"Jefferson Sterfeno\",\"image\":{\"@type\":\"ImageObject\",\"inLanguage\":\"pt-BR\",\"@id\":\"https:\/\/blogdobispo.com.br\/#\/schema\/person\/image\/\",\"url\":\"https:\/\/secure.gravatar.com\/avatar\/0534e84764641168a677026b6d57a3f51dc7ac4db0b4f6186d9cb330d4ee1160?s=96&d=mm&r=g\",\"contentUrl\":\"https:\/\/secure.gravatar.com\/avatar\/0534e84764641168a677026b6d57a3f51dc7ac4db0b4f6186d9cb330d4ee1160?s=96&d=mm&r=g\",\"caption\":\"Jefferson Sterfeno\"},\"sameAs\":[\"http:\/\/blogdobispo.com.br\"],\"url\":\"https:\/\/blogdobispo.com.br\/?author=1\"}]}<\/script>\n<!-- \/ Yoast SEO plugin. -->","yoast_head_json":{"title":"Internada com doen\u00e7a neurol\u00f3gica h\u00e1 135 dias, jovem ir\u00e1 a cola\u00e7\u00e3o de grau em Natal - Blog do Bispo","robots":{"index":"index","follow":"follow","max-snippet":"max-snippet:-1","max-image-preview":"max-image-preview:large","max-video-preview":"max-video-preview:-1"},"canonical":"https:\/\/blogdobispo.com.br\/?p=3115","og_locale":"pt_BR","og_type":"article","og_title":"Internada com doen\u00e7a neurol\u00f3gica h\u00e1 135 dias, jovem ir\u00e1 a cola\u00e7\u00e3o de grau em Natal - Blog do Bispo","og_description":"O Hospital Universit\u00e1rio Onofre Lopes (Huol-UFRN) ir\u00e1 realizar o desejo de uma paciente internada com doen\u00e7a neurol\u00f3gica cr\u00f4nica de ir \u00e0 solenidade de sua cola\u00e7\u00e3o de grau, que ocorre neste s\u00e1bado (6), no campus do Instituto Federal do Rio Grande do Norte (IFRN). A a\u00e7\u00e3o ser\u00e1 realizada por uma equipe multidisciplinar do hospital, administrado pela [&hellip;]","og_url":"https:\/\/blogdobispo.com.br\/?p=3115","og_site_name":"Blog do Bispo","article_published_time":"2024-04-05T18:59:39+00:00","og_image":[{"url":"https:\/\/blogdobispo.com.br\/wp-content\/uploads\/2024\/04\/1e812aca-bd22-4710-9dc8-8e28ebb1235c-1.jpg","type":"","width":"","height":""}],"author":"Jefferson Sterfeno","twitter_card":"summary_large_image","twitter_misc":{"Escrito por":"Jefferson Sterfeno","Est. tempo de leitura":"3 minutos"},"schema":{"@context":"https:\/\/schema.org","@graph":[{"@type":"Article","@id":"https:\/\/blogdobispo.com.br\/?p=3115#article","isPartOf":{"@id":"https:\/\/blogdobispo.com.br\/?p=3115"},"author":{"name":"Jefferson Sterfeno","@id":"https:\/\/blogdobispo.com.br\/#\/schema\/person\/e2209cc0e6cea5c5233d033e997b373f"},"headline":"Internada com doen\u00e7a neurol\u00f3gica h\u00e1 135 dias, jovem ir\u00e1 a cola\u00e7\u00e3o de grau em Natal","datePublished":"2024-04-05T18:59:39+00:00","mainEntityOfPage":{"@id":"https:\/\/blogdobispo.com.br\/?p=3115"},"wordCount":688,"commentCount":0,"publisher":{"@id":"https:\/\/blogdobispo.com.br\/#organization"},"image":{"@id":"https:\/\/blogdobispo.com.br\/?p=3115#primaryimage"},"thumbnailUrl":"https:\/\/blogdobispo.com.br\/wp-content\/uploads\/2024\/04\/1e812aca-bd22-4710-9dc8-8e28ebb1235c-1.jpg","articleSection":["diversos"],"inLanguage":"pt-BR","potentialAction":[{"@type":"CommentAction","name":"Comment","target":["https:\/\/blogdobispo.com.br\/?p=3115#respond"]}]},{"@type":"WebPage","@id":"https:\/\/blogdobispo.com.br\/?p=3115","url":"https:\/\/blogdobispo.com.br\/?p=3115","name":"Internada com doen\u00e7a neurol\u00f3gica h\u00e1 135 dias, jovem ir\u00e1 a cola\u00e7\u00e3o de grau em Natal - Blog do Bispo","isPartOf":{"@id":"https:\/\/blogdobispo.com.br\/#website"},"primaryImageOfPage":{"@id":"https:\/\/blogdobispo.com.br\/?p=3115#primaryimage"},"image":{"@id":"https:\/\/blogdobispo.com.br\/?p=3115#primaryimage"},"thumbnailUrl":"https:\/\/blogdobispo.com.br\/wp-content\/uploads\/2024\/04\/1e812aca-bd22-4710-9dc8-8e28ebb1235c-1.jpg","datePublished":"2024-04-05T18:59:39+00:00","breadcrumb":{"@id":"https:\/\/blogdobispo.com.br\/?p=3115#breadcrumb"},"inLanguage":"pt-BR","potentialAction":[{"@type":"ReadAction","target":["https:\/\/blogdobispo.com.br\/?p=3115"]}]},{"@type":"ImageObject","inLanguage":"pt-BR","@id":"https:\/\/blogdobispo.com.br\/?p=3115#primaryimage","url":"https:\/\/blogdobispo.com.br\/wp-content\/uploads\/2024\/04\/1e812aca-bd22-4710-9dc8-8e28ebb1235c-1.jpg","contentUrl":"https:\/\/blogdobispo.com.br\/wp-content\/uploads\/2024\/04\/1e812aca-bd22-4710-9dc8-8e28ebb1235c-1.jpg"},{"@type":"BreadcrumbList","@id":"https:\/\/blogdobispo.com.br\/?p=3115#breadcrumb","itemListElement":[{"@type":"ListItem","position":1,"name":"In\u00edcio","item":"https:\/\/blogdobispo.com.br\/"},{"@type":"ListItem","position":2,"name":"Internada com doen\u00e7a neurol\u00f3gica h\u00e1 135 dias, jovem ir\u00e1 a cola\u00e7\u00e3o de grau em Natal"}]},{"@type":"WebSite","@id":"https:\/\/blogdobispo.com.br\/#website","url":"https:\/\/blogdobispo.com.br\/","name":"Blog do Bispo","description":"Comprometido apenas com o leitor","publisher":{"@id":"https:\/\/blogdobispo.com.br\/#organization"},"potentialAction":[{"@type":"SearchAction","target":{"@type":"EntryPoint","urlTemplate":"https:\/\/blogdobispo.com.br\/?s={search_term_string}"},"query-input":{"@type":"PropertyValueSpecification","valueRequired":true,"valueName":"search_term_string"}}],"inLanguage":"pt-BR"},{"@type":"Organization","@id":"https:\/\/blogdobispo.com.br\/#organization","name":"Blog do Bispo","url":"https:\/\/blogdobispo.com.br\/","logo":{"@type":"ImageObject","inLanguage":"pt-BR","@id":"https:\/\/blogdobispo.com.br\/#\/schema\/logo\/image\/","url":"http:\/\/blogdobispo.com.br\/wp-content\/uploads\/2023\/05\/cropped-headear.png","contentUrl":"http:\/\/blogdobispo.com.br\/wp-content\/uploads\/2023\/05\/cropped-headear.png","width":1500,"height":399,"caption":"Blog do Bispo"},"image":{"@id":"https:\/\/blogdobispo.com.br\/#\/schema\/logo\/image\/"}},{"@type":"Person","@id":"https:\/\/blogdobispo.com.br\/#\/schema\/person\/e2209cc0e6cea5c5233d033e997b373f","name":"Jefferson Sterfeno","image":{"@type":"ImageObject","inLanguage":"pt-BR","@id":"https:\/\/blogdobispo.com.br\/#\/schema\/person\/image\/","url":"https:\/\/secure.gravatar.com\/avatar\/0534e84764641168a677026b6d57a3f51dc7ac4db0b4f6186d9cb330d4ee1160?s=96&d=mm&r=g","contentUrl":"https:\/\/secure.gravatar.com\/avatar\/0534e84764641168a677026b6d57a3f51dc7ac4db0b4f6186d9cb330d4ee1160?s=96&d=mm&r=g","caption":"Jefferson Sterfeno"},"sameAs":["http:\/\/blogdobispo.com.br"],"url":"https:\/\/blogdobispo.com.br\/?author=1"}]}},"featured_image_urls":{"full":"","thumbnail":"","medium":"","medium_large":"","large":"","1536x1536":"","2048x2048":""},"author_info":{"display_name":"Jefferson Sterfeno","author_link":"https:\/\/blogdobispo.com.br\/?author=1"},"category_info":"<a href=\"https:\/\/blogdobispo.com.br\/?cat=1\" rel=\"category\">diversos<\/a>","tag_info":"diversos","comment_count":"0","jetpack_featured_media_url":"","jetpack_sharing_enabled":true,"_links":{"self":[{"href":"https:\/\/blogdobispo.com.br\/index.php?rest_route=\/wp\/v2\/posts\/3115","targetHints":{"allow":["GET"]}}],"collection":[{"href":"https:\/\/blogdobispo.com.br\/index.php?rest_route=\/wp\/v2\/posts"}],"about":[{"href":"https:\/\/blogdobispo.com.br\/index.php?rest_route=\/wp\/v2\/types\/post"}],"author":[{"embeddable":true,"href":"https:\/\/blogdobispo.com.br\/index.php?rest_route=\/wp\/v2\/users\/1"}],"replies":[{"embeddable":true,"href":"https:\/\/blogdobispo.com.br\/index.php?rest_route=%2Fwp%2Fv2%2Fcomments&post=3115"}],"version-history":[{"count":0,"href":"https:\/\/blogdobispo.com.br\/index.php?rest_route=\/wp\/v2\/posts\/3115\/revisions"}],"wp:attachment":[{"href":"https:\/\/blogdobispo.com.br\/index.php?rest_route=%2Fwp%2Fv2%2Fmedia&parent=3115"}],"wp:term":[{"taxonomy":"category","embeddable":true,"href":"https:\/\/blogdobispo.com.br\/index.php?rest_route=%2Fwp%2Fv2%2Fcategories&post=3115"},{"taxonomy":"post_tag","embeddable":true,"href":"https:\/\/blogdobispo.com.br\/index.php?rest_route=%2Fwp%2Fv2%2Ftags&post=3115"}],"curies":[{"name":"wp","href":"https:\/\/api.w.org\/{rel}","templated":true}]}}