{"id":3073,"date":"2024-04-04T02:56:51","date_gmt":"2024-04-04T02:56:51","guid":{"rendered":"https:\/\/blogdobispo.com.br\/?p=3073"},"modified":"2024-04-04T03:02:12","modified_gmt":"2024-04-04T03:02:12","slug":"janaina-de-salim-se-filia-ao-uniao-brasil-e-esta-cada-vez-mais-forte-para-disputa","status":"publish","type":"post","link":"https:\/\/blogdobispo.com.br\/?p=3073","title":{"rendered":"Jana\u00edna de Salin se filia ao Uni\u00e3o Brasil e est\u00e1 cada vez mais forte para disputa"},"content":{"rendered":"\n<p>A Presidente da C\u00e2mara Municipal de Lagoa de Pedras Jana\u00edna de Salin, assinou sua ficha de filia\u00e7\u00e3o na tarde desta quarta (3) no gabinete do deputado federal Paulinho Freire. Jana\u00edna estava ao lado do seu esposo, grande l\u00edder pol\u00edtico da regi\u00e3o, Salin Sales.<\/p>\n\n\n\n<p>Jana\u00edna e Salin est\u00e3o recebendo cada vez mais apoios na disputa pela prefeitura da Cidade. S\u00e3o diversas ades\u00f5es todos os dias, mostrando que o povo de Lagoa De Pedras aprovou a administra\u00e7\u00e3o de Jana\u00edna e quer mais.<\/p>\n\n\n\n<p>Para o Uni\u00e3o Brasil, presidido no Estado por Jos\u00e9 Agripino, a elei\u00e7\u00e3o de Jana\u00edna \u00e9 prioridade. Tendo em vista o perfil jovem e inovador que conseguiu implantar no seu tempo de gest\u00e3o. <\/p>\n\n\n\n<p>Salin Sales recebeu a presid\u00eancia do Diret\u00f3rio Municipal do Partido, e ter\u00e1 como miss\u00e3o, eleger o maior n\u00famero de vereadores e a prefeita da cidade.<\/p>\n\n\n\n<p>Quando assumiu a prefeitura, Jana\u00edna conseguiu em pouco tempo, implantar um ritmo acelerado em sua administra\u00e7\u00e3o, que ficou marcado pela melhora expressiva na sa\u00fade com mais m\u00e9dicos atendendo na Cidade. <\/p>\n\n\n\n<p>A chapa est\u00e1 afinad\u00edssima, e conta com seu vice Lutero Fontoura do Solidariedade. <\/p>\n\n\n\n<p>N\u00e3o haver\u00e1 m\u00e1quina p\u00fablica que consiga segurar os dois. <\/p>\n\n\n\n<figure class=\"wp-block-image size-large\"><img data-recalc-dims=\"1\" fetchpriority=\"high\" decoding=\"async\" width=\"800\" height=\"912\" src=\"https:\/\/i0.wp.com\/blogdobispo.com.br\/wp-content\/uploads\/2024\/04\/eca403cf-4993-4f1d-b3cd-2e804c42bf2f-1-1-898x1024.jpg?resize=800%2C912&#038;ssl=1\" alt=\"\" class=\"wp-image-3072\" srcset=\"https:\/\/i0.wp.com\/blogdobispo.com.br\/wp-content\/uploads\/2024\/04\/eca403cf-4993-4f1d-b3cd-2e804c42bf2f-1-1.jpg?resize=898%2C1024&amp;ssl=1 898w, https:\/\/i0.wp.com\/blogdobispo.com.br\/wp-content\/uploads\/2024\/04\/eca403cf-4993-4f1d-b3cd-2e804c42bf2f-1-1.jpg?resize=263%2C300&amp;ssl=1 263w, https:\/\/i0.wp.com\/blogdobispo.com.br\/wp-content\/uploads\/2024\/04\/eca403cf-4993-4f1d-b3cd-2e804c42bf2f-1-1.jpg?resize=768%2C876&amp;ssl=1 768w, https:\/\/i0.wp.com\/blogdobispo.com.br\/wp-content\/uploads\/2024\/04\/eca403cf-4993-4f1d-b3cd-2e804c42bf2f-1-1.jpg?resize=1024%2C1168&amp;ssl=1 1024w, https:\/\/i0.wp.com\/blogdobispo.com.br\/wp-content\/uploads\/2024\/04\/eca403cf-4993-4f1d-b3cd-2e804c42bf2f-1-1.jpg?w=1058&amp;ssl=1 1058w\" sizes=\"(max-width: 800px) 100vw, 800px\" \/><\/figure>\n\n\n\n<p><\/p>\n\n\n\n<p><\/p>\n\n\n\n<p><br \/>Ao lado do Deputado Federal Paulinho Freire, e do Presidente do Diret\u00f3rio Municipal de Lagoa de Pedras, Salin Sales. Oficializei minha filia\u00e7\u00e3o ao partido Uni\u00e3o Brasil (44) e minha pr\u00e9-candidatura \u00e0 Prefeitura Municipal de nossa cidade. Este ato n\u00e3o representa apenas um passo na minha trajet\u00f3ria pol\u00edtica. \u00c9 sobre amor, \u00e9 sobre uni\u00e3o, \u00e9 sobre querer trabalhar ainda mais por nossa cidade.<br \/>Agrade\u00e7o ao deputado federal @paulinhofreirern pela confian\u00e7a em mim depositada e ao @uniaobrasil44rn por me receber de bra\u00e7os abertos\ud83d\udc9a<\/p>\n\n\n\n<h1 class=\"wp-block-heading\">janainadesalin #lagoadepedras #fechadoscomagalega<\/h1>\n","protected":false},"excerpt":{"rendered":"<p>A Presidente da C\u00e2mara Municipal de Lagoa de Pedras Jana\u00edna de Salin, assinou sua ficha de filia\u00e7\u00e3o na tarde desta quarta (3) no gabinete do deputado federal Paulinho Freire. Jana\u00edna estava ao lado do seu esposo, grande l\u00edder pol\u00edtico da regi\u00e3o, Salin Sales. Jana\u00edna e Salin est\u00e3o recebendo cada vez mais apoios na disputa pela [&hellip;]<\/p>\n","protected":false},"author":1,"featured_media":0,"comment_status":"open","ping_status":"open","sticky":false,"template":"","format":"standard","meta":{"cybocfi_hide_featured_image":"","_jetpack_memberships_contains_paid_content":false,"footnotes":""},"categories":[1],"tags":[],"class_list":["post-3073","post","type-post","status-publish","format-standard","hentry","category-diversos"],"yoast_head":"<!-- This site is optimized with the Yoast SEO plugin v25.6 - https:\/\/yoast.com\/wordpress\/plugins\/seo\/ -->\n<title>Jana\u00edna de Salin se filia ao Uni\u00e3o Brasil e est\u00e1 cada vez mais forte para disputa - Blog do Bispo<\/title>\n<meta name=\"robots\" content=\"index, follow, max-snippet:-1, max-image-preview:large, max-video-preview:-1\" \/>\n<link rel=\"canonical\" href=\"https:\/\/blogdobispo.com.br\/?p=3073\" \/>\n<meta property=\"og:locale\" content=\"pt_BR\" \/>\n<meta property=\"og:type\" content=\"article\" \/>\n<meta property=\"og:title\" content=\"Jana\u00edna de Salin se filia ao Uni\u00e3o Brasil e est\u00e1 cada vez mais forte para disputa - Blog do Bispo\" \/>\n<meta property=\"og:description\" content=\"A Presidente da C\u00e2mara Municipal de Lagoa de Pedras Jana\u00edna de Salin, assinou sua ficha de filia\u00e7\u00e3o na tarde desta quarta (3) no gabinete do deputado federal Paulinho Freire. Jana\u00edna estava ao lado do seu esposo, grande l\u00edder pol\u00edtico da regi\u00e3o, Salin Sales. Jana\u00edna e Salin est\u00e3o recebendo cada vez mais apoios na disputa pela [&hellip;]\" \/>\n<meta property=\"og:url\" content=\"https:\/\/blogdobispo.com.br\/?p=3073\" \/>\n<meta property=\"og:site_name\" content=\"Blog do Bispo\" \/>\n<meta property=\"article:published_time\" content=\"2024-04-04T02:56:51+00:00\" \/>\n<meta property=\"article:modified_time\" content=\"2024-04-04T03:02:12+00:00\" \/>\n<meta property=\"og:image\" content=\"https:\/\/blogdobispo.com.br\/wp-content\/uploads\/2024\/04\/eca403cf-4993-4f1d-b3cd-2e804c42bf2f-1-1-898x1024.jpg\" \/>\n<meta name=\"author\" content=\"Jefferson Sterfeno\" \/>\n<meta name=\"twitter:card\" content=\"summary_large_image\" \/>\n<meta name=\"twitter:label1\" content=\"Escrito por\" \/>\n\t<meta name=\"twitter:data1\" content=\"Jefferson Sterfeno\" \/>\n\t<meta name=\"twitter:label2\" content=\"Est. tempo de leitura\" \/>\n\t<meta name=\"twitter:data2\" content=\"2 minutos\" \/>\n<script type=\"application\/ld+json\" class=\"yoast-schema-graph\">{\"@context\":\"https:\/\/schema.org\",\"@graph\":[{\"@type\":\"Article\",\"@id\":\"https:\/\/blogdobispo.com.br\/?p=3073#article\",\"isPartOf\":{\"@id\":\"https:\/\/blogdobispo.com.br\/?p=3073\"},\"author\":{\"name\":\"Jefferson Sterfeno\",\"@id\":\"https:\/\/blogdobispo.com.br\/#\/schema\/person\/e2209cc0e6cea5c5233d033e997b373f\"},\"headline\":\"Jana\u00edna de Salin se filia ao Uni\u00e3o Brasil e est\u00e1 cada vez mais forte para disputa\",\"datePublished\":\"2024-04-04T02:56:51+00:00\",\"dateModified\":\"2024-04-04T03:02:12+00:00\",\"mainEntityOfPage\":{\"@id\":\"https:\/\/blogdobispo.com.br\/?p=3073\"},\"wordCount\":325,\"commentCount\":0,\"publisher\":{\"@id\":\"https:\/\/blogdobispo.com.br\/#organization\"},\"image\":{\"@id\":\"https:\/\/blogdobispo.com.br\/?p=3073#primaryimage\"},\"thumbnailUrl\":\"https:\/\/blogdobispo.com.br\/wp-content\/uploads\/2024\/04\/eca403cf-4993-4f1d-b3cd-2e804c42bf2f-1-1-898x1024.jpg\",\"articleSection\":[\"diversos\"],\"inLanguage\":\"pt-BR\",\"potentialAction\":[{\"@type\":\"CommentAction\",\"name\":\"Comment\",\"target\":[\"https:\/\/blogdobispo.com.br\/?p=3073#respond\"]}]},{\"@type\":\"WebPage\",\"@id\":\"https:\/\/blogdobispo.com.br\/?p=3073\",\"url\":\"https:\/\/blogdobispo.com.br\/?p=3073\",\"name\":\"Jana\u00edna de Salin se filia ao Uni\u00e3o Brasil e est\u00e1 cada vez mais forte para disputa - Blog do Bispo\",\"isPartOf\":{\"@id\":\"https:\/\/blogdobispo.com.br\/#website\"},\"primaryImageOfPage\":{\"@id\":\"https:\/\/blogdobispo.com.br\/?p=3073#primaryimage\"},\"image\":{\"@id\":\"https:\/\/blogdobispo.com.br\/?p=3073#primaryimage\"},\"thumbnailUrl\":\"https:\/\/blogdobispo.com.br\/wp-content\/uploads\/2024\/04\/eca403cf-4993-4f1d-b3cd-2e804c42bf2f-1-1-898x1024.jpg\",\"datePublished\":\"2024-04-04T02:56:51+00:00\",\"dateModified\":\"2024-04-04T03:02:12+00:00\",\"breadcrumb\":{\"@id\":\"https:\/\/blogdobispo.com.br\/?p=3073#breadcrumb\"},\"inLanguage\":\"pt-BR\",\"potentialAction\":[{\"@type\":\"ReadAction\",\"target\":[\"https:\/\/blogdobispo.com.br\/?p=3073\"]}]},{\"@type\":\"ImageObject\",\"inLanguage\":\"pt-BR\",\"@id\":\"https:\/\/blogdobispo.com.br\/?p=3073#primaryimage\",\"url\":\"https:\/\/blogdobispo.com.br\/wp-content\/uploads\/2024\/04\/eca403cf-4993-4f1d-b3cd-2e804c42bf2f-1-1-898x1024.jpg\",\"contentUrl\":\"https:\/\/blogdobispo.com.br\/wp-content\/uploads\/2024\/04\/eca403cf-4993-4f1d-b3cd-2e804c42bf2f-1-1-898x1024.jpg\"},{\"@type\":\"BreadcrumbList\",\"@id\":\"https:\/\/blogdobispo.com.br\/?p=3073#breadcrumb\",\"itemListElement\":[{\"@type\":\"ListItem\",\"position\":1,\"name\":\"In\u00edcio\",\"item\":\"https:\/\/blogdobispo.com.br\/\"},{\"@type\":\"ListItem\",\"position\":2,\"name\":\"Jana\u00edna de Salin se filia ao Uni\u00e3o Brasil e est\u00e1 cada vez mais forte para disputa\"}]},{\"@type\":\"WebSite\",\"@id\":\"https:\/\/blogdobispo.com.br\/#website\",\"url\":\"https:\/\/blogdobispo.com.br\/\",\"name\":\"Blog do Bispo\",\"description\":\"Comprometido apenas com o leitor\",\"publisher\":{\"@id\":\"https:\/\/blogdobispo.com.br\/#organization\"},\"potentialAction\":[{\"@type\":\"SearchAction\",\"target\":{\"@type\":\"EntryPoint\",\"urlTemplate\":\"https:\/\/blogdobispo.com.br\/?s={search_term_string}\"},\"query-input\":{\"@type\":\"PropertyValueSpecification\",\"valueRequired\":true,\"valueName\":\"search_term_string\"}}],\"inLanguage\":\"pt-BR\"},{\"@type\":\"Organization\",\"@id\":\"https:\/\/blogdobispo.com.br\/#organization\",\"name\":\"Blog do Bispo\",\"url\":\"https:\/\/blogdobispo.com.br\/\",\"logo\":{\"@type\":\"ImageObject\",\"inLanguage\":\"pt-BR\",\"@id\":\"https:\/\/blogdobispo.com.br\/#\/schema\/logo\/image\/\",\"url\":\"http:\/\/blogdobispo.com.br\/wp-content\/uploads\/2023\/05\/cropped-headear.png\",\"contentUrl\":\"http:\/\/blogdobispo.com.br\/wp-content\/uploads\/2023\/05\/cropped-headear.png\",\"width\":1500,\"height\":399,\"caption\":\"Blog do Bispo\"},\"image\":{\"@id\":\"https:\/\/blogdobispo.com.br\/#\/schema\/logo\/image\/\"}},{\"@type\":\"Person\",\"@id\":\"https:\/\/blogdobispo.com.br\/#\/schema\/person\/e2209cc0e6cea5c5233d033e997b373f\",\"name\":\"Jefferson Sterfeno\",\"image\":{\"@type\":\"ImageObject\",\"inLanguage\":\"pt-BR\",\"@id\":\"https:\/\/blogdobispo.com.br\/#\/schema\/person\/image\/\",\"url\":\"https:\/\/secure.gravatar.com\/avatar\/0534e84764641168a677026b6d57a3f51dc7ac4db0b4f6186d9cb330d4ee1160?s=96&d=mm&r=g\",\"contentUrl\":\"https:\/\/secure.gravatar.com\/avatar\/0534e84764641168a677026b6d57a3f51dc7ac4db0b4f6186d9cb330d4ee1160?s=96&d=mm&r=g\",\"caption\":\"Jefferson Sterfeno\"},\"sameAs\":[\"http:\/\/blogdobispo.com.br\"],\"url\":\"https:\/\/blogdobispo.com.br\/?author=1\"}]}<\/script>\n<!-- \/ Yoast SEO plugin. -->","yoast_head_json":{"title":"Jana\u00edna de Salin se filia ao Uni\u00e3o Brasil e est\u00e1 cada vez mais forte para disputa - Blog do Bispo","robots":{"index":"index","follow":"follow","max-snippet":"max-snippet:-1","max-image-preview":"max-image-preview:large","max-video-preview":"max-video-preview:-1"},"canonical":"https:\/\/blogdobispo.com.br\/?p=3073","og_locale":"pt_BR","og_type":"article","og_title":"Jana\u00edna de Salin se filia ao Uni\u00e3o Brasil e est\u00e1 cada vez mais forte para disputa - Blog do Bispo","og_description":"A Presidente da C\u00e2mara Municipal de Lagoa de Pedras Jana\u00edna de Salin, assinou sua ficha de filia\u00e7\u00e3o na tarde desta quarta (3) no gabinete do deputado federal Paulinho Freire. Jana\u00edna estava ao lado do seu esposo, grande l\u00edder pol\u00edtico da regi\u00e3o, Salin Sales. Jana\u00edna e Salin est\u00e3o recebendo cada vez mais apoios na disputa pela [&hellip;]","og_url":"https:\/\/blogdobispo.com.br\/?p=3073","og_site_name":"Blog do Bispo","article_published_time":"2024-04-04T02:56:51+00:00","article_modified_time":"2024-04-04T03:02:12+00:00","og_image":[{"url":"https:\/\/blogdobispo.com.br\/wp-content\/uploads\/2024\/04\/eca403cf-4993-4f1d-b3cd-2e804c42bf2f-1-1-898x1024.jpg","type":"","width":"","height":""}],"author":"Jefferson Sterfeno","twitter_card":"summary_large_image","twitter_misc":{"Escrito por":"Jefferson Sterfeno","Est. tempo de leitura":"2 minutos"},"schema":{"@context":"https:\/\/schema.org","@graph":[{"@type":"Article","@id":"https:\/\/blogdobispo.com.br\/?p=3073#article","isPartOf":{"@id":"https:\/\/blogdobispo.com.br\/?p=3073"},"author":{"name":"Jefferson Sterfeno","@id":"https:\/\/blogdobispo.com.br\/#\/schema\/person\/e2209cc0e6cea5c5233d033e997b373f"},"headline":"Jana\u00edna de Salin se filia ao Uni\u00e3o Brasil e est\u00e1 cada vez mais forte para disputa","datePublished":"2024-04-04T02:56:51+00:00","dateModified":"2024-04-04T03:02:12+00:00","mainEntityOfPage":{"@id":"https:\/\/blogdobispo.com.br\/?p=3073"},"wordCount":325,"commentCount":0,"publisher":{"@id":"https:\/\/blogdobispo.com.br\/#organization"},"image":{"@id":"https:\/\/blogdobispo.com.br\/?p=3073#primaryimage"},"thumbnailUrl":"https:\/\/blogdobispo.com.br\/wp-content\/uploads\/2024\/04\/eca403cf-4993-4f1d-b3cd-2e804c42bf2f-1-1-898x1024.jpg","articleSection":["diversos"],"inLanguage":"pt-BR","potentialAction":[{"@type":"CommentAction","name":"Comment","target":["https:\/\/blogdobispo.com.br\/?p=3073#respond"]}]},{"@type":"WebPage","@id":"https:\/\/blogdobispo.com.br\/?p=3073","url":"https:\/\/blogdobispo.com.br\/?p=3073","name":"Jana\u00edna de Salin se filia ao Uni\u00e3o Brasil e est\u00e1 cada vez mais forte para disputa - Blog do Bispo","isPartOf":{"@id":"https:\/\/blogdobispo.com.br\/#website"},"primaryImageOfPage":{"@id":"https:\/\/blogdobispo.com.br\/?p=3073#primaryimage"},"image":{"@id":"https:\/\/blogdobispo.com.br\/?p=3073#primaryimage"},"thumbnailUrl":"https:\/\/blogdobispo.com.br\/wp-content\/uploads\/2024\/04\/eca403cf-4993-4f1d-b3cd-2e804c42bf2f-1-1-898x1024.jpg","datePublished":"2024-04-04T02:56:51+00:00","dateModified":"2024-04-04T03:02:12+00:00","breadcrumb":{"@id":"https:\/\/blogdobispo.com.br\/?p=3073#breadcrumb"},"inLanguage":"pt-BR","potentialAction":[{"@type":"ReadAction","target":["https:\/\/blogdobispo.com.br\/?p=3073"]}]},{"@type":"ImageObject","inLanguage":"pt-BR","@id":"https:\/\/blogdobispo.com.br\/?p=3073#primaryimage","url":"https:\/\/blogdobispo.com.br\/wp-content\/uploads\/2024\/04\/eca403cf-4993-4f1d-b3cd-2e804c42bf2f-1-1-898x1024.jpg","contentUrl":"https:\/\/blogdobispo.com.br\/wp-content\/uploads\/2024\/04\/eca403cf-4993-4f1d-b3cd-2e804c42bf2f-1-1-898x1024.jpg"},{"@type":"BreadcrumbList","@id":"https:\/\/blogdobispo.com.br\/?p=3073#breadcrumb","itemListElement":[{"@type":"ListItem","position":1,"name":"In\u00edcio","item":"https:\/\/blogdobispo.com.br\/"},{"@type":"ListItem","position":2,"name":"Jana\u00edna de Salin se filia ao Uni\u00e3o Brasil e est\u00e1 cada vez mais forte para disputa"}]},{"@type":"WebSite","@id":"https:\/\/blogdobispo.com.br\/#website","url":"https:\/\/blogdobispo.com.br\/","name":"Blog do Bispo","description":"Comprometido apenas com o leitor","publisher":{"@id":"https:\/\/blogdobispo.com.br\/#organization"},"potentialAction":[{"@type":"SearchAction","target":{"@type":"EntryPoint","urlTemplate":"https:\/\/blogdobispo.com.br\/?s={search_term_string}"},"query-input":{"@type":"PropertyValueSpecification","valueRequired":true,"valueName":"search_term_string"}}],"inLanguage":"pt-BR"},{"@type":"Organization","@id":"https:\/\/blogdobispo.com.br\/#organization","name":"Blog do Bispo","url":"https:\/\/blogdobispo.com.br\/","logo":{"@type":"ImageObject","inLanguage":"pt-BR","@id":"https:\/\/blogdobispo.com.br\/#\/schema\/logo\/image\/","url":"http:\/\/blogdobispo.com.br\/wp-content\/uploads\/2023\/05\/cropped-headear.png","contentUrl":"http:\/\/blogdobispo.com.br\/wp-content\/uploads\/2023\/05\/cropped-headear.png","width":1500,"height":399,"caption":"Blog do Bispo"},"image":{"@id":"https:\/\/blogdobispo.com.br\/#\/schema\/logo\/image\/"}},{"@type":"Person","@id":"https:\/\/blogdobispo.com.br\/#\/schema\/person\/e2209cc0e6cea5c5233d033e997b373f","name":"Jefferson Sterfeno","image":{"@type":"ImageObject","inLanguage":"pt-BR","@id":"https:\/\/blogdobispo.com.br\/#\/schema\/person\/image\/","url":"https:\/\/secure.gravatar.com\/avatar\/0534e84764641168a677026b6d57a3f51dc7ac4db0b4f6186d9cb330d4ee1160?s=96&d=mm&r=g","contentUrl":"https:\/\/secure.gravatar.com\/avatar\/0534e84764641168a677026b6d57a3f51dc7ac4db0b4f6186d9cb330d4ee1160?s=96&d=mm&r=g","caption":"Jefferson Sterfeno"},"sameAs":["http:\/\/blogdobispo.com.br"],"url":"https:\/\/blogdobispo.com.br\/?author=1"}]}},"featured_image_urls":{"full":"","thumbnail":"","medium":"","medium_large":"","large":"","1536x1536":"","2048x2048":""},"author_info":{"display_name":"Jefferson Sterfeno","author_link":"https:\/\/blogdobispo.com.br\/?author=1"},"category_info":"<a href=\"https:\/\/blogdobispo.com.br\/?cat=1\" rel=\"category\">diversos<\/a>","tag_info":"diversos","comment_count":"0","jetpack_featured_media_url":"","jetpack_sharing_enabled":true,"_links":{"self":[{"href":"https:\/\/blogdobispo.com.br\/index.php?rest_route=\/wp\/v2\/posts\/3073","targetHints":{"allow":["GET"]}}],"collection":[{"href":"https:\/\/blogdobispo.com.br\/index.php?rest_route=\/wp\/v2\/posts"}],"about":[{"href":"https:\/\/blogdobispo.com.br\/index.php?rest_route=\/wp\/v2\/types\/post"}],"author":[{"embeddable":true,"href":"https:\/\/blogdobispo.com.br\/index.php?rest_route=\/wp\/v2\/users\/1"}],"replies":[{"embeddable":true,"href":"https:\/\/blogdobispo.com.br\/index.php?rest_route=%2Fwp%2Fv2%2Fcomments&post=3073"}],"version-history":[{"count":2,"href":"https:\/\/blogdobispo.com.br\/index.php?rest_route=\/wp\/v2\/posts\/3073\/revisions"}],"predecessor-version":[{"id":3075,"href":"https:\/\/blogdobispo.com.br\/index.php?rest_route=\/wp\/v2\/posts\/3073\/revisions\/3075"}],"wp:attachment":[{"href":"https:\/\/blogdobispo.com.br\/index.php?rest_route=%2Fwp%2Fv2%2Fmedia&parent=3073"}],"wp:term":[{"taxonomy":"category","embeddable":true,"href":"https:\/\/blogdobispo.com.br\/index.php?rest_route=%2Fwp%2Fv2%2Fcategories&post=3073"},{"taxonomy":"post_tag","embeddable":true,"href":"https:\/\/blogdobispo.com.br\/index.php?rest_route=%2Fwp%2Fv2%2Ftags&post=3073"}],"curies":[{"name":"wp","href":"https:\/\/api.w.org\/{rel}","templated":true}]}}