{"id":3068,"date":"2024-04-03T20:58:04","date_gmt":"2024-04-03T20:58:04","guid":{"rendered":"https:\/\/blogdobispo.com.br\/?p=3068"},"modified":"2024-04-03T20:58:04","modified_gmt":"2024-04-03T20:58:04","slug":"vereador-herberth-sena-disputara-reeleicao-a-camara-de-natal-pelo-pv","status":"publish","type":"post","link":"https:\/\/blogdobispo.com.br\/?p=3068","title":{"rendered":"Vereador Herberth Sena disputar\u00e1 reelei\u00e7\u00e3o \u00e0 C\u00e2mara de Natal pelo PV"},"content":{"rendered":"\n<figure class=\"wp-block-image size-large\"><img data-recalc-dims=\"1\" fetchpriority=\"high\" decoding=\"async\" width=\"720\" height=\"832\" src=\"https:\/\/i0.wp.com\/blogdobispo.com.br\/wp-content\/uploads\/2024\/04\/img_6583-1.jpg?resize=720%2C832&#038;ssl=1\" class=\"wp-image-3067\" srcset=\"https:\/\/i0.wp.com\/blogdobispo.com.br\/wp-content\/uploads\/2024\/04\/img_6583-1.jpg?w=720&amp;ssl=1 720w, https:\/\/i0.wp.com\/blogdobispo.com.br\/wp-content\/uploads\/2024\/04\/img_6583-1.jpg?resize=260%2C300&amp;ssl=1 260w\" sizes=\"(max-width: 720px) 100vw, 720px\" \/><\/figure>\n\n\n\n<p>O vereador de Natal Herberth Sena acaba de anunciar sua filia\u00e7\u00e3o ao Partido Verde (PV).<br \/>Herberth Sena assumiu seu primeiro mandato na C\u00e2mara Municipal de Natal em 2021, eleito pelo PL com 6.029 votos, sendo o mais votado da capital potiguar e entre todas as C\u00e2maras Municipais de todo o Rio Grande do Norte.<\/p>\n\n\n\n<p>Agora, o vereador Herberth Sena passa a vestir a camisa do PV, sendo recebido pelo presidente estadual do partido, o tamb\u00e9m vereador Milklei Leite.<\/p>\n\n\n\n<p>\u201cPartimos para uma campanha \u00e0 reelei\u00e7\u00e3o muito mais motivados e certos de estarmos no caminho certo. Ainda h\u00e1 muito a fazer por nossa Natal. Sei que a batalha que enfrentarei ser\u00e1 \u00e1rdua, que terei que lutar contra estruturas poderosas, mas o que me d\u00e1 for\u00e7as \u00e9 saber que tenho o povo ao meu lado. Juntos, enfrentaremos as dificuldades e faremos a diferen\u00e7a por uma Natal melhor\u201d, afirma Herberth Sena.<\/p>\n\n\n\n<p>Lucas Tavares <\/p>\n","protected":false},"excerpt":{"rendered":"<p>O vereador de Natal Herberth Sena acaba de anunciar sua filia\u00e7\u00e3o ao Partido Verde (PV).Herberth Sena assumiu seu primeiro mandato na C\u00e2mara Municipal de Natal em 2021, eleito pelo PL com 6.029 votos, sendo o mais votado da capital potiguar e entre todas as C\u00e2maras Municipais de todo o Rio Grande do Norte. Agora, o [&hellip;]<\/p>\n","protected":false},"author":1,"featured_media":0,"comment_status":"open","ping_status":"open","sticky":false,"template":"","format":"standard","meta":{"cybocfi_hide_featured_image":"","_jetpack_memberships_contains_paid_content":false,"footnotes":""},"categories":[1],"tags":[],"class_list":["post-3068","post","type-post","status-publish","format-standard","hentry","category-diversos"],"yoast_head":"<!-- This site is optimized with the Yoast SEO plugin v25.6 - https:\/\/yoast.com\/wordpress\/plugins\/seo\/ -->\n<title>Vereador Herberth Sena disputar\u00e1 reelei\u00e7\u00e3o \u00e0 C\u00e2mara de Natal pelo PV - Blog do Bispo<\/title>\n<meta name=\"robots\" content=\"index, follow, max-snippet:-1, max-image-preview:large, max-video-preview:-1\" \/>\n<link rel=\"canonical\" href=\"https:\/\/blogdobispo.com.br\/?p=3068\" \/>\n<meta property=\"og:locale\" content=\"pt_BR\" \/>\n<meta property=\"og:type\" content=\"article\" \/>\n<meta property=\"og:title\" content=\"Vereador Herberth Sena disputar\u00e1 reelei\u00e7\u00e3o \u00e0 C\u00e2mara de Natal pelo PV - Blog do Bispo\" \/>\n<meta property=\"og:description\" content=\"O vereador de Natal Herberth Sena acaba de anunciar sua filia\u00e7\u00e3o ao Partido Verde (PV).Herberth Sena assumiu seu primeiro mandato na C\u00e2mara Municipal de Natal em 2021, eleito pelo PL com 6.029 votos, sendo o mais votado da capital potiguar e entre todas as C\u00e2maras Municipais de todo o Rio Grande do Norte. Agora, o [&hellip;]\" \/>\n<meta property=\"og:url\" content=\"https:\/\/blogdobispo.com.br\/?p=3068\" \/>\n<meta property=\"og:site_name\" content=\"Blog do Bispo\" \/>\n<meta property=\"article:published_time\" content=\"2024-04-03T20:58:04+00:00\" \/>\n<meta property=\"og:image\" content=\"https:\/\/blogdobispo.com.br\/wp-content\/uploads\/2024\/04\/img_6583-1.jpg\" \/>\n<meta name=\"author\" content=\"Jefferson Sterfeno\" \/>\n<meta name=\"twitter:card\" content=\"summary_large_image\" \/>\n<meta name=\"twitter:label1\" content=\"Escrito por\" \/>\n\t<meta name=\"twitter:data1\" content=\"Jefferson Sterfeno\" \/>\n\t<meta name=\"twitter:label2\" content=\"Est. tempo de leitura\" \/>\n\t<meta name=\"twitter:data2\" content=\"1 minuto\" \/>\n<script type=\"application\/ld+json\" class=\"yoast-schema-graph\">{\"@context\":\"https:\/\/schema.org\",\"@graph\":[{\"@type\":\"Article\",\"@id\":\"https:\/\/blogdobispo.com.br\/?p=3068#article\",\"isPartOf\":{\"@id\":\"https:\/\/blogdobispo.com.br\/?p=3068\"},\"author\":{\"name\":\"Jefferson Sterfeno\",\"@id\":\"https:\/\/blogdobispo.com.br\/#\/schema\/person\/e2209cc0e6cea5c5233d033e997b373f\"},\"headline\":\"Vereador Herberth Sena disputar\u00e1 reelei\u00e7\u00e3o \u00e0 C\u00e2mara de Natal pelo PV\",\"datePublished\":\"2024-04-03T20:58:04+00:00\",\"mainEntityOfPage\":{\"@id\":\"https:\/\/blogdobispo.com.br\/?p=3068\"},\"wordCount\":164,\"commentCount\":1,\"publisher\":{\"@id\":\"https:\/\/blogdobispo.com.br\/#organization\"},\"image\":{\"@id\":\"https:\/\/blogdobispo.com.br\/?p=3068#primaryimage\"},\"thumbnailUrl\":\"https:\/\/blogdobispo.com.br\/wp-content\/uploads\/2024\/04\/img_6583-1.jpg\",\"articleSection\":[\"diversos\"],\"inLanguage\":\"pt-BR\",\"potentialAction\":[{\"@type\":\"CommentAction\",\"name\":\"Comment\",\"target\":[\"https:\/\/blogdobispo.com.br\/?p=3068#respond\"]}]},{\"@type\":\"WebPage\",\"@id\":\"https:\/\/blogdobispo.com.br\/?p=3068\",\"url\":\"https:\/\/blogdobispo.com.br\/?p=3068\",\"name\":\"Vereador Herberth Sena disputar\u00e1 reelei\u00e7\u00e3o \u00e0 C\u00e2mara de Natal pelo PV - Blog do Bispo\",\"isPartOf\":{\"@id\":\"https:\/\/blogdobispo.com.br\/#website\"},\"primaryImageOfPage\":{\"@id\":\"https:\/\/blogdobispo.com.br\/?p=3068#primaryimage\"},\"image\":{\"@id\":\"https:\/\/blogdobispo.com.br\/?p=3068#primaryimage\"},\"thumbnailUrl\":\"https:\/\/blogdobispo.com.br\/wp-content\/uploads\/2024\/04\/img_6583-1.jpg\",\"datePublished\":\"2024-04-03T20:58:04+00:00\",\"breadcrumb\":{\"@id\":\"https:\/\/blogdobispo.com.br\/?p=3068#breadcrumb\"},\"inLanguage\":\"pt-BR\",\"potentialAction\":[{\"@type\":\"ReadAction\",\"target\":[\"https:\/\/blogdobispo.com.br\/?p=3068\"]}]},{\"@type\":\"ImageObject\",\"inLanguage\":\"pt-BR\",\"@id\":\"https:\/\/blogdobispo.com.br\/?p=3068#primaryimage\",\"url\":\"https:\/\/blogdobispo.com.br\/wp-content\/uploads\/2024\/04\/img_6583-1.jpg\",\"contentUrl\":\"https:\/\/blogdobispo.com.br\/wp-content\/uploads\/2024\/04\/img_6583-1.jpg\"},{\"@type\":\"BreadcrumbList\",\"@id\":\"https:\/\/blogdobispo.com.br\/?p=3068#breadcrumb\",\"itemListElement\":[{\"@type\":\"ListItem\",\"position\":1,\"name\":\"In\u00edcio\",\"item\":\"https:\/\/blogdobispo.com.br\/\"},{\"@type\":\"ListItem\",\"position\":2,\"name\":\"Vereador Herberth Sena disputar\u00e1 reelei\u00e7\u00e3o \u00e0 C\u00e2mara de Natal pelo PV\"}]},{\"@type\":\"WebSite\",\"@id\":\"https:\/\/blogdobispo.com.br\/#website\",\"url\":\"https:\/\/blogdobispo.com.br\/\",\"name\":\"Blog do Bispo\",\"description\":\"Comprometido apenas com o leitor\",\"publisher\":{\"@id\":\"https:\/\/blogdobispo.com.br\/#organization\"},\"potentialAction\":[{\"@type\":\"SearchAction\",\"target\":{\"@type\":\"EntryPoint\",\"urlTemplate\":\"https:\/\/blogdobispo.com.br\/?s={search_term_string}\"},\"query-input\":{\"@type\":\"PropertyValueSpecification\",\"valueRequired\":true,\"valueName\":\"search_term_string\"}}],\"inLanguage\":\"pt-BR\"},{\"@type\":\"Organization\",\"@id\":\"https:\/\/blogdobispo.com.br\/#organization\",\"name\":\"Blog do Bispo\",\"url\":\"https:\/\/blogdobispo.com.br\/\",\"logo\":{\"@type\":\"ImageObject\",\"inLanguage\":\"pt-BR\",\"@id\":\"https:\/\/blogdobispo.com.br\/#\/schema\/logo\/image\/\",\"url\":\"http:\/\/blogdobispo.com.br\/wp-content\/uploads\/2023\/05\/cropped-headear.png\",\"contentUrl\":\"http:\/\/blogdobispo.com.br\/wp-content\/uploads\/2023\/05\/cropped-headear.png\",\"width\":1500,\"height\":399,\"caption\":\"Blog do Bispo\"},\"image\":{\"@id\":\"https:\/\/blogdobispo.com.br\/#\/schema\/logo\/image\/\"}},{\"@type\":\"Person\",\"@id\":\"https:\/\/blogdobispo.com.br\/#\/schema\/person\/e2209cc0e6cea5c5233d033e997b373f\",\"name\":\"Jefferson Sterfeno\",\"image\":{\"@type\":\"ImageObject\",\"inLanguage\":\"pt-BR\",\"@id\":\"https:\/\/blogdobispo.com.br\/#\/schema\/person\/image\/\",\"url\":\"https:\/\/secure.gravatar.com\/avatar\/0534e84764641168a677026b6d57a3f51dc7ac4db0b4f6186d9cb330d4ee1160?s=96&d=mm&r=g\",\"contentUrl\":\"https:\/\/secure.gravatar.com\/avatar\/0534e84764641168a677026b6d57a3f51dc7ac4db0b4f6186d9cb330d4ee1160?s=96&d=mm&r=g\",\"caption\":\"Jefferson Sterfeno\"},\"sameAs\":[\"http:\/\/blogdobispo.com.br\"],\"url\":\"https:\/\/blogdobispo.com.br\/?author=1\"}]}<\/script>\n<!-- \/ Yoast SEO plugin. -->","yoast_head_json":{"title":"Vereador Herberth Sena disputar\u00e1 reelei\u00e7\u00e3o \u00e0 C\u00e2mara de Natal pelo PV - Blog do Bispo","robots":{"index":"index","follow":"follow","max-snippet":"max-snippet:-1","max-image-preview":"max-image-preview:large","max-video-preview":"max-video-preview:-1"},"canonical":"https:\/\/blogdobispo.com.br\/?p=3068","og_locale":"pt_BR","og_type":"article","og_title":"Vereador Herberth Sena disputar\u00e1 reelei\u00e7\u00e3o \u00e0 C\u00e2mara de Natal pelo PV - Blog do Bispo","og_description":"O vereador de Natal Herberth Sena acaba de anunciar sua filia\u00e7\u00e3o ao Partido Verde (PV).Herberth Sena assumiu seu primeiro mandato na C\u00e2mara Municipal de Natal em 2021, eleito pelo PL com 6.029 votos, sendo o mais votado da capital potiguar e entre todas as C\u00e2maras Municipais de todo o Rio Grande do Norte. Agora, o [&hellip;]","og_url":"https:\/\/blogdobispo.com.br\/?p=3068","og_site_name":"Blog do Bispo","article_published_time":"2024-04-03T20:58:04+00:00","og_image":[{"url":"https:\/\/blogdobispo.com.br\/wp-content\/uploads\/2024\/04\/img_6583-1.jpg","type":"","width":"","height":""}],"author":"Jefferson Sterfeno","twitter_card":"summary_large_image","twitter_misc":{"Escrito por":"Jefferson Sterfeno","Est. tempo de leitura":"1 minuto"},"schema":{"@context":"https:\/\/schema.org","@graph":[{"@type":"Article","@id":"https:\/\/blogdobispo.com.br\/?p=3068#article","isPartOf":{"@id":"https:\/\/blogdobispo.com.br\/?p=3068"},"author":{"name":"Jefferson Sterfeno","@id":"https:\/\/blogdobispo.com.br\/#\/schema\/person\/e2209cc0e6cea5c5233d033e997b373f"},"headline":"Vereador Herberth Sena disputar\u00e1 reelei\u00e7\u00e3o \u00e0 C\u00e2mara de Natal pelo PV","datePublished":"2024-04-03T20:58:04+00:00","mainEntityOfPage":{"@id":"https:\/\/blogdobispo.com.br\/?p=3068"},"wordCount":164,"commentCount":1,"publisher":{"@id":"https:\/\/blogdobispo.com.br\/#organization"},"image":{"@id":"https:\/\/blogdobispo.com.br\/?p=3068#primaryimage"},"thumbnailUrl":"https:\/\/blogdobispo.com.br\/wp-content\/uploads\/2024\/04\/img_6583-1.jpg","articleSection":["diversos"],"inLanguage":"pt-BR","potentialAction":[{"@type":"CommentAction","name":"Comment","target":["https:\/\/blogdobispo.com.br\/?p=3068#respond"]}]},{"@type":"WebPage","@id":"https:\/\/blogdobispo.com.br\/?p=3068","url":"https:\/\/blogdobispo.com.br\/?p=3068","name":"Vereador Herberth Sena disputar\u00e1 reelei\u00e7\u00e3o \u00e0 C\u00e2mara de Natal pelo PV - Blog do Bispo","isPartOf":{"@id":"https:\/\/blogdobispo.com.br\/#website"},"primaryImageOfPage":{"@id":"https:\/\/blogdobispo.com.br\/?p=3068#primaryimage"},"image":{"@id":"https:\/\/blogdobispo.com.br\/?p=3068#primaryimage"},"thumbnailUrl":"https:\/\/blogdobispo.com.br\/wp-content\/uploads\/2024\/04\/img_6583-1.jpg","datePublished":"2024-04-03T20:58:04+00:00","breadcrumb":{"@id":"https:\/\/blogdobispo.com.br\/?p=3068#breadcrumb"},"inLanguage":"pt-BR","potentialAction":[{"@type":"ReadAction","target":["https:\/\/blogdobispo.com.br\/?p=3068"]}]},{"@type":"ImageObject","inLanguage":"pt-BR","@id":"https:\/\/blogdobispo.com.br\/?p=3068#primaryimage","url":"https:\/\/blogdobispo.com.br\/wp-content\/uploads\/2024\/04\/img_6583-1.jpg","contentUrl":"https:\/\/blogdobispo.com.br\/wp-content\/uploads\/2024\/04\/img_6583-1.jpg"},{"@type":"BreadcrumbList","@id":"https:\/\/blogdobispo.com.br\/?p=3068#breadcrumb","itemListElement":[{"@type":"ListItem","position":1,"name":"In\u00edcio","item":"https:\/\/blogdobispo.com.br\/"},{"@type":"ListItem","position":2,"name":"Vereador Herberth Sena disputar\u00e1 reelei\u00e7\u00e3o \u00e0 C\u00e2mara de Natal pelo PV"}]},{"@type":"WebSite","@id":"https:\/\/blogdobispo.com.br\/#website","url":"https:\/\/blogdobispo.com.br\/","name":"Blog do Bispo","description":"Comprometido apenas com o leitor","publisher":{"@id":"https:\/\/blogdobispo.com.br\/#organization"},"potentialAction":[{"@type":"SearchAction","target":{"@type":"EntryPoint","urlTemplate":"https:\/\/blogdobispo.com.br\/?s={search_term_string}"},"query-input":{"@type":"PropertyValueSpecification","valueRequired":true,"valueName":"search_term_string"}}],"inLanguage":"pt-BR"},{"@type":"Organization","@id":"https:\/\/blogdobispo.com.br\/#organization","name":"Blog do Bispo","url":"https:\/\/blogdobispo.com.br\/","logo":{"@type":"ImageObject","inLanguage":"pt-BR","@id":"https:\/\/blogdobispo.com.br\/#\/schema\/logo\/image\/","url":"http:\/\/blogdobispo.com.br\/wp-content\/uploads\/2023\/05\/cropped-headear.png","contentUrl":"http:\/\/blogdobispo.com.br\/wp-content\/uploads\/2023\/05\/cropped-headear.png","width":1500,"height":399,"caption":"Blog do Bispo"},"image":{"@id":"https:\/\/blogdobispo.com.br\/#\/schema\/logo\/image\/"}},{"@type":"Person","@id":"https:\/\/blogdobispo.com.br\/#\/schema\/person\/e2209cc0e6cea5c5233d033e997b373f","name":"Jefferson Sterfeno","image":{"@type":"ImageObject","inLanguage":"pt-BR","@id":"https:\/\/blogdobispo.com.br\/#\/schema\/person\/image\/","url":"https:\/\/secure.gravatar.com\/avatar\/0534e84764641168a677026b6d57a3f51dc7ac4db0b4f6186d9cb330d4ee1160?s=96&d=mm&r=g","contentUrl":"https:\/\/secure.gravatar.com\/avatar\/0534e84764641168a677026b6d57a3f51dc7ac4db0b4f6186d9cb330d4ee1160?s=96&d=mm&r=g","caption":"Jefferson Sterfeno"},"sameAs":["http:\/\/blogdobispo.com.br"],"url":"https:\/\/blogdobispo.com.br\/?author=1"}]}},"featured_image_urls":{"full":"","thumbnail":"","medium":"","medium_large":"","large":"","1536x1536":"","2048x2048":""},"author_info":{"display_name":"Jefferson Sterfeno","author_link":"https:\/\/blogdobispo.com.br\/?author=1"},"category_info":"<a href=\"https:\/\/blogdobispo.com.br\/?cat=1\" rel=\"category\">diversos<\/a>","tag_info":"diversos","comment_count":"1","jetpack_featured_media_url":"","jetpack_sharing_enabled":true,"_links":{"self":[{"href":"https:\/\/blogdobispo.com.br\/index.php?rest_route=\/wp\/v2\/posts\/3068","targetHints":{"allow":["GET"]}}],"collection":[{"href":"https:\/\/blogdobispo.com.br\/index.php?rest_route=\/wp\/v2\/posts"}],"about":[{"href":"https:\/\/blogdobispo.com.br\/index.php?rest_route=\/wp\/v2\/types\/post"}],"author":[{"embeddable":true,"href":"https:\/\/blogdobispo.com.br\/index.php?rest_route=\/wp\/v2\/users\/1"}],"replies":[{"embeddable":true,"href":"https:\/\/blogdobispo.com.br\/index.php?rest_route=%2Fwp%2Fv2%2Fcomments&post=3068"}],"version-history":[{"count":0,"href":"https:\/\/blogdobispo.com.br\/index.php?rest_route=\/wp\/v2\/posts\/3068\/revisions"}],"wp:attachment":[{"href":"https:\/\/blogdobispo.com.br\/index.php?rest_route=%2Fwp%2Fv2%2Fmedia&parent=3068"}],"wp:term":[{"taxonomy":"category","embeddable":true,"href":"https:\/\/blogdobispo.com.br\/index.php?rest_route=%2Fwp%2Fv2%2Fcategories&post=3068"},{"taxonomy":"post_tag","embeddable":true,"href":"https:\/\/blogdobispo.com.br\/index.php?rest_route=%2Fwp%2Fv2%2Ftags&post=3068"}],"curies":[{"name":"wp","href":"https:\/\/api.w.org\/{rel}","templated":true}]}}