{"id":3050,"date":"2024-04-02T00:31:45","date_gmt":"2024-04-02T00:31:45","guid":{"rendered":"https:\/\/blogdobispo.com.br\/?p=3050"},"modified":"2024-04-02T00:31:45","modified_gmt":"2024-04-02T00:31:45","slug":"zona-norte-de-natal-recebe-o-despertar-do-poder-da-mulher-potiguar-evento-inspirador-acontecera-no-dia-6-de-abril","status":"publish","type":"post","link":"https:\/\/blogdobispo.com.br\/?p=3050","title":{"rendered":"Zona Norte de Natal Recebe &#8216;O Despertar do Poder da Mulher Potiguar&#8217;; Evento Inspirador acontecer\u00e1 no dia 6 de Abril"},"content":{"rendered":"\n<figure class=\"wp-block-image size-large\"><img data-recalc-dims=\"1\" fetchpriority=\"high\" decoding=\"async\" width=\"682\" height=\"1024\" src=\"https:\/\/i0.wp.com\/blogdobispo.com.br\/wp-content\/uploads\/2024\/04\/79dd391d-971b-4098-b694-37b8390ebaa1-1-682x1024.jpg?resize=682%2C1024&#038;ssl=1\" class=\"wp-image-3048\" srcset=\"https:\/\/i0.wp.com\/blogdobispo.com.br\/wp-content\/uploads\/2024\/04\/79dd391d-971b-4098-b694-37b8390ebaa1-1.jpg?resize=682%2C1024&amp;ssl=1 682w, https:\/\/i0.wp.com\/blogdobispo.com.br\/wp-content\/uploads\/2024\/04\/79dd391d-971b-4098-b694-37b8390ebaa1-1.jpg?resize=200%2C300&amp;ssl=1 200w, https:\/\/i0.wp.com\/blogdobispo.com.br\/wp-content\/uploads\/2024\/04\/79dd391d-971b-4098-b694-37b8390ebaa1-1.jpg?resize=768%2C1153&amp;ssl=1 768w, https:\/\/i0.wp.com\/blogdobispo.com.br\/wp-content\/uploads\/2024\/04\/79dd391d-971b-4098-b694-37b8390ebaa1-1.jpg?resize=1023%2C1536&amp;ssl=1 1023w, https:\/\/i0.wp.com\/blogdobispo.com.br\/wp-content\/uploads\/2024\/04\/79dd391d-971b-4098-b694-37b8390ebaa1-1.jpg?resize=1024%2C1537&amp;ssl=1 1024w, https:\/\/i0.wp.com\/blogdobispo.com.br\/wp-content\/uploads\/2024\/04\/79dd391d-971b-4098-b694-37b8390ebaa1-1.jpg?w=1066&amp;ssl=1 1066w\" sizes=\"(max-width: 682px) 100vw, 682px\" \/><\/figure>\n\n\n\n<p><\/p>\n\n\n\n<p>Na Zona Norte de Natal, surge uma fonte de esperan\u00e7a e empoderamento em meio aos desafios da pandemia. O Desperta Mulher Potiguar, concebido em 14 de mar\u00e7o de 2022 pela Empres\u00e1ria e Psic\u00f3loga Jarlene M\u00e1rika, visa suprir a necessidade de apoio e reconhecimento entre as mulheres potiguares.<\/p>\n\n\n\n<p>Este projeto pioneiro tem como objetivo principal capacitar mulheres empreendedoras, oferecendo uma rede de apoio, recursos, experi\u00eancias e oportunidades para impulsionar seu crescimento pessoal e profissional. O Desperta Mulher Potiguar busca ressaltar o potencial das mulheres da regi\u00e3o, que h\u00e1 muito tempo contribuem para o desenvolvimento da regi\u00e3o.<\/p>\n\n\n\n<p>Como parte desse movimento inspirador, o evento &#8220;O Despertar do Poder da Mulher Potiguar&#8221; ser\u00e1 realizado em 6 de abril de 2024, no espa\u00e7o Rios Recep\u00e7\u00f5es, Flores Sunset, na Zona Norte de Natal. Sob o tema cativante &#8220;O Despertar do Poder da Mulher Potiguar&#8221;, esta iniciativa promete ser uma jornada de aprendizado, networking e inspira\u00e7\u00e3o.<\/p>\n\n\n\n<p>Dentre os palestrantes, estar\u00e3o em destaque Lieda Amaral abordando Tributos para Empreendedoras, a Nutricionista Daniele Karine com estrat\u00e9gias nutricionais para combater o estresse, Gabriela Melo, Diretora Comercial e de Marketing da Matersol, oferecendo insights para melhorar a visibilidade de neg\u00f3cios online. O evento tamb\u00e9m contar\u00e1 com a presen\u00e7a de Jeane Oliveira, comunicadora e escritora, que trar\u00e1 sua palestra sobre &#8220;H\u00e1 vida ap\u00f3s os 50: como lidar com adversidades e se reinventar&#8221;.<\/p>\n\n\n\n<p>O evento conta com o apoio e patroc\u00ednio das marcas: Portinara, Ponto do Len\u00e7\u00f3is, Luart Papelaria, Cl\u00e9bia Oliveira Im\u00f3veis, New Way Center, A\u00e7a\u00ed da Ingrid e T\u00e1 Decorado.<\/p>\n\n\n\n<p>As participantes ter\u00e3o a oportunidade de conectar-se com outras empreendedoras, compartilhar experi\u00eancias e adquirir insights valiosos para impulsionar suas vidas e neg\u00f3cios. O evento oferecer\u00e1 um ambiente prop\u00edcio para o desenvolvimento de parcerias e colabora\u00e7\u00f5es.<\/p>\n\n\n\n<p>O ingresso para este evento imperd\u00edvel \u00e9 de R$ 77,00 (Setenta e sete reais), com op\u00e7\u00e3o de pagamento via PIX para uma inscri\u00e7\u00e3o r\u00e1pida e eficiente.<\/p>\n\n\n\n<p>Se voc\u00ea \u00e9 uma mulher empreendedora em busca de apoio, inspira\u00e7\u00e3o e oportunidades de crescimento, junte-se a n\u00f3s no evento &#8220;O Despertar do Poder da Mulher Potiguar&#8221;. Juntas, podemos construir uma comunidade forte e inspiradora, onde todas as mulheres potiguares empreendedoras possam prosperar e alcan\u00e7ar seu m\u00e1ximo potencial.<\/p>\n\n\n\n<p><em>Para mais informa\u00e7\u00f5es e inscri\u00e7\u00f5es, acesse:<\/em><br>https:\/\/www.instagram.com\/despertamulherpotiguar | @despertamulherpotiguar<\/p>\n","protected":false},"excerpt":{"rendered":"<p>Na Zona Norte de Natal, surge uma fonte de esperan\u00e7a e empoderamento em meio aos desafios da pandemia. O Desperta Mulher Potiguar, concebido em 14 de mar\u00e7o de 2022 pela Empres\u00e1ria e Psic\u00f3loga Jarlene M\u00e1rika, visa suprir a necessidade de apoio e reconhecimento entre as mulheres potiguares. Este projeto pioneiro tem como objetivo principal capacitar [&hellip;]<\/p>\n","protected":false},"author":1,"featured_media":0,"comment_status":"open","ping_status":"open","sticky":false,"template":"","format":"standard","meta":{"cybocfi_hide_featured_image":"","_jetpack_memberships_contains_paid_content":false,"footnotes":""},"categories":[1],"tags":[],"class_list":["post-3050","post","type-post","status-publish","format-standard","hentry","category-diversos"],"yoast_head":"<!-- This site is optimized with the Yoast SEO plugin v25.6 - https:\/\/yoast.com\/wordpress\/plugins\/seo\/ -->\n<title>Zona Norte de Natal Recebe &#039;O Despertar do Poder da Mulher Potiguar&#039;; Evento Inspirador acontecer\u00e1 no dia 6 de Abril - Blog do Bispo<\/title>\n<meta name=\"robots\" content=\"index, follow, max-snippet:-1, max-image-preview:large, max-video-preview:-1\" \/>\n<link rel=\"canonical\" href=\"https:\/\/blogdobispo.com.br\/?p=3050\" \/>\n<meta property=\"og:locale\" content=\"pt_BR\" \/>\n<meta property=\"og:type\" content=\"article\" \/>\n<meta property=\"og:title\" content=\"Zona Norte de Natal Recebe &#039;O Despertar do Poder da Mulher Potiguar&#039;; Evento Inspirador acontecer\u00e1 no dia 6 de Abril - Blog do Bispo\" \/>\n<meta property=\"og:description\" content=\"Na Zona Norte de Natal, surge uma fonte de esperan\u00e7a e empoderamento em meio aos desafios da pandemia. O Desperta Mulher Potiguar, concebido em 14 de mar\u00e7o de 2022 pela Empres\u00e1ria e Psic\u00f3loga Jarlene M\u00e1rika, visa suprir a necessidade de apoio e reconhecimento entre as mulheres potiguares. Este projeto pioneiro tem como objetivo principal capacitar [&hellip;]\" \/>\n<meta property=\"og:url\" content=\"https:\/\/blogdobispo.com.br\/?p=3050\" \/>\n<meta property=\"og:site_name\" content=\"Blog do Bispo\" \/>\n<meta property=\"article:published_time\" content=\"2024-04-02T00:31:45+00:00\" \/>\n<meta property=\"og:image\" content=\"https:\/\/blogdobispo.com.br\/wp-content\/uploads\/2024\/04\/79dd391d-971b-4098-b694-37b8390ebaa1-1-682x1024.jpg\" \/>\n<meta name=\"author\" content=\"Jefferson Sterfeno\" \/>\n<meta name=\"twitter:card\" content=\"summary_large_image\" \/>\n<meta name=\"twitter:label1\" content=\"Escrito por\" \/>\n\t<meta name=\"twitter:data1\" content=\"Jefferson Sterfeno\" \/>\n\t<meta name=\"twitter:label2\" content=\"Est. tempo de leitura\" \/>\n\t<meta name=\"twitter:data2\" content=\"2 minutos\" \/>\n<script type=\"application\/ld+json\" class=\"yoast-schema-graph\">{\"@context\":\"https:\/\/schema.org\",\"@graph\":[{\"@type\":\"Article\",\"@id\":\"https:\/\/blogdobispo.com.br\/?p=3050#article\",\"isPartOf\":{\"@id\":\"https:\/\/blogdobispo.com.br\/?p=3050\"},\"author\":{\"name\":\"Jefferson Sterfeno\",\"@id\":\"https:\/\/blogdobispo.com.br\/#\/schema\/person\/e2209cc0e6cea5c5233d033e997b373f\"},\"headline\":\"Zona Norte de Natal Recebe &#8216;O Despertar do Poder da Mulher Potiguar&#8217;; Evento Inspirador acontecer\u00e1 no dia 6 de Abril\",\"datePublished\":\"2024-04-02T00:31:45+00:00\",\"mainEntityOfPage\":{\"@id\":\"https:\/\/blogdobispo.com.br\/?p=3050\"},\"wordCount\":418,\"commentCount\":0,\"publisher\":{\"@id\":\"https:\/\/blogdobispo.com.br\/#organization\"},\"image\":{\"@id\":\"https:\/\/blogdobispo.com.br\/?p=3050#primaryimage\"},\"thumbnailUrl\":\"https:\/\/blogdobispo.com.br\/wp-content\/uploads\/2024\/04\/79dd391d-971b-4098-b694-37b8390ebaa1-1-682x1024.jpg\",\"articleSection\":[\"diversos\"],\"inLanguage\":\"pt-BR\",\"potentialAction\":[{\"@type\":\"CommentAction\",\"name\":\"Comment\",\"target\":[\"https:\/\/blogdobispo.com.br\/?p=3050#respond\"]}]},{\"@type\":\"WebPage\",\"@id\":\"https:\/\/blogdobispo.com.br\/?p=3050\",\"url\":\"https:\/\/blogdobispo.com.br\/?p=3050\",\"name\":\"Zona Norte de Natal Recebe 'O Despertar do Poder da Mulher Potiguar'; Evento Inspirador acontecer\u00e1 no dia 6 de Abril - Blog do Bispo\",\"isPartOf\":{\"@id\":\"https:\/\/blogdobispo.com.br\/#website\"},\"primaryImageOfPage\":{\"@id\":\"https:\/\/blogdobispo.com.br\/?p=3050#primaryimage\"},\"image\":{\"@id\":\"https:\/\/blogdobispo.com.br\/?p=3050#primaryimage\"},\"thumbnailUrl\":\"https:\/\/blogdobispo.com.br\/wp-content\/uploads\/2024\/04\/79dd391d-971b-4098-b694-37b8390ebaa1-1-682x1024.jpg\",\"datePublished\":\"2024-04-02T00:31:45+00:00\",\"breadcrumb\":{\"@id\":\"https:\/\/blogdobispo.com.br\/?p=3050#breadcrumb\"},\"inLanguage\":\"pt-BR\",\"potentialAction\":[{\"@type\":\"ReadAction\",\"target\":[\"https:\/\/blogdobispo.com.br\/?p=3050\"]}]},{\"@type\":\"ImageObject\",\"inLanguage\":\"pt-BR\",\"@id\":\"https:\/\/blogdobispo.com.br\/?p=3050#primaryimage\",\"url\":\"https:\/\/blogdobispo.com.br\/wp-content\/uploads\/2024\/04\/79dd391d-971b-4098-b694-37b8390ebaa1-1-682x1024.jpg\",\"contentUrl\":\"https:\/\/blogdobispo.com.br\/wp-content\/uploads\/2024\/04\/79dd391d-971b-4098-b694-37b8390ebaa1-1-682x1024.jpg\"},{\"@type\":\"BreadcrumbList\",\"@id\":\"https:\/\/blogdobispo.com.br\/?p=3050#breadcrumb\",\"itemListElement\":[{\"@type\":\"ListItem\",\"position\":1,\"name\":\"In\u00edcio\",\"item\":\"https:\/\/blogdobispo.com.br\/\"},{\"@type\":\"ListItem\",\"position\":2,\"name\":\"Zona Norte de Natal Recebe &#8216;O Despertar do Poder da Mulher Potiguar&#8217;; Evento Inspirador acontecer\u00e1 no dia 6 de Abril\"}]},{\"@type\":\"WebSite\",\"@id\":\"https:\/\/blogdobispo.com.br\/#website\",\"url\":\"https:\/\/blogdobispo.com.br\/\",\"name\":\"Blog do Bispo\",\"description\":\"Comprometido apenas com o leitor\",\"publisher\":{\"@id\":\"https:\/\/blogdobispo.com.br\/#organization\"},\"potentialAction\":[{\"@type\":\"SearchAction\",\"target\":{\"@type\":\"EntryPoint\",\"urlTemplate\":\"https:\/\/blogdobispo.com.br\/?s={search_term_string}\"},\"query-input\":{\"@type\":\"PropertyValueSpecification\",\"valueRequired\":true,\"valueName\":\"search_term_string\"}}],\"inLanguage\":\"pt-BR\"},{\"@type\":\"Organization\",\"@id\":\"https:\/\/blogdobispo.com.br\/#organization\",\"name\":\"Blog do Bispo\",\"url\":\"https:\/\/blogdobispo.com.br\/\",\"logo\":{\"@type\":\"ImageObject\",\"inLanguage\":\"pt-BR\",\"@id\":\"https:\/\/blogdobispo.com.br\/#\/schema\/logo\/image\/\",\"url\":\"http:\/\/blogdobispo.com.br\/wp-content\/uploads\/2023\/05\/cropped-headear.png\",\"contentUrl\":\"http:\/\/blogdobispo.com.br\/wp-content\/uploads\/2023\/05\/cropped-headear.png\",\"width\":1500,\"height\":399,\"caption\":\"Blog do Bispo\"},\"image\":{\"@id\":\"https:\/\/blogdobispo.com.br\/#\/schema\/logo\/image\/\"}},{\"@type\":\"Person\",\"@id\":\"https:\/\/blogdobispo.com.br\/#\/schema\/person\/e2209cc0e6cea5c5233d033e997b373f\",\"name\":\"Jefferson Sterfeno\",\"image\":{\"@type\":\"ImageObject\",\"inLanguage\":\"pt-BR\",\"@id\":\"https:\/\/blogdobispo.com.br\/#\/schema\/person\/image\/\",\"url\":\"https:\/\/secure.gravatar.com\/avatar\/0534e84764641168a677026b6d57a3f51dc7ac4db0b4f6186d9cb330d4ee1160?s=96&d=mm&r=g\",\"contentUrl\":\"https:\/\/secure.gravatar.com\/avatar\/0534e84764641168a677026b6d57a3f51dc7ac4db0b4f6186d9cb330d4ee1160?s=96&d=mm&r=g\",\"caption\":\"Jefferson Sterfeno\"},\"sameAs\":[\"http:\/\/blogdobispo.com.br\"],\"url\":\"https:\/\/blogdobispo.com.br\/?author=1\"}]}<\/script>\n<!-- \/ Yoast SEO plugin. -->","yoast_head_json":{"title":"Zona Norte de Natal Recebe 'O Despertar do Poder da Mulher Potiguar'; Evento Inspirador acontecer\u00e1 no dia 6 de Abril - Blog do Bispo","robots":{"index":"index","follow":"follow","max-snippet":"max-snippet:-1","max-image-preview":"max-image-preview:large","max-video-preview":"max-video-preview:-1"},"canonical":"https:\/\/blogdobispo.com.br\/?p=3050","og_locale":"pt_BR","og_type":"article","og_title":"Zona Norte de Natal Recebe 'O Despertar do Poder da Mulher Potiguar'; Evento Inspirador acontecer\u00e1 no dia 6 de Abril - Blog do Bispo","og_description":"Na Zona Norte de Natal, surge uma fonte de esperan\u00e7a e empoderamento em meio aos desafios da pandemia. O Desperta Mulher Potiguar, concebido em 14 de mar\u00e7o de 2022 pela Empres\u00e1ria e Psic\u00f3loga Jarlene M\u00e1rika, visa suprir a necessidade de apoio e reconhecimento entre as mulheres potiguares. Este projeto pioneiro tem como objetivo principal capacitar [&hellip;]","og_url":"https:\/\/blogdobispo.com.br\/?p=3050","og_site_name":"Blog do Bispo","article_published_time":"2024-04-02T00:31:45+00:00","og_image":[{"url":"https:\/\/blogdobispo.com.br\/wp-content\/uploads\/2024\/04\/79dd391d-971b-4098-b694-37b8390ebaa1-1-682x1024.jpg","type":"","width":"","height":""}],"author":"Jefferson Sterfeno","twitter_card":"summary_large_image","twitter_misc":{"Escrito por":"Jefferson Sterfeno","Est. tempo de leitura":"2 minutos"},"schema":{"@context":"https:\/\/schema.org","@graph":[{"@type":"Article","@id":"https:\/\/blogdobispo.com.br\/?p=3050#article","isPartOf":{"@id":"https:\/\/blogdobispo.com.br\/?p=3050"},"author":{"name":"Jefferson Sterfeno","@id":"https:\/\/blogdobispo.com.br\/#\/schema\/person\/e2209cc0e6cea5c5233d033e997b373f"},"headline":"Zona Norte de Natal Recebe &#8216;O Despertar do Poder da Mulher Potiguar&#8217;; Evento Inspirador acontecer\u00e1 no dia 6 de Abril","datePublished":"2024-04-02T00:31:45+00:00","mainEntityOfPage":{"@id":"https:\/\/blogdobispo.com.br\/?p=3050"},"wordCount":418,"commentCount":0,"publisher":{"@id":"https:\/\/blogdobispo.com.br\/#organization"},"image":{"@id":"https:\/\/blogdobispo.com.br\/?p=3050#primaryimage"},"thumbnailUrl":"https:\/\/blogdobispo.com.br\/wp-content\/uploads\/2024\/04\/79dd391d-971b-4098-b694-37b8390ebaa1-1-682x1024.jpg","articleSection":["diversos"],"inLanguage":"pt-BR","potentialAction":[{"@type":"CommentAction","name":"Comment","target":["https:\/\/blogdobispo.com.br\/?p=3050#respond"]}]},{"@type":"WebPage","@id":"https:\/\/blogdobispo.com.br\/?p=3050","url":"https:\/\/blogdobispo.com.br\/?p=3050","name":"Zona Norte de Natal Recebe 'O Despertar do Poder da Mulher Potiguar'; Evento Inspirador acontecer\u00e1 no dia 6 de Abril - Blog do Bispo","isPartOf":{"@id":"https:\/\/blogdobispo.com.br\/#website"},"primaryImageOfPage":{"@id":"https:\/\/blogdobispo.com.br\/?p=3050#primaryimage"},"image":{"@id":"https:\/\/blogdobispo.com.br\/?p=3050#primaryimage"},"thumbnailUrl":"https:\/\/blogdobispo.com.br\/wp-content\/uploads\/2024\/04\/79dd391d-971b-4098-b694-37b8390ebaa1-1-682x1024.jpg","datePublished":"2024-04-02T00:31:45+00:00","breadcrumb":{"@id":"https:\/\/blogdobispo.com.br\/?p=3050#breadcrumb"},"inLanguage":"pt-BR","potentialAction":[{"@type":"ReadAction","target":["https:\/\/blogdobispo.com.br\/?p=3050"]}]},{"@type":"ImageObject","inLanguage":"pt-BR","@id":"https:\/\/blogdobispo.com.br\/?p=3050#primaryimage","url":"https:\/\/blogdobispo.com.br\/wp-content\/uploads\/2024\/04\/79dd391d-971b-4098-b694-37b8390ebaa1-1-682x1024.jpg","contentUrl":"https:\/\/blogdobispo.com.br\/wp-content\/uploads\/2024\/04\/79dd391d-971b-4098-b694-37b8390ebaa1-1-682x1024.jpg"},{"@type":"BreadcrumbList","@id":"https:\/\/blogdobispo.com.br\/?p=3050#breadcrumb","itemListElement":[{"@type":"ListItem","position":1,"name":"In\u00edcio","item":"https:\/\/blogdobispo.com.br\/"},{"@type":"ListItem","position":2,"name":"Zona Norte de Natal Recebe &#8216;O Despertar do Poder da Mulher Potiguar&#8217;; Evento Inspirador acontecer\u00e1 no dia 6 de Abril"}]},{"@type":"WebSite","@id":"https:\/\/blogdobispo.com.br\/#website","url":"https:\/\/blogdobispo.com.br\/","name":"Blog do Bispo","description":"Comprometido apenas com o leitor","publisher":{"@id":"https:\/\/blogdobispo.com.br\/#organization"},"potentialAction":[{"@type":"SearchAction","target":{"@type":"EntryPoint","urlTemplate":"https:\/\/blogdobispo.com.br\/?s={search_term_string}"},"query-input":{"@type":"PropertyValueSpecification","valueRequired":true,"valueName":"search_term_string"}}],"inLanguage":"pt-BR"},{"@type":"Organization","@id":"https:\/\/blogdobispo.com.br\/#organization","name":"Blog do Bispo","url":"https:\/\/blogdobispo.com.br\/","logo":{"@type":"ImageObject","inLanguage":"pt-BR","@id":"https:\/\/blogdobispo.com.br\/#\/schema\/logo\/image\/","url":"http:\/\/blogdobispo.com.br\/wp-content\/uploads\/2023\/05\/cropped-headear.png","contentUrl":"http:\/\/blogdobispo.com.br\/wp-content\/uploads\/2023\/05\/cropped-headear.png","width":1500,"height":399,"caption":"Blog do Bispo"},"image":{"@id":"https:\/\/blogdobispo.com.br\/#\/schema\/logo\/image\/"}},{"@type":"Person","@id":"https:\/\/blogdobispo.com.br\/#\/schema\/person\/e2209cc0e6cea5c5233d033e997b373f","name":"Jefferson Sterfeno","image":{"@type":"ImageObject","inLanguage":"pt-BR","@id":"https:\/\/blogdobispo.com.br\/#\/schema\/person\/image\/","url":"https:\/\/secure.gravatar.com\/avatar\/0534e84764641168a677026b6d57a3f51dc7ac4db0b4f6186d9cb330d4ee1160?s=96&d=mm&r=g","contentUrl":"https:\/\/secure.gravatar.com\/avatar\/0534e84764641168a677026b6d57a3f51dc7ac4db0b4f6186d9cb330d4ee1160?s=96&d=mm&r=g","caption":"Jefferson Sterfeno"},"sameAs":["http:\/\/blogdobispo.com.br"],"url":"https:\/\/blogdobispo.com.br\/?author=1"}]}},"featured_image_urls":{"full":"","thumbnail":"","medium":"","medium_large":"","large":"","1536x1536":"","2048x2048":""},"author_info":{"display_name":"Jefferson Sterfeno","author_link":"https:\/\/blogdobispo.com.br\/?author=1"},"category_info":"<a href=\"https:\/\/blogdobispo.com.br\/?cat=1\" rel=\"category\">diversos<\/a>","tag_info":"diversos","comment_count":"0","jetpack_featured_media_url":"","jetpack_sharing_enabled":true,"_links":{"self":[{"href":"https:\/\/blogdobispo.com.br\/index.php?rest_route=\/wp\/v2\/posts\/3050","targetHints":{"allow":["GET"]}}],"collection":[{"href":"https:\/\/blogdobispo.com.br\/index.php?rest_route=\/wp\/v2\/posts"}],"about":[{"href":"https:\/\/blogdobispo.com.br\/index.php?rest_route=\/wp\/v2\/types\/post"}],"author":[{"embeddable":true,"href":"https:\/\/blogdobispo.com.br\/index.php?rest_route=\/wp\/v2\/users\/1"}],"replies":[{"embeddable":true,"href":"https:\/\/blogdobispo.com.br\/index.php?rest_route=%2Fwp%2Fv2%2Fcomments&post=3050"}],"version-history":[{"count":0,"href":"https:\/\/blogdobispo.com.br\/index.php?rest_route=\/wp\/v2\/posts\/3050\/revisions"}],"wp:attachment":[{"href":"https:\/\/blogdobispo.com.br\/index.php?rest_route=%2Fwp%2Fv2%2Fmedia&parent=3050"}],"wp:term":[{"taxonomy":"category","embeddable":true,"href":"https:\/\/blogdobispo.com.br\/index.php?rest_route=%2Fwp%2Fv2%2Fcategories&post=3050"},{"taxonomy":"post_tag","embeddable":true,"href":"https:\/\/blogdobispo.com.br\/index.php?rest_route=%2Fwp%2Fv2%2Ftags&post=3050"}],"curies":[{"name":"wp","href":"https:\/\/api.w.org\/{rel}","templated":true}]}}