{"id":3035,"date":"2024-04-01T18:27:39","date_gmt":"2024-04-01T18:27:39","guid":{"rendered":"https:\/\/blogdobispo.com.br\/?p=3035"},"modified":"2024-04-01T18:27:39","modified_gmt":"2024-04-01T18:27:39","slug":"trincando-a-base-de-taveira-vereador-binho-de-ambrosio-e-ana-michele-assinam-ficha-do-psd-de-parnamirim","status":"publish","type":"post","link":"https:\/\/blogdobispo.com.br\/?p=3035","title":{"rendered":"TRINCANDO A BASE DE TAVEIRA: Vereador Binho de Ambr\u00f3sio e Ana Michele assinam ficha do PSD de Parnamirim"},"content":{"rendered":"\n<figure class=\"wp-block-image size-large\"><img data-recalc-dims=\"1\" fetchpriority=\"high\" decoding=\"async\" width=\"800\" height=\"728\" src=\"https:\/\/i0.wp.com\/blogdobispo.com.br\/wp-content\/uploads\/2024\/04\/e16fc9c7-ab88-4a27-b686-82a4a495018d-1-1024x932.jpg?resize=800%2C728&#038;ssl=1\" class=\"wp-image-3034\" srcset=\"https:\/\/i0.wp.com\/blogdobispo.com.br\/wp-content\/uploads\/2024\/04\/e16fc9c7-ab88-4a27-b686-82a4a495018d-1.jpg?resize=1024%2C932&amp;ssl=1 1024w, https:\/\/i0.wp.com\/blogdobispo.com.br\/wp-content\/uploads\/2024\/04\/e16fc9c7-ab88-4a27-b686-82a4a495018d-1.jpg?resize=300%2C273&amp;ssl=1 300w, https:\/\/i0.wp.com\/blogdobispo.com.br\/wp-content\/uploads\/2024\/04\/e16fc9c7-ab88-4a27-b686-82a4a495018d-1.jpg?resize=768%2C699&amp;ssl=1 768w, https:\/\/i0.wp.com\/blogdobispo.com.br\/wp-content\/uploads\/2024\/04\/e16fc9c7-ab88-4a27-b686-82a4a495018d-1.jpg?resize=1536%2C1399&amp;ssl=1 1536w, https:\/\/i0.wp.com\/blogdobispo.com.br\/wp-content\/uploads\/2024\/04\/e16fc9c7-ab88-4a27-b686-82a4a495018d-1.jpg?w=2000&amp;ssl=1 2000w, https:\/\/i0.wp.com\/blogdobispo.com.br\/wp-content\/uploads\/2024\/04\/e16fc9c7-ab88-4a27-b686-82a4a495018d-1.jpg?w=1600 1600w\" sizes=\"(max-width: 800px) 100vw, 800px\" \/><\/figure>\n\n\n\n<p><\/p>\n\n\n\n<p>Na manh\u00e3 e tarde desta segunda-feira (1\u00ba), o vereador Binho de Ambr\u00f3sio e a ex-vereadora e ex-diretora-geral da Maternidade, Ana Michele, assinaram a ficha de filia\u00e7\u00e3o partid\u00e1ria ao Partido Social Democr\u00e1tico (PSD) de Parnamirim. A base pol\u00edtica do prefeito Taveira, est\u00e1 trincando nos \u00faltimos dias.<\/p>\n\n\n\n<p>\u201cEstou muito feliz por essa oportunidade, n\u00f3s temos muito a contribuir para a cidade de Parnamirim. \u00c9 uma grande alegria abra\u00e7ar esse projeto, vamos em dire\u00e7\u00e3o \u00e0 vit\u00f3ria\u201d, disse o vereador Binho de Ambr\u00f3sio.<\/p>\n\n\n\n<p>A vinda do vereador Binho e de Ana Michele ir\u00e1 fortalecer a nominata do PSD e o grupo de oposi\u00e7\u00e3o em apoio \u00e0 pr\u00e9-candidatura da professora Nilda \u00e0 prefeitura de Parnamirim. A ficha foi abonada pelo presidente municipal, Ronildo Barros e pela senadora Zenaide Maia, presidente estadual do PSD no RN.<\/p>\n\n\n\n<p>\u201cHoje, o PSD recebe de bra\u00e7os abertos o vereador Binho de Ambr\u00f3sio, um dos vereadores que mais se destaca na cidade de Parnamirim, e com isso, consequentemente, impulsiona a campanha de nossa futura prefeita Nilda\u201d, comentou o presidente municipal do partido, Ronildo Barros.<\/p>\n","protected":false},"excerpt":{"rendered":"<p>Na manh\u00e3 e tarde desta segunda-feira (1\u00ba), o vereador Binho de Ambr\u00f3sio e a ex-vereadora e ex-diretora-geral da Maternidade, Ana Michele, assinaram a ficha de filia\u00e7\u00e3o partid\u00e1ria ao Partido Social Democr\u00e1tico (PSD) de Parnamirim. A base pol\u00edtica do prefeito Taveira, est\u00e1 trincando nos \u00faltimos dias. \u201cEstou muito feliz por essa oportunidade, n\u00f3s temos muito a [&hellip;]<\/p>\n","protected":false},"author":1,"featured_media":0,"comment_status":"open","ping_status":"open","sticky":false,"template":"","format":"standard","meta":{"cybocfi_hide_featured_image":"","_jetpack_memberships_contains_paid_content":false,"footnotes":""},"categories":[1],"tags":[],"class_list":["post-3035","post","type-post","status-publish","format-standard","hentry","category-diversos"],"yoast_head":"<!-- This site is optimized with the Yoast SEO plugin v25.6 - https:\/\/yoast.com\/wordpress\/plugins\/seo\/ -->\n<title>TRINCANDO A BASE DE TAVEIRA: Vereador Binho de Ambr\u00f3sio e Ana Michele assinam ficha do PSD de Parnamirim - Blog do Bispo<\/title>\n<meta name=\"robots\" content=\"index, follow, max-snippet:-1, max-image-preview:large, max-video-preview:-1\" \/>\n<link rel=\"canonical\" href=\"https:\/\/blogdobispo.com.br\/?p=3035\" \/>\n<meta property=\"og:locale\" content=\"pt_BR\" \/>\n<meta property=\"og:type\" content=\"article\" \/>\n<meta property=\"og:title\" content=\"TRINCANDO A BASE DE TAVEIRA: Vereador Binho de Ambr\u00f3sio e Ana Michele assinam ficha do PSD de Parnamirim - Blog do Bispo\" \/>\n<meta property=\"og:description\" content=\"Na manh\u00e3 e tarde desta segunda-feira (1\u00ba), o vereador Binho de Ambr\u00f3sio e a ex-vereadora e ex-diretora-geral da Maternidade, Ana Michele, assinaram a ficha de filia\u00e7\u00e3o partid\u00e1ria ao Partido Social Democr\u00e1tico (PSD) de Parnamirim. A base pol\u00edtica do prefeito Taveira, est\u00e1 trincando nos \u00faltimos dias. \u201cEstou muito feliz por essa oportunidade, n\u00f3s temos muito a [&hellip;]\" \/>\n<meta property=\"og:url\" content=\"https:\/\/blogdobispo.com.br\/?p=3035\" \/>\n<meta property=\"og:site_name\" content=\"Blog do Bispo\" \/>\n<meta property=\"article:published_time\" content=\"2024-04-01T18:27:39+00:00\" \/>\n<meta property=\"og:image\" content=\"https:\/\/blogdobispo.com.br\/wp-content\/uploads\/2024\/04\/e16fc9c7-ab88-4a27-b686-82a4a495018d-1-1024x932.jpg\" \/>\n<meta name=\"author\" content=\"Jefferson Sterfeno\" \/>\n<meta name=\"twitter:card\" content=\"summary_large_image\" \/>\n<meta name=\"twitter:label1\" content=\"Escrito por\" \/>\n\t<meta name=\"twitter:data1\" content=\"Jefferson Sterfeno\" \/>\n\t<meta name=\"twitter:label2\" content=\"Est. tempo de leitura\" \/>\n\t<meta name=\"twitter:data2\" content=\"1 minuto\" \/>\n<script type=\"application\/ld+json\" class=\"yoast-schema-graph\">{\"@context\":\"https:\/\/schema.org\",\"@graph\":[{\"@type\":\"Article\",\"@id\":\"https:\/\/blogdobispo.com.br\/?p=3035#article\",\"isPartOf\":{\"@id\":\"https:\/\/blogdobispo.com.br\/?p=3035\"},\"author\":{\"name\":\"Jefferson Sterfeno\",\"@id\":\"https:\/\/blogdobispo.com.br\/#\/schema\/person\/e2209cc0e6cea5c5233d033e997b373f\"},\"headline\":\"TRINCANDO A BASE DE TAVEIRA: Vereador Binho de Ambr\u00f3sio e Ana Michele assinam ficha do PSD de Parnamirim\",\"datePublished\":\"2024-04-01T18:27:39+00:00\",\"mainEntityOfPage\":{\"@id\":\"https:\/\/blogdobispo.com.br\/?p=3035\"},\"wordCount\":201,\"commentCount\":0,\"publisher\":{\"@id\":\"https:\/\/blogdobispo.com.br\/#organization\"},\"image\":{\"@id\":\"https:\/\/blogdobispo.com.br\/?p=3035#primaryimage\"},\"thumbnailUrl\":\"https:\/\/blogdobispo.com.br\/wp-content\/uploads\/2024\/04\/e16fc9c7-ab88-4a27-b686-82a4a495018d-1-1024x932.jpg\",\"articleSection\":[\"diversos\"],\"inLanguage\":\"pt-BR\",\"potentialAction\":[{\"@type\":\"CommentAction\",\"name\":\"Comment\",\"target\":[\"https:\/\/blogdobispo.com.br\/?p=3035#respond\"]}]},{\"@type\":\"WebPage\",\"@id\":\"https:\/\/blogdobispo.com.br\/?p=3035\",\"url\":\"https:\/\/blogdobispo.com.br\/?p=3035\",\"name\":\"TRINCANDO A BASE DE TAVEIRA: Vereador Binho de Ambr\u00f3sio e Ana Michele assinam ficha do PSD de Parnamirim - Blog do Bispo\",\"isPartOf\":{\"@id\":\"https:\/\/blogdobispo.com.br\/#website\"},\"primaryImageOfPage\":{\"@id\":\"https:\/\/blogdobispo.com.br\/?p=3035#primaryimage\"},\"image\":{\"@id\":\"https:\/\/blogdobispo.com.br\/?p=3035#primaryimage\"},\"thumbnailUrl\":\"https:\/\/blogdobispo.com.br\/wp-content\/uploads\/2024\/04\/e16fc9c7-ab88-4a27-b686-82a4a495018d-1-1024x932.jpg\",\"datePublished\":\"2024-04-01T18:27:39+00:00\",\"breadcrumb\":{\"@id\":\"https:\/\/blogdobispo.com.br\/?p=3035#breadcrumb\"},\"inLanguage\":\"pt-BR\",\"potentialAction\":[{\"@type\":\"ReadAction\",\"target\":[\"https:\/\/blogdobispo.com.br\/?p=3035\"]}]},{\"@type\":\"ImageObject\",\"inLanguage\":\"pt-BR\",\"@id\":\"https:\/\/blogdobispo.com.br\/?p=3035#primaryimage\",\"url\":\"https:\/\/blogdobispo.com.br\/wp-content\/uploads\/2024\/04\/e16fc9c7-ab88-4a27-b686-82a4a495018d-1-1024x932.jpg\",\"contentUrl\":\"https:\/\/blogdobispo.com.br\/wp-content\/uploads\/2024\/04\/e16fc9c7-ab88-4a27-b686-82a4a495018d-1-1024x932.jpg\"},{\"@type\":\"BreadcrumbList\",\"@id\":\"https:\/\/blogdobispo.com.br\/?p=3035#breadcrumb\",\"itemListElement\":[{\"@type\":\"ListItem\",\"position\":1,\"name\":\"In\u00edcio\",\"item\":\"https:\/\/blogdobispo.com.br\/\"},{\"@type\":\"ListItem\",\"position\":2,\"name\":\"TRINCANDO A BASE DE TAVEIRA: Vereador Binho de Ambr\u00f3sio e Ana Michele assinam ficha do PSD de Parnamirim\"}]},{\"@type\":\"WebSite\",\"@id\":\"https:\/\/blogdobispo.com.br\/#website\",\"url\":\"https:\/\/blogdobispo.com.br\/\",\"name\":\"Blog do Bispo\",\"description\":\"Comprometido apenas com o leitor\",\"publisher\":{\"@id\":\"https:\/\/blogdobispo.com.br\/#organization\"},\"potentialAction\":[{\"@type\":\"SearchAction\",\"target\":{\"@type\":\"EntryPoint\",\"urlTemplate\":\"https:\/\/blogdobispo.com.br\/?s={search_term_string}\"},\"query-input\":{\"@type\":\"PropertyValueSpecification\",\"valueRequired\":true,\"valueName\":\"search_term_string\"}}],\"inLanguage\":\"pt-BR\"},{\"@type\":\"Organization\",\"@id\":\"https:\/\/blogdobispo.com.br\/#organization\",\"name\":\"Blog do Bispo\",\"url\":\"https:\/\/blogdobispo.com.br\/\",\"logo\":{\"@type\":\"ImageObject\",\"inLanguage\":\"pt-BR\",\"@id\":\"https:\/\/blogdobispo.com.br\/#\/schema\/logo\/image\/\",\"url\":\"http:\/\/blogdobispo.com.br\/wp-content\/uploads\/2023\/05\/cropped-headear.png\",\"contentUrl\":\"http:\/\/blogdobispo.com.br\/wp-content\/uploads\/2023\/05\/cropped-headear.png\",\"width\":1500,\"height\":399,\"caption\":\"Blog do Bispo\"},\"image\":{\"@id\":\"https:\/\/blogdobispo.com.br\/#\/schema\/logo\/image\/\"}},{\"@type\":\"Person\",\"@id\":\"https:\/\/blogdobispo.com.br\/#\/schema\/person\/e2209cc0e6cea5c5233d033e997b373f\",\"name\":\"Jefferson Sterfeno\",\"image\":{\"@type\":\"ImageObject\",\"inLanguage\":\"pt-BR\",\"@id\":\"https:\/\/blogdobispo.com.br\/#\/schema\/person\/image\/\",\"url\":\"https:\/\/secure.gravatar.com\/avatar\/0534e84764641168a677026b6d57a3f51dc7ac4db0b4f6186d9cb330d4ee1160?s=96&d=mm&r=g\",\"contentUrl\":\"https:\/\/secure.gravatar.com\/avatar\/0534e84764641168a677026b6d57a3f51dc7ac4db0b4f6186d9cb330d4ee1160?s=96&d=mm&r=g\",\"caption\":\"Jefferson Sterfeno\"},\"sameAs\":[\"http:\/\/blogdobispo.com.br\"],\"url\":\"https:\/\/blogdobispo.com.br\/?author=1\"}]}<\/script>\n<!-- \/ Yoast SEO plugin. -->","yoast_head_json":{"title":"TRINCANDO A BASE DE TAVEIRA: Vereador Binho de Ambr\u00f3sio e Ana Michele assinam ficha do PSD de Parnamirim - Blog do Bispo","robots":{"index":"index","follow":"follow","max-snippet":"max-snippet:-1","max-image-preview":"max-image-preview:large","max-video-preview":"max-video-preview:-1"},"canonical":"https:\/\/blogdobispo.com.br\/?p=3035","og_locale":"pt_BR","og_type":"article","og_title":"TRINCANDO A BASE DE TAVEIRA: Vereador Binho de Ambr\u00f3sio e Ana Michele assinam ficha do PSD de Parnamirim - Blog do Bispo","og_description":"Na manh\u00e3 e tarde desta segunda-feira (1\u00ba), o vereador Binho de Ambr\u00f3sio e a ex-vereadora e ex-diretora-geral da Maternidade, Ana Michele, assinaram a ficha de filia\u00e7\u00e3o partid\u00e1ria ao Partido Social Democr\u00e1tico (PSD) de Parnamirim. A base pol\u00edtica do prefeito Taveira, est\u00e1 trincando nos \u00faltimos dias. \u201cEstou muito feliz por essa oportunidade, n\u00f3s temos muito a [&hellip;]","og_url":"https:\/\/blogdobispo.com.br\/?p=3035","og_site_name":"Blog do Bispo","article_published_time":"2024-04-01T18:27:39+00:00","og_image":[{"url":"https:\/\/blogdobispo.com.br\/wp-content\/uploads\/2024\/04\/e16fc9c7-ab88-4a27-b686-82a4a495018d-1-1024x932.jpg","type":"","width":"","height":""}],"author":"Jefferson Sterfeno","twitter_card":"summary_large_image","twitter_misc":{"Escrito por":"Jefferson Sterfeno","Est. tempo de leitura":"1 minuto"},"schema":{"@context":"https:\/\/schema.org","@graph":[{"@type":"Article","@id":"https:\/\/blogdobispo.com.br\/?p=3035#article","isPartOf":{"@id":"https:\/\/blogdobispo.com.br\/?p=3035"},"author":{"name":"Jefferson Sterfeno","@id":"https:\/\/blogdobispo.com.br\/#\/schema\/person\/e2209cc0e6cea5c5233d033e997b373f"},"headline":"TRINCANDO A BASE DE TAVEIRA: Vereador Binho de Ambr\u00f3sio e Ana Michele assinam ficha do PSD de Parnamirim","datePublished":"2024-04-01T18:27:39+00:00","mainEntityOfPage":{"@id":"https:\/\/blogdobispo.com.br\/?p=3035"},"wordCount":201,"commentCount":0,"publisher":{"@id":"https:\/\/blogdobispo.com.br\/#organization"},"image":{"@id":"https:\/\/blogdobispo.com.br\/?p=3035#primaryimage"},"thumbnailUrl":"https:\/\/blogdobispo.com.br\/wp-content\/uploads\/2024\/04\/e16fc9c7-ab88-4a27-b686-82a4a495018d-1-1024x932.jpg","articleSection":["diversos"],"inLanguage":"pt-BR","potentialAction":[{"@type":"CommentAction","name":"Comment","target":["https:\/\/blogdobispo.com.br\/?p=3035#respond"]}]},{"@type":"WebPage","@id":"https:\/\/blogdobispo.com.br\/?p=3035","url":"https:\/\/blogdobispo.com.br\/?p=3035","name":"TRINCANDO A BASE DE TAVEIRA: Vereador Binho de Ambr\u00f3sio e Ana Michele assinam ficha do PSD de Parnamirim - Blog do Bispo","isPartOf":{"@id":"https:\/\/blogdobispo.com.br\/#website"},"primaryImageOfPage":{"@id":"https:\/\/blogdobispo.com.br\/?p=3035#primaryimage"},"image":{"@id":"https:\/\/blogdobispo.com.br\/?p=3035#primaryimage"},"thumbnailUrl":"https:\/\/blogdobispo.com.br\/wp-content\/uploads\/2024\/04\/e16fc9c7-ab88-4a27-b686-82a4a495018d-1-1024x932.jpg","datePublished":"2024-04-01T18:27:39+00:00","breadcrumb":{"@id":"https:\/\/blogdobispo.com.br\/?p=3035#breadcrumb"},"inLanguage":"pt-BR","potentialAction":[{"@type":"ReadAction","target":["https:\/\/blogdobispo.com.br\/?p=3035"]}]},{"@type":"ImageObject","inLanguage":"pt-BR","@id":"https:\/\/blogdobispo.com.br\/?p=3035#primaryimage","url":"https:\/\/blogdobispo.com.br\/wp-content\/uploads\/2024\/04\/e16fc9c7-ab88-4a27-b686-82a4a495018d-1-1024x932.jpg","contentUrl":"https:\/\/blogdobispo.com.br\/wp-content\/uploads\/2024\/04\/e16fc9c7-ab88-4a27-b686-82a4a495018d-1-1024x932.jpg"},{"@type":"BreadcrumbList","@id":"https:\/\/blogdobispo.com.br\/?p=3035#breadcrumb","itemListElement":[{"@type":"ListItem","position":1,"name":"In\u00edcio","item":"https:\/\/blogdobispo.com.br\/"},{"@type":"ListItem","position":2,"name":"TRINCANDO A BASE DE TAVEIRA: Vereador Binho de Ambr\u00f3sio e Ana Michele assinam ficha do PSD de Parnamirim"}]},{"@type":"WebSite","@id":"https:\/\/blogdobispo.com.br\/#website","url":"https:\/\/blogdobispo.com.br\/","name":"Blog do Bispo","description":"Comprometido apenas com o leitor","publisher":{"@id":"https:\/\/blogdobispo.com.br\/#organization"},"potentialAction":[{"@type":"SearchAction","target":{"@type":"EntryPoint","urlTemplate":"https:\/\/blogdobispo.com.br\/?s={search_term_string}"},"query-input":{"@type":"PropertyValueSpecification","valueRequired":true,"valueName":"search_term_string"}}],"inLanguage":"pt-BR"},{"@type":"Organization","@id":"https:\/\/blogdobispo.com.br\/#organization","name":"Blog do Bispo","url":"https:\/\/blogdobispo.com.br\/","logo":{"@type":"ImageObject","inLanguage":"pt-BR","@id":"https:\/\/blogdobispo.com.br\/#\/schema\/logo\/image\/","url":"http:\/\/blogdobispo.com.br\/wp-content\/uploads\/2023\/05\/cropped-headear.png","contentUrl":"http:\/\/blogdobispo.com.br\/wp-content\/uploads\/2023\/05\/cropped-headear.png","width":1500,"height":399,"caption":"Blog do Bispo"},"image":{"@id":"https:\/\/blogdobispo.com.br\/#\/schema\/logo\/image\/"}},{"@type":"Person","@id":"https:\/\/blogdobispo.com.br\/#\/schema\/person\/e2209cc0e6cea5c5233d033e997b373f","name":"Jefferson Sterfeno","image":{"@type":"ImageObject","inLanguage":"pt-BR","@id":"https:\/\/blogdobispo.com.br\/#\/schema\/person\/image\/","url":"https:\/\/secure.gravatar.com\/avatar\/0534e84764641168a677026b6d57a3f51dc7ac4db0b4f6186d9cb330d4ee1160?s=96&d=mm&r=g","contentUrl":"https:\/\/secure.gravatar.com\/avatar\/0534e84764641168a677026b6d57a3f51dc7ac4db0b4f6186d9cb330d4ee1160?s=96&d=mm&r=g","caption":"Jefferson Sterfeno"},"sameAs":["http:\/\/blogdobispo.com.br"],"url":"https:\/\/blogdobispo.com.br\/?author=1"}]}},"featured_image_urls":{"full":"","thumbnail":"","medium":"","medium_large":"","large":"","1536x1536":"","2048x2048":""},"author_info":{"display_name":"Jefferson Sterfeno","author_link":"https:\/\/blogdobispo.com.br\/?author=1"},"category_info":"<a href=\"https:\/\/blogdobispo.com.br\/?cat=1\" rel=\"category\">diversos<\/a>","tag_info":"diversos","comment_count":"0","jetpack_featured_media_url":"","jetpack_sharing_enabled":true,"_links":{"self":[{"href":"https:\/\/blogdobispo.com.br\/index.php?rest_route=\/wp\/v2\/posts\/3035","targetHints":{"allow":["GET"]}}],"collection":[{"href":"https:\/\/blogdobispo.com.br\/index.php?rest_route=\/wp\/v2\/posts"}],"about":[{"href":"https:\/\/blogdobispo.com.br\/index.php?rest_route=\/wp\/v2\/types\/post"}],"author":[{"embeddable":true,"href":"https:\/\/blogdobispo.com.br\/index.php?rest_route=\/wp\/v2\/users\/1"}],"replies":[{"embeddable":true,"href":"https:\/\/blogdobispo.com.br\/index.php?rest_route=%2Fwp%2Fv2%2Fcomments&post=3035"}],"version-history":[{"count":0,"href":"https:\/\/blogdobispo.com.br\/index.php?rest_route=\/wp\/v2\/posts\/3035\/revisions"}],"wp:attachment":[{"href":"https:\/\/blogdobispo.com.br\/index.php?rest_route=%2Fwp%2Fv2%2Fmedia&parent=3035"}],"wp:term":[{"taxonomy":"category","embeddable":true,"href":"https:\/\/blogdobispo.com.br\/index.php?rest_route=%2Fwp%2Fv2%2Fcategories&post=3035"},{"taxonomy":"post_tag","embeddable":true,"href":"https:\/\/blogdobispo.com.br\/index.php?rest_route=%2Fwp%2Fv2%2Ftags&post=3035"}],"curies":[{"name":"wp","href":"https:\/\/api.w.org\/{rel}","templated":true}]}}