{"id":3003,"date":"2024-03-27T22:16:06","date_gmt":"2024-03-27T22:16:06","guid":{"rendered":"https:\/\/blogdobispo.com.br\/?p=3003"},"modified":"2024-03-27T22:16:06","modified_gmt":"2024-03-27T22:16:06","slug":"projeto-simplifica-regularizacao-de-atividades-nos-espacos-publicos-de-natal","status":"publish","type":"post","link":"https:\/\/blogdobispo.com.br\/?p=3003","title":{"rendered":"Projeto simplifica regulariza\u00e7\u00e3o de atividades nos espa\u00e7os p\u00fablicos de Natal"},"content":{"rendered":"\n<figure class=\"wp-block-image size-large\"><img data-recalc-dims=\"1\" fetchpriority=\"high\" decoding=\"async\" width=\"800\" height=\"533\" src=\"https:\/\/i0.wp.com\/blogdobispo.com.br\/wp-content\/uploads\/2024\/03\/img_6449-1-1024x682.jpg?resize=800%2C533&#038;ssl=1\" class=\"wp-image-3002\" srcset=\"https:\/\/i0.wp.com\/blogdobispo.com.br\/wp-content\/uploads\/2024\/03\/img_6449-1.jpg?resize=1024%2C682&amp;ssl=1 1024w, https:\/\/i0.wp.com\/blogdobispo.com.br\/wp-content\/uploads\/2024\/03\/img_6449-1.jpg?resize=300%2C200&amp;ssl=1 300w, https:\/\/i0.wp.com\/blogdobispo.com.br\/wp-content\/uploads\/2024\/03\/img_6449-1.jpg?resize=768%2C512&amp;ssl=1 768w, https:\/\/i0.wp.com\/blogdobispo.com.br\/wp-content\/uploads\/2024\/03\/img_6449-1.jpg?resize=1536%2C1023&amp;ssl=1 1536w, https:\/\/i0.wp.com\/blogdobispo.com.br\/wp-content\/uploads\/2024\/03\/img_6449-1.jpg?w=1600&amp;ssl=1 1600w\" sizes=\"(max-width: 800px) 100vw, 800px\" \/><\/figure>\n\n\n\n<p>A C\u00e2mara Municipal de Natal aprovou, durante a sess\u00e3o ordin\u00e1ria desta quarta-feira (27), o Projeto de Lei n\u00b0 188\/2024, encaminhado pelo Executivo, que disp\u00f5e sobre a simplifica\u00e7\u00e3o para regulariza\u00e7\u00e3o provis\u00f3ria de atividades em funcionamento nos espa\u00e7os p\u00fablicos municipais. A inten\u00e7\u00e3o \u00e9 tratar \u00e0 parte a opera\u00e7\u00e3o das atividades sujeitas ao licenciamento ambiental, ponderando o car\u00e1ter transit\u00f3rio da outorga de uso e o funcionamento das respectivas atividades econ\u00f4micas exercidas nesses espa\u00e7os.<\/p>\n\n\n\n<p>No texto da mat\u00e9ria, a Prefeitura informa que &#8220;em fun\u00e7\u00e3o da cultura de d\u00e9cadas de ocupa\u00e7\u00e3o \u00e0 revelia da autoriza\u00e7\u00e3o p\u00fablica, tem-se centenas de fam\u00edlias dependentes da explora\u00e7\u00e3o econ\u00f4mica desses espa\u00e7os&#8221; e que &#8220;tal problem\u00e1tica na agenda p\u00fablica se agiganta n\u00e3o apenas pela falta de regulariza\u00e7\u00e3o de uso e ocupa\u00e7\u00e3o dos espa\u00e7os p\u00fablicos, mas sim em decorr\u00eancia de uma fragilidade socioecon\u00f4mica existente, associada a uma condi\u00e7\u00e3o socioambiental que degrada a paisagem urbana do Munic\u00edpio, o que evidencia a excepcionalidade na regulariza\u00e7\u00e3o das atividades comerciais que ser\u00e3o realizadas durante o per\u00edodo de transi\u00e7\u00e3o&#8221;.<\/p>\n\n\n\n<p>O vereador Raniere Barbosa (Uni\u00e3o Brasil) disse que a lei foi amplamente debatida para garantir que cigarreiras, revistarias, quiosques, ambulantes e artes\u00e3os possam trabalhar de uma forma ordenada e com seguran\u00e7a jur\u00eddica. &#8220;O artigo 82, especificamente o que hoje votamos, aborda um item desta legisla\u00e7\u00e3o que, inclusive, ter\u00e1 portarias que n\u00e3o ter\u00e3o necessidade de regulamenta\u00e7\u00e3o, porque a pr\u00f3pria lei est\u00e1 sendo regulamentada. Portanto, estamos dando essa garantia para que o trabalhador informal esteja dentro da norma do munic\u00edpio no uso do espa\u00e7o p\u00fablico da capital potiguar&#8221;.&nbsp;<\/p>\n\n\n\n<p>Na sequ\u00eancia, o plen\u00e1rio apreciou projetos de lei em primeira discuss\u00e3o. Destaque para a aprova\u00e7\u00e3o das seguintes proposi\u00e7\u00f5es: PLC 26\/2023, da vereadora Nina Souza (PDT), que altera a reda\u00e7\u00e3o da Lei Complementar n\u00ba 7.254 a fim de organizar os espa\u00e7os p\u00fablicos em geral, simplificando a burocracia administrativa, PL 342\/2020, de autoria da ex-vereadora Divaneide Bas\u00edlio e subscrito pelo vereador T\u00e9rcio Tinoco (Uni\u00e3o Brasil), que cria no Calend\u00e1rio de Eventos do Munic\u00edpio de Natal, o dia Municipal dos RAROS, a ser celebrado nos anos bissextos, no dia 29 de fevereiro, quando se comemora o &#8220;Dia Mundial das Doen\u00e7as Raras&#8221;, e o PL 501\/2023, do vereador Hermes C\u00e2mara (PSDB), sobre a cria\u00e7\u00e3o da \u201cAlameda Francisco Canind\u00e9 Guanabara De Andrade\u201c, a alameda situada na Rua Silvio Pelico entre os n\u00fameros 458 a 516, bairro do Alecrim.<\/p>\n","protected":false},"excerpt":{"rendered":"<p>A C\u00e2mara Municipal de Natal aprovou, durante a sess\u00e3o ordin\u00e1ria desta quarta-feira (27), o Projeto de Lei n\u00b0 188\/2024, encaminhado pelo Executivo, que disp\u00f5e sobre a simplifica\u00e7\u00e3o para regulariza\u00e7\u00e3o provis\u00f3ria de atividades em funcionamento nos espa\u00e7os p\u00fablicos municipais. A inten\u00e7\u00e3o \u00e9 tratar \u00e0 parte a opera\u00e7\u00e3o das atividades sujeitas ao licenciamento ambiental, ponderando o car\u00e1ter [&hellip;]<\/p>\n","protected":false},"author":1,"featured_media":0,"comment_status":"open","ping_status":"open","sticky":false,"template":"","format":"standard","meta":{"cybocfi_hide_featured_image":"","_jetpack_memberships_contains_paid_content":false,"footnotes":""},"categories":[1],"tags":[],"class_list":["post-3003","post","type-post","status-publish","format-standard","hentry","category-diversos"],"yoast_head":"<!-- This site is optimized with the Yoast SEO plugin v25.6 - https:\/\/yoast.com\/wordpress\/plugins\/seo\/ -->\n<title>Projeto simplifica regulariza\u00e7\u00e3o de atividades nos espa\u00e7os p\u00fablicos de Natal - Blog do Bispo<\/title>\n<meta name=\"robots\" content=\"index, follow, max-snippet:-1, max-image-preview:large, max-video-preview:-1\" \/>\n<link rel=\"canonical\" href=\"https:\/\/blogdobispo.com.br\/?p=3003\" \/>\n<meta property=\"og:locale\" content=\"pt_BR\" \/>\n<meta property=\"og:type\" content=\"article\" \/>\n<meta property=\"og:title\" content=\"Projeto simplifica regulariza\u00e7\u00e3o de atividades nos espa\u00e7os p\u00fablicos de Natal - Blog do Bispo\" \/>\n<meta property=\"og:description\" content=\"A C\u00e2mara Municipal de Natal aprovou, durante a sess\u00e3o ordin\u00e1ria desta quarta-feira (27), o Projeto de Lei n\u00b0 188\/2024, encaminhado pelo Executivo, que disp\u00f5e sobre a simplifica\u00e7\u00e3o para regulariza\u00e7\u00e3o provis\u00f3ria de atividades em funcionamento nos espa\u00e7os p\u00fablicos municipais. A inten\u00e7\u00e3o \u00e9 tratar \u00e0 parte a opera\u00e7\u00e3o das atividades sujeitas ao licenciamento ambiental, ponderando o car\u00e1ter [&hellip;]\" \/>\n<meta property=\"og:url\" content=\"https:\/\/blogdobispo.com.br\/?p=3003\" \/>\n<meta property=\"og:site_name\" content=\"Blog do Bispo\" \/>\n<meta property=\"article:published_time\" content=\"2024-03-27T22:16:06+00:00\" \/>\n<meta property=\"og:image\" content=\"https:\/\/blogdobispo.com.br\/wp-content\/uploads\/2024\/03\/img_6449-1-1024x682.jpg\" \/>\n<meta name=\"author\" content=\"Jefferson Sterfeno\" \/>\n<meta name=\"twitter:card\" content=\"summary_large_image\" \/>\n<meta name=\"twitter:label1\" content=\"Escrito por\" \/>\n\t<meta name=\"twitter:data1\" content=\"Jefferson Sterfeno\" \/>\n\t<meta name=\"twitter:label2\" content=\"Est. tempo de leitura\" \/>\n\t<meta name=\"twitter:data2\" content=\"2 minutos\" \/>\n<script type=\"application\/ld+json\" class=\"yoast-schema-graph\">{\"@context\":\"https:\/\/schema.org\",\"@graph\":[{\"@type\":\"Article\",\"@id\":\"https:\/\/blogdobispo.com.br\/?p=3003#article\",\"isPartOf\":{\"@id\":\"https:\/\/blogdobispo.com.br\/?p=3003\"},\"author\":{\"name\":\"Jefferson Sterfeno\",\"@id\":\"https:\/\/blogdobispo.com.br\/#\/schema\/person\/e2209cc0e6cea5c5233d033e997b373f\"},\"headline\":\"Projeto simplifica regulariza\u00e7\u00e3o de atividades nos espa\u00e7os p\u00fablicos de Natal\",\"datePublished\":\"2024-03-27T22:16:06+00:00\",\"mainEntityOfPage\":{\"@id\":\"https:\/\/blogdobispo.com.br\/?p=3003\"},\"wordCount\":451,\"commentCount\":0,\"publisher\":{\"@id\":\"https:\/\/blogdobispo.com.br\/#organization\"},\"image\":{\"@id\":\"https:\/\/blogdobispo.com.br\/?p=3003#primaryimage\"},\"thumbnailUrl\":\"https:\/\/blogdobispo.com.br\/wp-content\/uploads\/2024\/03\/img_6449-1-1024x682.jpg\",\"articleSection\":[\"diversos\"],\"inLanguage\":\"pt-BR\",\"potentialAction\":[{\"@type\":\"CommentAction\",\"name\":\"Comment\",\"target\":[\"https:\/\/blogdobispo.com.br\/?p=3003#respond\"]}]},{\"@type\":\"WebPage\",\"@id\":\"https:\/\/blogdobispo.com.br\/?p=3003\",\"url\":\"https:\/\/blogdobispo.com.br\/?p=3003\",\"name\":\"Projeto simplifica regulariza\u00e7\u00e3o de atividades nos espa\u00e7os p\u00fablicos de Natal - Blog do Bispo\",\"isPartOf\":{\"@id\":\"https:\/\/blogdobispo.com.br\/#website\"},\"primaryImageOfPage\":{\"@id\":\"https:\/\/blogdobispo.com.br\/?p=3003#primaryimage\"},\"image\":{\"@id\":\"https:\/\/blogdobispo.com.br\/?p=3003#primaryimage\"},\"thumbnailUrl\":\"https:\/\/blogdobispo.com.br\/wp-content\/uploads\/2024\/03\/img_6449-1-1024x682.jpg\",\"datePublished\":\"2024-03-27T22:16:06+00:00\",\"breadcrumb\":{\"@id\":\"https:\/\/blogdobispo.com.br\/?p=3003#breadcrumb\"},\"inLanguage\":\"pt-BR\",\"potentialAction\":[{\"@type\":\"ReadAction\",\"target\":[\"https:\/\/blogdobispo.com.br\/?p=3003\"]}]},{\"@type\":\"ImageObject\",\"inLanguage\":\"pt-BR\",\"@id\":\"https:\/\/blogdobispo.com.br\/?p=3003#primaryimage\",\"url\":\"https:\/\/blogdobispo.com.br\/wp-content\/uploads\/2024\/03\/img_6449-1-1024x682.jpg\",\"contentUrl\":\"https:\/\/blogdobispo.com.br\/wp-content\/uploads\/2024\/03\/img_6449-1-1024x682.jpg\"},{\"@type\":\"BreadcrumbList\",\"@id\":\"https:\/\/blogdobispo.com.br\/?p=3003#breadcrumb\",\"itemListElement\":[{\"@type\":\"ListItem\",\"position\":1,\"name\":\"In\u00edcio\",\"item\":\"https:\/\/blogdobispo.com.br\/\"},{\"@type\":\"ListItem\",\"position\":2,\"name\":\"Projeto simplifica regulariza\u00e7\u00e3o de atividades nos espa\u00e7os p\u00fablicos de Natal\"}]},{\"@type\":\"WebSite\",\"@id\":\"https:\/\/blogdobispo.com.br\/#website\",\"url\":\"https:\/\/blogdobispo.com.br\/\",\"name\":\"Blog do Bispo\",\"description\":\"Comprometido apenas com o leitor\",\"publisher\":{\"@id\":\"https:\/\/blogdobispo.com.br\/#organization\"},\"potentialAction\":[{\"@type\":\"SearchAction\",\"target\":{\"@type\":\"EntryPoint\",\"urlTemplate\":\"https:\/\/blogdobispo.com.br\/?s={search_term_string}\"},\"query-input\":{\"@type\":\"PropertyValueSpecification\",\"valueRequired\":true,\"valueName\":\"search_term_string\"}}],\"inLanguage\":\"pt-BR\"},{\"@type\":\"Organization\",\"@id\":\"https:\/\/blogdobispo.com.br\/#organization\",\"name\":\"Blog do Bispo\",\"url\":\"https:\/\/blogdobispo.com.br\/\",\"logo\":{\"@type\":\"ImageObject\",\"inLanguage\":\"pt-BR\",\"@id\":\"https:\/\/blogdobispo.com.br\/#\/schema\/logo\/image\/\",\"url\":\"http:\/\/blogdobispo.com.br\/wp-content\/uploads\/2023\/05\/cropped-headear.png\",\"contentUrl\":\"http:\/\/blogdobispo.com.br\/wp-content\/uploads\/2023\/05\/cropped-headear.png\",\"width\":1500,\"height\":399,\"caption\":\"Blog do Bispo\"},\"image\":{\"@id\":\"https:\/\/blogdobispo.com.br\/#\/schema\/logo\/image\/\"}},{\"@type\":\"Person\",\"@id\":\"https:\/\/blogdobispo.com.br\/#\/schema\/person\/e2209cc0e6cea5c5233d033e997b373f\",\"name\":\"Jefferson Sterfeno\",\"image\":{\"@type\":\"ImageObject\",\"inLanguage\":\"pt-BR\",\"@id\":\"https:\/\/blogdobispo.com.br\/#\/schema\/person\/image\/\",\"url\":\"https:\/\/secure.gravatar.com\/avatar\/0534e84764641168a677026b6d57a3f51dc7ac4db0b4f6186d9cb330d4ee1160?s=96&d=mm&r=g\",\"contentUrl\":\"https:\/\/secure.gravatar.com\/avatar\/0534e84764641168a677026b6d57a3f51dc7ac4db0b4f6186d9cb330d4ee1160?s=96&d=mm&r=g\",\"caption\":\"Jefferson Sterfeno\"},\"sameAs\":[\"http:\/\/blogdobispo.com.br\"],\"url\":\"https:\/\/blogdobispo.com.br\/?author=1\"}]}<\/script>\n<!-- \/ Yoast SEO plugin. -->","yoast_head_json":{"title":"Projeto simplifica regulariza\u00e7\u00e3o de atividades nos espa\u00e7os p\u00fablicos de Natal - Blog do Bispo","robots":{"index":"index","follow":"follow","max-snippet":"max-snippet:-1","max-image-preview":"max-image-preview:large","max-video-preview":"max-video-preview:-1"},"canonical":"https:\/\/blogdobispo.com.br\/?p=3003","og_locale":"pt_BR","og_type":"article","og_title":"Projeto simplifica regulariza\u00e7\u00e3o de atividades nos espa\u00e7os p\u00fablicos de Natal - Blog do Bispo","og_description":"A C\u00e2mara Municipal de Natal aprovou, durante a sess\u00e3o ordin\u00e1ria desta quarta-feira (27), o Projeto de Lei n\u00b0 188\/2024, encaminhado pelo Executivo, que disp\u00f5e sobre a simplifica\u00e7\u00e3o para regulariza\u00e7\u00e3o provis\u00f3ria de atividades em funcionamento nos espa\u00e7os p\u00fablicos municipais. A inten\u00e7\u00e3o \u00e9 tratar \u00e0 parte a opera\u00e7\u00e3o das atividades sujeitas ao licenciamento ambiental, ponderando o car\u00e1ter [&hellip;]","og_url":"https:\/\/blogdobispo.com.br\/?p=3003","og_site_name":"Blog do Bispo","article_published_time":"2024-03-27T22:16:06+00:00","og_image":[{"url":"https:\/\/blogdobispo.com.br\/wp-content\/uploads\/2024\/03\/img_6449-1-1024x682.jpg","type":"","width":"","height":""}],"author":"Jefferson Sterfeno","twitter_card":"summary_large_image","twitter_misc":{"Escrito por":"Jefferson Sterfeno","Est. tempo de leitura":"2 minutos"},"schema":{"@context":"https:\/\/schema.org","@graph":[{"@type":"Article","@id":"https:\/\/blogdobispo.com.br\/?p=3003#article","isPartOf":{"@id":"https:\/\/blogdobispo.com.br\/?p=3003"},"author":{"name":"Jefferson Sterfeno","@id":"https:\/\/blogdobispo.com.br\/#\/schema\/person\/e2209cc0e6cea5c5233d033e997b373f"},"headline":"Projeto simplifica regulariza\u00e7\u00e3o de atividades nos espa\u00e7os p\u00fablicos de Natal","datePublished":"2024-03-27T22:16:06+00:00","mainEntityOfPage":{"@id":"https:\/\/blogdobispo.com.br\/?p=3003"},"wordCount":451,"commentCount":0,"publisher":{"@id":"https:\/\/blogdobispo.com.br\/#organization"},"image":{"@id":"https:\/\/blogdobispo.com.br\/?p=3003#primaryimage"},"thumbnailUrl":"https:\/\/blogdobispo.com.br\/wp-content\/uploads\/2024\/03\/img_6449-1-1024x682.jpg","articleSection":["diversos"],"inLanguage":"pt-BR","potentialAction":[{"@type":"CommentAction","name":"Comment","target":["https:\/\/blogdobispo.com.br\/?p=3003#respond"]}]},{"@type":"WebPage","@id":"https:\/\/blogdobispo.com.br\/?p=3003","url":"https:\/\/blogdobispo.com.br\/?p=3003","name":"Projeto simplifica regulariza\u00e7\u00e3o de atividades nos espa\u00e7os p\u00fablicos de Natal - Blog do Bispo","isPartOf":{"@id":"https:\/\/blogdobispo.com.br\/#website"},"primaryImageOfPage":{"@id":"https:\/\/blogdobispo.com.br\/?p=3003#primaryimage"},"image":{"@id":"https:\/\/blogdobispo.com.br\/?p=3003#primaryimage"},"thumbnailUrl":"https:\/\/blogdobispo.com.br\/wp-content\/uploads\/2024\/03\/img_6449-1-1024x682.jpg","datePublished":"2024-03-27T22:16:06+00:00","breadcrumb":{"@id":"https:\/\/blogdobispo.com.br\/?p=3003#breadcrumb"},"inLanguage":"pt-BR","potentialAction":[{"@type":"ReadAction","target":["https:\/\/blogdobispo.com.br\/?p=3003"]}]},{"@type":"ImageObject","inLanguage":"pt-BR","@id":"https:\/\/blogdobispo.com.br\/?p=3003#primaryimage","url":"https:\/\/blogdobispo.com.br\/wp-content\/uploads\/2024\/03\/img_6449-1-1024x682.jpg","contentUrl":"https:\/\/blogdobispo.com.br\/wp-content\/uploads\/2024\/03\/img_6449-1-1024x682.jpg"},{"@type":"BreadcrumbList","@id":"https:\/\/blogdobispo.com.br\/?p=3003#breadcrumb","itemListElement":[{"@type":"ListItem","position":1,"name":"In\u00edcio","item":"https:\/\/blogdobispo.com.br\/"},{"@type":"ListItem","position":2,"name":"Projeto simplifica regulariza\u00e7\u00e3o de atividades nos espa\u00e7os p\u00fablicos de Natal"}]},{"@type":"WebSite","@id":"https:\/\/blogdobispo.com.br\/#website","url":"https:\/\/blogdobispo.com.br\/","name":"Blog do Bispo","description":"Comprometido apenas com o leitor","publisher":{"@id":"https:\/\/blogdobispo.com.br\/#organization"},"potentialAction":[{"@type":"SearchAction","target":{"@type":"EntryPoint","urlTemplate":"https:\/\/blogdobispo.com.br\/?s={search_term_string}"},"query-input":{"@type":"PropertyValueSpecification","valueRequired":true,"valueName":"search_term_string"}}],"inLanguage":"pt-BR"},{"@type":"Organization","@id":"https:\/\/blogdobispo.com.br\/#organization","name":"Blog do Bispo","url":"https:\/\/blogdobispo.com.br\/","logo":{"@type":"ImageObject","inLanguage":"pt-BR","@id":"https:\/\/blogdobispo.com.br\/#\/schema\/logo\/image\/","url":"http:\/\/blogdobispo.com.br\/wp-content\/uploads\/2023\/05\/cropped-headear.png","contentUrl":"http:\/\/blogdobispo.com.br\/wp-content\/uploads\/2023\/05\/cropped-headear.png","width":1500,"height":399,"caption":"Blog do Bispo"},"image":{"@id":"https:\/\/blogdobispo.com.br\/#\/schema\/logo\/image\/"}},{"@type":"Person","@id":"https:\/\/blogdobispo.com.br\/#\/schema\/person\/e2209cc0e6cea5c5233d033e997b373f","name":"Jefferson Sterfeno","image":{"@type":"ImageObject","inLanguage":"pt-BR","@id":"https:\/\/blogdobispo.com.br\/#\/schema\/person\/image\/","url":"https:\/\/secure.gravatar.com\/avatar\/0534e84764641168a677026b6d57a3f51dc7ac4db0b4f6186d9cb330d4ee1160?s=96&d=mm&r=g","contentUrl":"https:\/\/secure.gravatar.com\/avatar\/0534e84764641168a677026b6d57a3f51dc7ac4db0b4f6186d9cb330d4ee1160?s=96&d=mm&r=g","caption":"Jefferson Sterfeno"},"sameAs":["http:\/\/blogdobispo.com.br"],"url":"https:\/\/blogdobispo.com.br\/?author=1"}]}},"featured_image_urls":{"full":"","thumbnail":"","medium":"","medium_large":"","large":"","1536x1536":"","2048x2048":""},"author_info":{"display_name":"Jefferson Sterfeno","author_link":"https:\/\/blogdobispo.com.br\/?author=1"},"category_info":"<a href=\"https:\/\/blogdobispo.com.br\/?cat=1\" rel=\"category\">diversos<\/a>","tag_info":"diversos","comment_count":"0","jetpack_featured_media_url":"","jetpack_sharing_enabled":true,"_links":{"self":[{"href":"https:\/\/blogdobispo.com.br\/index.php?rest_route=\/wp\/v2\/posts\/3003","targetHints":{"allow":["GET"]}}],"collection":[{"href":"https:\/\/blogdobispo.com.br\/index.php?rest_route=\/wp\/v2\/posts"}],"about":[{"href":"https:\/\/blogdobispo.com.br\/index.php?rest_route=\/wp\/v2\/types\/post"}],"author":[{"embeddable":true,"href":"https:\/\/blogdobispo.com.br\/index.php?rest_route=\/wp\/v2\/users\/1"}],"replies":[{"embeddable":true,"href":"https:\/\/blogdobispo.com.br\/index.php?rest_route=%2Fwp%2Fv2%2Fcomments&post=3003"}],"version-history":[{"count":0,"href":"https:\/\/blogdobispo.com.br\/index.php?rest_route=\/wp\/v2\/posts\/3003\/revisions"}],"wp:attachment":[{"href":"https:\/\/blogdobispo.com.br\/index.php?rest_route=%2Fwp%2Fv2%2Fmedia&parent=3003"}],"wp:term":[{"taxonomy":"category","embeddable":true,"href":"https:\/\/blogdobispo.com.br\/index.php?rest_route=%2Fwp%2Fv2%2Fcategories&post=3003"},{"taxonomy":"post_tag","embeddable":true,"href":"https:\/\/blogdobispo.com.br\/index.php?rest_route=%2Fwp%2Fv2%2Ftags&post=3003"}],"curies":[{"name":"wp","href":"https:\/\/api.w.org\/{rel}","templated":true}]}}