{"id":2997,"date":"2024-03-27T14:51:18","date_gmt":"2024-03-27T14:51:18","guid":{"rendered":"https:\/\/blogdobispo.com.br\/?p=2997"},"modified":"2024-03-27T14:51:18","modified_gmt":"2024-03-27T14:51:18","slug":"lawrence-amorim-assina-ficha-de-filiacao-do-psdb-e-tem-autonomia-para-discutir-eleicoes-2024","status":"publish","type":"post","link":"https:\/\/blogdobispo.com.br\/?p=2997","title":{"rendered":"Lawrence Amorim assina ficha de filia\u00e7\u00e3o do PSDB e tem autonomia para discutir Elei\u00e7\u00f5es 2024"},"content":{"rendered":"\n<figure class=\"wp-block-image size-large\"><img data-recalc-dims=\"1\" fetchpriority=\"high\" decoding=\"async\" width=\"800\" height=\"559\" src=\"https:\/\/i0.wp.com\/blogdobispo.com.br\/wp-content\/uploads\/2024\/03\/img_6438-1.jpg?resize=800%2C559&#038;ssl=1\" class=\"wp-image-2996\" srcset=\"https:\/\/i0.wp.com\/blogdobispo.com.br\/wp-content\/uploads\/2024\/03\/img_6438-1.jpg?w=1024&amp;ssl=1 1024w, https:\/\/i0.wp.com\/blogdobispo.com.br\/wp-content\/uploads\/2024\/03\/img_6438-1.jpg?resize=300%2C209&amp;ssl=1 300w, https:\/\/i0.wp.com\/blogdobispo.com.br\/wp-content\/uploads\/2024\/03\/img_6438-1.jpg?resize=768%2C536&amp;ssl=1 768w, https:\/\/i0.wp.com\/blogdobispo.com.br\/wp-content\/uploads\/2024\/03\/img_6438-1.jpg?resize=825%2C575&amp;ssl=1 825w\" sizes=\"(max-width: 800px) 100vw, 800px\" \/><\/figure>\n\n\n\n<p>O PSDB de Mossor\u00f3 ganhou nesta ter\u00e7a-feira (26), o presidente da C\u00e2mara Municipal, vereador Lawrence Amorim. L\u00edder da sigla no Estado, o deputado Ezequiel Ferreira abonou a filia\u00e7\u00e3o do novo tucano.<\/p>\n\n\n\n<p>\u201cLawrence \u00e9 uma nova lideran\u00e7a, que vem galgando espa\u00e7os e destaques n\u00e3o s\u00f3 em Mossor\u00f3, mas na regi\u00e3o e no Estado. Ele foi candidato a deputado e chegou a quase 60 mil votos, tendo 33 mil votos somente em Mossor\u00f3, obtendo a maior vota\u00e7\u00e3o da hist\u00f3ria para um federal. Lawrence chega e ter\u00e1 carta branca do PSDB para as Elei\u00e7\u00f5es 2024\u201d, diz Ezequiel Ferreira.<\/p>\n\n\n\n<p>A trajet\u00f3ria pol\u00edtica de Lawrence Amorim come\u00e7ou cedo. Com 23 anos, foi eleito prefeito da cidade de Almino Afonso, munic\u00edpio de seus av\u00f3s, onde foi reeleito quatro anos depois. Como prefeito, foi bem avaliado pela popula\u00e7\u00e3o, e conseguiu eleger seu sucessor. Nasceu em Mossor\u00f3, onde atualmente reside. \u00c9 casado com a farmac\u00eautica e servidora p\u00fablica F\u00e1tima Tereza, que preside o PSDB de Mossor\u00f3. Em 2020, foi eleito vereador da C\u00e2mara Municipal de Mossor\u00f3. E em 2021, foi eleito por unanimidade entre os 23 vereadores, presidente da Casa Legislativa, para os quatro anos. Lawrence tamb\u00e9m foi um dos coordenadores da campanha vitoriosa do prefeito Allyson Bezerra (Uni\u00e3o Brasil), em 2020.<\/p>\n\n\n\n<p>Na pr\u00f3xima semana, o PSDB de Mossor\u00f3 far\u00e1 um evento de filia\u00e7\u00f5es e apresentar\u00e1 sua nominata com mais de 20 candidatos que concorrer\u00e3o a C\u00e2mara Municipal de Mossor\u00f3, segundo maior col\u00e9gio eleitoral do Rio Grande do Norte. O evento ser\u00e1 junto com o Cidadania, que faz parte da Federa\u00e7\u00e3o com o PSDB.<\/p>\n","protected":false},"excerpt":{"rendered":"<p>O PSDB de Mossor\u00f3 ganhou nesta ter\u00e7a-feira (26), o presidente da C\u00e2mara Municipal, vereador Lawrence Amorim. L\u00edder da sigla no Estado, o deputado Ezequiel Ferreira abonou a filia\u00e7\u00e3o do novo tucano. \u201cLawrence \u00e9 uma nova lideran\u00e7a, que vem galgando espa\u00e7os e destaques n\u00e3o s\u00f3 em Mossor\u00f3, mas na regi\u00e3o e no Estado. Ele foi candidato [&hellip;]<\/p>\n","protected":false},"author":1,"featured_media":0,"comment_status":"open","ping_status":"open","sticky":false,"template":"","format":"standard","meta":{"cybocfi_hide_featured_image":"","_jetpack_memberships_contains_paid_content":false,"footnotes":""},"categories":[1],"tags":[],"class_list":["post-2997","post","type-post","status-publish","format-standard","hentry","category-diversos"],"yoast_head":"<!-- This site is optimized with the Yoast SEO plugin v25.6 - https:\/\/yoast.com\/wordpress\/plugins\/seo\/ -->\n<title>Lawrence Amorim assina ficha de filia\u00e7\u00e3o do PSDB e tem autonomia para discutir Elei\u00e7\u00f5es 2024 - Blog do Bispo<\/title>\n<meta name=\"robots\" content=\"index, follow, max-snippet:-1, max-image-preview:large, max-video-preview:-1\" \/>\n<link rel=\"canonical\" href=\"https:\/\/blogdobispo.com.br\/?p=2997\" \/>\n<meta property=\"og:locale\" content=\"pt_BR\" \/>\n<meta property=\"og:type\" content=\"article\" \/>\n<meta property=\"og:title\" content=\"Lawrence Amorim assina ficha de filia\u00e7\u00e3o do PSDB e tem autonomia para discutir Elei\u00e7\u00f5es 2024 - Blog do Bispo\" \/>\n<meta property=\"og:description\" content=\"O PSDB de Mossor\u00f3 ganhou nesta ter\u00e7a-feira (26), o presidente da C\u00e2mara Municipal, vereador Lawrence Amorim. L\u00edder da sigla no Estado, o deputado Ezequiel Ferreira abonou a filia\u00e7\u00e3o do novo tucano. \u201cLawrence \u00e9 uma nova lideran\u00e7a, que vem galgando espa\u00e7os e destaques n\u00e3o s\u00f3 em Mossor\u00f3, mas na regi\u00e3o e no Estado. Ele foi candidato [&hellip;]\" \/>\n<meta property=\"og:url\" content=\"https:\/\/blogdobispo.com.br\/?p=2997\" \/>\n<meta property=\"og:site_name\" content=\"Blog do Bispo\" \/>\n<meta property=\"article:published_time\" content=\"2024-03-27T14:51:18+00:00\" \/>\n<meta property=\"og:image\" content=\"https:\/\/blogdobispo.com.br\/wp-content\/uploads\/2024\/03\/img_6438-1.jpg\" \/>\n<meta name=\"author\" content=\"Jefferson Sterfeno\" \/>\n<meta name=\"twitter:card\" content=\"summary_large_image\" \/>\n<meta name=\"twitter:label1\" content=\"Escrito por\" \/>\n\t<meta name=\"twitter:data1\" content=\"Jefferson Sterfeno\" \/>\n\t<meta name=\"twitter:label2\" content=\"Est. tempo de leitura\" \/>\n\t<meta name=\"twitter:data2\" content=\"1 minuto\" \/>\n<script type=\"application\/ld+json\" class=\"yoast-schema-graph\">{\"@context\":\"https:\/\/schema.org\",\"@graph\":[{\"@type\":\"Article\",\"@id\":\"https:\/\/blogdobispo.com.br\/?p=2997#article\",\"isPartOf\":{\"@id\":\"https:\/\/blogdobispo.com.br\/?p=2997\"},\"author\":{\"name\":\"Jefferson Sterfeno\",\"@id\":\"https:\/\/blogdobispo.com.br\/#\/schema\/person\/e2209cc0e6cea5c5233d033e997b373f\"},\"headline\":\"Lawrence Amorim assina ficha de filia\u00e7\u00e3o do PSDB e tem autonomia para discutir Elei\u00e7\u00f5es 2024\",\"datePublished\":\"2024-03-27T14:51:18+00:00\",\"mainEntityOfPage\":{\"@id\":\"https:\/\/blogdobispo.com.br\/?p=2997\"},\"wordCount\":289,\"commentCount\":0,\"publisher\":{\"@id\":\"https:\/\/blogdobispo.com.br\/#organization\"},\"image\":{\"@id\":\"https:\/\/blogdobispo.com.br\/?p=2997#primaryimage\"},\"thumbnailUrl\":\"https:\/\/blogdobispo.com.br\/wp-content\/uploads\/2024\/03\/img_6438-1.jpg\",\"articleSection\":[\"diversos\"],\"inLanguage\":\"pt-BR\",\"potentialAction\":[{\"@type\":\"CommentAction\",\"name\":\"Comment\",\"target\":[\"https:\/\/blogdobispo.com.br\/?p=2997#respond\"]}]},{\"@type\":\"WebPage\",\"@id\":\"https:\/\/blogdobispo.com.br\/?p=2997\",\"url\":\"https:\/\/blogdobispo.com.br\/?p=2997\",\"name\":\"Lawrence Amorim assina ficha de filia\u00e7\u00e3o do PSDB e tem autonomia para discutir Elei\u00e7\u00f5es 2024 - Blog do Bispo\",\"isPartOf\":{\"@id\":\"https:\/\/blogdobispo.com.br\/#website\"},\"primaryImageOfPage\":{\"@id\":\"https:\/\/blogdobispo.com.br\/?p=2997#primaryimage\"},\"image\":{\"@id\":\"https:\/\/blogdobispo.com.br\/?p=2997#primaryimage\"},\"thumbnailUrl\":\"https:\/\/blogdobispo.com.br\/wp-content\/uploads\/2024\/03\/img_6438-1.jpg\",\"datePublished\":\"2024-03-27T14:51:18+00:00\",\"breadcrumb\":{\"@id\":\"https:\/\/blogdobispo.com.br\/?p=2997#breadcrumb\"},\"inLanguage\":\"pt-BR\",\"potentialAction\":[{\"@type\":\"ReadAction\",\"target\":[\"https:\/\/blogdobispo.com.br\/?p=2997\"]}]},{\"@type\":\"ImageObject\",\"inLanguage\":\"pt-BR\",\"@id\":\"https:\/\/blogdobispo.com.br\/?p=2997#primaryimage\",\"url\":\"https:\/\/blogdobispo.com.br\/wp-content\/uploads\/2024\/03\/img_6438-1.jpg\",\"contentUrl\":\"https:\/\/blogdobispo.com.br\/wp-content\/uploads\/2024\/03\/img_6438-1.jpg\"},{\"@type\":\"BreadcrumbList\",\"@id\":\"https:\/\/blogdobispo.com.br\/?p=2997#breadcrumb\",\"itemListElement\":[{\"@type\":\"ListItem\",\"position\":1,\"name\":\"In\u00edcio\",\"item\":\"https:\/\/blogdobispo.com.br\/\"},{\"@type\":\"ListItem\",\"position\":2,\"name\":\"Lawrence Amorim assina ficha de filia\u00e7\u00e3o do PSDB e tem autonomia para discutir Elei\u00e7\u00f5es 2024\"}]},{\"@type\":\"WebSite\",\"@id\":\"https:\/\/blogdobispo.com.br\/#website\",\"url\":\"https:\/\/blogdobispo.com.br\/\",\"name\":\"Blog do Bispo\",\"description\":\"Comprometido apenas com o leitor\",\"publisher\":{\"@id\":\"https:\/\/blogdobispo.com.br\/#organization\"},\"potentialAction\":[{\"@type\":\"SearchAction\",\"target\":{\"@type\":\"EntryPoint\",\"urlTemplate\":\"https:\/\/blogdobispo.com.br\/?s={search_term_string}\"},\"query-input\":{\"@type\":\"PropertyValueSpecification\",\"valueRequired\":true,\"valueName\":\"search_term_string\"}}],\"inLanguage\":\"pt-BR\"},{\"@type\":\"Organization\",\"@id\":\"https:\/\/blogdobispo.com.br\/#organization\",\"name\":\"Blog do Bispo\",\"url\":\"https:\/\/blogdobispo.com.br\/\",\"logo\":{\"@type\":\"ImageObject\",\"inLanguage\":\"pt-BR\",\"@id\":\"https:\/\/blogdobispo.com.br\/#\/schema\/logo\/image\/\",\"url\":\"http:\/\/blogdobispo.com.br\/wp-content\/uploads\/2023\/05\/cropped-headear.png\",\"contentUrl\":\"http:\/\/blogdobispo.com.br\/wp-content\/uploads\/2023\/05\/cropped-headear.png\",\"width\":1500,\"height\":399,\"caption\":\"Blog do Bispo\"},\"image\":{\"@id\":\"https:\/\/blogdobispo.com.br\/#\/schema\/logo\/image\/\"}},{\"@type\":\"Person\",\"@id\":\"https:\/\/blogdobispo.com.br\/#\/schema\/person\/e2209cc0e6cea5c5233d033e997b373f\",\"name\":\"Jefferson Sterfeno\",\"image\":{\"@type\":\"ImageObject\",\"inLanguage\":\"pt-BR\",\"@id\":\"https:\/\/blogdobispo.com.br\/#\/schema\/person\/image\/\",\"url\":\"https:\/\/secure.gravatar.com\/avatar\/0534e84764641168a677026b6d57a3f51dc7ac4db0b4f6186d9cb330d4ee1160?s=96&d=mm&r=g\",\"contentUrl\":\"https:\/\/secure.gravatar.com\/avatar\/0534e84764641168a677026b6d57a3f51dc7ac4db0b4f6186d9cb330d4ee1160?s=96&d=mm&r=g\",\"caption\":\"Jefferson Sterfeno\"},\"sameAs\":[\"http:\/\/blogdobispo.com.br\"],\"url\":\"https:\/\/blogdobispo.com.br\/?author=1\"}]}<\/script>\n<!-- \/ Yoast SEO plugin. -->","yoast_head_json":{"title":"Lawrence Amorim assina ficha de filia\u00e7\u00e3o do PSDB e tem autonomia para discutir Elei\u00e7\u00f5es 2024 - Blog do Bispo","robots":{"index":"index","follow":"follow","max-snippet":"max-snippet:-1","max-image-preview":"max-image-preview:large","max-video-preview":"max-video-preview:-1"},"canonical":"https:\/\/blogdobispo.com.br\/?p=2997","og_locale":"pt_BR","og_type":"article","og_title":"Lawrence Amorim assina ficha de filia\u00e7\u00e3o do PSDB e tem autonomia para discutir Elei\u00e7\u00f5es 2024 - Blog do Bispo","og_description":"O PSDB de Mossor\u00f3 ganhou nesta ter\u00e7a-feira (26), o presidente da C\u00e2mara Municipal, vereador Lawrence Amorim. L\u00edder da sigla no Estado, o deputado Ezequiel Ferreira abonou a filia\u00e7\u00e3o do novo tucano. \u201cLawrence \u00e9 uma nova lideran\u00e7a, que vem galgando espa\u00e7os e destaques n\u00e3o s\u00f3 em Mossor\u00f3, mas na regi\u00e3o e no Estado. Ele foi candidato [&hellip;]","og_url":"https:\/\/blogdobispo.com.br\/?p=2997","og_site_name":"Blog do Bispo","article_published_time":"2024-03-27T14:51:18+00:00","og_image":[{"url":"https:\/\/blogdobispo.com.br\/wp-content\/uploads\/2024\/03\/img_6438-1.jpg","type":"","width":"","height":""}],"author":"Jefferson Sterfeno","twitter_card":"summary_large_image","twitter_misc":{"Escrito por":"Jefferson Sterfeno","Est. tempo de leitura":"1 minuto"},"schema":{"@context":"https:\/\/schema.org","@graph":[{"@type":"Article","@id":"https:\/\/blogdobispo.com.br\/?p=2997#article","isPartOf":{"@id":"https:\/\/blogdobispo.com.br\/?p=2997"},"author":{"name":"Jefferson Sterfeno","@id":"https:\/\/blogdobispo.com.br\/#\/schema\/person\/e2209cc0e6cea5c5233d033e997b373f"},"headline":"Lawrence Amorim assina ficha de filia\u00e7\u00e3o do PSDB e tem autonomia para discutir Elei\u00e7\u00f5es 2024","datePublished":"2024-03-27T14:51:18+00:00","mainEntityOfPage":{"@id":"https:\/\/blogdobispo.com.br\/?p=2997"},"wordCount":289,"commentCount":0,"publisher":{"@id":"https:\/\/blogdobispo.com.br\/#organization"},"image":{"@id":"https:\/\/blogdobispo.com.br\/?p=2997#primaryimage"},"thumbnailUrl":"https:\/\/blogdobispo.com.br\/wp-content\/uploads\/2024\/03\/img_6438-1.jpg","articleSection":["diversos"],"inLanguage":"pt-BR","potentialAction":[{"@type":"CommentAction","name":"Comment","target":["https:\/\/blogdobispo.com.br\/?p=2997#respond"]}]},{"@type":"WebPage","@id":"https:\/\/blogdobispo.com.br\/?p=2997","url":"https:\/\/blogdobispo.com.br\/?p=2997","name":"Lawrence Amorim assina ficha de filia\u00e7\u00e3o do PSDB e tem autonomia para discutir Elei\u00e7\u00f5es 2024 - Blog do Bispo","isPartOf":{"@id":"https:\/\/blogdobispo.com.br\/#website"},"primaryImageOfPage":{"@id":"https:\/\/blogdobispo.com.br\/?p=2997#primaryimage"},"image":{"@id":"https:\/\/blogdobispo.com.br\/?p=2997#primaryimage"},"thumbnailUrl":"https:\/\/blogdobispo.com.br\/wp-content\/uploads\/2024\/03\/img_6438-1.jpg","datePublished":"2024-03-27T14:51:18+00:00","breadcrumb":{"@id":"https:\/\/blogdobispo.com.br\/?p=2997#breadcrumb"},"inLanguage":"pt-BR","potentialAction":[{"@type":"ReadAction","target":["https:\/\/blogdobispo.com.br\/?p=2997"]}]},{"@type":"ImageObject","inLanguage":"pt-BR","@id":"https:\/\/blogdobispo.com.br\/?p=2997#primaryimage","url":"https:\/\/blogdobispo.com.br\/wp-content\/uploads\/2024\/03\/img_6438-1.jpg","contentUrl":"https:\/\/blogdobispo.com.br\/wp-content\/uploads\/2024\/03\/img_6438-1.jpg"},{"@type":"BreadcrumbList","@id":"https:\/\/blogdobispo.com.br\/?p=2997#breadcrumb","itemListElement":[{"@type":"ListItem","position":1,"name":"In\u00edcio","item":"https:\/\/blogdobispo.com.br\/"},{"@type":"ListItem","position":2,"name":"Lawrence Amorim assina ficha de filia\u00e7\u00e3o do PSDB e tem autonomia para discutir Elei\u00e7\u00f5es 2024"}]},{"@type":"WebSite","@id":"https:\/\/blogdobispo.com.br\/#website","url":"https:\/\/blogdobispo.com.br\/","name":"Blog do Bispo","description":"Comprometido apenas com o leitor","publisher":{"@id":"https:\/\/blogdobispo.com.br\/#organization"},"potentialAction":[{"@type":"SearchAction","target":{"@type":"EntryPoint","urlTemplate":"https:\/\/blogdobispo.com.br\/?s={search_term_string}"},"query-input":{"@type":"PropertyValueSpecification","valueRequired":true,"valueName":"search_term_string"}}],"inLanguage":"pt-BR"},{"@type":"Organization","@id":"https:\/\/blogdobispo.com.br\/#organization","name":"Blog do Bispo","url":"https:\/\/blogdobispo.com.br\/","logo":{"@type":"ImageObject","inLanguage":"pt-BR","@id":"https:\/\/blogdobispo.com.br\/#\/schema\/logo\/image\/","url":"http:\/\/blogdobispo.com.br\/wp-content\/uploads\/2023\/05\/cropped-headear.png","contentUrl":"http:\/\/blogdobispo.com.br\/wp-content\/uploads\/2023\/05\/cropped-headear.png","width":1500,"height":399,"caption":"Blog do Bispo"},"image":{"@id":"https:\/\/blogdobispo.com.br\/#\/schema\/logo\/image\/"}},{"@type":"Person","@id":"https:\/\/blogdobispo.com.br\/#\/schema\/person\/e2209cc0e6cea5c5233d033e997b373f","name":"Jefferson Sterfeno","image":{"@type":"ImageObject","inLanguage":"pt-BR","@id":"https:\/\/blogdobispo.com.br\/#\/schema\/person\/image\/","url":"https:\/\/secure.gravatar.com\/avatar\/0534e84764641168a677026b6d57a3f51dc7ac4db0b4f6186d9cb330d4ee1160?s=96&d=mm&r=g","contentUrl":"https:\/\/secure.gravatar.com\/avatar\/0534e84764641168a677026b6d57a3f51dc7ac4db0b4f6186d9cb330d4ee1160?s=96&d=mm&r=g","caption":"Jefferson Sterfeno"},"sameAs":["http:\/\/blogdobispo.com.br"],"url":"https:\/\/blogdobispo.com.br\/?author=1"}]}},"featured_image_urls":{"full":"","thumbnail":"","medium":"","medium_large":"","large":"","1536x1536":"","2048x2048":""},"author_info":{"display_name":"Jefferson Sterfeno","author_link":"https:\/\/blogdobispo.com.br\/?author=1"},"category_info":"<a href=\"https:\/\/blogdobispo.com.br\/?cat=1\" rel=\"category\">diversos<\/a>","tag_info":"diversos","comment_count":"0","jetpack_featured_media_url":"","jetpack_sharing_enabled":true,"_links":{"self":[{"href":"https:\/\/blogdobispo.com.br\/index.php?rest_route=\/wp\/v2\/posts\/2997","targetHints":{"allow":["GET"]}}],"collection":[{"href":"https:\/\/blogdobispo.com.br\/index.php?rest_route=\/wp\/v2\/posts"}],"about":[{"href":"https:\/\/blogdobispo.com.br\/index.php?rest_route=\/wp\/v2\/types\/post"}],"author":[{"embeddable":true,"href":"https:\/\/blogdobispo.com.br\/index.php?rest_route=\/wp\/v2\/users\/1"}],"replies":[{"embeddable":true,"href":"https:\/\/blogdobispo.com.br\/index.php?rest_route=%2Fwp%2Fv2%2Fcomments&post=2997"}],"version-history":[{"count":0,"href":"https:\/\/blogdobispo.com.br\/index.php?rest_route=\/wp\/v2\/posts\/2997\/revisions"}],"wp:attachment":[{"href":"https:\/\/blogdobispo.com.br\/index.php?rest_route=%2Fwp%2Fv2%2Fmedia&parent=2997"}],"wp:term":[{"taxonomy":"category","embeddable":true,"href":"https:\/\/blogdobispo.com.br\/index.php?rest_route=%2Fwp%2Fv2%2Fcategories&post=2997"},{"taxonomy":"post_tag","embeddable":true,"href":"https:\/\/blogdobispo.com.br\/index.php?rest_route=%2Fwp%2Fv2%2Ftags&post=2997"}],"curies":[{"name":"wp","href":"https:\/\/api.w.org\/{rel}","templated":true}]}}