{"id":2993,"date":"2024-03-27T00:16:50","date_gmt":"2024-03-27T00:16:50","guid":{"rendered":"https:\/\/blogdobispo.com.br\/?p=2993"},"modified":"2024-04-01T17:22:33","modified_gmt":"2024-04-01T17:22:33","slug":"audiencia-publica-discute-licenciamento-ambiental-para-construcao-da-ponte-dos-martires","status":"publish","type":"post","link":"https:\/\/blogdobispo.com.br\/?p=2993","title":{"rendered":"C\u00e2mara e MPT voltam a discutir veto ao PL sobre delivery em condom\u00ednios"},"content":{"rendered":"\n<figure class=\"wp-block-image size-large\"><img data-recalc-dims=\"1\" fetchpriority=\"high\" decoding=\"async\" width=\"800\" height=\"526\" src=\"https:\/\/i0.wp.com\/blogdobispo.com.br\/wp-content\/uploads\/2024\/04\/img_6540-1-1024x673.jpg?resize=800%2C526&#038;ssl=1\" alt=\"\" class=\"wp-image-3017\" srcset=\"https:\/\/i0.wp.com\/blogdobispo.com.br\/wp-content\/uploads\/2024\/04\/img_6540-1.jpg?resize=1024%2C673&amp;ssl=1 1024w, https:\/\/i0.wp.com\/blogdobispo.com.br\/wp-content\/uploads\/2024\/04\/img_6540-1.jpg?resize=300%2C197&amp;ssl=1 300w, https:\/\/i0.wp.com\/blogdobispo.com.br\/wp-content\/uploads\/2024\/04\/img_6540-1.jpg?resize=768%2C505&amp;ssl=1 768w, https:\/\/i0.wp.com\/blogdobispo.com.br\/wp-content\/uploads\/2024\/04\/img_6540-1.jpg?resize=1536%2C1010&amp;ssl=1 1536w, https:\/\/i0.wp.com\/blogdobispo.com.br\/wp-content\/uploads\/2024\/04\/img_6540-1.jpg?w=1600&amp;ssl=1 1600w\" sizes=\"(max-width: 800px) 100vw, 800px\" \/><\/figure>\n\n\n\n<figure class=\"wp-block-image\"><img data-recalc-dims=\"1\" decoding=\"async\" src=\"https:\/\/i0.wp.com\/www.cmnat.rn.gov.br\/_ups\/noticias\/2024\/03\/25\/d26b67ce8975e336389cf019814787f6.jpeg?w=800&#038;ssl=1\" alt=\"\"\/><\/figure>\n\n\n\n<p>Em nova rodada de reuni\u00f5es, a C\u00e2mara Municipal de Natal recebeu nesta segunda-feira (25) uma comiss\u00e3o formada por procuradoras do Minist\u00e9rio P\u00fablico do Trabalho e do Minist\u00e9rio P\u00fablico do Rio Grande do Norte que solicita a derrubada do veto da Prefeitura de Natal ao Projeto de Lei n\u00b0 586\/2023, de autoria do vereador Daniel Valen\u00e7a (PT), que autoriza que motoboys e entregadores em geral deixem as entregas pedidas por aplicativos nas portarias dos condom\u00ednios em Natal &#8211; sejam eles verticais (de apartamentos) ou horizontais (de casas). Na ocasi\u00e3o, o grupo entregou uma nota t\u00e9cnica atestando os benef\u00edcios sociais da mat\u00e9ria.<\/p>\n\n\n\n<p>O texto do projeto cita que o objetivo \u00e9 eliminar o tempo de trabalho n\u00e3o pago aos trabalhadores por aplicativo consistente no deslocamento entre a portaria e a unidade condominial de onde o consumidor demandou a mercadoria. A mat\u00e9ria cita ainda que entregadores e clientes podem acertar a entrega nas pr\u00f3prias portas mediante pagamento de gorjeta.&nbsp;<\/p>\n\n\n\n<p><\/p>\n\n\n\n<p><\/p>\n\n\n\n<p>O evento reuniu membros da comunidade, autoridades locais, especialistas ambientais e demais partes interessadas, visando promover transpar\u00eancia e participa\u00e7\u00e3o p\u00fablica no processo decis\u00f3rio. Uma vez conclu\u00edda a etapa de licenciamento ambiental, a constru\u00e7\u00e3o entrar\u00e1 em sua fase de execu\u00e7\u00e3o, com a primeira etapa, que inclui a funda\u00e7\u00e3o da ponte, financiada com recursos federais na ordem de R$ 10 milh\u00f5es.<\/p>\n\n\n\n<p>O investimento total para a constru\u00e7\u00e3o est\u00e1 estimado em R$ 45 milh\u00f5es, com a maior parte dos recursos provenientes do Minist\u00e9rio do Desenvolvimento Regional (MDR), e uma parcela alocada pela Prefeitura. Jader Torres Jr. Secret\u00e1rio de Desenvolvimento e Turismo, destacou que \u201cos contratos iniciais envolvem estudos e elabora\u00e7\u00e3o de projetos, com a execu\u00e7\u00e3o das obras prevista para ap\u00f3s essa fase burocr\u00e1tica\u201d.<\/p>\n\n\n\n<p>Durante a Audi\u00eancia P\u00fablica, especialistas do IDEMA, representantes da Prefeitura Municipal e membros da sociedade civil apresentaram questionamentos relevantes, abordando a extens\u00e3o da ponte, comunidades afetadas, impactos na fauna e flora, bem como todos os aspectos sociais e ambientais envolvidos no projeto.<\/p>\n\n\n\n<p>A realiza\u00e7\u00e3o da audi\u00eancia representa um passo fundamental para assegurar que a constru\u00e7\u00e3o da Ponte dos M\u00e1rtires seja realizada de forma respons\u00e1vel e sustent\u00e1vel, levando em considera\u00e7\u00e3o os impactos ambientais e o bem-estar das comunidades locais. A participa\u00e7\u00e3o ativa da popula\u00e7\u00e3o \u00e9 essencial para garantir que este projeto contribua efetivamente para o desenvolvimento regional, sem comprometer os recursos naturais e a qualidade de vida das gera\u00e7\u00f5es futuras.<\/p>\n\n\n\n<p><\/p>\n","protected":false},"excerpt":{"rendered":"<p>Em nova rodada de reuni\u00f5es, a C\u00e2mara Municipal de Natal recebeu nesta segunda-feira (25) uma comiss\u00e3o formada por procuradoras do Minist\u00e9rio P\u00fablico do Trabalho e do Minist\u00e9rio P\u00fablico do Rio Grande do Norte que solicita a derrubada do veto da Prefeitura de Natal ao Projeto de Lei n\u00b0 586\/2023, de autoria do vereador Daniel Valen\u00e7a [&hellip;]<\/p>\n","protected":false},"author":1,"featured_media":0,"comment_status":"open","ping_status":"open","sticky":false,"template":"","format":"standard","meta":{"cybocfi_hide_featured_image":"","_jetpack_memberships_contains_paid_content":false,"footnotes":""},"categories":[1],"tags":[],"class_list":["post-2993","post","type-post","status-publish","format-standard","hentry","category-diversos"],"yoast_head":"<!-- This site is optimized with the Yoast SEO plugin v25.6 - https:\/\/yoast.com\/wordpress\/plugins\/seo\/ -->\n<title>C\u00e2mara e MPT voltam a discutir veto ao PL sobre delivery em condom\u00ednios - Blog do Bispo<\/title>\n<meta name=\"robots\" content=\"index, follow, max-snippet:-1, max-image-preview:large, max-video-preview:-1\" \/>\n<link rel=\"canonical\" href=\"https:\/\/blogdobispo.com.br\/?p=2993\" \/>\n<meta property=\"og:locale\" content=\"pt_BR\" \/>\n<meta property=\"og:type\" content=\"article\" \/>\n<meta property=\"og:title\" content=\"C\u00e2mara e MPT voltam a discutir veto ao PL sobre delivery em condom\u00ednios - Blog do Bispo\" \/>\n<meta property=\"og:description\" content=\"Em nova rodada de reuni\u00f5es, a C\u00e2mara Municipal de Natal recebeu nesta segunda-feira (25) uma comiss\u00e3o formada por procuradoras do Minist\u00e9rio P\u00fablico do Trabalho e do Minist\u00e9rio P\u00fablico do Rio Grande do Norte que solicita a derrubada do veto da Prefeitura de Natal ao Projeto de Lei n\u00b0 586\/2023, de autoria do vereador Daniel Valen\u00e7a [&hellip;]\" \/>\n<meta property=\"og:url\" content=\"https:\/\/blogdobispo.com.br\/?p=2993\" \/>\n<meta property=\"og:site_name\" content=\"Blog do Bispo\" \/>\n<meta property=\"article:published_time\" content=\"2024-03-27T00:16:50+00:00\" \/>\n<meta property=\"article:modified_time\" content=\"2024-04-01T17:22:33+00:00\" \/>\n<meta property=\"og:image\" content=\"https:\/\/blogdobispo.com.br\/wp-content\/uploads\/2024\/04\/img_6540-1-1024x673.jpg\" \/>\n<meta name=\"author\" content=\"Jefferson Sterfeno\" \/>\n<meta name=\"twitter:card\" content=\"summary_large_image\" \/>\n<meta name=\"twitter:label1\" content=\"Escrito por\" \/>\n\t<meta name=\"twitter:data1\" content=\"Jefferson Sterfeno\" \/>\n\t<meta name=\"twitter:label2\" content=\"Est. tempo de leitura\" \/>\n\t<meta name=\"twitter:data2\" content=\"2 minutos\" \/>\n<script type=\"application\/ld+json\" class=\"yoast-schema-graph\">{\"@context\":\"https:\/\/schema.org\",\"@graph\":[{\"@type\":\"Article\",\"@id\":\"https:\/\/blogdobispo.com.br\/?p=2993#article\",\"isPartOf\":{\"@id\":\"https:\/\/blogdobispo.com.br\/?p=2993\"},\"author\":{\"name\":\"Jefferson Sterfeno\",\"@id\":\"https:\/\/blogdobispo.com.br\/#\/schema\/person\/e2209cc0e6cea5c5233d033e997b373f\"},\"headline\":\"C\u00e2mara e MPT voltam a discutir veto ao PL sobre delivery em condom\u00ednios\",\"datePublished\":\"2024-03-27T00:16:50+00:00\",\"dateModified\":\"2024-04-01T17:22:33+00:00\",\"mainEntityOfPage\":{\"@id\":\"https:\/\/blogdobispo.com.br\/?p=2993\"},\"wordCount\":441,\"commentCount\":0,\"publisher\":{\"@id\":\"https:\/\/blogdobispo.com.br\/#organization\"},\"image\":{\"@id\":\"https:\/\/blogdobispo.com.br\/?p=2993#primaryimage\"},\"thumbnailUrl\":\"https:\/\/blogdobispo.com.br\/wp-content\/uploads\/2024\/04\/img_6540-1-1024x673.jpg\",\"articleSection\":[\"diversos\"],\"inLanguage\":\"pt-BR\",\"potentialAction\":[{\"@type\":\"CommentAction\",\"name\":\"Comment\",\"target\":[\"https:\/\/blogdobispo.com.br\/?p=2993#respond\"]}]},{\"@type\":\"WebPage\",\"@id\":\"https:\/\/blogdobispo.com.br\/?p=2993\",\"url\":\"https:\/\/blogdobispo.com.br\/?p=2993\",\"name\":\"C\u00e2mara e MPT voltam a discutir veto ao PL sobre delivery em condom\u00ednios - Blog do Bispo\",\"isPartOf\":{\"@id\":\"https:\/\/blogdobispo.com.br\/#website\"},\"primaryImageOfPage\":{\"@id\":\"https:\/\/blogdobispo.com.br\/?p=2993#primaryimage\"},\"image\":{\"@id\":\"https:\/\/blogdobispo.com.br\/?p=2993#primaryimage\"},\"thumbnailUrl\":\"https:\/\/blogdobispo.com.br\/wp-content\/uploads\/2024\/04\/img_6540-1-1024x673.jpg\",\"datePublished\":\"2024-03-27T00:16:50+00:00\",\"dateModified\":\"2024-04-01T17:22:33+00:00\",\"breadcrumb\":{\"@id\":\"https:\/\/blogdobispo.com.br\/?p=2993#breadcrumb\"},\"inLanguage\":\"pt-BR\",\"potentialAction\":[{\"@type\":\"ReadAction\",\"target\":[\"https:\/\/blogdobispo.com.br\/?p=2993\"]}]},{\"@type\":\"ImageObject\",\"inLanguage\":\"pt-BR\",\"@id\":\"https:\/\/blogdobispo.com.br\/?p=2993#primaryimage\",\"url\":\"https:\/\/blogdobispo.com.br\/wp-content\/uploads\/2024\/04\/img_6540-1-1024x673.jpg\",\"contentUrl\":\"https:\/\/blogdobispo.com.br\/wp-content\/uploads\/2024\/04\/img_6540-1-1024x673.jpg\"},{\"@type\":\"BreadcrumbList\",\"@id\":\"https:\/\/blogdobispo.com.br\/?p=2993#breadcrumb\",\"itemListElement\":[{\"@type\":\"ListItem\",\"position\":1,\"name\":\"In\u00edcio\",\"item\":\"https:\/\/blogdobispo.com.br\/\"},{\"@type\":\"ListItem\",\"position\":2,\"name\":\"C\u00e2mara e MPT voltam a discutir veto ao PL sobre delivery em condom\u00ednios\"}]},{\"@type\":\"WebSite\",\"@id\":\"https:\/\/blogdobispo.com.br\/#website\",\"url\":\"https:\/\/blogdobispo.com.br\/\",\"name\":\"Blog do Bispo\",\"description\":\"Comprometido apenas com o leitor\",\"publisher\":{\"@id\":\"https:\/\/blogdobispo.com.br\/#organization\"},\"potentialAction\":[{\"@type\":\"SearchAction\",\"target\":{\"@type\":\"EntryPoint\",\"urlTemplate\":\"https:\/\/blogdobispo.com.br\/?s={search_term_string}\"},\"query-input\":{\"@type\":\"PropertyValueSpecification\",\"valueRequired\":true,\"valueName\":\"search_term_string\"}}],\"inLanguage\":\"pt-BR\"},{\"@type\":\"Organization\",\"@id\":\"https:\/\/blogdobispo.com.br\/#organization\",\"name\":\"Blog do Bispo\",\"url\":\"https:\/\/blogdobispo.com.br\/\",\"logo\":{\"@type\":\"ImageObject\",\"inLanguage\":\"pt-BR\",\"@id\":\"https:\/\/blogdobispo.com.br\/#\/schema\/logo\/image\/\",\"url\":\"http:\/\/blogdobispo.com.br\/wp-content\/uploads\/2023\/05\/cropped-headear.png\",\"contentUrl\":\"http:\/\/blogdobispo.com.br\/wp-content\/uploads\/2023\/05\/cropped-headear.png\",\"width\":1500,\"height\":399,\"caption\":\"Blog do Bispo\"},\"image\":{\"@id\":\"https:\/\/blogdobispo.com.br\/#\/schema\/logo\/image\/\"}},{\"@type\":\"Person\",\"@id\":\"https:\/\/blogdobispo.com.br\/#\/schema\/person\/e2209cc0e6cea5c5233d033e997b373f\",\"name\":\"Jefferson Sterfeno\",\"image\":{\"@type\":\"ImageObject\",\"inLanguage\":\"pt-BR\",\"@id\":\"https:\/\/blogdobispo.com.br\/#\/schema\/person\/image\/\",\"url\":\"https:\/\/secure.gravatar.com\/avatar\/0534e84764641168a677026b6d57a3f51dc7ac4db0b4f6186d9cb330d4ee1160?s=96&d=mm&r=g\",\"contentUrl\":\"https:\/\/secure.gravatar.com\/avatar\/0534e84764641168a677026b6d57a3f51dc7ac4db0b4f6186d9cb330d4ee1160?s=96&d=mm&r=g\",\"caption\":\"Jefferson Sterfeno\"},\"sameAs\":[\"http:\/\/blogdobispo.com.br\"],\"url\":\"https:\/\/blogdobispo.com.br\/?author=1\"}]}<\/script>\n<!-- \/ Yoast SEO plugin. -->","yoast_head_json":{"title":"C\u00e2mara e MPT voltam a discutir veto ao PL sobre delivery em condom\u00ednios - Blog do Bispo","robots":{"index":"index","follow":"follow","max-snippet":"max-snippet:-1","max-image-preview":"max-image-preview:large","max-video-preview":"max-video-preview:-1"},"canonical":"https:\/\/blogdobispo.com.br\/?p=2993","og_locale":"pt_BR","og_type":"article","og_title":"C\u00e2mara e MPT voltam a discutir veto ao PL sobre delivery em condom\u00ednios - Blog do Bispo","og_description":"Em nova rodada de reuni\u00f5es, a C\u00e2mara Municipal de Natal recebeu nesta segunda-feira (25) uma comiss\u00e3o formada por procuradoras do Minist\u00e9rio P\u00fablico do Trabalho e do Minist\u00e9rio P\u00fablico do Rio Grande do Norte que solicita a derrubada do veto da Prefeitura de Natal ao Projeto de Lei n\u00b0 586\/2023, de autoria do vereador Daniel Valen\u00e7a [&hellip;]","og_url":"https:\/\/blogdobispo.com.br\/?p=2993","og_site_name":"Blog do Bispo","article_published_time":"2024-03-27T00:16:50+00:00","article_modified_time":"2024-04-01T17:22:33+00:00","og_image":[{"url":"https:\/\/blogdobispo.com.br\/wp-content\/uploads\/2024\/04\/img_6540-1-1024x673.jpg","type":"","width":"","height":""}],"author":"Jefferson Sterfeno","twitter_card":"summary_large_image","twitter_misc":{"Escrito por":"Jefferson Sterfeno","Est. tempo de leitura":"2 minutos"},"schema":{"@context":"https:\/\/schema.org","@graph":[{"@type":"Article","@id":"https:\/\/blogdobispo.com.br\/?p=2993#article","isPartOf":{"@id":"https:\/\/blogdobispo.com.br\/?p=2993"},"author":{"name":"Jefferson Sterfeno","@id":"https:\/\/blogdobispo.com.br\/#\/schema\/person\/e2209cc0e6cea5c5233d033e997b373f"},"headline":"C\u00e2mara e MPT voltam a discutir veto ao PL sobre delivery em condom\u00ednios","datePublished":"2024-03-27T00:16:50+00:00","dateModified":"2024-04-01T17:22:33+00:00","mainEntityOfPage":{"@id":"https:\/\/blogdobispo.com.br\/?p=2993"},"wordCount":441,"commentCount":0,"publisher":{"@id":"https:\/\/blogdobispo.com.br\/#organization"},"image":{"@id":"https:\/\/blogdobispo.com.br\/?p=2993#primaryimage"},"thumbnailUrl":"https:\/\/blogdobispo.com.br\/wp-content\/uploads\/2024\/04\/img_6540-1-1024x673.jpg","articleSection":["diversos"],"inLanguage":"pt-BR","potentialAction":[{"@type":"CommentAction","name":"Comment","target":["https:\/\/blogdobispo.com.br\/?p=2993#respond"]}]},{"@type":"WebPage","@id":"https:\/\/blogdobispo.com.br\/?p=2993","url":"https:\/\/blogdobispo.com.br\/?p=2993","name":"C\u00e2mara e MPT voltam a discutir veto ao PL sobre delivery em condom\u00ednios - Blog do Bispo","isPartOf":{"@id":"https:\/\/blogdobispo.com.br\/#website"},"primaryImageOfPage":{"@id":"https:\/\/blogdobispo.com.br\/?p=2993#primaryimage"},"image":{"@id":"https:\/\/blogdobispo.com.br\/?p=2993#primaryimage"},"thumbnailUrl":"https:\/\/blogdobispo.com.br\/wp-content\/uploads\/2024\/04\/img_6540-1-1024x673.jpg","datePublished":"2024-03-27T00:16:50+00:00","dateModified":"2024-04-01T17:22:33+00:00","breadcrumb":{"@id":"https:\/\/blogdobispo.com.br\/?p=2993#breadcrumb"},"inLanguage":"pt-BR","potentialAction":[{"@type":"ReadAction","target":["https:\/\/blogdobispo.com.br\/?p=2993"]}]},{"@type":"ImageObject","inLanguage":"pt-BR","@id":"https:\/\/blogdobispo.com.br\/?p=2993#primaryimage","url":"https:\/\/blogdobispo.com.br\/wp-content\/uploads\/2024\/04\/img_6540-1-1024x673.jpg","contentUrl":"https:\/\/blogdobispo.com.br\/wp-content\/uploads\/2024\/04\/img_6540-1-1024x673.jpg"},{"@type":"BreadcrumbList","@id":"https:\/\/blogdobispo.com.br\/?p=2993#breadcrumb","itemListElement":[{"@type":"ListItem","position":1,"name":"In\u00edcio","item":"https:\/\/blogdobispo.com.br\/"},{"@type":"ListItem","position":2,"name":"C\u00e2mara e MPT voltam a discutir veto ao PL sobre delivery em condom\u00ednios"}]},{"@type":"WebSite","@id":"https:\/\/blogdobispo.com.br\/#website","url":"https:\/\/blogdobispo.com.br\/","name":"Blog do Bispo","description":"Comprometido apenas com o leitor","publisher":{"@id":"https:\/\/blogdobispo.com.br\/#organization"},"potentialAction":[{"@type":"SearchAction","target":{"@type":"EntryPoint","urlTemplate":"https:\/\/blogdobispo.com.br\/?s={search_term_string}"},"query-input":{"@type":"PropertyValueSpecification","valueRequired":true,"valueName":"search_term_string"}}],"inLanguage":"pt-BR"},{"@type":"Organization","@id":"https:\/\/blogdobispo.com.br\/#organization","name":"Blog do Bispo","url":"https:\/\/blogdobispo.com.br\/","logo":{"@type":"ImageObject","inLanguage":"pt-BR","@id":"https:\/\/blogdobispo.com.br\/#\/schema\/logo\/image\/","url":"http:\/\/blogdobispo.com.br\/wp-content\/uploads\/2023\/05\/cropped-headear.png","contentUrl":"http:\/\/blogdobispo.com.br\/wp-content\/uploads\/2023\/05\/cropped-headear.png","width":1500,"height":399,"caption":"Blog do Bispo"},"image":{"@id":"https:\/\/blogdobispo.com.br\/#\/schema\/logo\/image\/"}},{"@type":"Person","@id":"https:\/\/blogdobispo.com.br\/#\/schema\/person\/e2209cc0e6cea5c5233d033e997b373f","name":"Jefferson Sterfeno","image":{"@type":"ImageObject","inLanguage":"pt-BR","@id":"https:\/\/blogdobispo.com.br\/#\/schema\/person\/image\/","url":"https:\/\/secure.gravatar.com\/avatar\/0534e84764641168a677026b6d57a3f51dc7ac4db0b4f6186d9cb330d4ee1160?s=96&d=mm&r=g","contentUrl":"https:\/\/secure.gravatar.com\/avatar\/0534e84764641168a677026b6d57a3f51dc7ac4db0b4f6186d9cb330d4ee1160?s=96&d=mm&r=g","caption":"Jefferson Sterfeno"},"sameAs":["http:\/\/blogdobispo.com.br"],"url":"https:\/\/blogdobispo.com.br\/?author=1"}]}},"featured_image_urls":{"full":"","thumbnail":"","medium":"","medium_large":"","large":"","1536x1536":"","2048x2048":""},"author_info":{"display_name":"Jefferson Sterfeno","author_link":"https:\/\/blogdobispo.com.br\/?author=1"},"category_info":"<a href=\"https:\/\/blogdobispo.com.br\/?cat=1\" rel=\"category\">diversos<\/a>","tag_info":"diversos","comment_count":"0","jetpack_featured_media_url":"","jetpack_sharing_enabled":true,"_links":{"self":[{"href":"https:\/\/blogdobispo.com.br\/index.php?rest_route=\/wp\/v2\/posts\/2993","targetHints":{"allow":["GET"]}}],"collection":[{"href":"https:\/\/blogdobispo.com.br\/index.php?rest_route=\/wp\/v2\/posts"}],"about":[{"href":"https:\/\/blogdobispo.com.br\/index.php?rest_route=\/wp\/v2\/types\/post"}],"author":[{"embeddable":true,"href":"https:\/\/blogdobispo.com.br\/index.php?rest_route=\/wp\/v2\/users\/1"}],"replies":[{"embeddable":true,"href":"https:\/\/blogdobispo.com.br\/index.php?rest_route=%2Fwp%2Fv2%2Fcomments&post=2993"}],"version-history":[{"count":2,"href":"https:\/\/blogdobispo.com.br\/index.php?rest_route=\/wp\/v2\/posts\/2993\/revisions"}],"predecessor-version":[{"id":3019,"href":"https:\/\/blogdobispo.com.br\/index.php?rest_route=\/wp\/v2\/posts\/2993\/revisions\/3019"}],"wp:attachment":[{"href":"https:\/\/blogdobispo.com.br\/index.php?rest_route=%2Fwp%2Fv2%2Fmedia&parent=2993"}],"wp:term":[{"taxonomy":"category","embeddable":true,"href":"https:\/\/blogdobispo.com.br\/index.php?rest_route=%2Fwp%2Fv2%2Fcategories&post=2993"},{"taxonomy":"post_tag","embeddable":true,"href":"https:\/\/blogdobispo.com.br\/index.php?rest_route=%2Fwp%2Fv2%2Ftags&post=2993"}],"curies":[{"name":"wp","href":"https:\/\/api.w.org\/{rel}","templated":true}]}}