{"id":2982,"date":"2024-03-25T01:17:39","date_gmt":"2024-03-25T01:17:39","guid":{"rendered":"https:\/\/blogdobispo.com.br\/?p=2982"},"modified":"2024-03-25T01:17:39","modified_gmt":"2024-03-25T01:17:39","slug":"idoso-de-quase-90-anos-pode-morrer-por-negligencia-do-governo-do-estado","status":"publish","type":"post","link":"https:\/\/blogdobispo.com.br\/?p=2982","title":{"rendered":"IDOSO DE QUASE 90 ANOS PODE MORRER POR NEGLIG\u00caNCIA DO GOVERNO DO ESTADO"},"content":{"rendered":"\n<figure class=\"wp-block-image size-large\"><img data-recalc-dims=\"1\" fetchpriority=\"high\" decoding=\"async\" width=\"576\" height=\"1024\" src=\"https:\/\/i0.wp.com\/blogdobispo.com.br\/wp-content\/uploads\/2024\/03\/f57fea75-f741-41f3-921d-61bff2697dcd-1-576x1024.jpg?resize=576%2C1024&#038;ssl=1\" class=\"wp-image-2981\" srcset=\"https:\/\/i0.wp.com\/blogdobispo.com.br\/wp-content\/uploads\/2024\/03\/f57fea75-f741-41f3-921d-61bff2697dcd-1.jpg?resize=576%2C1024&amp;ssl=1 576w, https:\/\/i0.wp.com\/blogdobispo.com.br\/wp-content\/uploads\/2024\/03\/f57fea75-f741-41f3-921d-61bff2697dcd-1.jpg?resize=169%2C300&amp;ssl=1 169w, https:\/\/i0.wp.com\/blogdobispo.com.br\/wp-content\/uploads\/2024\/03\/f57fea75-f741-41f3-921d-61bff2697dcd-1.jpg?w=720&amp;ssl=1 720w\" sizes=\"(max-width: 576px) 100vw, 576px\" \/><\/figure>\n\n\n\n<p><\/p>\n\n\n\n<p>H\u00e1 2 dias, o senhor Jos\u00e9 Francisco de Oliveira, de 89 anos, deu entrada na UPA &#8211; unidade de pronto atendimento do bairro Potengi, na Zona Norte de Natal, apresentando insufici\u00eancia respirat\u00f3ria aguda grave, com possibilidade de ter sofrido infarto do mioc\u00e1rdio, embolia pulmonar e pneumonia.<\/p>\n\n\n\n<p>Diante da necessidade do uso de ventila\u00e7\u00e3o mec\u00e2nica invasiva, hemodi\u00e1lise e outros procedimentos para salv\u00e1-lo da morte, \u00e9 necess\u00e1ria a transfer\u00eancia do paciente para uma UTI. Sem plano de sa\u00fade, a fam\u00edlia buscou um leito de UTI na rede p\u00fablica, por\u00e9m, a SESAP negou o acolhimento, justificando que todos os leitos est\u00e3o ocupados.<\/p>\n\n\n\n<p>Ciente dos seus direitos, a fam\u00edlia entrou com uma a\u00e7\u00e3o na justi\u00e7a estadual, reivindicando o atendimento, mesmo que seja na rede privada, com o governo arcando os custos. Mesmo com a limitar concedida, a SESAP ainda n\u00e3o deu not\u00edcias fam\u00edlia, sobre como disponibilizar um leito adequado para receber o senhor Jos\u00e9 .<\/p>\n\n\n\n<p>A fam\u00edlia est\u00e1 desesperada e o paciente, sem o atendimento adequado, pode falecer a qualquer momento. A pergunta que fica \u00e9 a seguinte: at\u00e9 quando teremos de presenciar este tipo de noticia? At\u00e9 quando os potiguares, mesmo com perspectiva de sobreviv\u00eancia, seguir\u00e3o morrendo por neglig\u00eancia da SESAP\/Governo do Estado?<\/p>\n\n\n\n<p>Vereador Preto Aquino<br>Natal-RN<br>24\/05\/2024<\/p>\n","protected":false},"excerpt":{"rendered":"<p>H\u00e1 2 dias, o senhor Jos\u00e9 Francisco de Oliveira, de 89 anos, deu entrada na UPA &#8211; unidade de pronto atendimento do bairro Potengi, na Zona Norte de Natal, apresentando insufici\u00eancia respirat\u00f3ria aguda grave, com possibilidade de ter sofrido infarto do mioc\u00e1rdio, embolia pulmonar e pneumonia. Diante da necessidade do uso de ventila\u00e7\u00e3o mec\u00e2nica invasiva, [&hellip;]<\/p>\n","protected":false},"author":1,"featured_media":0,"comment_status":"open","ping_status":"open","sticky":false,"template":"","format":"standard","meta":{"cybocfi_hide_featured_image":"","_jetpack_memberships_contains_paid_content":false,"footnotes":""},"categories":[1],"tags":[],"class_list":["post-2982","post","type-post","status-publish","format-standard","hentry","category-diversos"],"yoast_head":"<!-- This site is optimized with the Yoast SEO plugin v25.6 - https:\/\/yoast.com\/wordpress\/plugins\/seo\/ -->\n<title>IDOSO DE QUASE 90 ANOS PODE MORRER POR NEGLIG\u00caNCIA DO GOVERNO DO ESTADO - Blog do Bispo<\/title>\n<meta name=\"robots\" content=\"index, follow, max-snippet:-1, max-image-preview:large, max-video-preview:-1\" \/>\n<link rel=\"canonical\" href=\"https:\/\/blogdobispo.com.br\/?p=2982\" \/>\n<meta property=\"og:locale\" content=\"pt_BR\" \/>\n<meta property=\"og:type\" content=\"article\" \/>\n<meta property=\"og:title\" content=\"IDOSO DE QUASE 90 ANOS PODE MORRER POR NEGLIG\u00caNCIA DO GOVERNO DO ESTADO - Blog do Bispo\" \/>\n<meta property=\"og:description\" content=\"H\u00e1 2 dias, o senhor Jos\u00e9 Francisco de Oliveira, de 89 anos, deu entrada na UPA &#8211; unidade de pronto atendimento do bairro Potengi, na Zona Norte de Natal, apresentando insufici\u00eancia respirat\u00f3ria aguda grave, com possibilidade de ter sofrido infarto do mioc\u00e1rdio, embolia pulmonar e pneumonia. Diante da necessidade do uso de ventila\u00e7\u00e3o mec\u00e2nica invasiva, [&hellip;]\" \/>\n<meta property=\"og:url\" content=\"https:\/\/blogdobispo.com.br\/?p=2982\" \/>\n<meta property=\"og:site_name\" content=\"Blog do Bispo\" \/>\n<meta property=\"article:published_time\" content=\"2024-03-25T01:17:39+00:00\" \/>\n<meta property=\"og:image\" content=\"https:\/\/blogdobispo.com.br\/wp-content\/uploads\/2024\/03\/f57fea75-f741-41f3-921d-61bff2697dcd-1-576x1024.jpg\" \/>\n<meta name=\"author\" content=\"Jefferson Sterfeno\" \/>\n<meta name=\"twitter:card\" content=\"summary_large_image\" \/>\n<meta name=\"twitter:label1\" content=\"Escrito por\" \/>\n\t<meta name=\"twitter:data1\" content=\"Jefferson Sterfeno\" \/>\n\t<meta name=\"twitter:label2\" content=\"Est. tempo de leitura\" \/>\n\t<meta name=\"twitter:data2\" content=\"1 minuto\" \/>\n<script type=\"application\/ld+json\" class=\"yoast-schema-graph\">{\"@context\":\"https:\/\/schema.org\",\"@graph\":[{\"@type\":\"Article\",\"@id\":\"https:\/\/blogdobispo.com.br\/?p=2982#article\",\"isPartOf\":{\"@id\":\"https:\/\/blogdobispo.com.br\/?p=2982\"},\"author\":{\"name\":\"Jefferson Sterfeno\",\"@id\":\"https:\/\/blogdobispo.com.br\/#\/schema\/person\/e2209cc0e6cea5c5233d033e997b373f\"},\"headline\":\"IDOSO DE QUASE 90 ANOS PODE MORRER POR NEGLIG\u00caNCIA DO GOVERNO DO ESTADO\",\"datePublished\":\"2024-03-25T01:17:39+00:00\",\"mainEntityOfPage\":{\"@id\":\"https:\/\/blogdobispo.com.br\/?p=2982\"},\"wordCount\":236,\"commentCount\":0,\"publisher\":{\"@id\":\"https:\/\/blogdobispo.com.br\/#organization\"},\"image\":{\"@id\":\"https:\/\/blogdobispo.com.br\/?p=2982#primaryimage\"},\"thumbnailUrl\":\"https:\/\/blogdobispo.com.br\/wp-content\/uploads\/2024\/03\/f57fea75-f741-41f3-921d-61bff2697dcd-1-576x1024.jpg\",\"articleSection\":[\"diversos\"],\"inLanguage\":\"pt-BR\",\"potentialAction\":[{\"@type\":\"CommentAction\",\"name\":\"Comment\",\"target\":[\"https:\/\/blogdobispo.com.br\/?p=2982#respond\"]}]},{\"@type\":\"WebPage\",\"@id\":\"https:\/\/blogdobispo.com.br\/?p=2982\",\"url\":\"https:\/\/blogdobispo.com.br\/?p=2982\",\"name\":\"IDOSO DE QUASE 90 ANOS PODE MORRER POR NEGLIG\u00caNCIA DO GOVERNO DO ESTADO - Blog do Bispo\",\"isPartOf\":{\"@id\":\"https:\/\/blogdobispo.com.br\/#website\"},\"primaryImageOfPage\":{\"@id\":\"https:\/\/blogdobispo.com.br\/?p=2982#primaryimage\"},\"image\":{\"@id\":\"https:\/\/blogdobispo.com.br\/?p=2982#primaryimage\"},\"thumbnailUrl\":\"https:\/\/blogdobispo.com.br\/wp-content\/uploads\/2024\/03\/f57fea75-f741-41f3-921d-61bff2697dcd-1-576x1024.jpg\",\"datePublished\":\"2024-03-25T01:17:39+00:00\",\"breadcrumb\":{\"@id\":\"https:\/\/blogdobispo.com.br\/?p=2982#breadcrumb\"},\"inLanguage\":\"pt-BR\",\"potentialAction\":[{\"@type\":\"ReadAction\",\"target\":[\"https:\/\/blogdobispo.com.br\/?p=2982\"]}]},{\"@type\":\"ImageObject\",\"inLanguage\":\"pt-BR\",\"@id\":\"https:\/\/blogdobispo.com.br\/?p=2982#primaryimage\",\"url\":\"https:\/\/blogdobispo.com.br\/wp-content\/uploads\/2024\/03\/f57fea75-f741-41f3-921d-61bff2697dcd-1-576x1024.jpg\",\"contentUrl\":\"https:\/\/blogdobispo.com.br\/wp-content\/uploads\/2024\/03\/f57fea75-f741-41f3-921d-61bff2697dcd-1-576x1024.jpg\"},{\"@type\":\"BreadcrumbList\",\"@id\":\"https:\/\/blogdobispo.com.br\/?p=2982#breadcrumb\",\"itemListElement\":[{\"@type\":\"ListItem\",\"position\":1,\"name\":\"In\u00edcio\",\"item\":\"https:\/\/blogdobispo.com.br\/\"},{\"@type\":\"ListItem\",\"position\":2,\"name\":\"IDOSO DE QUASE 90 ANOS PODE MORRER POR NEGLIG\u00caNCIA DO GOVERNO DO ESTADO\"}]},{\"@type\":\"WebSite\",\"@id\":\"https:\/\/blogdobispo.com.br\/#website\",\"url\":\"https:\/\/blogdobispo.com.br\/\",\"name\":\"Blog do Bispo\",\"description\":\"Comprometido apenas com o leitor\",\"publisher\":{\"@id\":\"https:\/\/blogdobispo.com.br\/#organization\"},\"potentialAction\":[{\"@type\":\"SearchAction\",\"target\":{\"@type\":\"EntryPoint\",\"urlTemplate\":\"https:\/\/blogdobispo.com.br\/?s={search_term_string}\"},\"query-input\":{\"@type\":\"PropertyValueSpecification\",\"valueRequired\":true,\"valueName\":\"search_term_string\"}}],\"inLanguage\":\"pt-BR\"},{\"@type\":\"Organization\",\"@id\":\"https:\/\/blogdobispo.com.br\/#organization\",\"name\":\"Blog do Bispo\",\"url\":\"https:\/\/blogdobispo.com.br\/\",\"logo\":{\"@type\":\"ImageObject\",\"inLanguage\":\"pt-BR\",\"@id\":\"https:\/\/blogdobispo.com.br\/#\/schema\/logo\/image\/\",\"url\":\"http:\/\/blogdobispo.com.br\/wp-content\/uploads\/2023\/05\/cropped-headear.png\",\"contentUrl\":\"http:\/\/blogdobispo.com.br\/wp-content\/uploads\/2023\/05\/cropped-headear.png\",\"width\":1500,\"height\":399,\"caption\":\"Blog do Bispo\"},\"image\":{\"@id\":\"https:\/\/blogdobispo.com.br\/#\/schema\/logo\/image\/\"}},{\"@type\":\"Person\",\"@id\":\"https:\/\/blogdobispo.com.br\/#\/schema\/person\/e2209cc0e6cea5c5233d033e997b373f\",\"name\":\"Jefferson Sterfeno\",\"image\":{\"@type\":\"ImageObject\",\"inLanguage\":\"pt-BR\",\"@id\":\"https:\/\/blogdobispo.com.br\/#\/schema\/person\/image\/\",\"url\":\"https:\/\/secure.gravatar.com\/avatar\/0534e84764641168a677026b6d57a3f51dc7ac4db0b4f6186d9cb330d4ee1160?s=96&d=mm&r=g\",\"contentUrl\":\"https:\/\/secure.gravatar.com\/avatar\/0534e84764641168a677026b6d57a3f51dc7ac4db0b4f6186d9cb330d4ee1160?s=96&d=mm&r=g\",\"caption\":\"Jefferson Sterfeno\"},\"sameAs\":[\"http:\/\/blogdobispo.com.br\"],\"url\":\"https:\/\/blogdobispo.com.br\/?author=1\"}]}<\/script>\n<!-- \/ Yoast SEO plugin. -->","yoast_head_json":{"title":"IDOSO DE QUASE 90 ANOS PODE MORRER POR NEGLIG\u00caNCIA DO GOVERNO DO ESTADO - Blog do Bispo","robots":{"index":"index","follow":"follow","max-snippet":"max-snippet:-1","max-image-preview":"max-image-preview:large","max-video-preview":"max-video-preview:-1"},"canonical":"https:\/\/blogdobispo.com.br\/?p=2982","og_locale":"pt_BR","og_type":"article","og_title":"IDOSO DE QUASE 90 ANOS PODE MORRER POR NEGLIG\u00caNCIA DO GOVERNO DO ESTADO - Blog do Bispo","og_description":"H\u00e1 2 dias, o senhor Jos\u00e9 Francisco de Oliveira, de 89 anos, deu entrada na UPA &#8211; unidade de pronto atendimento do bairro Potengi, na Zona Norte de Natal, apresentando insufici\u00eancia respirat\u00f3ria aguda grave, com possibilidade de ter sofrido infarto do mioc\u00e1rdio, embolia pulmonar e pneumonia. Diante da necessidade do uso de ventila\u00e7\u00e3o mec\u00e2nica invasiva, [&hellip;]","og_url":"https:\/\/blogdobispo.com.br\/?p=2982","og_site_name":"Blog do Bispo","article_published_time":"2024-03-25T01:17:39+00:00","og_image":[{"url":"https:\/\/blogdobispo.com.br\/wp-content\/uploads\/2024\/03\/f57fea75-f741-41f3-921d-61bff2697dcd-1-576x1024.jpg","type":"","width":"","height":""}],"author":"Jefferson Sterfeno","twitter_card":"summary_large_image","twitter_misc":{"Escrito por":"Jefferson Sterfeno","Est. tempo de leitura":"1 minuto"},"schema":{"@context":"https:\/\/schema.org","@graph":[{"@type":"Article","@id":"https:\/\/blogdobispo.com.br\/?p=2982#article","isPartOf":{"@id":"https:\/\/blogdobispo.com.br\/?p=2982"},"author":{"name":"Jefferson Sterfeno","@id":"https:\/\/blogdobispo.com.br\/#\/schema\/person\/e2209cc0e6cea5c5233d033e997b373f"},"headline":"IDOSO DE QUASE 90 ANOS PODE MORRER POR NEGLIG\u00caNCIA DO GOVERNO DO ESTADO","datePublished":"2024-03-25T01:17:39+00:00","mainEntityOfPage":{"@id":"https:\/\/blogdobispo.com.br\/?p=2982"},"wordCount":236,"commentCount":0,"publisher":{"@id":"https:\/\/blogdobispo.com.br\/#organization"},"image":{"@id":"https:\/\/blogdobispo.com.br\/?p=2982#primaryimage"},"thumbnailUrl":"https:\/\/blogdobispo.com.br\/wp-content\/uploads\/2024\/03\/f57fea75-f741-41f3-921d-61bff2697dcd-1-576x1024.jpg","articleSection":["diversos"],"inLanguage":"pt-BR","potentialAction":[{"@type":"CommentAction","name":"Comment","target":["https:\/\/blogdobispo.com.br\/?p=2982#respond"]}]},{"@type":"WebPage","@id":"https:\/\/blogdobispo.com.br\/?p=2982","url":"https:\/\/blogdobispo.com.br\/?p=2982","name":"IDOSO DE QUASE 90 ANOS PODE MORRER POR NEGLIG\u00caNCIA DO GOVERNO DO ESTADO - Blog do Bispo","isPartOf":{"@id":"https:\/\/blogdobispo.com.br\/#website"},"primaryImageOfPage":{"@id":"https:\/\/blogdobispo.com.br\/?p=2982#primaryimage"},"image":{"@id":"https:\/\/blogdobispo.com.br\/?p=2982#primaryimage"},"thumbnailUrl":"https:\/\/blogdobispo.com.br\/wp-content\/uploads\/2024\/03\/f57fea75-f741-41f3-921d-61bff2697dcd-1-576x1024.jpg","datePublished":"2024-03-25T01:17:39+00:00","breadcrumb":{"@id":"https:\/\/blogdobispo.com.br\/?p=2982#breadcrumb"},"inLanguage":"pt-BR","potentialAction":[{"@type":"ReadAction","target":["https:\/\/blogdobispo.com.br\/?p=2982"]}]},{"@type":"ImageObject","inLanguage":"pt-BR","@id":"https:\/\/blogdobispo.com.br\/?p=2982#primaryimage","url":"https:\/\/blogdobispo.com.br\/wp-content\/uploads\/2024\/03\/f57fea75-f741-41f3-921d-61bff2697dcd-1-576x1024.jpg","contentUrl":"https:\/\/blogdobispo.com.br\/wp-content\/uploads\/2024\/03\/f57fea75-f741-41f3-921d-61bff2697dcd-1-576x1024.jpg"},{"@type":"BreadcrumbList","@id":"https:\/\/blogdobispo.com.br\/?p=2982#breadcrumb","itemListElement":[{"@type":"ListItem","position":1,"name":"In\u00edcio","item":"https:\/\/blogdobispo.com.br\/"},{"@type":"ListItem","position":2,"name":"IDOSO DE QUASE 90 ANOS PODE MORRER POR NEGLIG\u00caNCIA DO GOVERNO DO ESTADO"}]},{"@type":"WebSite","@id":"https:\/\/blogdobispo.com.br\/#website","url":"https:\/\/blogdobispo.com.br\/","name":"Blog do Bispo","description":"Comprometido apenas com o leitor","publisher":{"@id":"https:\/\/blogdobispo.com.br\/#organization"},"potentialAction":[{"@type":"SearchAction","target":{"@type":"EntryPoint","urlTemplate":"https:\/\/blogdobispo.com.br\/?s={search_term_string}"},"query-input":{"@type":"PropertyValueSpecification","valueRequired":true,"valueName":"search_term_string"}}],"inLanguage":"pt-BR"},{"@type":"Organization","@id":"https:\/\/blogdobispo.com.br\/#organization","name":"Blog do Bispo","url":"https:\/\/blogdobispo.com.br\/","logo":{"@type":"ImageObject","inLanguage":"pt-BR","@id":"https:\/\/blogdobispo.com.br\/#\/schema\/logo\/image\/","url":"http:\/\/blogdobispo.com.br\/wp-content\/uploads\/2023\/05\/cropped-headear.png","contentUrl":"http:\/\/blogdobispo.com.br\/wp-content\/uploads\/2023\/05\/cropped-headear.png","width":1500,"height":399,"caption":"Blog do Bispo"},"image":{"@id":"https:\/\/blogdobispo.com.br\/#\/schema\/logo\/image\/"}},{"@type":"Person","@id":"https:\/\/blogdobispo.com.br\/#\/schema\/person\/e2209cc0e6cea5c5233d033e997b373f","name":"Jefferson Sterfeno","image":{"@type":"ImageObject","inLanguage":"pt-BR","@id":"https:\/\/blogdobispo.com.br\/#\/schema\/person\/image\/","url":"https:\/\/secure.gravatar.com\/avatar\/0534e84764641168a677026b6d57a3f51dc7ac4db0b4f6186d9cb330d4ee1160?s=96&d=mm&r=g","contentUrl":"https:\/\/secure.gravatar.com\/avatar\/0534e84764641168a677026b6d57a3f51dc7ac4db0b4f6186d9cb330d4ee1160?s=96&d=mm&r=g","caption":"Jefferson Sterfeno"},"sameAs":["http:\/\/blogdobispo.com.br"],"url":"https:\/\/blogdobispo.com.br\/?author=1"}]}},"featured_image_urls":{"full":"","thumbnail":"","medium":"","medium_large":"","large":"","1536x1536":"","2048x2048":""},"author_info":{"display_name":"Jefferson Sterfeno","author_link":"https:\/\/blogdobispo.com.br\/?author=1"},"category_info":"<a href=\"https:\/\/blogdobispo.com.br\/?cat=1\" rel=\"category\">diversos<\/a>","tag_info":"diversos","comment_count":"0","jetpack_featured_media_url":"","jetpack_sharing_enabled":true,"_links":{"self":[{"href":"https:\/\/blogdobispo.com.br\/index.php?rest_route=\/wp\/v2\/posts\/2982","targetHints":{"allow":["GET"]}}],"collection":[{"href":"https:\/\/blogdobispo.com.br\/index.php?rest_route=\/wp\/v2\/posts"}],"about":[{"href":"https:\/\/blogdobispo.com.br\/index.php?rest_route=\/wp\/v2\/types\/post"}],"author":[{"embeddable":true,"href":"https:\/\/blogdobispo.com.br\/index.php?rest_route=\/wp\/v2\/users\/1"}],"replies":[{"embeddable":true,"href":"https:\/\/blogdobispo.com.br\/index.php?rest_route=%2Fwp%2Fv2%2Fcomments&post=2982"}],"version-history":[{"count":0,"href":"https:\/\/blogdobispo.com.br\/index.php?rest_route=\/wp\/v2\/posts\/2982\/revisions"}],"wp:attachment":[{"href":"https:\/\/blogdobispo.com.br\/index.php?rest_route=%2Fwp%2Fv2%2Fmedia&parent=2982"}],"wp:term":[{"taxonomy":"category","embeddable":true,"href":"https:\/\/blogdobispo.com.br\/index.php?rest_route=%2Fwp%2Fv2%2Fcategories&post=2982"},{"taxonomy":"post_tag","embeddable":true,"href":"https:\/\/blogdobispo.com.br\/index.php?rest_route=%2Fwp%2Fv2%2Ftags&post=2982"}],"curies":[{"name":"wp","href":"https:\/\/api.w.org\/{rel}","templated":true}]}}