{"id":2965,"date":"2024-03-21T22:33:56","date_gmt":"2024-03-21T22:33:56","guid":{"rendered":"https:\/\/blogdobispo.com.br\/?p=2965"},"modified":"2024-03-21T22:33:56","modified_gmt":"2024-03-21T22:33:56","slug":"prefeitura-vai-construir-vestiarios-no-campo-do-jiqui","status":"publish","type":"post","link":"https:\/\/blogdobispo.com.br\/?p=2965","title":{"rendered":"Prefeitura vai construir vesti\u00e1rios no Campo do Jiqui&nbsp;"},"content":{"rendered":"\n<figure class=\"wp-block-image size-large\"><img data-recalc-dims=\"1\" fetchpriority=\"high\" decoding=\"async\" width=\"800\" height=\"534\" src=\"https:\/\/i0.wp.com\/blogdobispo.com.br\/wp-content\/uploads\/2024\/03\/ordem-de-servico-vestiario-de-campo-do-jiqui-foto-joana-lima-1024x683.jpg?resize=800%2C534&#038;ssl=1\" class=\"wp-image-2964\" srcset=\"https:\/\/i0.wp.com\/blogdobispo.com.br\/wp-content\/uploads\/2024\/03\/ordem-de-servico-vestiario-de-campo-do-jiqui-foto-joana-lima.jpg?resize=1024%2C683&amp;ssl=1 1024w, https:\/\/i0.wp.com\/blogdobispo.com.br\/wp-content\/uploads\/2024\/03\/ordem-de-servico-vestiario-de-campo-do-jiqui-foto-joana-lima.jpg?resize=300%2C200&amp;ssl=1 300w, https:\/\/i0.wp.com\/blogdobispo.com.br\/wp-content\/uploads\/2024\/03\/ordem-de-servico-vestiario-de-campo-do-jiqui-foto-joana-lima.jpg?resize=768%2C512&amp;ssl=1 768w, https:\/\/i0.wp.com\/blogdobispo.com.br\/wp-content\/uploads\/2024\/03\/ordem-de-servico-vestiario-de-campo-do-jiqui-foto-joana-lima.jpg?resize=1536%2C1024&amp;ssl=1 1536w, https:\/\/i0.wp.com\/blogdobispo.com.br\/wp-content\/uploads\/2024\/03\/ordem-de-servico-vestiario-de-campo-do-jiqui-foto-joana-lima.jpg?w=1600&amp;ssl=1 1600w\" sizes=\"(max-width: 800px) 100vw, 800px\" \/><\/figure>\n\n\n\n<p><\/p>\n\n\n\n<p>O prefeito de Natal, \u00c1lvaro Dias, assinou a Ordem de Servi\u00e7o para a&nbsp;constru\u00e7\u00e3o dos vesti\u00e1rios do Campo de Futebol do bairro do Jiqui, na&nbsp;Zona Sul da capital potiguar. A cerim\u00f4nia foi realizada nesta quinta-feira&nbsp;(21), no Pal\u00e1cio Felipe Camar\u00e3o, sede da Prefeitura.&nbsp;<\/p>\n\n\n\n<p>O investimento feito pela gest\u00e3o municipal \u00e9 de aproximadamente&nbsp;R$ 250 mil e a obra \u00e9 importante para potencializar o uso do&nbsp;equipamento esportivo, que j\u00e1 recebeu outras melhorias recentes da&nbsp;Prefeitura de Natal.&nbsp;<\/p>\n\n\n\n<p>O campo de futebol, que atende a escolinhas gratuitas para comunidade,&nbsp;de 7 a 16 anos, tamb\u00e9m \u00e9 utilizado para momentos de lazer e atividades&nbsp;f\u00edsicas, com jogos de futebol coordenados pelo Centro Desportivo do&nbsp;bairro, cujo presidente, Jos\u00e9 Carlos Bezerra &#8211; Ded\u00e9, compareceu ao&nbsp;evento.&nbsp;<\/p>\n\n\n\n<p>O prefeito lembrou que o campo do Jiqui atende tamb\u00e9m \u00e0s demandas&nbsp;dos bairros de Pirangi e Ne\u00f3polis e que desde o ano passado j\u00e1 funciona&nbsp;com a ilumina\u00e7\u00e3o em LED. \u201cEssa nova interven\u00e7\u00e3o nossa ser\u00e1&nbsp;respons\u00e1vel pela melhoria no equipamento esportivo, com a constru\u00e7\u00e3o&nbsp;de dois vesti\u00e1rios (para dois times) e mais um banheiro adaptado para&nbsp;pessoas com defici\u00eancia. Esperamos com isso atender cada vez mais&nbsp;pessoas. O esporte \u00e9 uma prioridade para n\u00f3s\u201d, refor\u00e7ou.&nbsp;<\/p>\n\n\n\n<p>O prefeito \u00c1lvaro Dias citou investimentos em v\u00e1rias \u00e1reas esportivas em&nbsp;Natal. Segundo dados da Secretaria de Esportes e Lazer (SEL), todos os&nbsp;20 campos p\u00fablicos da cidade est\u00e3o iluminados com LED, sete destes&nbsp;possuem irriga\u00e7\u00e3o autom\u00e1tica, tr\u00eas possuem vesti\u00e1rios j\u00e1 constru\u00eddos,&nbsp;um est\u00e1 em constru\u00e7\u00e3o e dois ser\u00e3o iniciados. &nbsp;<\/p>\n\n\n\n<p>\u201cQuero lembrar que tamb\u00e9m j\u00e1 entregamos cinco quadras cobertas e&nbsp;quatro est\u00e3o com obras em andamento. Nosso projeto de construir uma&nbsp;cidade para as pessoas inclui o esporte como uma frente importante\u201d,&nbsp;explicou o prefeito \u00c1lvaro Dias.&nbsp;<\/p>\n\n\n\n<p>Na Zona Norte, na \u00e1rea esportiva, entre outras obras em pra\u00e7as e&nbsp;escolas, \u00c1lvaro Dias relembrou a reforma no gin\u00e1sio N\u00e9lio Dias, onde&nbsp;foram investidos mais de R$ 2 milh\u00f5es, e a constru\u00e7\u00e3o do complexo&nbsp;esportivo Jorge Moura. &nbsp;&nbsp;<\/p>\n\n\n\n<hr class=\"wp-block-separator has-alpha-channel-opacity\"\/>\n\n\n\n<p><\/p>\n\n\n\n<p>A secret\u00e1ria municipal de Esporte e Lazer, J\u00f3dia Melo, elogiou o prefeito&nbsp;\u00c1lvaro Dias pelo empenho e relembrou sua rela\u00e7\u00e3o antiga com o esporte,&nbsp;quando foi presidente do Corintians de Caic\u00f3 e conquistou o t\u00edtulo de&nbsp;campe\u00e3o potiguar, at\u00e9 ent\u00e3o in\u00e9dito para um clube do interior. &nbsp;<\/p>\n\n\n\n<p>\u201cO prefeito \u00c1lvaro Dias cumpre com seu plano de governo apresentado&nbsp;ao povo de Natal. A Prefeitura est\u00e1 transformando em realidade tudo o&nbsp;que prometeu atrav\u00e9s de amplos investimentos no esporte &#8220;, disse.&nbsp;<\/p>\n\n\n\n<p>Al\u00e9m de secret\u00e1rios municipais, assessores e servidores, representantes&nbsp;das comunidades, vereadores e a imprensa compareceram \u00e0 solenidade,&nbsp;conclu\u00edda com a assinatura da Ordem de Servi\u00e7o.&nbsp;<\/p>\n","protected":false},"excerpt":{"rendered":"<p>O prefeito de Natal, \u00c1lvaro Dias, assinou a Ordem de Servi\u00e7o para a&nbsp;constru\u00e7\u00e3o dos vesti\u00e1rios do Campo de Futebol do bairro do Jiqui, na&nbsp;Zona Sul da capital potiguar. A cerim\u00f4nia foi realizada nesta quinta-feira&nbsp;(21), no Pal\u00e1cio Felipe Camar\u00e3o, sede da Prefeitura.&nbsp; O investimento feito pela gest\u00e3o municipal \u00e9 de aproximadamente&nbsp;R$ 250 mil e a obra [&hellip;]<\/p>\n","protected":false},"author":1,"featured_media":0,"comment_status":"open","ping_status":"open","sticky":false,"template":"","format":"standard","meta":{"cybocfi_hide_featured_image":"","_jetpack_memberships_contains_paid_content":false,"footnotes":""},"categories":[1],"tags":[],"class_list":["post-2965","post","type-post","status-publish","format-standard","hentry","category-diversos"],"yoast_head":"<!-- This site is optimized with the Yoast SEO plugin v25.6 - https:\/\/yoast.com\/wordpress\/plugins\/seo\/ -->\n<title>Prefeitura vai construir vesti\u00e1rios no Campo do Jiqui&nbsp; - Blog do Bispo<\/title>\n<meta name=\"robots\" content=\"index, follow, max-snippet:-1, max-image-preview:large, max-video-preview:-1\" \/>\n<link rel=\"canonical\" href=\"https:\/\/blogdobispo.com.br\/?p=2965\" \/>\n<meta property=\"og:locale\" content=\"pt_BR\" \/>\n<meta property=\"og:type\" content=\"article\" \/>\n<meta property=\"og:title\" content=\"Prefeitura vai construir vesti\u00e1rios no Campo do Jiqui&nbsp; - Blog do Bispo\" \/>\n<meta property=\"og:description\" content=\"O prefeito de Natal, \u00c1lvaro Dias, assinou a Ordem de Servi\u00e7o para a&nbsp;constru\u00e7\u00e3o dos vesti\u00e1rios do Campo de Futebol do bairro do Jiqui, na&nbsp;Zona Sul da capital potiguar. A cerim\u00f4nia foi realizada nesta quinta-feira&nbsp;(21), no Pal\u00e1cio Felipe Camar\u00e3o, sede da Prefeitura.&nbsp; O investimento feito pela gest\u00e3o municipal \u00e9 de aproximadamente&nbsp;R$ 250 mil e a obra [&hellip;]\" \/>\n<meta property=\"og:url\" content=\"https:\/\/blogdobispo.com.br\/?p=2965\" \/>\n<meta property=\"og:site_name\" content=\"Blog do Bispo\" \/>\n<meta property=\"article:published_time\" content=\"2024-03-21T22:33:56+00:00\" \/>\n<meta property=\"og:image\" content=\"https:\/\/blogdobispo.com.br\/wp-content\/uploads\/2024\/03\/ordem-de-servico-vestiario-de-campo-do-jiqui-foto-joana-lima-1024x683.jpg\" \/>\n<meta name=\"author\" content=\"Jefferson Sterfeno\" \/>\n<meta name=\"twitter:card\" content=\"summary_large_image\" \/>\n<meta name=\"twitter:label1\" content=\"Escrito por\" \/>\n\t<meta name=\"twitter:data1\" content=\"Jefferson Sterfeno\" \/>\n\t<meta name=\"twitter:label2\" content=\"Est. tempo de leitura\" \/>\n\t<meta name=\"twitter:data2\" content=\"3 minutos\" \/>\n<script type=\"application\/ld+json\" class=\"yoast-schema-graph\">{\"@context\":\"https:\/\/schema.org\",\"@graph\":[{\"@type\":\"Article\",\"@id\":\"https:\/\/blogdobispo.com.br\/?p=2965#article\",\"isPartOf\":{\"@id\":\"https:\/\/blogdobispo.com.br\/?p=2965\"},\"author\":{\"name\":\"Jefferson Sterfeno\",\"@id\":\"https:\/\/blogdobispo.com.br\/#\/schema\/person\/e2209cc0e6cea5c5233d033e997b373f\"},\"headline\":\"Prefeitura vai construir vesti\u00e1rios no Campo do Jiqui&nbsp;\",\"datePublished\":\"2024-03-21T22:33:56+00:00\",\"mainEntityOfPage\":{\"@id\":\"https:\/\/blogdobispo.com.br\/?p=2965\"},\"wordCount\":519,\"commentCount\":0,\"publisher\":{\"@id\":\"https:\/\/blogdobispo.com.br\/#organization\"},\"image\":{\"@id\":\"https:\/\/blogdobispo.com.br\/?p=2965#primaryimage\"},\"thumbnailUrl\":\"https:\/\/blogdobispo.com.br\/wp-content\/uploads\/2024\/03\/ordem-de-servico-vestiario-de-campo-do-jiqui-foto-joana-lima-1024x683.jpg\",\"articleSection\":[\"diversos\"],\"inLanguage\":\"pt-BR\",\"potentialAction\":[{\"@type\":\"CommentAction\",\"name\":\"Comment\",\"target\":[\"https:\/\/blogdobispo.com.br\/?p=2965#respond\"]}]},{\"@type\":\"WebPage\",\"@id\":\"https:\/\/blogdobispo.com.br\/?p=2965\",\"url\":\"https:\/\/blogdobispo.com.br\/?p=2965\",\"name\":\"Prefeitura vai construir vesti\u00e1rios no Campo do Jiqui&nbsp; - Blog do Bispo\",\"isPartOf\":{\"@id\":\"https:\/\/blogdobispo.com.br\/#website\"},\"primaryImageOfPage\":{\"@id\":\"https:\/\/blogdobispo.com.br\/?p=2965#primaryimage\"},\"image\":{\"@id\":\"https:\/\/blogdobispo.com.br\/?p=2965#primaryimage\"},\"thumbnailUrl\":\"https:\/\/blogdobispo.com.br\/wp-content\/uploads\/2024\/03\/ordem-de-servico-vestiario-de-campo-do-jiqui-foto-joana-lima-1024x683.jpg\",\"datePublished\":\"2024-03-21T22:33:56+00:00\",\"breadcrumb\":{\"@id\":\"https:\/\/blogdobispo.com.br\/?p=2965#breadcrumb\"},\"inLanguage\":\"pt-BR\",\"potentialAction\":[{\"@type\":\"ReadAction\",\"target\":[\"https:\/\/blogdobispo.com.br\/?p=2965\"]}]},{\"@type\":\"ImageObject\",\"inLanguage\":\"pt-BR\",\"@id\":\"https:\/\/blogdobispo.com.br\/?p=2965#primaryimage\",\"url\":\"https:\/\/blogdobispo.com.br\/wp-content\/uploads\/2024\/03\/ordem-de-servico-vestiario-de-campo-do-jiqui-foto-joana-lima-1024x683.jpg\",\"contentUrl\":\"https:\/\/blogdobispo.com.br\/wp-content\/uploads\/2024\/03\/ordem-de-servico-vestiario-de-campo-do-jiqui-foto-joana-lima-1024x683.jpg\"},{\"@type\":\"BreadcrumbList\",\"@id\":\"https:\/\/blogdobispo.com.br\/?p=2965#breadcrumb\",\"itemListElement\":[{\"@type\":\"ListItem\",\"position\":1,\"name\":\"In\u00edcio\",\"item\":\"https:\/\/blogdobispo.com.br\/\"},{\"@type\":\"ListItem\",\"position\":2,\"name\":\"Prefeitura vai construir vesti\u00e1rios no Campo do Jiqui&nbsp;\"}]},{\"@type\":\"WebSite\",\"@id\":\"https:\/\/blogdobispo.com.br\/#website\",\"url\":\"https:\/\/blogdobispo.com.br\/\",\"name\":\"Blog do Bispo\",\"description\":\"Comprometido apenas com o leitor\",\"publisher\":{\"@id\":\"https:\/\/blogdobispo.com.br\/#organization\"},\"potentialAction\":[{\"@type\":\"SearchAction\",\"target\":{\"@type\":\"EntryPoint\",\"urlTemplate\":\"https:\/\/blogdobispo.com.br\/?s={search_term_string}\"},\"query-input\":{\"@type\":\"PropertyValueSpecification\",\"valueRequired\":true,\"valueName\":\"search_term_string\"}}],\"inLanguage\":\"pt-BR\"},{\"@type\":\"Organization\",\"@id\":\"https:\/\/blogdobispo.com.br\/#organization\",\"name\":\"Blog do Bispo\",\"url\":\"https:\/\/blogdobispo.com.br\/\",\"logo\":{\"@type\":\"ImageObject\",\"inLanguage\":\"pt-BR\",\"@id\":\"https:\/\/blogdobispo.com.br\/#\/schema\/logo\/image\/\",\"url\":\"http:\/\/blogdobispo.com.br\/wp-content\/uploads\/2023\/05\/cropped-headear.png\",\"contentUrl\":\"http:\/\/blogdobispo.com.br\/wp-content\/uploads\/2023\/05\/cropped-headear.png\",\"width\":1500,\"height\":399,\"caption\":\"Blog do Bispo\"},\"image\":{\"@id\":\"https:\/\/blogdobispo.com.br\/#\/schema\/logo\/image\/\"}},{\"@type\":\"Person\",\"@id\":\"https:\/\/blogdobispo.com.br\/#\/schema\/person\/e2209cc0e6cea5c5233d033e997b373f\",\"name\":\"Jefferson Sterfeno\",\"image\":{\"@type\":\"ImageObject\",\"inLanguage\":\"pt-BR\",\"@id\":\"https:\/\/blogdobispo.com.br\/#\/schema\/person\/image\/\",\"url\":\"https:\/\/secure.gravatar.com\/avatar\/0534e84764641168a677026b6d57a3f51dc7ac4db0b4f6186d9cb330d4ee1160?s=96&d=mm&r=g\",\"contentUrl\":\"https:\/\/secure.gravatar.com\/avatar\/0534e84764641168a677026b6d57a3f51dc7ac4db0b4f6186d9cb330d4ee1160?s=96&d=mm&r=g\",\"caption\":\"Jefferson Sterfeno\"},\"sameAs\":[\"http:\/\/blogdobispo.com.br\"],\"url\":\"https:\/\/blogdobispo.com.br\/?author=1\"}]}<\/script>\n<!-- \/ Yoast SEO plugin. -->","yoast_head_json":{"title":"Prefeitura vai construir vesti\u00e1rios no Campo do Jiqui&nbsp; - Blog do Bispo","robots":{"index":"index","follow":"follow","max-snippet":"max-snippet:-1","max-image-preview":"max-image-preview:large","max-video-preview":"max-video-preview:-1"},"canonical":"https:\/\/blogdobispo.com.br\/?p=2965","og_locale":"pt_BR","og_type":"article","og_title":"Prefeitura vai construir vesti\u00e1rios no Campo do Jiqui&nbsp; - Blog do Bispo","og_description":"O prefeito de Natal, \u00c1lvaro Dias, assinou a Ordem de Servi\u00e7o para a&nbsp;constru\u00e7\u00e3o dos vesti\u00e1rios do Campo de Futebol do bairro do Jiqui, na&nbsp;Zona Sul da capital potiguar. A cerim\u00f4nia foi realizada nesta quinta-feira&nbsp;(21), no Pal\u00e1cio Felipe Camar\u00e3o, sede da Prefeitura.&nbsp; O investimento feito pela gest\u00e3o municipal \u00e9 de aproximadamente&nbsp;R$ 250 mil e a obra [&hellip;]","og_url":"https:\/\/blogdobispo.com.br\/?p=2965","og_site_name":"Blog do Bispo","article_published_time":"2024-03-21T22:33:56+00:00","og_image":[{"url":"https:\/\/blogdobispo.com.br\/wp-content\/uploads\/2024\/03\/ordem-de-servico-vestiario-de-campo-do-jiqui-foto-joana-lima-1024x683.jpg","type":"","width":"","height":""}],"author":"Jefferson Sterfeno","twitter_card":"summary_large_image","twitter_misc":{"Escrito por":"Jefferson Sterfeno","Est. tempo de leitura":"3 minutos"},"schema":{"@context":"https:\/\/schema.org","@graph":[{"@type":"Article","@id":"https:\/\/blogdobispo.com.br\/?p=2965#article","isPartOf":{"@id":"https:\/\/blogdobispo.com.br\/?p=2965"},"author":{"name":"Jefferson Sterfeno","@id":"https:\/\/blogdobispo.com.br\/#\/schema\/person\/e2209cc0e6cea5c5233d033e997b373f"},"headline":"Prefeitura vai construir vesti\u00e1rios no Campo do Jiqui&nbsp;","datePublished":"2024-03-21T22:33:56+00:00","mainEntityOfPage":{"@id":"https:\/\/blogdobispo.com.br\/?p=2965"},"wordCount":519,"commentCount":0,"publisher":{"@id":"https:\/\/blogdobispo.com.br\/#organization"},"image":{"@id":"https:\/\/blogdobispo.com.br\/?p=2965#primaryimage"},"thumbnailUrl":"https:\/\/blogdobispo.com.br\/wp-content\/uploads\/2024\/03\/ordem-de-servico-vestiario-de-campo-do-jiqui-foto-joana-lima-1024x683.jpg","articleSection":["diversos"],"inLanguage":"pt-BR","potentialAction":[{"@type":"CommentAction","name":"Comment","target":["https:\/\/blogdobispo.com.br\/?p=2965#respond"]}]},{"@type":"WebPage","@id":"https:\/\/blogdobispo.com.br\/?p=2965","url":"https:\/\/blogdobispo.com.br\/?p=2965","name":"Prefeitura vai construir vesti\u00e1rios no Campo do Jiqui&nbsp; - Blog do Bispo","isPartOf":{"@id":"https:\/\/blogdobispo.com.br\/#website"},"primaryImageOfPage":{"@id":"https:\/\/blogdobispo.com.br\/?p=2965#primaryimage"},"image":{"@id":"https:\/\/blogdobispo.com.br\/?p=2965#primaryimage"},"thumbnailUrl":"https:\/\/blogdobispo.com.br\/wp-content\/uploads\/2024\/03\/ordem-de-servico-vestiario-de-campo-do-jiqui-foto-joana-lima-1024x683.jpg","datePublished":"2024-03-21T22:33:56+00:00","breadcrumb":{"@id":"https:\/\/blogdobispo.com.br\/?p=2965#breadcrumb"},"inLanguage":"pt-BR","potentialAction":[{"@type":"ReadAction","target":["https:\/\/blogdobispo.com.br\/?p=2965"]}]},{"@type":"ImageObject","inLanguage":"pt-BR","@id":"https:\/\/blogdobispo.com.br\/?p=2965#primaryimage","url":"https:\/\/blogdobispo.com.br\/wp-content\/uploads\/2024\/03\/ordem-de-servico-vestiario-de-campo-do-jiqui-foto-joana-lima-1024x683.jpg","contentUrl":"https:\/\/blogdobispo.com.br\/wp-content\/uploads\/2024\/03\/ordem-de-servico-vestiario-de-campo-do-jiqui-foto-joana-lima-1024x683.jpg"},{"@type":"BreadcrumbList","@id":"https:\/\/blogdobispo.com.br\/?p=2965#breadcrumb","itemListElement":[{"@type":"ListItem","position":1,"name":"In\u00edcio","item":"https:\/\/blogdobispo.com.br\/"},{"@type":"ListItem","position":2,"name":"Prefeitura vai construir vesti\u00e1rios no Campo do Jiqui&nbsp;"}]},{"@type":"WebSite","@id":"https:\/\/blogdobispo.com.br\/#website","url":"https:\/\/blogdobispo.com.br\/","name":"Blog do Bispo","description":"Comprometido apenas com o leitor","publisher":{"@id":"https:\/\/blogdobispo.com.br\/#organization"},"potentialAction":[{"@type":"SearchAction","target":{"@type":"EntryPoint","urlTemplate":"https:\/\/blogdobispo.com.br\/?s={search_term_string}"},"query-input":{"@type":"PropertyValueSpecification","valueRequired":true,"valueName":"search_term_string"}}],"inLanguage":"pt-BR"},{"@type":"Organization","@id":"https:\/\/blogdobispo.com.br\/#organization","name":"Blog do Bispo","url":"https:\/\/blogdobispo.com.br\/","logo":{"@type":"ImageObject","inLanguage":"pt-BR","@id":"https:\/\/blogdobispo.com.br\/#\/schema\/logo\/image\/","url":"http:\/\/blogdobispo.com.br\/wp-content\/uploads\/2023\/05\/cropped-headear.png","contentUrl":"http:\/\/blogdobispo.com.br\/wp-content\/uploads\/2023\/05\/cropped-headear.png","width":1500,"height":399,"caption":"Blog do Bispo"},"image":{"@id":"https:\/\/blogdobispo.com.br\/#\/schema\/logo\/image\/"}},{"@type":"Person","@id":"https:\/\/blogdobispo.com.br\/#\/schema\/person\/e2209cc0e6cea5c5233d033e997b373f","name":"Jefferson Sterfeno","image":{"@type":"ImageObject","inLanguage":"pt-BR","@id":"https:\/\/blogdobispo.com.br\/#\/schema\/person\/image\/","url":"https:\/\/secure.gravatar.com\/avatar\/0534e84764641168a677026b6d57a3f51dc7ac4db0b4f6186d9cb330d4ee1160?s=96&d=mm&r=g","contentUrl":"https:\/\/secure.gravatar.com\/avatar\/0534e84764641168a677026b6d57a3f51dc7ac4db0b4f6186d9cb330d4ee1160?s=96&d=mm&r=g","caption":"Jefferson Sterfeno"},"sameAs":["http:\/\/blogdobispo.com.br"],"url":"https:\/\/blogdobispo.com.br\/?author=1"}]}},"featured_image_urls":{"full":"","thumbnail":"","medium":"","medium_large":"","large":"","1536x1536":"","2048x2048":""},"author_info":{"display_name":"Jefferson Sterfeno","author_link":"https:\/\/blogdobispo.com.br\/?author=1"},"category_info":"<a href=\"https:\/\/blogdobispo.com.br\/?cat=1\" rel=\"category\">diversos<\/a>","tag_info":"diversos","comment_count":"0","jetpack_featured_media_url":"","jetpack_sharing_enabled":true,"_links":{"self":[{"href":"https:\/\/blogdobispo.com.br\/index.php?rest_route=\/wp\/v2\/posts\/2965","targetHints":{"allow":["GET"]}}],"collection":[{"href":"https:\/\/blogdobispo.com.br\/index.php?rest_route=\/wp\/v2\/posts"}],"about":[{"href":"https:\/\/blogdobispo.com.br\/index.php?rest_route=\/wp\/v2\/types\/post"}],"author":[{"embeddable":true,"href":"https:\/\/blogdobispo.com.br\/index.php?rest_route=\/wp\/v2\/users\/1"}],"replies":[{"embeddable":true,"href":"https:\/\/blogdobispo.com.br\/index.php?rest_route=%2Fwp%2Fv2%2Fcomments&post=2965"}],"version-history":[{"count":0,"href":"https:\/\/blogdobispo.com.br\/index.php?rest_route=\/wp\/v2\/posts\/2965\/revisions"}],"wp:attachment":[{"href":"https:\/\/blogdobispo.com.br\/index.php?rest_route=%2Fwp%2Fv2%2Fmedia&parent=2965"}],"wp:term":[{"taxonomy":"category","embeddable":true,"href":"https:\/\/blogdobispo.com.br\/index.php?rest_route=%2Fwp%2Fv2%2Fcategories&post=2965"},{"taxonomy":"post_tag","embeddable":true,"href":"https:\/\/blogdobispo.com.br\/index.php?rest_route=%2Fwp%2Fv2%2Ftags&post=2965"}],"curies":[{"name":"wp","href":"https:\/\/api.w.org\/{rel}","templated":true}]}}