{"id":2960,"date":"2024-03-21T17:10:24","date_gmt":"2024-03-21T17:10:24","guid":{"rendered":"https:\/\/blogdobispo.com.br\/?p=2960"},"modified":"2024-03-21T17:10:24","modified_gmt":"2024-03-21T17:10:24","slug":"aprovado-projeto-que-cria-cadastro-de-profissionais-portadores-de-deficiencia","status":"publish","type":"post","link":"https:\/\/blogdobispo.com.br\/?p=2960","title":{"rendered":"Aprovado projeto que cria Cadastro de Profissionais portadores de Defici\u00eancia"},"content":{"rendered":"\n<p>Durante a sess\u00e3o ordin\u00e1ria desta quarta-feira (20), a C\u00e2mara Municipal de Natal aprovou em segunda discuss\u00e3o o Projeto de Lei n\u00b0 342\/2020, apresentado pelo vereador Preto Aquino (Podemos), que institui o Cadastro de Profissionais portadores de Defici\u00eancia, para pessoas com defici\u00eancia f\u00edsica, mental ou sensorial, visando a inser\u00e7\u00e3o no mercado de trabalho. A mat\u00e9ria segue agora para san\u00e7\u00e3o do Executivo.&nbsp;<\/p>\n\n\n\n<p>O cadastro ter\u00e1 base de dados, instrumentos, procedimentos e sistemas eletr\u00f4nicos que permitam a identifica\u00e7\u00e3o de vagas para trabalhadores com defici\u00eancia. Toda pessoa com defici\u00eancia residente e domiciliada no munic\u00edpio, poder\u00e1 usufruir do cadastro ao candidatar-se a uma vaga de emprego, desde que inscrita regularmente. As pessoas f\u00edsicas e jur\u00eddicas interessadas na contrata\u00e7\u00e3o desses trabalhadores ter\u00e3o acesso \u00e0s informa\u00e7\u00f5es.<\/p>\n\n\n\n<p>&#8220;A dificuldade de contrata\u00e7\u00e3o real das empresas est\u00e1 justamente na localiza\u00e7\u00e3o de profissionais, bem como na sua capacita\u00e7\u00e3o para atividades complexas ou t\u00e9cnicas. Atualmente percebemos grande n\u00famero de trabalhadores PCD, com pouca ou nenhuma qualifica\u00e7\u00e3o profissional, o que dificulta. O Poder P\u00fablico deve ir ao encontro desses profissionais, junto a associa\u00e7\u00f5es, institutos e funda\u00e7\u00f5es, cadastrando todos com intuito de proporcionar mais capacita\u00e7\u00e3o profissional e orienta\u00e7\u00e3o para o mercado de trabalho&#8221;, explicou o vereador Preto Aquino.<\/p>\n\n\n\n<p>Em seguida, o plen\u00e1rio deu parecer favor\u00e1vel, tamb\u00e9m em segunda discuss\u00e3o, ao PL 403\/2023, de autoria do vereador Robson Carvalho (Uni\u00e3o Brasil), que cria o Cadastro Municipal de Pessoas Punidas por Maus-tratos a Animais \u2013 Ficha Suja dos Maus-Tratos, que reunir\u00e1 e dar\u00e1 publicidade \u00e0s san\u00e7\u00f5es aplicadas por viola\u00e7\u00e3o aos direitos dos animais pelos \u00f3rg\u00e3os ou entidades distritais com base nas leis de prote\u00e7\u00e3o e defesa dos animais.<\/p>\n\n\n\n<p>De acordo com Robson, o texto tem inspira\u00e7\u00e3o em outras iniciativas que utilizam a divulga\u00e7\u00e3o de penas impostas para, por meio de informa\u00e7\u00e3o dispon\u00edvel a toda a sociedade, facilitar a fiscaliza\u00e7\u00e3o do cumprimento da pena, dar efic\u00e1cia \u00e0s san\u00e7\u00f5es aplicadas e contribuir para inibir novos casos. &#8220;Assim, a divulga\u00e7\u00e3o de tais penalidades contribui diretamente para o trabalho dos abrigos e protetores, que poder\u00e3o consultar cadastro unificado e evitar a doa\u00e7\u00e3o de animais para essas pessoas&#8221;.<\/p>\n\n\n\n<p>Mais duas proposi\u00e7\u00f5es foram aprovadas em segunda discuss\u00e3o: PL 713\/2021, do vereador Aroldo Alves (Uni\u00e3o Brasil), sobre a cria\u00e7\u00e3o do &#8220;Certificado de Impacto Social&#8221;, a ser concedido para iniciativas socialmente respons\u00e1veis do munic\u00edpio, cria o programa de fomento destinado ao fortalecimento de associa\u00e7\u00f5es, cooperativas e microempreendedores que desenvolvam atividades de impacto social, e o PL 70\/2023, do vereador Peixoto (PTB), que institui e inclui no Calend\u00e1rio Oficial de Eventos do Munic\u00edpio de Natal a Semana do Desporto de Corrida de Orienta\u00e7\u00e3o, a ser realizada, anualmente no m\u00eas de maio.<\/p>\n\n\n\n<p>Por fim, os parlamentares acataram, em discuss\u00e3o \u00fanica, o Projeto de Resolu\u00e7\u00e3o n\u00b0 19\/2023, do vereador Milklei Leite (PV), que cria a Comenda Her\u00f3is da Seguran\u00e7a Privada, destinada aos vigilantes e profissionais da seguran\u00e7a privada do Munic\u00edpio de Natal.<\/p>\n\n\n\n<figure class=\"wp-block-image size-large\"><img data-recalc-dims=\"1\" fetchpriority=\"high\" decoding=\"async\" width=\"800\" height=\"536\" src=\"https:\/\/i0.wp.com\/blogdobispo.com.br\/wp-content\/uploads\/2024\/03\/img_6335-1-1024x686.jpg?resize=800%2C536&#038;ssl=1\" class=\"wp-image-2959\" srcset=\"https:\/\/i0.wp.com\/blogdobispo.com.br\/wp-content\/uploads\/2024\/03\/img_6335-1.jpg?resize=1024%2C686&amp;ssl=1 1024w, https:\/\/i0.wp.com\/blogdobispo.com.br\/wp-content\/uploads\/2024\/03\/img_6335-1.jpg?resize=300%2C201&amp;ssl=1 300w, https:\/\/i0.wp.com\/blogdobispo.com.br\/wp-content\/uploads\/2024\/03\/img_6335-1.jpg?resize=768%2C515&amp;ssl=1 768w, https:\/\/i0.wp.com\/blogdobispo.com.br\/wp-content\/uploads\/2024\/03\/img_6335-1.jpg?resize=1536%2C1029&amp;ssl=1 1536w, https:\/\/i0.wp.com\/blogdobispo.com.br\/wp-content\/uploads\/2024\/03\/img_6335-1.jpg?w=1600&amp;ssl=1 1600w\" sizes=\"(max-width: 800px) 100vw, 800px\" \/><\/figure>\n","protected":false},"excerpt":{"rendered":"<p>Durante a sess\u00e3o ordin\u00e1ria desta quarta-feira (20), a C\u00e2mara Municipal de Natal aprovou em segunda discuss\u00e3o o Projeto de Lei n\u00b0 342\/2020, apresentado pelo vereador Preto Aquino (Podemos), que institui o Cadastro de Profissionais portadores de Defici\u00eancia, para pessoas com defici\u00eancia f\u00edsica, mental ou sensorial, visando a inser\u00e7\u00e3o no mercado de trabalho. A mat\u00e9ria segue [&hellip;]<\/p>\n","protected":false},"author":1,"featured_media":0,"comment_status":"open","ping_status":"open","sticky":false,"template":"","format":"standard","meta":{"cybocfi_hide_featured_image":"","_jetpack_memberships_contains_paid_content":false,"footnotes":""},"categories":[1],"tags":[],"class_list":["post-2960","post","type-post","status-publish","format-standard","hentry","category-diversos"],"yoast_head":"<!-- This site is optimized with the Yoast SEO plugin v25.6 - https:\/\/yoast.com\/wordpress\/plugins\/seo\/ -->\n<title>Aprovado projeto que cria Cadastro de Profissionais portadores de Defici\u00eancia - Blog do Bispo<\/title>\n<meta name=\"robots\" content=\"index, follow, max-snippet:-1, max-image-preview:large, max-video-preview:-1\" \/>\n<link rel=\"canonical\" href=\"https:\/\/blogdobispo.com.br\/?p=2960\" \/>\n<meta property=\"og:locale\" content=\"pt_BR\" \/>\n<meta property=\"og:type\" content=\"article\" \/>\n<meta property=\"og:title\" content=\"Aprovado projeto que cria Cadastro de Profissionais portadores de Defici\u00eancia - Blog do Bispo\" \/>\n<meta property=\"og:description\" content=\"Durante a sess\u00e3o ordin\u00e1ria desta quarta-feira (20), a C\u00e2mara Municipal de Natal aprovou em segunda discuss\u00e3o o Projeto de Lei n\u00b0 342\/2020, apresentado pelo vereador Preto Aquino (Podemos), que institui o Cadastro de Profissionais portadores de Defici\u00eancia, para pessoas com defici\u00eancia f\u00edsica, mental ou sensorial, visando a inser\u00e7\u00e3o no mercado de trabalho. A mat\u00e9ria segue [&hellip;]\" \/>\n<meta property=\"og:url\" content=\"https:\/\/blogdobispo.com.br\/?p=2960\" \/>\n<meta property=\"og:site_name\" content=\"Blog do Bispo\" \/>\n<meta property=\"article:published_time\" content=\"2024-03-21T17:10:24+00:00\" \/>\n<meta property=\"og:image\" content=\"https:\/\/blogdobispo.com.br\/wp-content\/uploads\/2024\/03\/img_6335-1-1024x686.jpg\" \/>\n<meta name=\"author\" content=\"Jefferson Sterfeno\" \/>\n<meta name=\"twitter:card\" content=\"summary_large_image\" \/>\n<meta name=\"twitter:label1\" content=\"Escrito por\" \/>\n\t<meta name=\"twitter:data1\" content=\"Jefferson Sterfeno\" \/>\n\t<meta name=\"twitter:label2\" content=\"Est. tempo de leitura\" \/>\n\t<meta name=\"twitter:data2\" content=\"3 minutos\" \/>\n<script type=\"application\/ld+json\" class=\"yoast-schema-graph\">{\"@context\":\"https:\/\/schema.org\",\"@graph\":[{\"@type\":\"Article\",\"@id\":\"https:\/\/blogdobispo.com.br\/?p=2960#article\",\"isPartOf\":{\"@id\":\"https:\/\/blogdobispo.com.br\/?p=2960\"},\"author\":{\"name\":\"Jefferson Sterfeno\",\"@id\":\"https:\/\/blogdobispo.com.br\/#\/schema\/person\/e2209cc0e6cea5c5233d033e997b373f\"},\"headline\":\"Aprovado projeto que cria Cadastro de Profissionais portadores de Defici\u00eancia\",\"datePublished\":\"2024-03-21T17:10:24+00:00\",\"mainEntityOfPage\":{\"@id\":\"https:\/\/blogdobispo.com.br\/?p=2960\"},\"wordCount\":537,\"commentCount\":0,\"publisher\":{\"@id\":\"https:\/\/blogdobispo.com.br\/#organization\"},\"image\":{\"@id\":\"https:\/\/blogdobispo.com.br\/?p=2960#primaryimage\"},\"thumbnailUrl\":\"https:\/\/blogdobispo.com.br\/wp-content\/uploads\/2024\/03\/img_6335-1-1024x686.jpg\",\"articleSection\":[\"diversos\"],\"inLanguage\":\"pt-BR\",\"potentialAction\":[{\"@type\":\"CommentAction\",\"name\":\"Comment\",\"target\":[\"https:\/\/blogdobispo.com.br\/?p=2960#respond\"]}]},{\"@type\":\"WebPage\",\"@id\":\"https:\/\/blogdobispo.com.br\/?p=2960\",\"url\":\"https:\/\/blogdobispo.com.br\/?p=2960\",\"name\":\"Aprovado projeto que cria Cadastro de Profissionais portadores de Defici\u00eancia - Blog do Bispo\",\"isPartOf\":{\"@id\":\"https:\/\/blogdobispo.com.br\/#website\"},\"primaryImageOfPage\":{\"@id\":\"https:\/\/blogdobispo.com.br\/?p=2960#primaryimage\"},\"image\":{\"@id\":\"https:\/\/blogdobispo.com.br\/?p=2960#primaryimage\"},\"thumbnailUrl\":\"https:\/\/blogdobispo.com.br\/wp-content\/uploads\/2024\/03\/img_6335-1-1024x686.jpg\",\"datePublished\":\"2024-03-21T17:10:24+00:00\",\"breadcrumb\":{\"@id\":\"https:\/\/blogdobispo.com.br\/?p=2960#breadcrumb\"},\"inLanguage\":\"pt-BR\",\"potentialAction\":[{\"@type\":\"ReadAction\",\"target\":[\"https:\/\/blogdobispo.com.br\/?p=2960\"]}]},{\"@type\":\"ImageObject\",\"inLanguage\":\"pt-BR\",\"@id\":\"https:\/\/blogdobispo.com.br\/?p=2960#primaryimage\",\"url\":\"https:\/\/blogdobispo.com.br\/wp-content\/uploads\/2024\/03\/img_6335-1-1024x686.jpg\",\"contentUrl\":\"https:\/\/blogdobispo.com.br\/wp-content\/uploads\/2024\/03\/img_6335-1-1024x686.jpg\"},{\"@type\":\"BreadcrumbList\",\"@id\":\"https:\/\/blogdobispo.com.br\/?p=2960#breadcrumb\",\"itemListElement\":[{\"@type\":\"ListItem\",\"position\":1,\"name\":\"In\u00edcio\",\"item\":\"https:\/\/blogdobispo.com.br\/\"},{\"@type\":\"ListItem\",\"position\":2,\"name\":\"Aprovado projeto que cria Cadastro de Profissionais portadores de Defici\u00eancia\"}]},{\"@type\":\"WebSite\",\"@id\":\"https:\/\/blogdobispo.com.br\/#website\",\"url\":\"https:\/\/blogdobispo.com.br\/\",\"name\":\"Blog do Bispo\",\"description\":\"Comprometido apenas com o leitor\",\"publisher\":{\"@id\":\"https:\/\/blogdobispo.com.br\/#organization\"},\"potentialAction\":[{\"@type\":\"SearchAction\",\"target\":{\"@type\":\"EntryPoint\",\"urlTemplate\":\"https:\/\/blogdobispo.com.br\/?s={search_term_string}\"},\"query-input\":{\"@type\":\"PropertyValueSpecification\",\"valueRequired\":true,\"valueName\":\"search_term_string\"}}],\"inLanguage\":\"pt-BR\"},{\"@type\":\"Organization\",\"@id\":\"https:\/\/blogdobispo.com.br\/#organization\",\"name\":\"Blog do Bispo\",\"url\":\"https:\/\/blogdobispo.com.br\/\",\"logo\":{\"@type\":\"ImageObject\",\"inLanguage\":\"pt-BR\",\"@id\":\"https:\/\/blogdobispo.com.br\/#\/schema\/logo\/image\/\",\"url\":\"http:\/\/blogdobispo.com.br\/wp-content\/uploads\/2023\/05\/cropped-headear.png\",\"contentUrl\":\"http:\/\/blogdobispo.com.br\/wp-content\/uploads\/2023\/05\/cropped-headear.png\",\"width\":1500,\"height\":399,\"caption\":\"Blog do Bispo\"},\"image\":{\"@id\":\"https:\/\/blogdobispo.com.br\/#\/schema\/logo\/image\/\"}},{\"@type\":\"Person\",\"@id\":\"https:\/\/blogdobispo.com.br\/#\/schema\/person\/e2209cc0e6cea5c5233d033e997b373f\",\"name\":\"Jefferson Sterfeno\",\"image\":{\"@type\":\"ImageObject\",\"inLanguage\":\"pt-BR\",\"@id\":\"https:\/\/blogdobispo.com.br\/#\/schema\/person\/image\/\",\"url\":\"https:\/\/secure.gravatar.com\/avatar\/0534e84764641168a677026b6d57a3f51dc7ac4db0b4f6186d9cb330d4ee1160?s=96&d=mm&r=g\",\"contentUrl\":\"https:\/\/secure.gravatar.com\/avatar\/0534e84764641168a677026b6d57a3f51dc7ac4db0b4f6186d9cb330d4ee1160?s=96&d=mm&r=g\",\"caption\":\"Jefferson Sterfeno\"},\"sameAs\":[\"http:\/\/blogdobispo.com.br\"],\"url\":\"https:\/\/blogdobispo.com.br\/?author=1\"}]}<\/script>\n<!-- \/ Yoast SEO plugin. -->","yoast_head_json":{"title":"Aprovado projeto que cria Cadastro de Profissionais portadores de Defici\u00eancia - Blog do Bispo","robots":{"index":"index","follow":"follow","max-snippet":"max-snippet:-1","max-image-preview":"max-image-preview:large","max-video-preview":"max-video-preview:-1"},"canonical":"https:\/\/blogdobispo.com.br\/?p=2960","og_locale":"pt_BR","og_type":"article","og_title":"Aprovado projeto que cria Cadastro de Profissionais portadores de Defici\u00eancia - Blog do Bispo","og_description":"Durante a sess\u00e3o ordin\u00e1ria desta quarta-feira (20), a C\u00e2mara Municipal de Natal aprovou em segunda discuss\u00e3o o Projeto de Lei n\u00b0 342\/2020, apresentado pelo vereador Preto Aquino (Podemos), que institui o Cadastro de Profissionais portadores de Defici\u00eancia, para pessoas com defici\u00eancia f\u00edsica, mental ou sensorial, visando a inser\u00e7\u00e3o no mercado de trabalho. A mat\u00e9ria segue [&hellip;]","og_url":"https:\/\/blogdobispo.com.br\/?p=2960","og_site_name":"Blog do Bispo","article_published_time":"2024-03-21T17:10:24+00:00","og_image":[{"url":"https:\/\/blogdobispo.com.br\/wp-content\/uploads\/2024\/03\/img_6335-1-1024x686.jpg","type":"","width":"","height":""}],"author":"Jefferson Sterfeno","twitter_card":"summary_large_image","twitter_misc":{"Escrito por":"Jefferson Sterfeno","Est. tempo de leitura":"3 minutos"},"schema":{"@context":"https:\/\/schema.org","@graph":[{"@type":"Article","@id":"https:\/\/blogdobispo.com.br\/?p=2960#article","isPartOf":{"@id":"https:\/\/blogdobispo.com.br\/?p=2960"},"author":{"name":"Jefferson Sterfeno","@id":"https:\/\/blogdobispo.com.br\/#\/schema\/person\/e2209cc0e6cea5c5233d033e997b373f"},"headline":"Aprovado projeto que cria Cadastro de Profissionais portadores de Defici\u00eancia","datePublished":"2024-03-21T17:10:24+00:00","mainEntityOfPage":{"@id":"https:\/\/blogdobispo.com.br\/?p=2960"},"wordCount":537,"commentCount":0,"publisher":{"@id":"https:\/\/blogdobispo.com.br\/#organization"},"image":{"@id":"https:\/\/blogdobispo.com.br\/?p=2960#primaryimage"},"thumbnailUrl":"https:\/\/blogdobispo.com.br\/wp-content\/uploads\/2024\/03\/img_6335-1-1024x686.jpg","articleSection":["diversos"],"inLanguage":"pt-BR","potentialAction":[{"@type":"CommentAction","name":"Comment","target":["https:\/\/blogdobispo.com.br\/?p=2960#respond"]}]},{"@type":"WebPage","@id":"https:\/\/blogdobispo.com.br\/?p=2960","url":"https:\/\/blogdobispo.com.br\/?p=2960","name":"Aprovado projeto que cria Cadastro de Profissionais portadores de Defici\u00eancia - Blog do Bispo","isPartOf":{"@id":"https:\/\/blogdobispo.com.br\/#website"},"primaryImageOfPage":{"@id":"https:\/\/blogdobispo.com.br\/?p=2960#primaryimage"},"image":{"@id":"https:\/\/blogdobispo.com.br\/?p=2960#primaryimage"},"thumbnailUrl":"https:\/\/blogdobispo.com.br\/wp-content\/uploads\/2024\/03\/img_6335-1-1024x686.jpg","datePublished":"2024-03-21T17:10:24+00:00","breadcrumb":{"@id":"https:\/\/blogdobispo.com.br\/?p=2960#breadcrumb"},"inLanguage":"pt-BR","potentialAction":[{"@type":"ReadAction","target":["https:\/\/blogdobispo.com.br\/?p=2960"]}]},{"@type":"ImageObject","inLanguage":"pt-BR","@id":"https:\/\/blogdobispo.com.br\/?p=2960#primaryimage","url":"https:\/\/blogdobispo.com.br\/wp-content\/uploads\/2024\/03\/img_6335-1-1024x686.jpg","contentUrl":"https:\/\/blogdobispo.com.br\/wp-content\/uploads\/2024\/03\/img_6335-1-1024x686.jpg"},{"@type":"BreadcrumbList","@id":"https:\/\/blogdobispo.com.br\/?p=2960#breadcrumb","itemListElement":[{"@type":"ListItem","position":1,"name":"In\u00edcio","item":"https:\/\/blogdobispo.com.br\/"},{"@type":"ListItem","position":2,"name":"Aprovado projeto que cria Cadastro de Profissionais portadores de Defici\u00eancia"}]},{"@type":"WebSite","@id":"https:\/\/blogdobispo.com.br\/#website","url":"https:\/\/blogdobispo.com.br\/","name":"Blog do Bispo","description":"Comprometido apenas com o leitor","publisher":{"@id":"https:\/\/blogdobispo.com.br\/#organization"},"potentialAction":[{"@type":"SearchAction","target":{"@type":"EntryPoint","urlTemplate":"https:\/\/blogdobispo.com.br\/?s={search_term_string}"},"query-input":{"@type":"PropertyValueSpecification","valueRequired":true,"valueName":"search_term_string"}}],"inLanguage":"pt-BR"},{"@type":"Organization","@id":"https:\/\/blogdobispo.com.br\/#organization","name":"Blog do Bispo","url":"https:\/\/blogdobispo.com.br\/","logo":{"@type":"ImageObject","inLanguage":"pt-BR","@id":"https:\/\/blogdobispo.com.br\/#\/schema\/logo\/image\/","url":"http:\/\/blogdobispo.com.br\/wp-content\/uploads\/2023\/05\/cropped-headear.png","contentUrl":"http:\/\/blogdobispo.com.br\/wp-content\/uploads\/2023\/05\/cropped-headear.png","width":1500,"height":399,"caption":"Blog do Bispo"},"image":{"@id":"https:\/\/blogdobispo.com.br\/#\/schema\/logo\/image\/"}},{"@type":"Person","@id":"https:\/\/blogdobispo.com.br\/#\/schema\/person\/e2209cc0e6cea5c5233d033e997b373f","name":"Jefferson Sterfeno","image":{"@type":"ImageObject","inLanguage":"pt-BR","@id":"https:\/\/blogdobispo.com.br\/#\/schema\/person\/image\/","url":"https:\/\/secure.gravatar.com\/avatar\/0534e84764641168a677026b6d57a3f51dc7ac4db0b4f6186d9cb330d4ee1160?s=96&d=mm&r=g","contentUrl":"https:\/\/secure.gravatar.com\/avatar\/0534e84764641168a677026b6d57a3f51dc7ac4db0b4f6186d9cb330d4ee1160?s=96&d=mm&r=g","caption":"Jefferson Sterfeno"},"sameAs":["http:\/\/blogdobispo.com.br"],"url":"https:\/\/blogdobispo.com.br\/?author=1"}]}},"featured_image_urls":{"full":"","thumbnail":"","medium":"","medium_large":"","large":"","1536x1536":"","2048x2048":""},"author_info":{"display_name":"Jefferson Sterfeno","author_link":"https:\/\/blogdobispo.com.br\/?author=1"},"category_info":"<a href=\"https:\/\/blogdobispo.com.br\/?cat=1\" rel=\"category\">diversos<\/a>","tag_info":"diversos","comment_count":"0","jetpack_featured_media_url":"","jetpack_sharing_enabled":true,"_links":{"self":[{"href":"https:\/\/blogdobispo.com.br\/index.php?rest_route=\/wp\/v2\/posts\/2960","targetHints":{"allow":["GET"]}}],"collection":[{"href":"https:\/\/blogdobispo.com.br\/index.php?rest_route=\/wp\/v2\/posts"}],"about":[{"href":"https:\/\/blogdobispo.com.br\/index.php?rest_route=\/wp\/v2\/types\/post"}],"author":[{"embeddable":true,"href":"https:\/\/blogdobispo.com.br\/index.php?rest_route=\/wp\/v2\/users\/1"}],"replies":[{"embeddable":true,"href":"https:\/\/blogdobispo.com.br\/index.php?rest_route=%2Fwp%2Fv2%2Fcomments&post=2960"}],"version-history":[{"count":0,"href":"https:\/\/blogdobispo.com.br\/index.php?rest_route=\/wp\/v2\/posts\/2960\/revisions"}],"wp:attachment":[{"href":"https:\/\/blogdobispo.com.br\/index.php?rest_route=%2Fwp%2Fv2%2Fmedia&parent=2960"}],"wp:term":[{"taxonomy":"category","embeddable":true,"href":"https:\/\/blogdobispo.com.br\/index.php?rest_route=%2Fwp%2Fv2%2Fcategories&post=2960"},{"taxonomy":"post_tag","embeddable":true,"href":"https:\/\/blogdobispo.com.br\/index.php?rest_route=%2Fwp%2Fv2%2Ftags&post=2960"}],"curies":[{"name":"wp","href":"https:\/\/api.w.org\/{rel}","templated":true}]}}