{"id":2952,"date":"2024-03-21T15:45:19","date_gmt":"2024-03-21T15:45:19","guid":{"rendered":"https:\/\/blogdobispo.com.br\/?p=2952"},"modified":"2024-03-21T15:45:19","modified_gmt":"2024-03-21T15:45:19","slug":"dickson-denuncia-fila-de-espera-por-laudo-para-tea-e-cobrara-informacoes-da-secretaria-de-saude","status":"publish","type":"post","link":"https:\/\/blogdobispo.com.br\/?p=2952","title":{"rendered":"Dickson denuncia fila de espera por laudo para TEA e cobrar\u00e1 informa\u00e7\u00f5es da Secretaria de Sa\u00fade"},"content":{"rendered":"\n<figure class=\"wp-block-image size-large\"><img data-recalc-dims=\"1\" fetchpriority=\"high\" decoding=\"async\" width=\"768\" height=\"1024\" src=\"https:\/\/i0.wp.com\/blogdobispo.com.br\/wp-content\/uploads\/2024\/03\/931b77ef-c69e-47e5-878d-d6d3d78407aa-1-768x1024.jpg?resize=768%2C1024&#038;ssl=1\" class=\"wp-image-2951\" srcset=\"https:\/\/i0.wp.com\/blogdobispo.com.br\/wp-content\/uploads\/2024\/03\/931b77ef-c69e-47e5-878d-d6d3d78407aa-1.jpg?resize=768%2C1024&amp;ssl=1 768w, https:\/\/i0.wp.com\/blogdobispo.com.br\/wp-content\/uploads\/2024\/03\/931b77ef-c69e-47e5-878d-d6d3d78407aa-1.jpg?resize=225%2C300&amp;ssl=1 225w, https:\/\/i0.wp.com\/blogdobispo.com.br\/wp-content\/uploads\/2024\/03\/931b77ef-c69e-47e5-878d-d6d3d78407aa-1.jpg?resize=1152%2C1536&amp;ssl=1 1152w, https:\/\/i0.wp.com\/blogdobispo.com.br\/wp-content\/uploads\/2024\/03\/931b77ef-c69e-47e5-878d-d6d3d78407aa-1.jpg?resize=1024%2C1365&amp;ssl=1 1024w, https:\/\/i0.wp.com\/blogdobispo.com.br\/wp-content\/uploads\/2024\/03\/931b77ef-c69e-47e5-878d-d6d3d78407aa-1.jpg?w=1500&amp;ssl=1 1500w\" sizes=\"(max-width: 768px) 100vw, 768px\" \/><\/figure>\n\n\n\n<p><\/p>\n\n\n\n<p>Orador na sess\u00e3o ordin\u00e1ria desta quarta-feira (21), o vereador Dickson J\u00fanior (PDT), que \u00e9 integrante da Comiss\u00e3o de Defesa dos Direitos das Pessoas com Defici\u00eancia e Mobilidade Reduzida, da C\u00e2mara Municipal de Natal, criticou a grande fila de espera por diagn\u00f3stico para pessoas com suspeita de ter o Transtorno do Espectro Autista (TEA). O parlamentar informou que ter\u00e1 uma audi\u00eancia com representantes da Secretaria de Sa\u00fade de Natal, nos pr\u00f3ximos dias, solicitando informa\u00e7\u00f5es.<\/p>\n\n\n\n<p>\u201cN\u00f3s sabemos que existe, por parte do poder p\u00fablico, principalmente do executivo, uma grande demanda reprimida de servi\u00e7os de sa\u00fade para que as fam\u00edlias, principalmente as menos favorecidas, sejam assistidas. Todos sabem aqui, e gosto de repetir, porque me orgulho muito, que meu mandato \u00e9 voltado \u00e0 quest\u00e3o do autismo. Sou pai at\u00edpico e sei e sofro de perto com isso, como v\u00e1rias fam\u00edlias sofrem, e a gente v\u00ea essa car\u00eancia gigantesca do poder p\u00fablico em rela\u00e7\u00e3o \u00e0s pessoas com defici\u00eancia\u201d, disse.<\/p>\n\n\n\n<p>Segundo Dickson, h\u00e1, na fila do SUS em Natal, mais de 5 mil pessoas que desconfiam que seus filhos, seus parentes, sejam autistas e que esperam o laudo para encaminharem ao tratamento adequado. \u201cInclusive, na semana que vem, eu tenho uma audi\u00eancia com a Secretaria de Sa\u00fade, para buscar essas informa\u00e7\u00f5es. Quantos profissionais t\u00eam para que esse fluxo melhore? Conhe\u00e7o casos de pessoas que deram entrada h\u00e1 mais de tr\u00eas anos com suspeita de sua crian\u00e7a ter autismo. Olha, tr\u00eas anos na fila de espera, s\u00e3o tr\u00eas anos sem tratamento e se for TEA esse transtorno pode evoluir. Por que a Prefeitura n\u00e3o pensa nisso e faz parcerias para fazer um grande mutir\u00e3o e diminuir esse gargalo?\u201d.<\/p>\n","protected":false},"excerpt":{"rendered":"<p>Orador na sess\u00e3o ordin\u00e1ria desta quarta-feira (21), o vereador Dickson J\u00fanior (PDT), que \u00e9 integrante da Comiss\u00e3o de Defesa dos Direitos das Pessoas com Defici\u00eancia e Mobilidade Reduzida, da C\u00e2mara Municipal de Natal, criticou a grande fila de espera por diagn\u00f3stico para pessoas com suspeita de ter o Transtorno do Espectro Autista (TEA). O parlamentar [&hellip;]<\/p>\n","protected":false},"author":1,"featured_media":0,"comment_status":"open","ping_status":"open","sticky":false,"template":"","format":"standard","meta":{"cybocfi_hide_featured_image":"","_jetpack_memberships_contains_paid_content":false,"footnotes":""},"categories":[1],"tags":[],"class_list":["post-2952","post","type-post","status-publish","format-standard","hentry","category-diversos"],"yoast_head":"<!-- This site is optimized with the Yoast SEO plugin v25.6 - https:\/\/yoast.com\/wordpress\/plugins\/seo\/ -->\n<title>Dickson denuncia fila de espera por laudo para TEA e cobrar\u00e1 informa\u00e7\u00f5es da Secretaria de Sa\u00fade - Blog do Bispo<\/title>\n<meta name=\"robots\" content=\"index, follow, max-snippet:-1, max-image-preview:large, max-video-preview:-1\" \/>\n<link rel=\"canonical\" href=\"https:\/\/blogdobispo.com.br\/?p=2952\" \/>\n<meta property=\"og:locale\" content=\"pt_BR\" \/>\n<meta property=\"og:type\" content=\"article\" \/>\n<meta property=\"og:title\" content=\"Dickson denuncia fila de espera por laudo para TEA e cobrar\u00e1 informa\u00e7\u00f5es da Secretaria de Sa\u00fade - Blog do Bispo\" \/>\n<meta property=\"og:description\" content=\"Orador na sess\u00e3o ordin\u00e1ria desta quarta-feira (21), o vereador Dickson J\u00fanior (PDT), que \u00e9 integrante da Comiss\u00e3o de Defesa dos Direitos das Pessoas com Defici\u00eancia e Mobilidade Reduzida, da C\u00e2mara Municipal de Natal, criticou a grande fila de espera por diagn\u00f3stico para pessoas com suspeita de ter o Transtorno do Espectro Autista (TEA). O parlamentar [&hellip;]\" \/>\n<meta property=\"og:url\" content=\"https:\/\/blogdobispo.com.br\/?p=2952\" \/>\n<meta property=\"og:site_name\" content=\"Blog do Bispo\" \/>\n<meta property=\"article:published_time\" content=\"2024-03-21T15:45:19+00:00\" \/>\n<meta property=\"og:image\" content=\"https:\/\/blogdobispo.com.br\/wp-content\/uploads\/2024\/03\/931b77ef-c69e-47e5-878d-d6d3d78407aa-1-768x1024.jpg\" \/>\n<meta name=\"author\" content=\"Jefferson Sterfeno\" \/>\n<meta name=\"twitter:card\" content=\"summary_large_image\" \/>\n<meta name=\"twitter:label1\" content=\"Escrito por\" \/>\n\t<meta name=\"twitter:data1\" content=\"Jefferson Sterfeno\" \/>\n\t<meta name=\"twitter:label2\" content=\"Est. tempo de leitura\" \/>\n\t<meta name=\"twitter:data2\" content=\"2 minutos\" \/>\n<script type=\"application\/ld+json\" class=\"yoast-schema-graph\">{\"@context\":\"https:\/\/schema.org\",\"@graph\":[{\"@type\":\"Article\",\"@id\":\"https:\/\/blogdobispo.com.br\/?p=2952#article\",\"isPartOf\":{\"@id\":\"https:\/\/blogdobispo.com.br\/?p=2952\"},\"author\":{\"name\":\"Jefferson Sterfeno\",\"@id\":\"https:\/\/blogdobispo.com.br\/#\/schema\/person\/e2209cc0e6cea5c5233d033e997b373f\"},\"headline\":\"Dickson denuncia fila de espera por laudo para TEA e cobrar\u00e1 informa\u00e7\u00f5es da Secretaria de Sa\u00fade\",\"datePublished\":\"2024-03-21T15:45:19+00:00\",\"mainEntityOfPage\":{\"@id\":\"https:\/\/blogdobispo.com.br\/?p=2952\"},\"wordCount\":321,\"commentCount\":0,\"publisher\":{\"@id\":\"https:\/\/blogdobispo.com.br\/#organization\"},\"image\":{\"@id\":\"https:\/\/blogdobispo.com.br\/?p=2952#primaryimage\"},\"thumbnailUrl\":\"https:\/\/blogdobispo.com.br\/wp-content\/uploads\/2024\/03\/931b77ef-c69e-47e5-878d-d6d3d78407aa-1-768x1024.jpg\",\"articleSection\":[\"diversos\"],\"inLanguage\":\"pt-BR\",\"potentialAction\":[{\"@type\":\"CommentAction\",\"name\":\"Comment\",\"target\":[\"https:\/\/blogdobispo.com.br\/?p=2952#respond\"]}]},{\"@type\":\"WebPage\",\"@id\":\"https:\/\/blogdobispo.com.br\/?p=2952\",\"url\":\"https:\/\/blogdobispo.com.br\/?p=2952\",\"name\":\"Dickson denuncia fila de espera por laudo para TEA e cobrar\u00e1 informa\u00e7\u00f5es da Secretaria de Sa\u00fade - Blog do Bispo\",\"isPartOf\":{\"@id\":\"https:\/\/blogdobispo.com.br\/#website\"},\"primaryImageOfPage\":{\"@id\":\"https:\/\/blogdobispo.com.br\/?p=2952#primaryimage\"},\"image\":{\"@id\":\"https:\/\/blogdobispo.com.br\/?p=2952#primaryimage\"},\"thumbnailUrl\":\"https:\/\/blogdobispo.com.br\/wp-content\/uploads\/2024\/03\/931b77ef-c69e-47e5-878d-d6d3d78407aa-1-768x1024.jpg\",\"datePublished\":\"2024-03-21T15:45:19+00:00\",\"breadcrumb\":{\"@id\":\"https:\/\/blogdobispo.com.br\/?p=2952#breadcrumb\"},\"inLanguage\":\"pt-BR\",\"potentialAction\":[{\"@type\":\"ReadAction\",\"target\":[\"https:\/\/blogdobispo.com.br\/?p=2952\"]}]},{\"@type\":\"ImageObject\",\"inLanguage\":\"pt-BR\",\"@id\":\"https:\/\/blogdobispo.com.br\/?p=2952#primaryimage\",\"url\":\"https:\/\/blogdobispo.com.br\/wp-content\/uploads\/2024\/03\/931b77ef-c69e-47e5-878d-d6d3d78407aa-1-768x1024.jpg\",\"contentUrl\":\"https:\/\/blogdobispo.com.br\/wp-content\/uploads\/2024\/03\/931b77ef-c69e-47e5-878d-d6d3d78407aa-1-768x1024.jpg\"},{\"@type\":\"BreadcrumbList\",\"@id\":\"https:\/\/blogdobispo.com.br\/?p=2952#breadcrumb\",\"itemListElement\":[{\"@type\":\"ListItem\",\"position\":1,\"name\":\"In\u00edcio\",\"item\":\"https:\/\/blogdobispo.com.br\/\"},{\"@type\":\"ListItem\",\"position\":2,\"name\":\"Dickson denuncia fila de espera por laudo para TEA e cobrar\u00e1 informa\u00e7\u00f5es da Secretaria de Sa\u00fade\"}]},{\"@type\":\"WebSite\",\"@id\":\"https:\/\/blogdobispo.com.br\/#website\",\"url\":\"https:\/\/blogdobispo.com.br\/\",\"name\":\"Blog do Bispo\",\"description\":\"Comprometido apenas com o leitor\",\"publisher\":{\"@id\":\"https:\/\/blogdobispo.com.br\/#organization\"},\"potentialAction\":[{\"@type\":\"SearchAction\",\"target\":{\"@type\":\"EntryPoint\",\"urlTemplate\":\"https:\/\/blogdobispo.com.br\/?s={search_term_string}\"},\"query-input\":{\"@type\":\"PropertyValueSpecification\",\"valueRequired\":true,\"valueName\":\"search_term_string\"}}],\"inLanguage\":\"pt-BR\"},{\"@type\":\"Organization\",\"@id\":\"https:\/\/blogdobispo.com.br\/#organization\",\"name\":\"Blog do Bispo\",\"url\":\"https:\/\/blogdobispo.com.br\/\",\"logo\":{\"@type\":\"ImageObject\",\"inLanguage\":\"pt-BR\",\"@id\":\"https:\/\/blogdobispo.com.br\/#\/schema\/logo\/image\/\",\"url\":\"http:\/\/blogdobispo.com.br\/wp-content\/uploads\/2023\/05\/cropped-headear.png\",\"contentUrl\":\"http:\/\/blogdobispo.com.br\/wp-content\/uploads\/2023\/05\/cropped-headear.png\",\"width\":1500,\"height\":399,\"caption\":\"Blog do Bispo\"},\"image\":{\"@id\":\"https:\/\/blogdobispo.com.br\/#\/schema\/logo\/image\/\"}},{\"@type\":\"Person\",\"@id\":\"https:\/\/blogdobispo.com.br\/#\/schema\/person\/e2209cc0e6cea5c5233d033e997b373f\",\"name\":\"Jefferson Sterfeno\",\"image\":{\"@type\":\"ImageObject\",\"inLanguage\":\"pt-BR\",\"@id\":\"https:\/\/blogdobispo.com.br\/#\/schema\/person\/image\/\",\"url\":\"https:\/\/secure.gravatar.com\/avatar\/0534e84764641168a677026b6d57a3f51dc7ac4db0b4f6186d9cb330d4ee1160?s=96&d=mm&r=g\",\"contentUrl\":\"https:\/\/secure.gravatar.com\/avatar\/0534e84764641168a677026b6d57a3f51dc7ac4db0b4f6186d9cb330d4ee1160?s=96&d=mm&r=g\",\"caption\":\"Jefferson Sterfeno\"},\"sameAs\":[\"http:\/\/blogdobispo.com.br\"],\"url\":\"https:\/\/blogdobispo.com.br\/?author=1\"}]}<\/script>\n<!-- \/ Yoast SEO plugin. -->","yoast_head_json":{"title":"Dickson denuncia fila de espera por laudo para TEA e cobrar\u00e1 informa\u00e7\u00f5es da Secretaria de Sa\u00fade - Blog do Bispo","robots":{"index":"index","follow":"follow","max-snippet":"max-snippet:-1","max-image-preview":"max-image-preview:large","max-video-preview":"max-video-preview:-1"},"canonical":"https:\/\/blogdobispo.com.br\/?p=2952","og_locale":"pt_BR","og_type":"article","og_title":"Dickson denuncia fila de espera por laudo para TEA e cobrar\u00e1 informa\u00e7\u00f5es da Secretaria de Sa\u00fade - Blog do Bispo","og_description":"Orador na sess\u00e3o ordin\u00e1ria desta quarta-feira (21), o vereador Dickson J\u00fanior (PDT), que \u00e9 integrante da Comiss\u00e3o de Defesa dos Direitos das Pessoas com Defici\u00eancia e Mobilidade Reduzida, da C\u00e2mara Municipal de Natal, criticou a grande fila de espera por diagn\u00f3stico para pessoas com suspeita de ter o Transtorno do Espectro Autista (TEA). O parlamentar [&hellip;]","og_url":"https:\/\/blogdobispo.com.br\/?p=2952","og_site_name":"Blog do Bispo","article_published_time":"2024-03-21T15:45:19+00:00","og_image":[{"url":"https:\/\/blogdobispo.com.br\/wp-content\/uploads\/2024\/03\/931b77ef-c69e-47e5-878d-d6d3d78407aa-1-768x1024.jpg","type":"","width":"","height":""}],"author":"Jefferson Sterfeno","twitter_card":"summary_large_image","twitter_misc":{"Escrito por":"Jefferson Sterfeno","Est. tempo de leitura":"2 minutos"},"schema":{"@context":"https:\/\/schema.org","@graph":[{"@type":"Article","@id":"https:\/\/blogdobispo.com.br\/?p=2952#article","isPartOf":{"@id":"https:\/\/blogdobispo.com.br\/?p=2952"},"author":{"name":"Jefferson Sterfeno","@id":"https:\/\/blogdobispo.com.br\/#\/schema\/person\/e2209cc0e6cea5c5233d033e997b373f"},"headline":"Dickson denuncia fila de espera por laudo para TEA e cobrar\u00e1 informa\u00e7\u00f5es da Secretaria de Sa\u00fade","datePublished":"2024-03-21T15:45:19+00:00","mainEntityOfPage":{"@id":"https:\/\/blogdobispo.com.br\/?p=2952"},"wordCount":321,"commentCount":0,"publisher":{"@id":"https:\/\/blogdobispo.com.br\/#organization"},"image":{"@id":"https:\/\/blogdobispo.com.br\/?p=2952#primaryimage"},"thumbnailUrl":"https:\/\/blogdobispo.com.br\/wp-content\/uploads\/2024\/03\/931b77ef-c69e-47e5-878d-d6d3d78407aa-1-768x1024.jpg","articleSection":["diversos"],"inLanguage":"pt-BR","potentialAction":[{"@type":"CommentAction","name":"Comment","target":["https:\/\/blogdobispo.com.br\/?p=2952#respond"]}]},{"@type":"WebPage","@id":"https:\/\/blogdobispo.com.br\/?p=2952","url":"https:\/\/blogdobispo.com.br\/?p=2952","name":"Dickson denuncia fila de espera por laudo para TEA e cobrar\u00e1 informa\u00e7\u00f5es da Secretaria de Sa\u00fade - Blog do Bispo","isPartOf":{"@id":"https:\/\/blogdobispo.com.br\/#website"},"primaryImageOfPage":{"@id":"https:\/\/blogdobispo.com.br\/?p=2952#primaryimage"},"image":{"@id":"https:\/\/blogdobispo.com.br\/?p=2952#primaryimage"},"thumbnailUrl":"https:\/\/blogdobispo.com.br\/wp-content\/uploads\/2024\/03\/931b77ef-c69e-47e5-878d-d6d3d78407aa-1-768x1024.jpg","datePublished":"2024-03-21T15:45:19+00:00","breadcrumb":{"@id":"https:\/\/blogdobispo.com.br\/?p=2952#breadcrumb"},"inLanguage":"pt-BR","potentialAction":[{"@type":"ReadAction","target":["https:\/\/blogdobispo.com.br\/?p=2952"]}]},{"@type":"ImageObject","inLanguage":"pt-BR","@id":"https:\/\/blogdobispo.com.br\/?p=2952#primaryimage","url":"https:\/\/blogdobispo.com.br\/wp-content\/uploads\/2024\/03\/931b77ef-c69e-47e5-878d-d6d3d78407aa-1-768x1024.jpg","contentUrl":"https:\/\/blogdobispo.com.br\/wp-content\/uploads\/2024\/03\/931b77ef-c69e-47e5-878d-d6d3d78407aa-1-768x1024.jpg"},{"@type":"BreadcrumbList","@id":"https:\/\/blogdobispo.com.br\/?p=2952#breadcrumb","itemListElement":[{"@type":"ListItem","position":1,"name":"In\u00edcio","item":"https:\/\/blogdobispo.com.br\/"},{"@type":"ListItem","position":2,"name":"Dickson denuncia fila de espera por laudo para TEA e cobrar\u00e1 informa\u00e7\u00f5es da Secretaria de Sa\u00fade"}]},{"@type":"WebSite","@id":"https:\/\/blogdobispo.com.br\/#website","url":"https:\/\/blogdobispo.com.br\/","name":"Blog do Bispo","description":"Comprometido apenas com o leitor","publisher":{"@id":"https:\/\/blogdobispo.com.br\/#organization"},"potentialAction":[{"@type":"SearchAction","target":{"@type":"EntryPoint","urlTemplate":"https:\/\/blogdobispo.com.br\/?s={search_term_string}"},"query-input":{"@type":"PropertyValueSpecification","valueRequired":true,"valueName":"search_term_string"}}],"inLanguage":"pt-BR"},{"@type":"Organization","@id":"https:\/\/blogdobispo.com.br\/#organization","name":"Blog do Bispo","url":"https:\/\/blogdobispo.com.br\/","logo":{"@type":"ImageObject","inLanguage":"pt-BR","@id":"https:\/\/blogdobispo.com.br\/#\/schema\/logo\/image\/","url":"http:\/\/blogdobispo.com.br\/wp-content\/uploads\/2023\/05\/cropped-headear.png","contentUrl":"http:\/\/blogdobispo.com.br\/wp-content\/uploads\/2023\/05\/cropped-headear.png","width":1500,"height":399,"caption":"Blog do Bispo"},"image":{"@id":"https:\/\/blogdobispo.com.br\/#\/schema\/logo\/image\/"}},{"@type":"Person","@id":"https:\/\/blogdobispo.com.br\/#\/schema\/person\/e2209cc0e6cea5c5233d033e997b373f","name":"Jefferson Sterfeno","image":{"@type":"ImageObject","inLanguage":"pt-BR","@id":"https:\/\/blogdobispo.com.br\/#\/schema\/person\/image\/","url":"https:\/\/secure.gravatar.com\/avatar\/0534e84764641168a677026b6d57a3f51dc7ac4db0b4f6186d9cb330d4ee1160?s=96&d=mm&r=g","contentUrl":"https:\/\/secure.gravatar.com\/avatar\/0534e84764641168a677026b6d57a3f51dc7ac4db0b4f6186d9cb330d4ee1160?s=96&d=mm&r=g","caption":"Jefferson Sterfeno"},"sameAs":["http:\/\/blogdobispo.com.br"],"url":"https:\/\/blogdobispo.com.br\/?author=1"}]}},"featured_image_urls":{"full":"","thumbnail":"","medium":"","medium_large":"","large":"","1536x1536":"","2048x2048":""},"author_info":{"display_name":"Jefferson Sterfeno","author_link":"https:\/\/blogdobispo.com.br\/?author=1"},"category_info":"<a href=\"https:\/\/blogdobispo.com.br\/?cat=1\" rel=\"category\">diversos<\/a>","tag_info":"diversos","comment_count":"0","jetpack_featured_media_url":"","jetpack_sharing_enabled":true,"_links":{"self":[{"href":"https:\/\/blogdobispo.com.br\/index.php?rest_route=\/wp\/v2\/posts\/2952","targetHints":{"allow":["GET"]}}],"collection":[{"href":"https:\/\/blogdobispo.com.br\/index.php?rest_route=\/wp\/v2\/posts"}],"about":[{"href":"https:\/\/blogdobispo.com.br\/index.php?rest_route=\/wp\/v2\/types\/post"}],"author":[{"embeddable":true,"href":"https:\/\/blogdobispo.com.br\/index.php?rest_route=\/wp\/v2\/users\/1"}],"replies":[{"embeddable":true,"href":"https:\/\/blogdobispo.com.br\/index.php?rest_route=%2Fwp%2Fv2%2Fcomments&post=2952"}],"version-history":[{"count":0,"href":"https:\/\/blogdobispo.com.br\/index.php?rest_route=\/wp\/v2\/posts\/2952\/revisions"}],"wp:attachment":[{"href":"https:\/\/blogdobispo.com.br\/index.php?rest_route=%2Fwp%2Fv2%2Fmedia&parent=2952"}],"wp:term":[{"taxonomy":"category","embeddable":true,"href":"https:\/\/blogdobispo.com.br\/index.php?rest_route=%2Fwp%2Fv2%2Fcategories&post=2952"},{"taxonomy":"post_tag","embeddable":true,"href":"https:\/\/blogdobispo.com.br\/index.php?rest_route=%2Fwp%2Fv2%2Ftags&post=2952"}],"curies":[{"name":"wp","href":"https:\/\/api.w.org\/{rel}","templated":true}]}}