{"id":2950,"date":"2024-03-21T15:42:51","date_gmt":"2024-03-21T15:42:51","guid":{"rendered":"https:\/\/blogdobispo.com.br\/?p=2950"},"modified":"2024-03-21T15:42:51","modified_gmt":"2024-03-21T15:42:51","slug":"projeto-do-vereador-kleber-fernandes-garante-apoio-emocional-as-mulheres-em-consultas-e-exames","status":"publish","type":"post","link":"https:\/\/blogdobispo.com.br\/?p=2950","title":{"rendered":"Projeto do vereador Kleber Fernandes garante apoio emocional \u00e0s mulheres em consultas e exames"},"content":{"rendered":"\n<figure class=\"wp-block-image size-large\"><img data-recalc-dims=\"1\" fetchpriority=\"high\" decoding=\"async\" width=\"800\" height=\"689\" src=\"https:\/\/i0.wp.com\/blogdobispo.com.br\/wp-content\/uploads\/2024\/03\/019a2948-ec85-41b0-89f3-23907ad8f239-1-1024x882.jpg?resize=800%2C689&#038;ssl=1\" class=\"wp-image-2949\" srcset=\"https:\/\/i0.wp.com\/blogdobispo.com.br\/wp-content\/uploads\/2024\/03\/019a2948-ec85-41b0-89f3-23907ad8f239-1.jpg?resize=1024%2C882&amp;ssl=1 1024w, https:\/\/i0.wp.com\/blogdobispo.com.br\/wp-content\/uploads\/2024\/03\/019a2948-ec85-41b0-89f3-23907ad8f239-1.jpg?resize=300%2C258&amp;ssl=1 300w, https:\/\/i0.wp.com\/blogdobispo.com.br\/wp-content\/uploads\/2024\/03\/019a2948-ec85-41b0-89f3-23907ad8f239-1.jpg?resize=768%2C661&amp;ssl=1 768w, https:\/\/i0.wp.com\/blogdobispo.com.br\/wp-content\/uploads\/2024\/03\/019a2948-ec85-41b0-89f3-23907ad8f239-1.jpg?resize=1536%2C1323&amp;ssl=1 1536w, https:\/\/i0.wp.com\/blogdobispo.com.br\/wp-content\/uploads\/2024\/03\/019a2948-ec85-41b0-89f3-23907ad8f239-1.jpg?w=1600&amp;ssl=1 1600w\" sizes=\"(max-width: 800px) 100vw, 800px\" \/><\/figure>\n\n\n\n<p><\/p>\n\n\n\n<p>O plen\u00e1rio da C\u00e2mara Municipal de Natal aprovou nesta semana projeto de lei (PL 574 \/ 2022) de autoria do vereador Kleber Fernandes (Republicanos) que oferece o direito de toda mulher a ter acompanhante, pessoa de sua escolha, nas consultas e exames, inclusive os ginecol\u00f3gicos, nos estabelecimentos p\u00fablicos e privados de sa\u00fade do munic\u00edpio de Natal.<\/p>\n\n\n\n<p>Para o parlamentar, a presen\u00e7a de um acompanhante de confian\u00e7a pode fornecer apoio emocional e psicol\u00f3gico \u00e0s mulheres durante consultas e exames, especialmente em situa\u00e7\u00f5es delicadas ou desconfort\u00e1veis. Isso pode ajudar a reduzir o estresse, a ansiedade e o medo associados a procedimentos m\u00e9dicos, facilitando uma experi\u00eancia mais positiva e tranquila.<\/p>\n\n\n\n<p>\u201cTer um acompanhante presente pode facilitar a comunica\u00e7\u00e3o entre a mulher e o profissional de sa\u00fade, garantindo que todas as suas d\u00favidas, preocupa\u00e7\u00f5es e necessidades sejam adequadamente abordadas. Ao garantir um ambiente mais acolhedor e inclusivo nos estabelecimentos de sa\u00fade, a medida pode incentivar as mulheres a buscar cuidados m\u00e9dicos de forma mais regular e preventiva, contribuindo para a promo\u00e7\u00e3o da sa\u00fade feminina e a preven\u00e7\u00e3o de doen\u00e7as\u201d, disse. Agora, o projeto segue para san\u00e7\u00e3o do prefeito \u00c1lvaro Dias.<\/p>\n","protected":false},"excerpt":{"rendered":"<p>O plen\u00e1rio da C\u00e2mara Municipal de Natal aprovou nesta semana projeto de lei (PL 574 \/ 2022) de autoria do vereador Kleber Fernandes (Republicanos) que oferece o direito de toda mulher a ter acompanhante, pessoa de sua escolha, nas consultas e exames, inclusive os ginecol\u00f3gicos, nos estabelecimentos p\u00fablicos e privados de sa\u00fade do munic\u00edpio de [&hellip;]<\/p>\n","protected":false},"author":1,"featured_media":0,"comment_status":"open","ping_status":"open","sticky":false,"template":"","format":"standard","meta":{"cybocfi_hide_featured_image":"","_jetpack_memberships_contains_paid_content":false,"footnotes":""},"categories":[1],"tags":[],"class_list":["post-2950","post","type-post","status-publish","format-standard","hentry","category-diversos"],"yoast_head":"<!-- This site is optimized with the Yoast SEO plugin v25.6 - https:\/\/yoast.com\/wordpress\/plugins\/seo\/ -->\n<title>Projeto do vereador Kleber Fernandes garante apoio emocional \u00e0s mulheres em consultas e exames - Blog do Bispo<\/title>\n<meta name=\"robots\" content=\"index, follow, max-snippet:-1, max-image-preview:large, max-video-preview:-1\" \/>\n<link rel=\"canonical\" href=\"https:\/\/blogdobispo.com.br\/?p=2950\" \/>\n<meta property=\"og:locale\" content=\"pt_BR\" \/>\n<meta property=\"og:type\" content=\"article\" \/>\n<meta property=\"og:title\" content=\"Projeto do vereador Kleber Fernandes garante apoio emocional \u00e0s mulheres em consultas e exames - Blog do Bispo\" \/>\n<meta property=\"og:description\" content=\"O plen\u00e1rio da C\u00e2mara Municipal de Natal aprovou nesta semana projeto de lei (PL 574 \/ 2022) de autoria do vereador Kleber Fernandes (Republicanos) que oferece o direito de toda mulher a ter acompanhante, pessoa de sua escolha, nas consultas e exames, inclusive os ginecol\u00f3gicos, nos estabelecimentos p\u00fablicos e privados de sa\u00fade do munic\u00edpio de [&hellip;]\" \/>\n<meta property=\"og:url\" content=\"https:\/\/blogdobispo.com.br\/?p=2950\" \/>\n<meta property=\"og:site_name\" content=\"Blog do Bispo\" \/>\n<meta property=\"article:published_time\" content=\"2024-03-21T15:42:51+00:00\" \/>\n<meta property=\"og:image\" content=\"https:\/\/blogdobispo.com.br\/wp-content\/uploads\/2024\/03\/019a2948-ec85-41b0-89f3-23907ad8f239-1-1024x882.jpg\" \/>\n<meta name=\"author\" content=\"Jefferson Sterfeno\" \/>\n<meta name=\"twitter:card\" content=\"summary_large_image\" \/>\n<meta name=\"twitter:label1\" content=\"Escrito por\" \/>\n\t<meta name=\"twitter:data1\" content=\"Jefferson Sterfeno\" \/>\n\t<meta name=\"twitter:label2\" content=\"Est. tempo de leitura\" \/>\n\t<meta name=\"twitter:data2\" content=\"1 minuto\" \/>\n<script type=\"application\/ld+json\" class=\"yoast-schema-graph\">{\"@context\":\"https:\/\/schema.org\",\"@graph\":[{\"@type\":\"Article\",\"@id\":\"https:\/\/blogdobispo.com.br\/?p=2950#article\",\"isPartOf\":{\"@id\":\"https:\/\/blogdobispo.com.br\/?p=2950\"},\"author\":{\"name\":\"Jefferson Sterfeno\",\"@id\":\"https:\/\/blogdobispo.com.br\/#\/schema\/person\/e2209cc0e6cea5c5233d033e997b373f\"},\"headline\":\"Projeto do vereador Kleber Fernandes garante apoio emocional \u00e0s mulheres em consultas e exames\",\"datePublished\":\"2024-03-21T15:42:51+00:00\",\"mainEntityOfPage\":{\"@id\":\"https:\/\/blogdobispo.com.br\/?p=2950\"},\"wordCount\":221,\"commentCount\":0,\"publisher\":{\"@id\":\"https:\/\/blogdobispo.com.br\/#organization\"},\"image\":{\"@id\":\"https:\/\/blogdobispo.com.br\/?p=2950#primaryimage\"},\"thumbnailUrl\":\"https:\/\/blogdobispo.com.br\/wp-content\/uploads\/2024\/03\/019a2948-ec85-41b0-89f3-23907ad8f239-1-1024x882.jpg\",\"articleSection\":[\"diversos\"],\"inLanguage\":\"pt-BR\",\"potentialAction\":[{\"@type\":\"CommentAction\",\"name\":\"Comment\",\"target\":[\"https:\/\/blogdobispo.com.br\/?p=2950#respond\"]}]},{\"@type\":\"WebPage\",\"@id\":\"https:\/\/blogdobispo.com.br\/?p=2950\",\"url\":\"https:\/\/blogdobispo.com.br\/?p=2950\",\"name\":\"Projeto do vereador Kleber Fernandes garante apoio emocional \u00e0s mulheres em consultas e exames - Blog do Bispo\",\"isPartOf\":{\"@id\":\"https:\/\/blogdobispo.com.br\/#website\"},\"primaryImageOfPage\":{\"@id\":\"https:\/\/blogdobispo.com.br\/?p=2950#primaryimage\"},\"image\":{\"@id\":\"https:\/\/blogdobispo.com.br\/?p=2950#primaryimage\"},\"thumbnailUrl\":\"https:\/\/blogdobispo.com.br\/wp-content\/uploads\/2024\/03\/019a2948-ec85-41b0-89f3-23907ad8f239-1-1024x882.jpg\",\"datePublished\":\"2024-03-21T15:42:51+00:00\",\"breadcrumb\":{\"@id\":\"https:\/\/blogdobispo.com.br\/?p=2950#breadcrumb\"},\"inLanguage\":\"pt-BR\",\"potentialAction\":[{\"@type\":\"ReadAction\",\"target\":[\"https:\/\/blogdobispo.com.br\/?p=2950\"]}]},{\"@type\":\"ImageObject\",\"inLanguage\":\"pt-BR\",\"@id\":\"https:\/\/blogdobispo.com.br\/?p=2950#primaryimage\",\"url\":\"https:\/\/blogdobispo.com.br\/wp-content\/uploads\/2024\/03\/019a2948-ec85-41b0-89f3-23907ad8f239-1-1024x882.jpg\",\"contentUrl\":\"https:\/\/blogdobispo.com.br\/wp-content\/uploads\/2024\/03\/019a2948-ec85-41b0-89f3-23907ad8f239-1-1024x882.jpg\"},{\"@type\":\"BreadcrumbList\",\"@id\":\"https:\/\/blogdobispo.com.br\/?p=2950#breadcrumb\",\"itemListElement\":[{\"@type\":\"ListItem\",\"position\":1,\"name\":\"In\u00edcio\",\"item\":\"https:\/\/blogdobispo.com.br\/\"},{\"@type\":\"ListItem\",\"position\":2,\"name\":\"Projeto do vereador Kleber Fernandes garante apoio emocional \u00e0s mulheres em consultas e exames\"}]},{\"@type\":\"WebSite\",\"@id\":\"https:\/\/blogdobispo.com.br\/#website\",\"url\":\"https:\/\/blogdobispo.com.br\/\",\"name\":\"Blog do Bispo\",\"description\":\"Comprometido apenas com o leitor\",\"publisher\":{\"@id\":\"https:\/\/blogdobispo.com.br\/#organization\"},\"potentialAction\":[{\"@type\":\"SearchAction\",\"target\":{\"@type\":\"EntryPoint\",\"urlTemplate\":\"https:\/\/blogdobispo.com.br\/?s={search_term_string}\"},\"query-input\":{\"@type\":\"PropertyValueSpecification\",\"valueRequired\":true,\"valueName\":\"search_term_string\"}}],\"inLanguage\":\"pt-BR\"},{\"@type\":\"Organization\",\"@id\":\"https:\/\/blogdobispo.com.br\/#organization\",\"name\":\"Blog do Bispo\",\"url\":\"https:\/\/blogdobispo.com.br\/\",\"logo\":{\"@type\":\"ImageObject\",\"inLanguage\":\"pt-BR\",\"@id\":\"https:\/\/blogdobispo.com.br\/#\/schema\/logo\/image\/\",\"url\":\"http:\/\/blogdobispo.com.br\/wp-content\/uploads\/2023\/05\/cropped-headear.png\",\"contentUrl\":\"http:\/\/blogdobispo.com.br\/wp-content\/uploads\/2023\/05\/cropped-headear.png\",\"width\":1500,\"height\":399,\"caption\":\"Blog do Bispo\"},\"image\":{\"@id\":\"https:\/\/blogdobispo.com.br\/#\/schema\/logo\/image\/\"}},{\"@type\":\"Person\",\"@id\":\"https:\/\/blogdobispo.com.br\/#\/schema\/person\/e2209cc0e6cea5c5233d033e997b373f\",\"name\":\"Jefferson Sterfeno\",\"image\":{\"@type\":\"ImageObject\",\"inLanguage\":\"pt-BR\",\"@id\":\"https:\/\/blogdobispo.com.br\/#\/schema\/person\/image\/\",\"url\":\"https:\/\/secure.gravatar.com\/avatar\/0534e84764641168a677026b6d57a3f51dc7ac4db0b4f6186d9cb330d4ee1160?s=96&d=mm&r=g\",\"contentUrl\":\"https:\/\/secure.gravatar.com\/avatar\/0534e84764641168a677026b6d57a3f51dc7ac4db0b4f6186d9cb330d4ee1160?s=96&d=mm&r=g\",\"caption\":\"Jefferson Sterfeno\"},\"sameAs\":[\"http:\/\/blogdobispo.com.br\"],\"url\":\"https:\/\/blogdobispo.com.br\/?author=1\"}]}<\/script>\n<!-- \/ Yoast SEO plugin. -->","yoast_head_json":{"title":"Projeto do vereador Kleber Fernandes garante apoio emocional \u00e0s mulheres em consultas e exames - Blog do Bispo","robots":{"index":"index","follow":"follow","max-snippet":"max-snippet:-1","max-image-preview":"max-image-preview:large","max-video-preview":"max-video-preview:-1"},"canonical":"https:\/\/blogdobispo.com.br\/?p=2950","og_locale":"pt_BR","og_type":"article","og_title":"Projeto do vereador Kleber Fernandes garante apoio emocional \u00e0s mulheres em consultas e exames - Blog do Bispo","og_description":"O plen\u00e1rio da C\u00e2mara Municipal de Natal aprovou nesta semana projeto de lei (PL 574 \/ 2022) de autoria do vereador Kleber Fernandes (Republicanos) que oferece o direito de toda mulher a ter acompanhante, pessoa de sua escolha, nas consultas e exames, inclusive os ginecol\u00f3gicos, nos estabelecimentos p\u00fablicos e privados de sa\u00fade do munic\u00edpio de [&hellip;]","og_url":"https:\/\/blogdobispo.com.br\/?p=2950","og_site_name":"Blog do Bispo","article_published_time":"2024-03-21T15:42:51+00:00","og_image":[{"url":"https:\/\/blogdobispo.com.br\/wp-content\/uploads\/2024\/03\/019a2948-ec85-41b0-89f3-23907ad8f239-1-1024x882.jpg","type":"","width":"","height":""}],"author":"Jefferson Sterfeno","twitter_card":"summary_large_image","twitter_misc":{"Escrito por":"Jefferson Sterfeno","Est. tempo de leitura":"1 minuto"},"schema":{"@context":"https:\/\/schema.org","@graph":[{"@type":"Article","@id":"https:\/\/blogdobispo.com.br\/?p=2950#article","isPartOf":{"@id":"https:\/\/blogdobispo.com.br\/?p=2950"},"author":{"name":"Jefferson Sterfeno","@id":"https:\/\/blogdobispo.com.br\/#\/schema\/person\/e2209cc0e6cea5c5233d033e997b373f"},"headline":"Projeto do vereador Kleber Fernandes garante apoio emocional \u00e0s mulheres em consultas e exames","datePublished":"2024-03-21T15:42:51+00:00","mainEntityOfPage":{"@id":"https:\/\/blogdobispo.com.br\/?p=2950"},"wordCount":221,"commentCount":0,"publisher":{"@id":"https:\/\/blogdobispo.com.br\/#organization"},"image":{"@id":"https:\/\/blogdobispo.com.br\/?p=2950#primaryimage"},"thumbnailUrl":"https:\/\/blogdobispo.com.br\/wp-content\/uploads\/2024\/03\/019a2948-ec85-41b0-89f3-23907ad8f239-1-1024x882.jpg","articleSection":["diversos"],"inLanguage":"pt-BR","potentialAction":[{"@type":"CommentAction","name":"Comment","target":["https:\/\/blogdobispo.com.br\/?p=2950#respond"]}]},{"@type":"WebPage","@id":"https:\/\/blogdobispo.com.br\/?p=2950","url":"https:\/\/blogdobispo.com.br\/?p=2950","name":"Projeto do vereador Kleber Fernandes garante apoio emocional \u00e0s mulheres em consultas e exames - Blog do Bispo","isPartOf":{"@id":"https:\/\/blogdobispo.com.br\/#website"},"primaryImageOfPage":{"@id":"https:\/\/blogdobispo.com.br\/?p=2950#primaryimage"},"image":{"@id":"https:\/\/blogdobispo.com.br\/?p=2950#primaryimage"},"thumbnailUrl":"https:\/\/blogdobispo.com.br\/wp-content\/uploads\/2024\/03\/019a2948-ec85-41b0-89f3-23907ad8f239-1-1024x882.jpg","datePublished":"2024-03-21T15:42:51+00:00","breadcrumb":{"@id":"https:\/\/blogdobispo.com.br\/?p=2950#breadcrumb"},"inLanguage":"pt-BR","potentialAction":[{"@type":"ReadAction","target":["https:\/\/blogdobispo.com.br\/?p=2950"]}]},{"@type":"ImageObject","inLanguage":"pt-BR","@id":"https:\/\/blogdobispo.com.br\/?p=2950#primaryimage","url":"https:\/\/blogdobispo.com.br\/wp-content\/uploads\/2024\/03\/019a2948-ec85-41b0-89f3-23907ad8f239-1-1024x882.jpg","contentUrl":"https:\/\/blogdobispo.com.br\/wp-content\/uploads\/2024\/03\/019a2948-ec85-41b0-89f3-23907ad8f239-1-1024x882.jpg"},{"@type":"BreadcrumbList","@id":"https:\/\/blogdobispo.com.br\/?p=2950#breadcrumb","itemListElement":[{"@type":"ListItem","position":1,"name":"In\u00edcio","item":"https:\/\/blogdobispo.com.br\/"},{"@type":"ListItem","position":2,"name":"Projeto do vereador Kleber Fernandes garante apoio emocional \u00e0s mulheres em consultas e exames"}]},{"@type":"WebSite","@id":"https:\/\/blogdobispo.com.br\/#website","url":"https:\/\/blogdobispo.com.br\/","name":"Blog do Bispo","description":"Comprometido apenas com o leitor","publisher":{"@id":"https:\/\/blogdobispo.com.br\/#organization"},"potentialAction":[{"@type":"SearchAction","target":{"@type":"EntryPoint","urlTemplate":"https:\/\/blogdobispo.com.br\/?s={search_term_string}"},"query-input":{"@type":"PropertyValueSpecification","valueRequired":true,"valueName":"search_term_string"}}],"inLanguage":"pt-BR"},{"@type":"Organization","@id":"https:\/\/blogdobispo.com.br\/#organization","name":"Blog do Bispo","url":"https:\/\/blogdobispo.com.br\/","logo":{"@type":"ImageObject","inLanguage":"pt-BR","@id":"https:\/\/blogdobispo.com.br\/#\/schema\/logo\/image\/","url":"http:\/\/blogdobispo.com.br\/wp-content\/uploads\/2023\/05\/cropped-headear.png","contentUrl":"http:\/\/blogdobispo.com.br\/wp-content\/uploads\/2023\/05\/cropped-headear.png","width":1500,"height":399,"caption":"Blog do Bispo"},"image":{"@id":"https:\/\/blogdobispo.com.br\/#\/schema\/logo\/image\/"}},{"@type":"Person","@id":"https:\/\/blogdobispo.com.br\/#\/schema\/person\/e2209cc0e6cea5c5233d033e997b373f","name":"Jefferson Sterfeno","image":{"@type":"ImageObject","inLanguage":"pt-BR","@id":"https:\/\/blogdobispo.com.br\/#\/schema\/person\/image\/","url":"https:\/\/secure.gravatar.com\/avatar\/0534e84764641168a677026b6d57a3f51dc7ac4db0b4f6186d9cb330d4ee1160?s=96&d=mm&r=g","contentUrl":"https:\/\/secure.gravatar.com\/avatar\/0534e84764641168a677026b6d57a3f51dc7ac4db0b4f6186d9cb330d4ee1160?s=96&d=mm&r=g","caption":"Jefferson Sterfeno"},"sameAs":["http:\/\/blogdobispo.com.br"],"url":"https:\/\/blogdobispo.com.br\/?author=1"}]}},"featured_image_urls":{"full":"","thumbnail":"","medium":"","medium_large":"","large":"","1536x1536":"","2048x2048":""},"author_info":{"display_name":"Jefferson Sterfeno","author_link":"https:\/\/blogdobispo.com.br\/?author=1"},"category_info":"<a href=\"https:\/\/blogdobispo.com.br\/?cat=1\" rel=\"category\">diversos<\/a>","tag_info":"diversos","comment_count":"0","jetpack_featured_media_url":"","jetpack_sharing_enabled":true,"_links":{"self":[{"href":"https:\/\/blogdobispo.com.br\/index.php?rest_route=\/wp\/v2\/posts\/2950","targetHints":{"allow":["GET"]}}],"collection":[{"href":"https:\/\/blogdobispo.com.br\/index.php?rest_route=\/wp\/v2\/posts"}],"about":[{"href":"https:\/\/blogdobispo.com.br\/index.php?rest_route=\/wp\/v2\/types\/post"}],"author":[{"embeddable":true,"href":"https:\/\/blogdobispo.com.br\/index.php?rest_route=\/wp\/v2\/users\/1"}],"replies":[{"embeddable":true,"href":"https:\/\/blogdobispo.com.br\/index.php?rest_route=%2Fwp%2Fv2%2Fcomments&post=2950"}],"version-history":[{"count":0,"href":"https:\/\/blogdobispo.com.br\/index.php?rest_route=\/wp\/v2\/posts\/2950\/revisions"}],"wp:attachment":[{"href":"https:\/\/blogdobispo.com.br\/index.php?rest_route=%2Fwp%2Fv2%2Fmedia&parent=2950"}],"wp:term":[{"taxonomy":"category","embeddable":true,"href":"https:\/\/blogdobispo.com.br\/index.php?rest_route=%2Fwp%2Fv2%2Fcategories&post=2950"},{"taxonomy":"post_tag","embeddable":true,"href":"https:\/\/blogdobispo.com.br\/index.php?rest_route=%2Fwp%2Fv2%2Ftags&post=2950"}],"curies":[{"name":"wp","href":"https:\/\/api.w.org\/{rel}","templated":true}]}}