{"id":2922,"date":"2024-03-18T17:25:58","date_gmt":"2024-03-18T17:25:58","guid":{"rendered":"https:\/\/blogdobispo.com.br\/?p=2922"},"modified":"2024-03-18T17:25:58","modified_gmt":"2024-03-18T17:25:58","slug":"prefeitura-de-sao-goncalo-do-amarante-da-ponta-pe-inicial-na-vacinacao-contra-influenza","status":"publish","type":"post","link":"https:\/\/blogdobispo.com.br\/?p=2922","title":{"rendered":"Prefeitura de S\u00e3o Gon\u00e7alo do Amarante d\u00e1 ponta p\u00e9 inicial na vacina\u00e7\u00e3o contra Influenza"},"content":{"rendered":"\n<figure class=\"wp-block-image size-large\"><img data-recalc-dims=\"1\" fetchpriority=\"high\" decoding=\"async\" width=\"800\" height=\"530\" src=\"https:\/\/i0.wp.com\/blogdobispo.com.br\/wp-content\/uploads\/2024\/03\/3d86f471-f79f-4b0a-bb57-1a6e2f71d75e-1-1024x678.jpg?resize=800%2C530&#038;ssl=1\" class=\"wp-image-2921\" srcset=\"https:\/\/i0.wp.com\/blogdobispo.com.br\/wp-content\/uploads\/2024\/03\/3d86f471-f79f-4b0a-bb57-1a6e2f71d75e-1.jpg?resize=1024%2C678&amp;ssl=1 1024w, https:\/\/i0.wp.com\/blogdobispo.com.br\/wp-content\/uploads\/2024\/03\/3d86f471-f79f-4b0a-bb57-1a6e2f71d75e-1.jpg?resize=300%2C199&amp;ssl=1 300w, https:\/\/i0.wp.com\/blogdobispo.com.br\/wp-content\/uploads\/2024\/03\/3d86f471-f79f-4b0a-bb57-1a6e2f71d75e-1.jpg?resize=768%2C508&amp;ssl=1 768w, https:\/\/i0.wp.com\/blogdobispo.com.br\/wp-content\/uploads\/2024\/03\/3d86f471-f79f-4b0a-bb57-1a6e2f71d75e-1.jpg?resize=1536%2C1017&amp;ssl=1 1536w, https:\/\/i0.wp.com\/blogdobispo.com.br\/wp-content\/uploads\/2024\/03\/3d86f471-f79f-4b0a-bb57-1a6e2f71d75e-1.jpg?w=1600&amp;ssl=1 1600w\" sizes=\"(max-width: 800px) 100vw, 800px\" \/><\/figure>\n\n\n\n<p><\/p>\n\n\n\n<p>Nesta segunda-feira, dia 18 de mar\u00e7o, os moradores de S\u00e3o Gon\u00e7alo do Amarante t\u00eam um importante compromisso com a sa\u00fade: a vacina\u00e7\u00e3o contra a influenza est\u00e1 dispon\u00edvel em toda a cidade. Esta iniciativa \u00e9 uma medida crucial para proteger n\u00e3o apenas a si mesmo, mas tamb\u00e9m aqueles ao seu redor.<\/p>\n\n\n\n<p>A abertura da vacina\u00e7\u00e3o aconteceu na Unidade B\u00e1sica de Sa\u00fade do bairro Golandim, e as vacinas estar\u00e3o dispon\u00edveis em todas as unidades b\u00e1sicas de sa\u00fade do munic\u00edpio. Esta campanha visa atingir um amplo espectro da popula\u00e7\u00e3o, especialmente aqueles que s\u00e3o considerados grupos priorit\u00e1rios.<\/p>\n\n\n\n<p>A vacina\u00e7\u00e3o contra a influenza \u00e9 especialmente vital para certos grupos, que t\u00eam maior risco de complica\u00e7\u00f5es de sa\u00fade relacionadas \u00e0 gripe. Estes grupos incluem:<\/p>\n\n\n\n<p>Crian\u00e7as (de 6 meses a menos de 6 anos de idade): As crian\u00e7as pequenas s\u00e3o particularmente vulner\u00e1veis a complica\u00e7\u00f5es da gripe e, portanto, a vacina\u00e7\u00e3o \u00e9 fundamental para proteg\u00ea-las.<\/p>\n\n\n\n<p>Trabalhadores da sa\u00fade: Pessoas que trabalham na linha de frente dos cuidados de sa\u00fade devem ser vacinadas para reduzir o risco de propaga\u00e7\u00e3o da doen\u00e7a entre os pacientes e colegas de trabalho.<\/p>\n\n\n\n<p>Gestantes e pu\u00e9rperas: Mulheres gr\u00e1vidas ou que acabaram de dar \u00e0 luz est\u00e3o em maior risco de complica\u00e7\u00f5es da gripe, tornando a vacina\u00e7\u00e3o uma prioridade para proteger tanto a m\u00e3e quanto o beb\u00ea.<\/p>\n\n\n\n<p>Professores do Ensino B\u00e1sico e Superior: Profissionais da educa\u00e7\u00e3o t\u00eam contato pr\u00f3ximo com muitas pessoas, o que aumenta o risco de exposi\u00e7\u00e3o ao v\u00edrus influenza. A vacina\u00e7\u00e3o \u00e9 essencial para proteger tanto os educadores quanto os alunos.<\/p>\n\n\n\n<p>Povos Ind\u00edgenas: Grupos \u00e9tnicos como os povos ind\u00edgenas podem enfrentar maior vulnerabilidade a doen\u00e7as respirat\u00f3rias, tornando a vacina\u00e7\u00e3o uma medida crucial de prote\u00e7\u00e3o.<\/p>\n\n\n\n<p>Idosos com 60 anos ou mais: Os idosos est\u00e3o entre os grupos mais vulner\u00e1veis a complica\u00e7\u00f5es graves da gripe, e a vacina\u00e7\u00e3o \u00e9 fundamental para proteger sua sa\u00fade.<\/p>\n\n\n\n<p>Pessoas em situa\u00e7\u00e3o de rua: Indiv\u00edduos sem moradia fixa enfrentam desafios \u00fanicos de sa\u00fade e podem ter maior exposi\u00e7\u00e3o ao v\u00edrus influenza. A vacina\u00e7\u00e3o \u00e9 uma forma importante de proteg\u00ea-los.<\/p>\n\n\n\n<p>Pessoas com doen\u00e7as cr\u00f4nicas n\u00e3o transmiss\u00edveis e outras condi\u00e7\u00f5es cl\u00ednicas especiais: Indiv\u00edduos com condi\u00e7\u00f5es de sa\u00fade cr\u00f4nicas, como diabetes, doen\u00e7as card\u00edacas ou respirat\u00f3rias, t\u00eam maior risco de complica\u00e7\u00f5es da gripe e devem ser vacinados.<\/p>\n\n\n\n<p>Pessoas com defici\u00eancia permanente: Pessoas com defici\u00eancias permanentes podem ter sistemas imunol\u00f3gicos comprometidos, aumentando o risco de complica\u00e7\u00f5es da gripe. A vacina\u00e7\u00e3o \u00e9 essencial para proteg\u00ea-las.<\/p>\n\n\n\n<p>Trabalhadores de Transporte Coletivo Rodovi\u00e1rio Passageiros Urbano e de Longo Curso, Trabalhadores Portu\u00e1rios, Profissionais das For\u00e7as de Seguran\u00e7a e Salvamento, Profissionais das For\u00e7as Armadas e Caminhoneiros: Esses grupos t\u00eam maior exposi\u00e7\u00e3o a diferentes ambientes e pessoas, aumentando o risco de contrair e espalhar a gripe.<\/p>\n\n\n\n<p>Popula\u00e7\u00e3o privada de liberdade e funcion\u00e1rios do sistema de priva\u00e7\u00e3o de liberdade, adolescentes e jovens de 12 a 21 anos de idade sob medidas socioeducativas: Indiv\u00edduos em institui\u00e7\u00f5es correcionais ou sob medidas socioeducativas est\u00e3o em maior risco de surtos de doen\u00e7as infecciosas, tornando a vacina\u00e7\u00e3o uma medida essencial de sa\u00fade p\u00fablica.<\/p>\n\n\n\n<p>A vacina\u00e7\u00e3o contra a influenza \u00e9 uma medida de sa\u00fade p\u00fablica fundamental para proteger a popula\u00e7\u00e3o contra complica\u00e7\u00f5es graves da gripe. Ao fazer parte dos grupos priorit\u00e1rios, voc\u00ea est\u00e1 n\u00e3o apenas protegendo a si mesmo, mas tamb\u00e9m contribuindo para a seguran\u00e7a e bem-estar de toda a comunidade. N\u00e3o perca a oportunidade de garantir sua imuniza\u00e7\u00e3o e ajude a construir um ambiente mais saud\u00e1vel para todos.<\/p>\n","protected":false},"excerpt":{"rendered":"<p>Nesta segunda-feira, dia 18 de mar\u00e7o, os moradores de S\u00e3o Gon\u00e7alo do Amarante t\u00eam um importante compromisso com a sa\u00fade: a vacina\u00e7\u00e3o contra a influenza est\u00e1 dispon\u00edvel em toda a cidade. Esta iniciativa \u00e9 uma medida crucial para proteger n\u00e3o apenas a si mesmo, mas tamb\u00e9m aqueles ao seu redor. A abertura da vacina\u00e7\u00e3o aconteceu [&hellip;]<\/p>\n","protected":false},"author":1,"featured_media":0,"comment_status":"open","ping_status":"open","sticky":false,"template":"","format":"standard","meta":{"cybocfi_hide_featured_image":"","_jetpack_memberships_contains_paid_content":false,"footnotes":""},"categories":[1],"tags":[],"class_list":["post-2922","post","type-post","status-publish","format-standard","hentry","category-diversos"],"yoast_head":"<!-- This site is optimized with the Yoast SEO plugin v25.6 - https:\/\/yoast.com\/wordpress\/plugins\/seo\/ -->\n<title>Prefeitura de S\u00e3o Gon\u00e7alo do Amarante d\u00e1 ponta p\u00e9 inicial na vacina\u00e7\u00e3o contra Influenza - Blog do Bispo<\/title>\n<meta name=\"robots\" content=\"index, follow, max-snippet:-1, max-image-preview:large, max-video-preview:-1\" \/>\n<link rel=\"canonical\" href=\"https:\/\/blogdobispo.com.br\/?p=2922\" \/>\n<meta property=\"og:locale\" content=\"pt_BR\" \/>\n<meta property=\"og:type\" content=\"article\" \/>\n<meta property=\"og:title\" content=\"Prefeitura de S\u00e3o Gon\u00e7alo do Amarante d\u00e1 ponta p\u00e9 inicial na vacina\u00e7\u00e3o contra Influenza - Blog do Bispo\" \/>\n<meta property=\"og:description\" content=\"Nesta segunda-feira, dia 18 de mar\u00e7o, os moradores de S\u00e3o Gon\u00e7alo do Amarante t\u00eam um importante compromisso com a sa\u00fade: a vacina\u00e7\u00e3o contra a influenza est\u00e1 dispon\u00edvel em toda a cidade. Esta iniciativa \u00e9 uma medida crucial para proteger n\u00e3o apenas a si mesmo, mas tamb\u00e9m aqueles ao seu redor. A abertura da vacina\u00e7\u00e3o aconteceu [&hellip;]\" \/>\n<meta property=\"og:url\" content=\"https:\/\/blogdobispo.com.br\/?p=2922\" \/>\n<meta property=\"og:site_name\" content=\"Blog do Bispo\" \/>\n<meta property=\"article:published_time\" content=\"2024-03-18T17:25:58+00:00\" \/>\n<meta property=\"og:image\" content=\"https:\/\/blogdobispo.com.br\/wp-content\/uploads\/2024\/03\/3d86f471-f79f-4b0a-bb57-1a6e2f71d75e-1-1024x678.jpg\" \/>\n<meta name=\"author\" content=\"Jefferson Sterfeno\" \/>\n<meta name=\"twitter:card\" content=\"summary_large_image\" \/>\n<meta name=\"twitter:label1\" content=\"Escrito por\" \/>\n\t<meta name=\"twitter:data1\" content=\"Jefferson Sterfeno\" \/>\n\t<meta name=\"twitter:label2\" content=\"Est. tempo de leitura\" \/>\n\t<meta name=\"twitter:data2\" content=\"3 minutos\" \/>\n<script type=\"application\/ld+json\" class=\"yoast-schema-graph\">{\"@context\":\"https:\/\/schema.org\",\"@graph\":[{\"@type\":\"Article\",\"@id\":\"https:\/\/blogdobispo.com.br\/?p=2922#article\",\"isPartOf\":{\"@id\":\"https:\/\/blogdobispo.com.br\/?p=2922\"},\"author\":{\"name\":\"Jefferson Sterfeno\",\"@id\":\"https:\/\/blogdobispo.com.br\/#\/schema\/person\/e2209cc0e6cea5c5233d033e997b373f\"},\"headline\":\"Prefeitura de S\u00e3o Gon\u00e7alo do Amarante d\u00e1 ponta p\u00e9 inicial na vacina\u00e7\u00e3o contra Influenza\",\"datePublished\":\"2024-03-18T17:25:58+00:00\",\"mainEntityOfPage\":{\"@id\":\"https:\/\/blogdobispo.com.br\/?p=2922\"},\"wordCount\":668,\"commentCount\":0,\"publisher\":{\"@id\":\"https:\/\/blogdobispo.com.br\/#organization\"},\"image\":{\"@id\":\"https:\/\/blogdobispo.com.br\/?p=2922#primaryimage\"},\"thumbnailUrl\":\"https:\/\/blogdobispo.com.br\/wp-content\/uploads\/2024\/03\/3d86f471-f79f-4b0a-bb57-1a6e2f71d75e-1-1024x678.jpg\",\"articleSection\":[\"diversos\"],\"inLanguage\":\"pt-BR\",\"potentialAction\":[{\"@type\":\"CommentAction\",\"name\":\"Comment\",\"target\":[\"https:\/\/blogdobispo.com.br\/?p=2922#respond\"]}]},{\"@type\":\"WebPage\",\"@id\":\"https:\/\/blogdobispo.com.br\/?p=2922\",\"url\":\"https:\/\/blogdobispo.com.br\/?p=2922\",\"name\":\"Prefeitura de S\u00e3o Gon\u00e7alo do Amarante d\u00e1 ponta p\u00e9 inicial na vacina\u00e7\u00e3o contra Influenza - Blog do Bispo\",\"isPartOf\":{\"@id\":\"https:\/\/blogdobispo.com.br\/#website\"},\"primaryImageOfPage\":{\"@id\":\"https:\/\/blogdobispo.com.br\/?p=2922#primaryimage\"},\"image\":{\"@id\":\"https:\/\/blogdobispo.com.br\/?p=2922#primaryimage\"},\"thumbnailUrl\":\"https:\/\/blogdobispo.com.br\/wp-content\/uploads\/2024\/03\/3d86f471-f79f-4b0a-bb57-1a6e2f71d75e-1-1024x678.jpg\",\"datePublished\":\"2024-03-18T17:25:58+00:00\",\"breadcrumb\":{\"@id\":\"https:\/\/blogdobispo.com.br\/?p=2922#breadcrumb\"},\"inLanguage\":\"pt-BR\",\"potentialAction\":[{\"@type\":\"ReadAction\",\"target\":[\"https:\/\/blogdobispo.com.br\/?p=2922\"]}]},{\"@type\":\"ImageObject\",\"inLanguage\":\"pt-BR\",\"@id\":\"https:\/\/blogdobispo.com.br\/?p=2922#primaryimage\",\"url\":\"https:\/\/blogdobispo.com.br\/wp-content\/uploads\/2024\/03\/3d86f471-f79f-4b0a-bb57-1a6e2f71d75e-1-1024x678.jpg\",\"contentUrl\":\"https:\/\/blogdobispo.com.br\/wp-content\/uploads\/2024\/03\/3d86f471-f79f-4b0a-bb57-1a6e2f71d75e-1-1024x678.jpg\"},{\"@type\":\"BreadcrumbList\",\"@id\":\"https:\/\/blogdobispo.com.br\/?p=2922#breadcrumb\",\"itemListElement\":[{\"@type\":\"ListItem\",\"position\":1,\"name\":\"In\u00edcio\",\"item\":\"https:\/\/blogdobispo.com.br\/\"},{\"@type\":\"ListItem\",\"position\":2,\"name\":\"Prefeitura de S\u00e3o Gon\u00e7alo do Amarante d\u00e1 ponta p\u00e9 inicial na vacina\u00e7\u00e3o contra Influenza\"}]},{\"@type\":\"WebSite\",\"@id\":\"https:\/\/blogdobispo.com.br\/#website\",\"url\":\"https:\/\/blogdobispo.com.br\/\",\"name\":\"Blog do Bispo\",\"description\":\"Comprometido apenas com o leitor\",\"publisher\":{\"@id\":\"https:\/\/blogdobispo.com.br\/#organization\"},\"potentialAction\":[{\"@type\":\"SearchAction\",\"target\":{\"@type\":\"EntryPoint\",\"urlTemplate\":\"https:\/\/blogdobispo.com.br\/?s={search_term_string}\"},\"query-input\":{\"@type\":\"PropertyValueSpecification\",\"valueRequired\":true,\"valueName\":\"search_term_string\"}}],\"inLanguage\":\"pt-BR\"},{\"@type\":\"Organization\",\"@id\":\"https:\/\/blogdobispo.com.br\/#organization\",\"name\":\"Blog do Bispo\",\"url\":\"https:\/\/blogdobispo.com.br\/\",\"logo\":{\"@type\":\"ImageObject\",\"inLanguage\":\"pt-BR\",\"@id\":\"https:\/\/blogdobispo.com.br\/#\/schema\/logo\/image\/\",\"url\":\"http:\/\/blogdobispo.com.br\/wp-content\/uploads\/2023\/05\/cropped-headear.png\",\"contentUrl\":\"http:\/\/blogdobispo.com.br\/wp-content\/uploads\/2023\/05\/cropped-headear.png\",\"width\":1500,\"height\":399,\"caption\":\"Blog do Bispo\"},\"image\":{\"@id\":\"https:\/\/blogdobispo.com.br\/#\/schema\/logo\/image\/\"}},{\"@type\":\"Person\",\"@id\":\"https:\/\/blogdobispo.com.br\/#\/schema\/person\/e2209cc0e6cea5c5233d033e997b373f\",\"name\":\"Jefferson Sterfeno\",\"image\":{\"@type\":\"ImageObject\",\"inLanguage\":\"pt-BR\",\"@id\":\"https:\/\/blogdobispo.com.br\/#\/schema\/person\/image\/\",\"url\":\"https:\/\/secure.gravatar.com\/avatar\/0534e84764641168a677026b6d57a3f51dc7ac4db0b4f6186d9cb330d4ee1160?s=96&d=mm&r=g\",\"contentUrl\":\"https:\/\/secure.gravatar.com\/avatar\/0534e84764641168a677026b6d57a3f51dc7ac4db0b4f6186d9cb330d4ee1160?s=96&d=mm&r=g\",\"caption\":\"Jefferson Sterfeno\"},\"sameAs\":[\"http:\/\/blogdobispo.com.br\"],\"url\":\"https:\/\/blogdobispo.com.br\/?author=1\"}]}<\/script>\n<!-- \/ Yoast SEO plugin. -->","yoast_head_json":{"title":"Prefeitura de S\u00e3o Gon\u00e7alo do Amarante d\u00e1 ponta p\u00e9 inicial na vacina\u00e7\u00e3o contra Influenza - Blog do Bispo","robots":{"index":"index","follow":"follow","max-snippet":"max-snippet:-1","max-image-preview":"max-image-preview:large","max-video-preview":"max-video-preview:-1"},"canonical":"https:\/\/blogdobispo.com.br\/?p=2922","og_locale":"pt_BR","og_type":"article","og_title":"Prefeitura de S\u00e3o Gon\u00e7alo do Amarante d\u00e1 ponta p\u00e9 inicial na vacina\u00e7\u00e3o contra Influenza - Blog do Bispo","og_description":"Nesta segunda-feira, dia 18 de mar\u00e7o, os moradores de S\u00e3o Gon\u00e7alo do Amarante t\u00eam um importante compromisso com a sa\u00fade: a vacina\u00e7\u00e3o contra a influenza est\u00e1 dispon\u00edvel em toda a cidade. Esta iniciativa \u00e9 uma medida crucial para proteger n\u00e3o apenas a si mesmo, mas tamb\u00e9m aqueles ao seu redor. A abertura da vacina\u00e7\u00e3o aconteceu [&hellip;]","og_url":"https:\/\/blogdobispo.com.br\/?p=2922","og_site_name":"Blog do Bispo","article_published_time":"2024-03-18T17:25:58+00:00","og_image":[{"url":"https:\/\/blogdobispo.com.br\/wp-content\/uploads\/2024\/03\/3d86f471-f79f-4b0a-bb57-1a6e2f71d75e-1-1024x678.jpg","type":"","width":"","height":""}],"author":"Jefferson Sterfeno","twitter_card":"summary_large_image","twitter_misc":{"Escrito por":"Jefferson Sterfeno","Est. tempo de leitura":"3 minutos"},"schema":{"@context":"https:\/\/schema.org","@graph":[{"@type":"Article","@id":"https:\/\/blogdobispo.com.br\/?p=2922#article","isPartOf":{"@id":"https:\/\/blogdobispo.com.br\/?p=2922"},"author":{"name":"Jefferson Sterfeno","@id":"https:\/\/blogdobispo.com.br\/#\/schema\/person\/e2209cc0e6cea5c5233d033e997b373f"},"headline":"Prefeitura de S\u00e3o Gon\u00e7alo do Amarante d\u00e1 ponta p\u00e9 inicial na vacina\u00e7\u00e3o contra Influenza","datePublished":"2024-03-18T17:25:58+00:00","mainEntityOfPage":{"@id":"https:\/\/blogdobispo.com.br\/?p=2922"},"wordCount":668,"commentCount":0,"publisher":{"@id":"https:\/\/blogdobispo.com.br\/#organization"},"image":{"@id":"https:\/\/blogdobispo.com.br\/?p=2922#primaryimage"},"thumbnailUrl":"https:\/\/blogdobispo.com.br\/wp-content\/uploads\/2024\/03\/3d86f471-f79f-4b0a-bb57-1a6e2f71d75e-1-1024x678.jpg","articleSection":["diversos"],"inLanguage":"pt-BR","potentialAction":[{"@type":"CommentAction","name":"Comment","target":["https:\/\/blogdobispo.com.br\/?p=2922#respond"]}]},{"@type":"WebPage","@id":"https:\/\/blogdobispo.com.br\/?p=2922","url":"https:\/\/blogdobispo.com.br\/?p=2922","name":"Prefeitura de S\u00e3o Gon\u00e7alo do Amarante d\u00e1 ponta p\u00e9 inicial na vacina\u00e7\u00e3o contra Influenza - Blog do Bispo","isPartOf":{"@id":"https:\/\/blogdobispo.com.br\/#website"},"primaryImageOfPage":{"@id":"https:\/\/blogdobispo.com.br\/?p=2922#primaryimage"},"image":{"@id":"https:\/\/blogdobispo.com.br\/?p=2922#primaryimage"},"thumbnailUrl":"https:\/\/blogdobispo.com.br\/wp-content\/uploads\/2024\/03\/3d86f471-f79f-4b0a-bb57-1a6e2f71d75e-1-1024x678.jpg","datePublished":"2024-03-18T17:25:58+00:00","breadcrumb":{"@id":"https:\/\/blogdobispo.com.br\/?p=2922#breadcrumb"},"inLanguage":"pt-BR","potentialAction":[{"@type":"ReadAction","target":["https:\/\/blogdobispo.com.br\/?p=2922"]}]},{"@type":"ImageObject","inLanguage":"pt-BR","@id":"https:\/\/blogdobispo.com.br\/?p=2922#primaryimage","url":"https:\/\/blogdobispo.com.br\/wp-content\/uploads\/2024\/03\/3d86f471-f79f-4b0a-bb57-1a6e2f71d75e-1-1024x678.jpg","contentUrl":"https:\/\/blogdobispo.com.br\/wp-content\/uploads\/2024\/03\/3d86f471-f79f-4b0a-bb57-1a6e2f71d75e-1-1024x678.jpg"},{"@type":"BreadcrumbList","@id":"https:\/\/blogdobispo.com.br\/?p=2922#breadcrumb","itemListElement":[{"@type":"ListItem","position":1,"name":"In\u00edcio","item":"https:\/\/blogdobispo.com.br\/"},{"@type":"ListItem","position":2,"name":"Prefeitura de S\u00e3o Gon\u00e7alo do Amarante d\u00e1 ponta p\u00e9 inicial na vacina\u00e7\u00e3o contra Influenza"}]},{"@type":"WebSite","@id":"https:\/\/blogdobispo.com.br\/#website","url":"https:\/\/blogdobispo.com.br\/","name":"Blog do Bispo","description":"Comprometido apenas com o leitor","publisher":{"@id":"https:\/\/blogdobispo.com.br\/#organization"},"potentialAction":[{"@type":"SearchAction","target":{"@type":"EntryPoint","urlTemplate":"https:\/\/blogdobispo.com.br\/?s={search_term_string}"},"query-input":{"@type":"PropertyValueSpecification","valueRequired":true,"valueName":"search_term_string"}}],"inLanguage":"pt-BR"},{"@type":"Organization","@id":"https:\/\/blogdobispo.com.br\/#organization","name":"Blog do Bispo","url":"https:\/\/blogdobispo.com.br\/","logo":{"@type":"ImageObject","inLanguage":"pt-BR","@id":"https:\/\/blogdobispo.com.br\/#\/schema\/logo\/image\/","url":"http:\/\/blogdobispo.com.br\/wp-content\/uploads\/2023\/05\/cropped-headear.png","contentUrl":"http:\/\/blogdobispo.com.br\/wp-content\/uploads\/2023\/05\/cropped-headear.png","width":1500,"height":399,"caption":"Blog do Bispo"},"image":{"@id":"https:\/\/blogdobispo.com.br\/#\/schema\/logo\/image\/"}},{"@type":"Person","@id":"https:\/\/blogdobispo.com.br\/#\/schema\/person\/e2209cc0e6cea5c5233d033e997b373f","name":"Jefferson Sterfeno","image":{"@type":"ImageObject","inLanguage":"pt-BR","@id":"https:\/\/blogdobispo.com.br\/#\/schema\/person\/image\/","url":"https:\/\/secure.gravatar.com\/avatar\/0534e84764641168a677026b6d57a3f51dc7ac4db0b4f6186d9cb330d4ee1160?s=96&d=mm&r=g","contentUrl":"https:\/\/secure.gravatar.com\/avatar\/0534e84764641168a677026b6d57a3f51dc7ac4db0b4f6186d9cb330d4ee1160?s=96&d=mm&r=g","caption":"Jefferson Sterfeno"},"sameAs":["http:\/\/blogdobispo.com.br"],"url":"https:\/\/blogdobispo.com.br\/?author=1"}]}},"featured_image_urls":{"full":"","thumbnail":"","medium":"","medium_large":"","large":"","1536x1536":"","2048x2048":""},"author_info":{"display_name":"Jefferson Sterfeno","author_link":"https:\/\/blogdobispo.com.br\/?author=1"},"category_info":"<a href=\"https:\/\/blogdobispo.com.br\/?cat=1\" rel=\"category\">diversos<\/a>","tag_info":"diversos","comment_count":"0","jetpack_featured_media_url":"","jetpack_sharing_enabled":true,"_links":{"self":[{"href":"https:\/\/blogdobispo.com.br\/index.php?rest_route=\/wp\/v2\/posts\/2922","targetHints":{"allow":["GET"]}}],"collection":[{"href":"https:\/\/blogdobispo.com.br\/index.php?rest_route=\/wp\/v2\/posts"}],"about":[{"href":"https:\/\/blogdobispo.com.br\/index.php?rest_route=\/wp\/v2\/types\/post"}],"author":[{"embeddable":true,"href":"https:\/\/blogdobispo.com.br\/index.php?rest_route=\/wp\/v2\/users\/1"}],"replies":[{"embeddable":true,"href":"https:\/\/blogdobispo.com.br\/index.php?rest_route=%2Fwp%2Fv2%2Fcomments&post=2922"}],"version-history":[{"count":0,"href":"https:\/\/blogdobispo.com.br\/index.php?rest_route=\/wp\/v2\/posts\/2922\/revisions"}],"wp:attachment":[{"href":"https:\/\/blogdobispo.com.br\/index.php?rest_route=%2Fwp%2Fv2%2Fmedia&parent=2922"}],"wp:term":[{"taxonomy":"category","embeddable":true,"href":"https:\/\/blogdobispo.com.br\/index.php?rest_route=%2Fwp%2Fv2%2Fcategories&post=2922"},{"taxonomy":"post_tag","embeddable":true,"href":"https:\/\/blogdobispo.com.br\/index.php?rest_route=%2Fwp%2Fv2%2Ftags&post=2922"}],"curies":[{"name":"wp","href":"https:\/\/api.w.org\/{rel}","templated":true}]}}