{"id":2920,"date":"2024-03-18T02:22:38","date_gmt":"2024-03-18T02:22:38","guid":{"rendered":"https:\/\/blogdobispo.com.br\/?p=2920"},"modified":"2024-03-18T02:22:38","modified_gmt":"2024-03-18T02:22:38","slug":"cesar-de-adao-eridan-disputara-eleicoes-pelo-pp","status":"publish","type":"post","link":"https:\/\/blogdobispo.com.br\/?p=2920","title":{"rendered":"C\u00e9sar de Ad\u00e3o Eridan disputar\u00e1 elei\u00e7\u00f5es pelo PP"},"content":{"rendered":"\n<figure class=\"wp-block-image size-large\"><img data-recalc-dims=\"1\" fetchpriority=\"high\" decoding=\"async\" width=\"800\" height=\"600\" src=\"https:\/\/i0.wp.com\/blogdobispo.com.br\/wp-content\/uploads\/2024\/03\/8a0d92cf-7f17-41e2-a57e-92c99b019a82-1-1024x768.jpg?resize=800%2C600&#038;ssl=1\" class=\"wp-image-2918\" srcset=\"https:\/\/i0.wp.com\/blogdobispo.com.br\/wp-content\/uploads\/2024\/03\/8a0d92cf-7f17-41e2-a57e-92c99b019a82-1.jpg?resize=1024%2C768&amp;ssl=1 1024w, https:\/\/i0.wp.com\/blogdobispo.com.br\/wp-content\/uploads\/2024\/03\/8a0d92cf-7f17-41e2-a57e-92c99b019a82-1.jpg?resize=300%2C225&amp;ssl=1 300w, https:\/\/i0.wp.com\/blogdobispo.com.br\/wp-content\/uploads\/2024\/03\/8a0d92cf-7f17-41e2-a57e-92c99b019a82-1.jpg?resize=768%2C576&amp;ssl=1 768w, https:\/\/i0.wp.com\/blogdobispo.com.br\/wp-content\/uploads\/2024\/03\/8a0d92cf-7f17-41e2-a57e-92c99b019a82-1.jpg?w=1440&amp;ssl=1 1440w\" sizes=\"(max-width: 800px) 100vw, 800px\" \/><\/figure>\n\n\n\n<figure class=\"wp-block-image size-large\"><img data-recalc-dims=\"1\" decoding=\"async\" width=\"800\" height=\"600\" src=\"https:\/\/i0.wp.com\/blogdobispo.com.br\/wp-content\/uploads\/2024\/03\/085e7e13-9be6-448d-b12e-346273360ef1-1-1024x768.jpg?resize=800%2C600&#038;ssl=1\" class=\"wp-image-2919\" srcset=\"https:\/\/i0.wp.com\/blogdobispo.com.br\/wp-content\/uploads\/2024\/03\/085e7e13-9be6-448d-b12e-346273360ef1-1.jpg?resize=1024%2C768&amp;ssl=1 1024w, https:\/\/i0.wp.com\/blogdobispo.com.br\/wp-content\/uploads\/2024\/03\/085e7e13-9be6-448d-b12e-346273360ef1-1.jpg?resize=300%2C225&amp;ssl=1 300w, https:\/\/i0.wp.com\/blogdobispo.com.br\/wp-content\/uploads\/2024\/03\/085e7e13-9be6-448d-b12e-346273360ef1-1.jpg?resize=768%2C576&amp;ssl=1 768w, https:\/\/i0.wp.com\/blogdobispo.com.br\/wp-content\/uploads\/2024\/03\/085e7e13-9be6-448d-b12e-346273360ef1-1.jpg?w=1440&amp;ssl=1 1440w\" sizes=\"(max-width: 800px) 100vw, 800px\" \/><\/figure>\n\n\n\n<p>O suplente de vereador C\u00e9sar de Ad\u00e3o Eridan disputar\u00e1 as elei\u00e7\u00f5es pelo PP, o ato de filia\u00e7\u00e3o aconteceu neste s\u00e1bado e reuniu amigos, familiares e correligion\u00e1rios. <\/p>\n\n\n\n<p>O ex vereador comentou sobre o momento ao blog: \u201cFoi um dia muito importante na minha vida onde aconteceu a nossa filia\u00e7\u00e3o ao Partido Progressista (PP), chego ao partido para disputar uma vaga na c\u00e2mara municipal de Natal, no ano de 2016, obtive 2.768 ficando na supl\u00eancia, e em 2020, tive a oportunidade de assumir o mandato de vereador durante seis meses, e nesse curto per\u00edodo conseguimos muitos benef\u00edcios para Natal, especialmente ao meu bairro de Felipe Camar\u00e3o.<\/p>\n\n\n\n<p>O capeamento e o recapeamento asf\u00e1ltico de diversas ruas, a reforma da pracinha e do campo de futebol, al\u00e9m da reforma e amplia\u00e7\u00e3o da maternidade s\u00e3o algumas das nossas conquistas.<\/p>\n\n\n\n<p>Hoje fa\u00e7o parte de uma nominata forte e competitiva, e mais uma vez coloco meu nome a disposi\u00e7\u00e3o, com f\u00e9 em Deus e a ajuda do povo chegaremos novamente a c\u00e2mara municipal de Natal.\u201d<\/p>\n\n\n\n<p>Nascido em Natal, em 03 de setembro de 1991, J\u00falio C\u00e9sar Silva de Andrade cresceu no bairro de Felipe Camar\u00e3o. Filho do ex-vereador Ad\u00e3o Eridan, \u00e9 T\u00e9cnico em Radiologia. Jovem engajado nas quest\u00f5es comunit\u00e1rias, desenvolve trabalho social voltado, especialmente, \u00e0 defesa da juventude, prote\u00e7\u00e3o \u00e0 popula\u00e7\u00e3o mais carente e incentivo ao esporte. Com seu empenho e comprometimento com a bandeira do desporto, chegou a exercer a chefia do setor de Assist\u00eancia ao Futebol da Secretaria de Esporte e Lazer do Munic\u00edpio do Natal, desenvolvendo diversos trabalhos para o desenvolvimento do Esporte nas quatro regi\u014des da capital potiguar. No pleito de 2016, obteve 2.768 votos&nbsp;<\/p>\n","protected":false},"excerpt":{"rendered":"<p>O suplente de vereador C\u00e9sar de Ad\u00e3o Eridan disputar\u00e1 as elei\u00e7\u00f5es pelo PP, o ato de filia\u00e7\u00e3o aconteceu neste s\u00e1bado e reuniu amigos, familiares e correligion\u00e1rios. O ex vereador comentou sobre o momento ao blog: \u201cFoi um dia muito importante na minha vida onde aconteceu a nossa filia\u00e7\u00e3o ao Partido Progressista (PP), chego ao partido [&hellip;]<\/p>\n","protected":false},"author":1,"featured_media":0,"comment_status":"open","ping_status":"open","sticky":false,"template":"","format":"standard","meta":{"cybocfi_hide_featured_image":"","_jetpack_memberships_contains_paid_content":false,"footnotes":""},"categories":[1],"tags":[],"class_list":["post-2920","post","type-post","status-publish","format-standard","hentry","category-diversos"],"yoast_head":"<!-- This site is optimized with the Yoast SEO plugin v25.6 - https:\/\/yoast.com\/wordpress\/plugins\/seo\/ -->\n<title>C\u00e9sar de Ad\u00e3o Eridan disputar\u00e1 elei\u00e7\u00f5es pelo PP - Blog do Bispo<\/title>\n<meta name=\"robots\" content=\"index, follow, max-snippet:-1, max-image-preview:large, max-video-preview:-1\" \/>\n<link rel=\"canonical\" href=\"https:\/\/blogdobispo.com.br\/?p=2920\" \/>\n<meta property=\"og:locale\" content=\"pt_BR\" \/>\n<meta property=\"og:type\" content=\"article\" \/>\n<meta property=\"og:title\" content=\"C\u00e9sar de Ad\u00e3o Eridan disputar\u00e1 elei\u00e7\u00f5es pelo PP - Blog do Bispo\" \/>\n<meta property=\"og:description\" content=\"O suplente de vereador C\u00e9sar de Ad\u00e3o Eridan disputar\u00e1 as elei\u00e7\u00f5es pelo PP, o ato de filia\u00e7\u00e3o aconteceu neste s\u00e1bado e reuniu amigos, familiares e correligion\u00e1rios. O ex vereador comentou sobre o momento ao blog: \u201cFoi um dia muito importante na minha vida onde aconteceu a nossa filia\u00e7\u00e3o ao Partido Progressista (PP), chego ao partido [&hellip;]\" \/>\n<meta property=\"og:url\" content=\"https:\/\/blogdobispo.com.br\/?p=2920\" \/>\n<meta property=\"og:site_name\" content=\"Blog do Bispo\" \/>\n<meta property=\"article:published_time\" content=\"2024-03-18T02:22:38+00:00\" \/>\n<meta property=\"og:image\" content=\"https:\/\/blogdobispo.com.br\/wp-content\/uploads\/2024\/03\/8a0d92cf-7f17-41e2-a57e-92c99b019a82-1-1024x768.jpg\" \/>\n<meta name=\"author\" content=\"Jefferson Sterfeno\" \/>\n<meta name=\"twitter:card\" content=\"summary_large_image\" \/>\n<meta name=\"twitter:label1\" content=\"Escrito por\" \/>\n\t<meta name=\"twitter:data1\" content=\"Jefferson Sterfeno\" \/>\n\t<meta name=\"twitter:label2\" content=\"Est. tempo de leitura\" \/>\n\t<meta name=\"twitter:data2\" content=\"1 minuto\" \/>\n<script type=\"application\/ld+json\" class=\"yoast-schema-graph\">{\"@context\":\"https:\/\/schema.org\",\"@graph\":[{\"@type\":\"Article\",\"@id\":\"https:\/\/blogdobispo.com.br\/?p=2920#article\",\"isPartOf\":{\"@id\":\"https:\/\/blogdobispo.com.br\/?p=2920\"},\"author\":{\"name\":\"Jefferson Sterfeno\",\"@id\":\"https:\/\/blogdobispo.com.br\/#\/schema\/person\/e2209cc0e6cea5c5233d033e997b373f\"},\"headline\":\"C\u00e9sar de Ad\u00e3o Eridan disputar\u00e1 elei\u00e7\u00f5es pelo PP\",\"datePublished\":\"2024-03-18T02:22:38+00:00\",\"mainEntityOfPage\":{\"@id\":\"https:\/\/blogdobispo.com.br\/?p=2920\"},\"wordCount\":305,\"commentCount\":0,\"publisher\":{\"@id\":\"https:\/\/blogdobispo.com.br\/#organization\"},\"image\":{\"@id\":\"https:\/\/blogdobispo.com.br\/?p=2920#primaryimage\"},\"thumbnailUrl\":\"https:\/\/blogdobispo.com.br\/wp-content\/uploads\/2024\/03\/8a0d92cf-7f17-41e2-a57e-92c99b019a82-1-1024x768.jpg\",\"articleSection\":[\"diversos\"],\"inLanguage\":\"pt-BR\",\"potentialAction\":[{\"@type\":\"CommentAction\",\"name\":\"Comment\",\"target\":[\"https:\/\/blogdobispo.com.br\/?p=2920#respond\"]}]},{\"@type\":\"WebPage\",\"@id\":\"https:\/\/blogdobispo.com.br\/?p=2920\",\"url\":\"https:\/\/blogdobispo.com.br\/?p=2920\",\"name\":\"C\u00e9sar de Ad\u00e3o Eridan disputar\u00e1 elei\u00e7\u00f5es pelo PP - Blog do Bispo\",\"isPartOf\":{\"@id\":\"https:\/\/blogdobispo.com.br\/#website\"},\"primaryImageOfPage\":{\"@id\":\"https:\/\/blogdobispo.com.br\/?p=2920#primaryimage\"},\"image\":{\"@id\":\"https:\/\/blogdobispo.com.br\/?p=2920#primaryimage\"},\"thumbnailUrl\":\"https:\/\/blogdobispo.com.br\/wp-content\/uploads\/2024\/03\/8a0d92cf-7f17-41e2-a57e-92c99b019a82-1-1024x768.jpg\",\"datePublished\":\"2024-03-18T02:22:38+00:00\",\"breadcrumb\":{\"@id\":\"https:\/\/blogdobispo.com.br\/?p=2920#breadcrumb\"},\"inLanguage\":\"pt-BR\",\"potentialAction\":[{\"@type\":\"ReadAction\",\"target\":[\"https:\/\/blogdobispo.com.br\/?p=2920\"]}]},{\"@type\":\"ImageObject\",\"inLanguage\":\"pt-BR\",\"@id\":\"https:\/\/blogdobispo.com.br\/?p=2920#primaryimage\",\"url\":\"https:\/\/blogdobispo.com.br\/wp-content\/uploads\/2024\/03\/8a0d92cf-7f17-41e2-a57e-92c99b019a82-1-1024x768.jpg\",\"contentUrl\":\"https:\/\/blogdobispo.com.br\/wp-content\/uploads\/2024\/03\/8a0d92cf-7f17-41e2-a57e-92c99b019a82-1-1024x768.jpg\"},{\"@type\":\"BreadcrumbList\",\"@id\":\"https:\/\/blogdobispo.com.br\/?p=2920#breadcrumb\",\"itemListElement\":[{\"@type\":\"ListItem\",\"position\":1,\"name\":\"In\u00edcio\",\"item\":\"https:\/\/blogdobispo.com.br\/\"},{\"@type\":\"ListItem\",\"position\":2,\"name\":\"C\u00e9sar de Ad\u00e3o Eridan disputar\u00e1 elei\u00e7\u00f5es pelo PP\"}]},{\"@type\":\"WebSite\",\"@id\":\"https:\/\/blogdobispo.com.br\/#website\",\"url\":\"https:\/\/blogdobispo.com.br\/\",\"name\":\"Blog do Bispo\",\"description\":\"Comprometido apenas com o leitor\",\"publisher\":{\"@id\":\"https:\/\/blogdobispo.com.br\/#organization\"},\"potentialAction\":[{\"@type\":\"SearchAction\",\"target\":{\"@type\":\"EntryPoint\",\"urlTemplate\":\"https:\/\/blogdobispo.com.br\/?s={search_term_string}\"},\"query-input\":{\"@type\":\"PropertyValueSpecification\",\"valueRequired\":true,\"valueName\":\"search_term_string\"}}],\"inLanguage\":\"pt-BR\"},{\"@type\":\"Organization\",\"@id\":\"https:\/\/blogdobispo.com.br\/#organization\",\"name\":\"Blog do Bispo\",\"url\":\"https:\/\/blogdobispo.com.br\/\",\"logo\":{\"@type\":\"ImageObject\",\"inLanguage\":\"pt-BR\",\"@id\":\"https:\/\/blogdobispo.com.br\/#\/schema\/logo\/image\/\",\"url\":\"http:\/\/blogdobispo.com.br\/wp-content\/uploads\/2023\/05\/cropped-headear.png\",\"contentUrl\":\"http:\/\/blogdobispo.com.br\/wp-content\/uploads\/2023\/05\/cropped-headear.png\",\"width\":1500,\"height\":399,\"caption\":\"Blog do Bispo\"},\"image\":{\"@id\":\"https:\/\/blogdobispo.com.br\/#\/schema\/logo\/image\/\"}},{\"@type\":\"Person\",\"@id\":\"https:\/\/blogdobispo.com.br\/#\/schema\/person\/e2209cc0e6cea5c5233d033e997b373f\",\"name\":\"Jefferson Sterfeno\",\"image\":{\"@type\":\"ImageObject\",\"inLanguage\":\"pt-BR\",\"@id\":\"https:\/\/blogdobispo.com.br\/#\/schema\/person\/image\/\",\"url\":\"https:\/\/secure.gravatar.com\/avatar\/0534e84764641168a677026b6d57a3f51dc7ac4db0b4f6186d9cb330d4ee1160?s=96&d=mm&r=g\",\"contentUrl\":\"https:\/\/secure.gravatar.com\/avatar\/0534e84764641168a677026b6d57a3f51dc7ac4db0b4f6186d9cb330d4ee1160?s=96&d=mm&r=g\",\"caption\":\"Jefferson Sterfeno\"},\"sameAs\":[\"http:\/\/blogdobispo.com.br\"],\"url\":\"https:\/\/blogdobispo.com.br\/?author=1\"}]}<\/script>\n<!-- \/ Yoast SEO plugin. -->","yoast_head_json":{"title":"C\u00e9sar de Ad\u00e3o Eridan disputar\u00e1 elei\u00e7\u00f5es pelo PP - Blog do Bispo","robots":{"index":"index","follow":"follow","max-snippet":"max-snippet:-1","max-image-preview":"max-image-preview:large","max-video-preview":"max-video-preview:-1"},"canonical":"https:\/\/blogdobispo.com.br\/?p=2920","og_locale":"pt_BR","og_type":"article","og_title":"C\u00e9sar de Ad\u00e3o Eridan disputar\u00e1 elei\u00e7\u00f5es pelo PP - Blog do Bispo","og_description":"O suplente de vereador C\u00e9sar de Ad\u00e3o Eridan disputar\u00e1 as elei\u00e7\u00f5es pelo PP, o ato de filia\u00e7\u00e3o aconteceu neste s\u00e1bado e reuniu amigos, familiares e correligion\u00e1rios. O ex vereador comentou sobre o momento ao blog: \u201cFoi um dia muito importante na minha vida onde aconteceu a nossa filia\u00e7\u00e3o ao Partido Progressista (PP), chego ao partido [&hellip;]","og_url":"https:\/\/blogdobispo.com.br\/?p=2920","og_site_name":"Blog do Bispo","article_published_time":"2024-03-18T02:22:38+00:00","og_image":[{"url":"https:\/\/blogdobispo.com.br\/wp-content\/uploads\/2024\/03\/8a0d92cf-7f17-41e2-a57e-92c99b019a82-1-1024x768.jpg","type":"","width":"","height":""}],"author":"Jefferson Sterfeno","twitter_card":"summary_large_image","twitter_misc":{"Escrito por":"Jefferson Sterfeno","Est. tempo de leitura":"1 minuto"},"schema":{"@context":"https:\/\/schema.org","@graph":[{"@type":"Article","@id":"https:\/\/blogdobispo.com.br\/?p=2920#article","isPartOf":{"@id":"https:\/\/blogdobispo.com.br\/?p=2920"},"author":{"name":"Jefferson Sterfeno","@id":"https:\/\/blogdobispo.com.br\/#\/schema\/person\/e2209cc0e6cea5c5233d033e997b373f"},"headline":"C\u00e9sar de Ad\u00e3o Eridan disputar\u00e1 elei\u00e7\u00f5es pelo PP","datePublished":"2024-03-18T02:22:38+00:00","mainEntityOfPage":{"@id":"https:\/\/blogdobispo.com.br\/?p=2920"},"wordCount":305,"commentCount":0,"publisher":{"@id":"https:\/\/blogdobispo.com.br\/#organization"},"image":{"@id":"https:\/\/blogdobispo.com.br\/?p=2920#primaryimage"},"thumbnailUrl":"https:\/\/blogdobispo.com.br\/wp-content\/uploads\/2024\/03\/8a0d92cf-7f17-41e2-a57e-92c99b019a82-1-1024x768.jpg","articleSection":["diversos"],"inLanguage":"pt-BR","potentialAction":[{"@type":"CommentAction","name":"Comment","target":["https:\/\/blogdobispo.com.br\/?p=2920#respond"]}]},{"@type":"WebPage","@id":"https:\/\/blogdobispo.com.br\/?p=2920","url":"https:\/\/blogdobispo.com.br\/?p=2920","name":"C\u00e9sar de Ad\u00e3o Eridan disputar\u00e1 elei\u00e7\u00f5es pelo PP - Blog do Bispo","isPartOf":{"@id":"https:\/\/blogdobispo.com.br\/#website"},"primaryImageOfPage":{"@id":"https:\/\/blogdobispo.com.br\/?p=2920#primaryimage"},"image":{"@id":"https:\/\/blogdobispo.com.br\/?p=2920#primaryimage"},"thumbnailUrl":"https:\/\/blogdobispo.com.br\/wp-content\/uploads\/2024\/03\/8a0d92cf-7f17-41e2-a57e-92c99b019a82-1-1024x768.jpg","datePublished":"2024-03-18T02:22:38+00:00","breadcrumb":{"@id":"https:\/\/blogdobispo.com.br\/?p=2920#breadcrumb"},"inLanguage":"pt-BR","potentialAction":[{"@type":"ReadAction","target":["https:\/\/blogdobispo.com.br\/?p=2920"]}]},{"@type":"ImageObject","inLanguage":"pt-BR","@id":"https:\/\/blogdobispo.com.br\/?p=2920#primaryimage","url":"https:\/\/blogdobispo.com.br\/wp-content\/uploads\/2024\/03\/8a0d92cf-7f17-41e2-a57e-92c99b019a82-1-1024x768.jpg","contentUrl":"https:\/\/blogdobispo.com.br\/wp-content\/uploads\/2024\/03\/8a0d92cf-7f17-41e2-a57e-92c99b019a82-1-1024x768.jpg"},{"@type":"BreadcrumbList","@id":"https:\/\/blogdobispo.com.br\/?p=2920#breadcrumb","itemListElement":[{"@type":"ListItem","position":1,"name":"In\u00edcio","item":"https:\/\/blogdobispo.com.br\/"},{"@type":"ListItem","position":2,"name":"C\u00e9sar de Ad\u00e3o Eridan disputar\u00e1 elei\u00e7\u00f5es pelo PP"}]},{"@type":"WebSite","@id":"https:\/\/blogdobispo.com.br\/#website","url":"https:\/\/blogdobispo.com.br\/","name":"Blog do Bispo","description":"Comprometido apenas com o leitor","publisher":{"@id":"https:\/\/blogdobispo.com.br\/#organization"},"potentialAction":[{"@type":"SearchAction","target":{"@type":"EntryPoint","urlTemplate":"https:\/\/blogdobispo.com.br\/?s={search_term_string}"},"query-input":{"@type":"PropertyValueSpecification","valueRequired":true,"valueName":"search_term_string"}}],"inLanguage":"pt-BR"},{"@type":"Organization","@id":"https:\/\/blogdobispo.com.br\/#organization","name":"Blog do Bispo","url":"https:\/\/blogdobispo.com.br\/","logo":{"@type":"ImageObject","inLanguage":"pt-BR","@id":"https:\/\/blogdobispo.com.br\/#\/schema\/logo\/image\/","url":"http:\/\/blogdobispo.com.br\/wp-content\/uploads\/2023\/05\/cropped-headear.png","contentUrl":"http:\/\/blogdobispo.com.br\/wp-content\/uploads\/2023\/05\/cropped-headear.png","width":1500,"height":399,"caption":"Blog do Bispo"},"image":{"@id":"https:\/\/blogdobispo.com.br\/#\/schema\/logo\/image\/"}},{"@type":"Person","@id":"https:\/\/blogdobispo.com.br\/#\/schema\/person\/e2209cc0e6cea5c5233d033e997b373f","name":"Jefferson Sterfeno","image":{"@type":"ImageObject","inLanguage":"pt-BR","@id":"https:\/\/blogdobispo.com.br\/#\/schema\/person\/image\/","url":"https:\/\/secure.gravatar.com\/avatar\/0534e84764641168a677026b6d57a3f51dc7ac4db0b4f6186d9cb330d4ee1160?s=96&d=mm&r=g","contentUrl":"https:\/\/secure.gravatar.com\/avatar\/0534e84764641168a677026b6d57a3f51dc7ac4db0b4f6186d9cb330d4ee1160?s=96&d=mm&r=g","caption":"Jefferson Sterfeno"},"sameAs":["http:\/\/blogdobispo.com.br"],"url":"https:\/\/blogdobispo.com.br\/?author=1"}]}},"featured_image_urls":{"full":"","thumbnail":"","medium":"","medium_large":"","large":"","1536x1536":"","2048x2048":""},"author_info":{"display_name":"Jefferson Sterfeno","author_link":"https:\/\/blogdobispo.com.br\/?author=1"},"category_info":"<a href=\"https:\/\/blogdobispo.com.br\/?cat=1\" rel=\"category\">diversos<\/a>","tag_info":"diversos","comment_count":"0","jetpack_featured_media_url":"","jetpack_sharing_enabled":true,"_links":{"self":[{"href":"https:\/\/blogdobispo.com.br\/index.php?rest_route=\/wp\/v2\/posts\/2920","targetHints":{"allow":["GET"]}}],"collection":[{"href":"https:\/\/blogdobispo.com.br\/index.php?rest_route=\/wp\/v2\/posts"}],"about":[{"href":"https:\/\/blogdobispo.com.br\/index.php?rest_route=\/wp\/v2\/types\/post"}],"author":[{"embeddable":true,"href":"https:\/\/blogdobispo.com.br\/index.php?rest_route=\/wp\/v2\/users\/1"}],"replies":[{"embeddable":true,"href":"https:\/\/blogdobispo.com.br\/index.php?rest_route=%2Fwp%2Fv2%2Fcomments&post=2920"}],"version-history":[{"count":0,"href":"https:\/\/blogdobispo.com.br\/index.php?rest_route=\/wp\/v2\/posts\/2920\/revisions"}],"wp:attachment":[{"href":"https:\/\/blogdobispo.com.br\/index.php?rest_route=%2Fwp%2Fv2%2Fmedia&parent=2920"}],"wp:term":[{"taxonomy":"category","embeddable":true,"href":"https:\/\/blogdobispo.com.br\/index.php?rest_route=%2Fwp%2Fv2%2Fcategories&post=2920"},{"taxonomy":"post_tag","embeddable":true,"href":"https:\/\/blogdobispo.com.br\/index.php?rest_route=%2Fwp%2Fv2%2Ftags&post=2920"}],"curies":[{"name":"wp","href":"https:\/\/api.w.org\/{rel}","templated":true}]}}