{"id":2912,"date":"2024-03-17T16:02:32","date_gmt":"2024-03-17T16:02:32","guid":{"rendered":"https:\/\/blogdobispo.com.br\/?p=2912"},"modified":"2024-03-17T16:02:32","modified_gmt":"2024-03-17T16:02:32","slug":"marcus-vinicius-se-filia-ao-pp-e-confirma-pre-candidatura-a-vereador-em-natal","status":"publish","type":"post","link":"https:\/\/blogdobispo.com.br\/?p=2912","title":{"rendered":"Marcus Vin\u00edcius se filia ao PP e confirma pr\u00e9-candidatura a vereador em Natal"},"content":{"rendered":"\n<figure class=\"wp-block-image size-large\"><img data-recalc-dims=\"1\" fetchpriority=\"high\" decoding=\"async\" width=\"800\" height=\"533\" src=\"https:\/\/i0.wp.com\/blogdobispo.com.br\/wp-content\/uploads\/2024\/03\/290c1d34-869b-4512-9962-c11a72ea1dc7-1-1024x682.jpg?resize=800%2C533&#038;ssl=1\" class=\"wp-image-2911\" srcset=\"https:\/\/i0.wp.com\/blogdobispo.com.br\/wp-content\/uploads\/2024\/03\/290c1d34-869b-4512-9962-c11a72ea1dc7-1.jpg?resize=1024%2C682&amp;ssl=1 1024w, https:\/\/i0.wp.com\/blogdobispo.com.br\/wp-content\/uploads\/2024\/03\/290c1d34-869b-4512-9962-c11a72ea1dc7-1.jpg?resize=300%2C200&amp;ssl=1 300w, https:\/\/i0.wp.com\/blogdobispo.com.br\/wp-content\/uploads\/2024\/03\/290c1d34-869b-4512-9962-c11a72ea1dc7-1.jpg?resize=768%2C512&amp;ssl=1 768w, https:\/\/i0.wp.com\/blogdobispo.com.br\/wp-content\/uploads\/2024\/03\/290c1d34-869b-4512-9962-c11a72ea1dc7-1.jpg?resize=1536%2C1023&amp;ssl=1 1536w, https:\/\/i0.wp.com\/blogdobispo.com.br\/wp-content\/uploads\/2024\/03\/290c1d34-869b-4512-9962-c11a72ea1dc7-1.jpg?w=1600&amp;ssl=1 1600w\" sizes=\"(max-width: 800px) 100vw, 800px\" \/><\/figure>\n\n\n\n<p><\/p>\n\n\n\n<p>Foto: Reprodu\u00e7\u00e3o<\/p>\n\n\n\n<p>O servidor p\u00fablico Marcus Vin\u00edcius, deu um passo significativo em sua carreira pol\u00edtica ao se filiar ao Progressistas e confirmar sua pr\u00e9-candidatura a vereador em Natal nas elei\u00e7\u00f5es municipais de 2024.<\/p>\n\n\n\n<p>A filia\u00e7\u00e3o Marcus Vin\u00edcius ao partido liderado pelo deputado federal Jo\u00e3o Maia, e pelo presidente da C\u00e2mara Municipal, \u00c9riko J\u00e1come, aconteceu neste s\u00e1bado (16), em grande evento no bairro Dix-Sept Rosado. O evento tamb\u00e9m foi prestigiado pelo pr\u00e9-candidato a prefeito, Paulinho Freire e marca o compromisso que visa atender \u00e0s necessidades da popula\u00e7\u00e3o natalense.<\/p>\n\n\n\n<p>Com uma trajet\u00f3ria de sucesso marcada pelo atendimento \u00e0s pessoas mais carentes nos bairros e comunidades da capital, atrav\u00e9s do Projeto Mais Sa\u00fade, ao lado m\u00e9dico e deputado estadual Dr.Bernardo Amorim, a pr\u00e9-candidatura de Marcus Vin\u00edcius, pretende amplificar \u00e0 melhoria das condi\u00e7\u00f5es de sa\u00fade na cidade.<\/p>\n\n\n\n<p>\u201cMinha filia\u00e7\u00e3o ao Progressistas e a confirma\u00e7\u00e3o da minha pr\u00e9-candidatura a vereador pelo PP s\u00e3o passos importantes na minha miss\u00e3o de representar, com dedica\u00e7\u00e3o, as necessidades da popula\u00e7\u00e3o de Natal. Agrade\u00e7o a Deus primeiramente, todos e todas pelo sucesso do evento, pelas pessoas incr\u00edveis que nos acompanharam e pela confian\u00e7a em mim depositada.<br>Ao Partido Progressistas, por nos acolher e receber t\u00e3o bem, por confiar a grande miss\u00e3o de fazer parte do Diret\u00f3rio Municipal do Partido na capital.<br>Ficamos muito honrados e a cada dia mais felizes por ver tanta gente participando de um projeto Meu compromisso \u00e9 com a constru\u00e7\u00e3o de um ambiente pol\u00edtico que verdadeiramente reflita os valores de inclus\u00e3o, oportunidade e bem-estar para todos os cidad\u00e3os\u201d, afirmou Marcus.<\/p>\n","protected":false},"excerpt":{"rendered":"<p>Foto: Reprodu\u00e7\u00e3o O servidor p\u00fablico Marcus Vin\u00edcius, deu um passo significativo em sua carreira pol\u00edtica ao se filiar ao Progressistas e confirmar sua pr\u00e9-candidatura a vereador em Natal nas elei\u00e7\u00f5es municipais de 2024. A filia\u00e7\u00e3o Marcus Vin\u00edcius ao partido liderado pelo deputado federal Jo\u00e3o Maia, e pelo presidente da C\u00e2mara Municipal, \u00c9riko J\u00e1come, aconteceu neste [&hellip;]<\/p>\n","protected":false},"author":1,"featured_media":0,"comment_status":"open","ping_status":"open","sticky":false,"template":"","format":"standard","meta":{"cybocfi_hide_featured_image":"","_jetpack_memberships_contains_paid_content":false,"footnotes":""},"categories":[1],"tags":[],"class_list":["post-2912","post","type-post","status-publish","format-standard","hentry","category-diversos"],"yoast_head":"<!-- This site is optimized with the Yoast SEO plugin v25.6 - https:\/\/yoast.com\/wordpress\/plugins\/seo\/ -->\n<title>Marcus Vin\u00edcius se filia ao PP e confirma pr\u00e9-candidatura a vereador em Natal - Blog do Bispo<\/title>\n<meta name=\"robots\" content=\"index, follow, max-snippet:-1, max-image-preview:large, max-video-preview:-1\" \/>\n<link rel=\"canonical\" href=\"https:\/\/blogdobispo.com.br\/?p=2912\" \/>\n<meta property=\"og:locale\" content=\"pt_BR\" \/>\n<meta property=\"og:type\" content=\"article\" \/>\n<meta property=\"og:title\" content=\"Marcus Vin\u00edcius se filia ao PP e confirma pr\u00e9-candidatura a vereador em Natal - Blog do Bispo\" \/>\n<meta property=\"og:description\" content=\"Foto: Reprodu\u00e7\u00e3o O servidor p\u00fablico Marcus Vin\u00edcius, deu um passo significativo em sua carreira pol\u00edtica ao se filiar ao Progressistas e confirmar sua pr\u00e9-candidatura a vereador em Natal nas elei\u00e7\u00f5es municipais de 2024. A filia\u00e7\u00e3o Marcus Vin\u00edcius ao partido liderado pelo deputado federal Jo\u00e3o Maia, e pelo presidente da C\u00e2mara Municipal, \u00c9riko J\u00e1come, aconteceu neste [&hellip;]\" \/>\n<meta property=\"og:url\" content=\"https:\/\/blogdobispo.com.br\/?p=2912\" \/>\n<meta property=\"og:site_name\" content=\"Blog do Bispo\" \/>\n<meta property=\"article:published_time\" content=\"2024-03-17T16:02:32+00:00\" \/>\n<meta property=\"og:image\" content=\"https:\/\/blogdobispo.com.br\/wp-content\/uploads\/2024\/03\/290c1d34-869b-4512-9962-c11a72ea1dc7-1-1024x682.jpg\" \/>\n<meta name=\"author\" content=\"Jefferson Sterfeno\" \/>\n<meta name=\"twitter:card\" content=\"summary_large_image\" \/>\n<meta name=\"twitter:label1\" content=\"Escrito por\" \/>\n\t<meta name=\"twitter:data1\" content=\"Jefferson Sterfeno\" \/>\n\t<meta name=\"twitter:label2\" content=\"Est. tempo de leitura\" \/>\n\t<meta name=\"twitter:data2\" content=\"1 minuto\" \/>\n<script type=\"application\/ld+json\" class=\"yoast-schema-graph\">{\"@context\":\"https:\/\/schema.org\",\"@graph\":[{\"@type\":\"Article\",\"@id\":\"https:\/\/blogdobispo.com.br\/?p=2912#article\",\"isPartOf\":{\"@id\":\"https:\/\/blogdobispo.com.br\/?p=2912\"},\"author\":{\"name\":\"Jefferson Sterfeno\",\"@id\":\"https:\/\/blogdobispo.com.br\/#\/schema\/person\/e2209cc0e6cea5c5233d033e997b373f\"},\"headline\":\"Marcus Vin\u00edcius se filia ao PP e confirma pr\u00e9-candidatura a vereador em Natal\",\"datePublished\":\"2024-03-17T16:02:32+00:00\",\"mainEntityOfPage\":{\"@id\":\"https:\/\/blogdobispo.com.br\/?p=2912\"},\"wordCount\":306,\"commentCount\":0,\"publisher\":{\"@id\":\"https:\/\/blogdobispo.com.br\/#organization\"},\"image\":{\"@id\":\"https:\/\/blogdobispo.com.br\/?p=2912#primaryimage\"},\"thumbnailUrl\":\"https:\/\/blogdobispo.com.br\/wp-content\/uploads\/2024\/03\/290c1d34-869b-4512-9962-c11a72ea1dc7-1-1024x682.jpg\",\"articleSection\":[\"diversos\"],\"inLanguage\":\"pt-BR\",\"potentialAction\":[{\"@type\":\"CommentAction\",\"name\":\"Comment\",\"target\":[\"https:\/\/blogdobispo.com.br\/?p=2912#respond\"]}]},{\"@type\":\"WebPage\",\"@id\":\"https:\/\/blogdobispo.com.br\/?p=2912\",\"url\":\"https:\/\/blogdobispo.com.br\/?p=2912\",\"name\":\"Marcus Vin\u00edcius se filia ao PP e confirma pr\u00e9-candidatura a vereador em Natal - Blog do Bispo\",\"isPartOf\":{\"@id\":\"https:\/\/blogdobispo.com.br\/#website\"},\"primaryImageOfPage\":{\"@id\":\"https:\/\/blogdobispo.com.br\/?p=2912#primaryimage\"},\"image\":{\"@id\":\"https:\/\/blogdobispo.com.br\/?p=2912#primaryimage\"},\"thumbnailUrl\":\"https:\/\/blogdobispo.com.br\/wp-content\/uploads\/2024\/03\/290c1d34-869b-4512-9962-c11a72ea1dc7-1-1024x682.jpg\",\"datePublished\":\"2024-03-17T16:02:32+00:00\",\"breadcrumb\":{\"@id\":\"https:\/\/blogdobispo.com.br\/?p=2912#breadcrumb\"},\"inLanguage\":\"pt-BR\",\"potentialAction\":[{\"@type\":\"ReadAction\",\"target\":[\"https:\/\/blogdobispo.com.br\/?p=2912\"]}]},{\"@type\":\"ImageObject\",\"inLanguage\":\"pt-BR\",\"@id\":\"https:\/\/blogdobispo.com.br\/?p=2912#primaryimage\",\"url\":\"https:\/\/blogdobispo.com.br\/wp-content\/uploads\/2024\/03\/290c1d34-869b-4512-9962-c11a72ea1dc7-1-1024x682.jpg\",\"contentUrl\":\"https:\/\/blogdobispo.com.br\/wp-content\/uploads\/2024\/03\/290c1d34-869b-4512-9962-c11a72ea1dc7-1-1024x682.jpg\"},{\"@type\":\"BreadcrumbList\",\"@id\":\"https:\/\/blogdobispo.com.br\/?p=2912#breadcrumb\",\"itemListElement\":[{\"@type\":\"ListItem\",\"position\":1,\"name\":\"In\u00edcio\",\"item\":\"https:\/\/blogdobispo.com.br\/\"},{\"@type\":\"ListItem\",\"position\":2,\"name\":\"Marcus Vin\u00edcius se filia ao PP e confirma pr\u00e9-candidatura a vereador em Natal\"}]},{\"@type\":\"WebSite\",\"@id\":\"https:\/\/blogdobispo.com.br\/#website\",\"url\":\"https:\/\/blogdobispo.com.br\/\",\"name\":\"Blog do Bispo\",\"description\":\"Comprometido apenas com o leitor\",\"publisher\":{\"@id\":\"https:\/\/blogdobispo.com.br\/#organization\"},\"potentialAction\":[{\"@type\":\"SearchAction\",\"target\":{\"@type\":\"EntryPoint\",\"urlTemplate\":\"https:\/\/blogdobispo.com.br\/?s={search_term_string}\"},\"query-input\":{\"@type\":\"PropertyValueSpecification\",\"valueRequired\":true,\"valueName\":\"search_term_string\"}}],\"inLanguage\":\"pt-BR\"},{\"@type\":\"Organization\",\"@id\":\"https:\/\/blogdobispo.com.br\/#organization\",\"name\":\"Blog do Bispo\",\"url\":\"https:\/\/blogdobispo.com.br\/\",\"logo\":{\"@type\":\"ImageObject\",\"inLanguage\":\"pt-BR\",\"@id\":\"https:\/\/blogdobispo.com.br\/#\/schema\/logo\/image\/\",\"url\":\"http:\/\/blogdobispo.com.br\/wp-content\/uploads\/2023\/05\/cropped-headear.png\",\"contentUrl\":\"http:\/\/blogdobispo.com.br\/wp-content\/uploads\/2023\/05\/cropped-headear.png\",\"width\":1500,\"height\":399,\"caption\":\"Blog do Bispo\"},\"image\":{\"@id\":\"https:\/\/blogdobispo.com.br\/#\/schema\/logo\/image\/\"}},{\"@type\":\"Person\",\"@id\":\"https:\/\/blogdobispo.com.br\/#\/schema\/person\/e2209cc0e6cea5c5233d033e997b373f\",\"name\":\"Jefferson Sterfeno\",\"image\":{\"@type\":\"ImageObject\",\"inLanguage\":\"pt-BR\",\"@id\":\"https:\/\/blogdobispo.com.br\/#\/schema\/person\/image\/\",\"url\":\"https:\/\/secure.gravatar.com\/avatar\/0534e84764641168a677026b6d57a3f51dc7ac4db0b4f6186d9cb330d4ee1160?s=96&d=mm&r=g\",\"contentUrl\":\"https:\/\/secure.gravatar.com\/avatar\/0534e84764641168a677026b6d57a3f51dc7ac4db0b4f6186d9cb330d4ee1160?s=96&d=mm&r=g\",\"caption\":\"Jefferson Sterfeno\"},\"sameAs\":[\"http:\/\/blogdobispo.com.br\"],\"url\":\"https:\/\/blogdobispo.com.br\/?author=1\"}]}<\/script>\n<!-- \/ Yoast SEO plugin. -->","yoast_head_json":{"title":"Marcus Vin\u00edcius se filia ao PP e confirma pr\u00e9-candidatura a vereador em Natal - Blog do Bispo","robots":{"index":"index","follow":"follow","max-snippet":"max-snippet:-1","max-image-preview":"max-image-preview:large","max-video-preview":"max-video-preview:-1"},"canonical":"https:\/\/blogdobispo.com.br\/?p=2912","og_locale":"pt_BR","og_type":"article","og_title":"Marcus Vin\u00edcius se filia ao PP e confirma pr\u00e9-candidatura a vereador em Natal - Blog do Bispo","og_description":"Foto: Reprodu\u00e7\u00e3o O servidor p\u00fablico Marcus Vin\u00edcius, deu um passo significativo em sua carreira pol\u00edtica ao se filiar ao Progressistas e confirmar sua pr\u00e9-candidatura a vereador em Natal nas elei\u00e7\u00f5es municipais de 2024. A filia\u00e7\u00e3o Marcus Vin\u00edcius ao partido liderado pelo deputado federal Jo\u00e3o Maia, e pelo presidente da C\u00e2mara Municipal, \u00c9riko J\u00e1come, aconteceu neste [&hellip;]","og_url":"https:\/\/blogdobispo.com.br\/?p=2912","og_site_name":"Blog do Bispo","article_published_time":"2024-03-17T16:02:32+00:00","og_image":[{"url":"https:\/\/blogdobispo.com.br\/wp-content\/uploads\/2024\/03\/290c1d34-869b-4512-9962-c11a72ea1dc7-1-1024x682.jpg","type":"","width":"","height":""}],"author":"Jefferson Sterfeno","twitter_card":"summary_large_image","twitter_misc":{"Escrito por":"Jefferson Sterfeno","Est. tempo de leitura":"1 minuto"},"schema":{"@context":"https:\/\/schema.org","@graph":[{"@type":"Article","@id":"https:\/\/blogdobispo.com.br\/?p=2912#article","isPartOf":{"@id":"https:\/\/blogdobispo.com.br\/?p=2912"},"author":{"name":"Jefferson Sterfeno","@id":"https:\/\/blogdobispo.com.br\/#\/schema\/person\/e2209cc0e6cea5c5233d033e997b373f"},"headline":"Marcus Vin\u00edcius se filia ao PP e confirma pr\u00e9-candidatura a vereador em Natal","datePublished":"2024-03-17T16:02:32+00:00","mainEntityOfPage":{"@id":"https:\/\/blogdobispo.com.br\/?p=2912"},"wordCount":306,"commentCount":0,"publisher":{"@id":"https:\/\/blogdobispo.com.br\/#organization"},"image":{"@id":"https:\/\/blogdobispo.com.br\/?p=2912#primaryimage"},"thumbnailUrl":"https:\/\/blogdobispo.com.br\/wp-content\/uploads\/2024\/03\/290c1d34-869b-4512-9962-c11a72ea1dc7-1-1024x682.jpg","articleSection":["diversos"],"inLanguage":"pt-BR","potentialAction":[{"@type":"CommentAction","name":"Comment","target":["https:\/\/blogdobispo.com.br\/?p=2912#respond"]}]},{"@type":"WebPage","@id":"https:\/\/blogdobispo.com.br\/?p=2912","url":"https:\/\/blogdobispo.com.br\/?p=2912","name":"Marcus Vin\u00edcius se filia ao PP e confirma pr\u00e9-candidatura a vereador em Natal - Blog do Bispo","isPartOf":{"@id":"https:\/\/blogdobispo.com.br\/#website"},"primaryImageOfPage":{"@id":"https:\/\/blogdobispo.com.br\/?p=2912#primaryimage"},"image":{"@id":"https:\/\/blogdobispo.com.br\/?p=2912#primaryimage"},"thumbnailUrl":"https:\/\/blogdobispo.com.br\/wp-content\/uploads\/2024\/03\/290c1d34-869b-4512-9962-c11a72ea1dc7-1-1024x682.jpg","datePublished":"2024-03-17T16:02:32+00:00","breadcrumb":{"@id":"https:\/\/blogdobispo.com.br\/?p=2912#breadcrumb"},"inLanguage":"pt-BR","potentialAction":[{"@type":"ReadAction","target":["https:\/\/blogdobispo.com.br\/?p=2912"]}]},{"@type":"ImageObject","inLanguage":"pt-BR","@id":"https:\/\/blogdobispo.com.br\/?p=2912#primaryimage","url":"https:\/\/blogdobispo.com.br\/wp-content\/uploads\/2024\/03\/290c1d34-869b-4512-9962-c11a72ea1dc7-1-1024x682.jpg","contentUrl":"https:\/\/blogdobispo.com.br\/wp-content\/uploads\/2024\/03\/290c1d34-869b-4512-9962-c11a72ea1dc7-1-1024x682.jpg"},{"@type":"BreadcrumbList","@id":"https:\/\/blogdobispo.com.br\/?p=2912#breadcrumb","itemListElement":[{"@type":"ListItem","position":1,"name":"In\u00edcio","item":"https:\/\/blogdobispo.com.br\/"},{"@type":"ListItem","position":2,"name":"Marcus Vin\u00edcius se filia ao PP e confirma pr\u00e9-candidatura a vereador em Natal"}]},{"@type":"WebSite","@id":"https:\/\/blogdobispo.com.br\/#website","url":"https:\/\/blogdobispo.com.br\/","name":"Blog do Bispo","description":"Comprometido apenas com o leitor","publisher":{"@id":"https:\/\/blogdobispo.com.br\/#organization"},"potentialAction":[{"@type":"SearchAction","target":{"@type":"EntryPoint","urlTemplate":"https:\/\/blogdobispo.com.br\/?s={search_term_string}"},"query-input":{"@type":"PropertyValueSpecification","valueRequired":true,"valueName":"search_term_string"}}],"inLanguage":"pt-BR"},{"@type":"Organization","@id":"https:\/\/blogdobispo.com.br\/#organization","name":"Blog do Bispo","url":"https:\/\/blogdobispo.com.br\/","logo":{"@type":"ImageObject","inLanguage":"pt-BR","@id":"https:\/\/blogdobispo.com.br\/#\/schema\/logo\/image\/","url":"http:\/\/blogdobispo.com.br\/wp-content\/uploads\/2023\/05\/cropped-headear.png","contentUrl":"http:\/\/blogdobispo.com.br\/wp-content\/uploads\/2023\/05\/cropped-headear.png","width":1500,"height":399,"caption":"Blog do Bispo"},"image":{"@id":"https:\/\/blogdobispo.com.br\/#\/schema\/logo\/image\/"}},{"@type":"Person","@id":"https:\/\/blogdobispo.com.br\/#\/schema\/person\/e2209cc0e6cea5c5233d033e997b373f","name":"Jefferson Sterfeno","image":{"@type":"ImageObject","inLanguage":"pt-BR","@id":"https:\/\/blogdobispo.com.br\/#\/schema\/person\/image\/","url":"https:\/\/secure.gravatar.com\/avatar\/0534e84764641168a677026b6d57a3f51dc7ac4db0b4f6186d9cb330d4ee1160?s=96&d=mm&r=g","contentUrl":"https:\/\/secure.gravatar.com\/avatar\/0534e84764641168a677026b6d57a3f51dc7ac4db0b4f6186d9cb330d4ee1160?s=96&d=mm&r=g","caption":"Jefferson Sterfeno"},"sameAs":["http:\/\/blogdobispo.com.br"],"url":"https:\/\/blogdobispo.com.br\/?author=1"}]}},"featured_image_urls":{"full":"","thumbnail":"","medium":"","medium_large":"","large":"","1536x1536":"","2048x2048":""},"author_info":{"display_name":"Jefferson Sterfeno","author_link":"https:\/\/blogdobispo.com.br\/?author=1"},"category_info":"<a href=\"https:\/\/blogdobispo.com.br\/?cat=1\" rel=\"category\">diversos<\/a>","tag_info":"diversos","comment_count":"0","jetpack_featured_media_url":"","jetpack_sharing_enabled":true,"_links":{"self":[{"href":"https:\/\/blogdobispo.com.br\/index.php?rest_route=\/wp\/v2\/posts\/2912","targetHints":{"allow":["GET"]}}],"collection":[{"href":"https:\/\/blogdobispo.com.br\/index.php?rest_route=\/wp\/v2\/posts"}],"about":[{"href":"https:\/\/blogdobispo.com.br\/index.php?rest_route=\/wp\/v2\/types\/post"}],"author":[{"embeddable":true,"href":"https:\/\/blogdobispo.com.br\/index.php?rest_route=\/wp\/v2\/users\/1"}],"replies":[{"embeddable":true,"href":"https:\/\/blogdobispo.com.br\/index.php?rest_route=%2Fwp%2Fv2%2Fcomments&post=2912"}],"version-history":[{"count":0,"href":"https:\/\/blogdobispo.com.br\/index.php?rest_route=\/wp\/v2\/posts\/2912\/revisions"}],"wp:attachment":[{"href":"https:\/\/blogdobispo.com.br\/index.php?rest_route=%2Fwp%2Fv2%2Fmedia&parent=2912"}],"wp:term":[{"taxonomy":"category","embeddable":true,"href":"https:\/\/blogdobispo.com.br\/index.php?rest_route=%2Fwp%2Fv2%2Fcategories&post=2912"},{"taxonomy":"post_tag","embeddable":true,"href":"https:\/\/blogdobispo.com.br\/index.php?rest_route=%2Fwp%2Fv2%2Ftags&post=2912"}],"curies":[{"name":"wp","href":"https:\/\/api.w.org\/{rel}","templated":true}]}}