{"id":2844,"date":"2024-03-11T10:49:05","date_gmt":"2024-03-11T10:49:05","guid":{"rendered":"https:\/\/blogdobispo.com.br\/?p=2844"},"modified":"2024-03-11T10:49:05","modified_gmt":"2024-03-11T10:49:05","slug":"evento-de-filiacao-ao-psdb-e-adiado-e-presidente-nacional-vai-agendar-nova-data","status":"publish","type":"post","link":"https:\/\/blogdobispo.com.br\/?p=2844","title":{"rendered":"Evento de filia\u00e7\u00e3o ao PSDB \u00e9 adiado e presidente nacional vai agendar nova data"},"content":{"rendered":"\n<figure class=\"wp-block-image size-large\"><img data-recalc-dims=\"1\" fetchpriority=\"high\" decoding=\"async\" width=\"800\" height=\"533\" src=\"https:\/\/i0.wp.com\/blogdobispo.com.br\/wp-content\/uploads\/2024\/03\/ce63e298-a9e5-4d5e-92e7-22a8d3d963ab-1.jpg?resize=800%2C533&#038;ssl=1\" class=\"wp-image-2843\" srcset=\"https:\/\/i0.wp.com\/blogdobispo.com.br\/wp-content\/uploads\/2024\/03\/ce63e298-a9e5-4d5e-92e7-22a8d3d963ab-1.jpg?w=1024&amp;ssl=1 1024w, https:\/\/i0.wp.com\/blogdobispo.com.br\/wp-content\/uploads\/2024\/03\/ce63e298-a9e5-4d5e-92e7-22a8d3d963ab-1.jpg?resize=300%2C200&amp;ssl=1 300w, https:\/\/i0.wp.com\/blogdobispo.com.br\/wp-content\/uploads\/2024\/03\/ce63e298-a9e5-4d5e-92e7-22a8d3d963ab-1.jpg?resize=768%2C512&amp;ssl=1 768w\" sizes=\"(max-width: 800px) 100vw, 800px\" \/><\/figure>\n\n\n\n<p><\/p>\n\n\n\n<p><\/p>\n\n\n\n<p>Marconi Perillo tem percorrido o Brasil, realizando uma s\u00e9rie de encontros estrat\u00e9gicos para 2024<\/p>\n\n\n\n<p>O presidente nacional do PSDB, Marconi Perillo e o presidente da Assembleia Legislativa, deputado Ezequiel Ferreira, l\u00edder do PSDB Potiguar decidiram adiar o evento que aconteceria nesta quarta-feira (13), onde reuniria deputados, prefeitos, vice-prefeitos, vereadores e pr\u00e9-candidatos de diversas regi\u00f5es do Estado. Por recomenda\u00e7\u00e3o m\u00e9dica, Ezequiel ficar\u00e1 de repouso em casa, depois que sentiu problemas de diverticulite (inflama\u00e7\u00e3o de divert\u00edculos). Apesar de n\u00e3o ser nada alarmante, o m\u00e9dico fez a recomenda\u00e7\u00e3o nas \u00faltimas horas.<\/p>\n\n\n\n<p>Marconni Perillo, que foi governador por duas vezes de Goi\u00e1s, deputado federal e senador tem percorrido o Brasil, realizando uma s\u00e9rie de encontros estrat\u00e9gicos para mobilizar as lideran\u00e7as regionais e, assim, fortalecer o PSDB para as Elei\u00e7\u00f5es 2024. Uma nova data ser\u00e1 agendada para que Perillo venha com o objetivo de estimular a participa\u00e7\u00e3o efetiva dos tucanos potiguares. Al\u00e9m do objetivo eleitoral de incentivar candidaturas, Perillo tamb\u00e9m vem garantir o apoio devido para o partido continuar grande no Estado.<\/p>\n\n\n\n<p>EXEMPLO TUCANO \u2013 No Rio Grande do Norte, o PSDB tem 33 prefeitos, 26 vices-prefeitos, 10 deputados estaduais e 245 vereadores. Em 2022, o partido conquistou a maior vota\u00e7\u00e3o proporcional do pa\u00eds para deputado estadual, formando uma bancada de 10 deputados, o que equivale a 31,21% dos votos. Em Natal o partido elegeu tr\u00eas vereadores em 2020 e ao longo dos \u00faltimos meses trouxe para o partido cinco novos vereadores: Herbert Sena, Aldo Clemente, Klaus Ara\u00fajo, Anderson Lopes e Hermes C\u00e2mara.<\/p>\n","protected":false},"excerpt":{"rendered":"<p>Marconi Perillo tem percorrido o Brasil, realizando uma s\u00e9rie de encontros estrat\u00e9gicos para 2024 O presidente nacional do PSDB, Marconi Perillo e o presidente da Assembleia Legislativa, deputado Ezequiel Ferreira, l\u00edder do PSDB Potiguar decidiram adiar o evento que aconteceria nesta quarta-feira (13), onde reuniria deputados, prefeitos, vice-prefeitos, vereadores e pr\u00e9-candidatos de diversas regi\u00f5es do [&hellip;]<\/p>\n","protected":false},"author":1,"featured_media":0,"comment_status":"open","ping_status":"open","sticky":false,"template":"","format":"standard","meta":{"cybocfi_hide_featured_image":"","_jetpack_memberships_contains_paid_content":false,"footnotes":""},"categories":[1],"tags":[],"class_list":["post-2844","post","type-post","status-publish","format-standard","hentry","category-diversos"],"yoast_head":"<!-- This site is optimized with the Yoast SEO plugin v25.6 - https:\/\/yoast.com\/wordpress\/plugins\/seo\/ -->\n<title>Evento de filia\u00e7\u00e3o ao PSDB \u00e9 adiado e presidente nacional vai agendar nova data - Blog do Bispo<\/title>\n<meta name=\"robots\" content=\"index, follow, max-snippet:-1, max-image-preview:large, max-video-preview:-1\" \/>\n<link rel=\"canonical\" href=\"https:\/\/blogdobispo.com.br\/?p=2844\" \/>\n<meta property=\"og:locale\" content=\"pt_BR\" \/>\n<meta property=\"og:type\" content=\"article\" \/>\n<meta property=\"og:title\" content=\"Evento de filia\u00e7\u00e3o ao PSDB \u00e9 adiado e presidente nacional vai agendar nova data - Blog do Bispo\" \/>\n<meta property=\"og:description\" content=\"Marconi Perillo tem percorrido o Brasil, realizando uma s\u00e9rie de encontros estrat\u00e9gicos para 2024 O presidente nacional do PSDB, Marconi Perillo e o presidente da Assembleia Legislativa, deputado Ezequiel Ferreira, l\u00edder do PSDB Potiguar decidiram adiar o evento que aconteceria nesta quarta-feira (13), onde reuniria deputados, prefeitos, vice-prefeitos, vereadores e pr\u00e9-candidatos de diversas regi\u00f5es do [&hellip;]\" \/>\n<meta property=\"og:url\" content=\"https:\/\/blogdobispo.com.br\/?p=2844\" \/>\n<meta property=\"og:site_name\" content=\"Blog do Bispo\" \/>\n<meta property=\"article:published_time\" content=\"2024-03-11T10:49:05+00:00\" \/>\n<meta property=\"og:image\" content=\"https:\/\/blogdobispo.com.br\/wp-content\/uploads\/2024\/03\/ce63e298-a9e5-4d5e-92e7-22a8d3d963ab-1.jpg\" \/>\n<meta name=\"author\" content=\"Jefferson Sterfeno\" \/>\n<meta name=\"twitter:card\" content=\"summary_large_image\" \/>\n<meta name=\"twitter:label1\" content=\"Escrito por\" \/>\n\t<meta name=\"twitter:data1\" content=\"Jefferson Sterfeno\" \/>\n\t<meta name=\"twitter:label2\" content=\"Est. tempo de leitura\" \/>\n\t<meta name=\"twitter:data2\" content=\"1 minuto\" \/>\n<script type=\"application\/ld+json\" class=\"yoast-schema-graph\">{\"@context\":\"https:\/\/schema.org\",\"@graph\":[{\"@type\":\"Article\",\"@id\":\"https:\/\/blogdobispo.com.br\/?p=2844#article\",\"isPartOf\":{\"@id\":\"https:\/\/blogdobispo.com.br\/?p=2844\"},\"author\":{\"name\":\"Jefferson Sterfeno\",\"@id\":\"https:\/\/blogdobispo.com.br\/#\/schema\/person\/e2209cc0e6cea5c5233d033e997b373f\"},\"headline\":\"Evento de filia\u00e7\u00e3o ao PSDB \u00e9 adiado e presidente nacional vai agendar nova data\",\"datePublished\":\"2024-03-11T10:49:05+00:00\",\"mainEntityOfPage\":{\"@id\":\"https:\/\/blogdobispo.com.br\/?p=2844\"},\"wordCount\":275,\"commentCount\":0,\"publisher\":{\"@id\":\"https:\/\/blogdobispo.com.br\/#organization\"},\"image\":{\"@id\":\"https:\/\/blogdobispo.com.br\/?p=2844#primaryimage\"},\"thumbnailUrl\":\"https:\/\/blogdobispo.com.br\/wp-content\/uploads\/2024\/03\/ce63e298-a9e5-4d5e-92e7-22a8d3d963ab-1.jpg\",\"articleSection\":[\"diversos\"],\"inLanguage\":\"pt-BR\",\"potentialAction\":[{\"@type\":\"CommentAction\",\"name\":\"Comment\",\"target\":[\"https:\/\/blogdobispo.com.br\/?p=2844#respond\"]}]},{\"@type\":\"WebPage\",\"@id\":\"https:\/\/blogdobispo.com.br\/?p=2844\",\"url\":\"https:\/\/blogdobispo.com.br\/?p=2844\",\"name\":\"Evento de filia\u00e7\u00e3o ao PSDB \u00e9 adiado e presidente nacional vai agendar nova data - Blog do Bispo\",\"isPartOf\":{\"@id\":\"https:\/\/blogdobispo.com.br\/#website\"},\"primaryImageOfPage\":{\"@id\":\"https:\/\/blogdobispo.com.br\/?p=2844#primaryimage\"},\"image\":{\"@id\":\"https:\/\/blogdobispo.com.br\/?p=2844#primaryimage\"},\"thumbnailUrl\":\"https:\/\/blogdobispo.com.br\/wp-content\/uploads\/2024\/03\/ce63e298-a9e5-4d5e-92e7-22a8d3d963ab-1.jpg\",\"datePublished\":\"2024-03-11T10:49:05+00:00\",\"breadcrumb\":{\"@id\":\"https:\/\/blogdobispo.com.br\/?p=2844#breadcrumb\"},\"inLanguage\":\"pt-BR\",\"potentialAction\":[{\"@type\":\"ReadAction\",\"target\":[\"https:\/\/blogdobispo.com.br\/?p=2844\"]}]},{\"@type\":\"ImageObject\",\"inLanguage\":\"pt-BR\",\"@id\":\"https:\/\/blogdobispo.com.br\/?p=2844#primaryimage\",\"url\":\"https:\/\/blogdobispo.com.br\/wp-content\/uploads\/2024\/03\/ce63e298-a9e5-4d5e-92e7-22a8d3d963ab-1.jpg\",\"contentUrl\":\"https:\/\/blogdobispo.com.br\/wp-content\/uploads\/2024\/03\/ce63e298-a9e5-4d5e-92e7-22a8d3d963ab-1.jpg\"},{\"@type\":\"BreadcrumbList\",\"@id\":\"https:\/\/blogdobispo.com.br\/?p=2844#breadcrumb\",\"itemListElement\":[{\"@type\":\"ListItem\",\"position\":1,\"name\":\"In\u00edcio\",\"item\":\"https:\/\/blogdobispo.com.br\/\"},{\"@type\":\"ListItem\",\"position\":2,\"name\":\"Evento de filia\u00e7\u00e3o ao PSDB \u00e9 adiado e presidente nacional vai agendar nova data\"}]},{\"@type\":\"WebSite\",\"@id\":\"https:\/\/blogdobispo.com.br\/#website\",\"url\":\"https:\/\/blogdobispo.com.br\/\",\"name\":\"Blog do Bispo\",\"description\":\"Comprometido apenas com o leitor\",\"publisher\":{\"@id\":\"https:\/\/blogdobispo.com.br\/#organization\"},\"potentialAction\":[{\"@type\":\"SearchAction\",\"target\":{\"@type\":\"EntryPoint\",\"urlTemplate\":\"https:\/\/blogdobispo.com.br\/?s={search_term_string}\"},\"query-input\":{\"@type\":\"PropertyValueSpecification\",\"valueRequired\":true,\"valueName\":\"search_term_string\"}}],\"inLanguage\":\"pt-BR\"},{\"@type\":\"Organization\",\"@id\":\"https:\/\/blogdobispo.com.br\/#organization\",\"name\":\"Blog do Bispo\",\"url\":\"https:\/\/blogdobispo.com.br\/\",\"logo\":{\"@type\":\"ImageObject\",\"inLanguage\":\"pt-BR\",\"@id\":\"https:\/\/blogdobispo.com.br\/#\/schema\/logo\/image\/\",\"url\":\"http:\/\/blogdobispo.com.br\/wp-content\/uploads\/2023\/05\/cropped-headear.png\",\"contentUrl\":\"http:\/\/blogdobispo.com.br\/wp-content\/uploads\/2023\/05\/cropped-headear.png\",\"width\":1500,\"height\":399,\"caption\":\"Blog do Bispo\"},\"image\":{\"@id\":\"https:\/\/blogdobispo.com.br\/#\/schema\/logo\/image\/\"}},{\"@type\":\"Person\",\"@id\":\"https:\/\/blogdobispo.com.br\/#\/schema\/person\/e2209cc0e6cea5c5233d033e997b373f\",\"name\":\"Jefferson Sterfeno\",\"image\":{\"@type\":\"ImageObject\",\"inLanguage\":\"pt-BR\",\"@id\":\"https:\/\/blogdobispo.com.br\/#\/schema\/person\/image\/\",\"url\":\"https:\/\/secure.gravatar.com\/avatar\/0534e84764641168a677026b6d57a3f51dc7ac4db0b4f6186d9cb330d4ee1160?s=96&d=mm&r=g\",\"contentUrl\":\"https:\/\/secure.gravatar.com\/avatar\/0534e84764641168a677026b6d57a3f51dc7ac4db0b4f6186d9cb330d4ee1160?s=96&d=mm&r=g\",\"caption\":\"Jefferson Sterfeno\"},\"sameAs\":[\"http:\/\/blogdobispo.com.br\"],\"url\":\"https:\/\/blogdobispo.com.br\/?author=1\"}]}<\/script>\n<!-- \/ Yoast SEO plugin. -->","yoast_head_json":{"title":"Evento de filia\u00e7\u00e3o ao PSDB \u00e9 adiado e presidente nacional vai agendar nova data - Blog do Bispo","robots":{"index":"index","follow":"follow","max-snippet":"max-snippet:-1","max-image-preview":"max-image-preview:large","max-video-preview":"max-video-preview:-1"},"canonical":"https:\/\/blogdobispo.com.br\/?p=2844","og_locale":"pt_BR","og_type":"article","og_title":"Evento de filia\u00e7\u00e3o ao PSDB \u00e9 adiado e presidente nacional vai agendar nova data - Blog do Bispo","og_description":"Marconi Perillo tem percorrido o Brasil, realizando uma s\u00e9rie de encontros estrat\u00e9gicos para 2024 O presidente nacional do PSDB, Marconi Perillo e o presidente da Assembleia Legislativa, deputado Ezequiel Ferreira, l\u00edder do PSDB Potiguar decidiram adiar o evento que aconteceria nesta quarta-feira (13), onde reuniria deputados, prefeitos, vice-prefeitos, vereadores e pr\u00e9-candidatos de diversas regi\u00f5es do [&hellip;]","og_url":"https:\/\/blogdobispo.com.br\/?p=2844","og_site_name":"Blog do Bispo","article_published_time":"2024-03-11T10:49:05+00:00","og_image":[{"url":"https:\/\/blogdobispo.com.br\/wp-content\/uploads\/2024\/03\/ce63e298-a9e5-4d5e-92e7-22a8d3d963ab-1.jpg","type":"","width":"","height":""}],"author":"Jefferson Sterfeno","twitter_card":"summary_large_image","twitter_misc":{"Escrito por":"Jefferson Sterfeno","Est. tempo de leitura":"1 minuto"},"schema":{"@context":"https:\/\/schema.org","@graph":[{"@type":"Article","@id":"https:\/\/blogdobispo.com.br\/?p=2844#article","isPartOf":{"@id":"https:\/\/blogdobispo.com.br\/?p=2844"},"author":{"name":"Jefferson Sterfeno","@id":"https:\/\/blogdobispo.com.br\/#\/schema\/person\/e2209cc0e6cea5c5233d033e997b373f"},"headline":"Evento de filia\u00e7\u00e3o ao PSDB \u00e9 adiado e presidente nacional vai agendar nova data","datePublished":"2024-03-11T10:49:05+00:00","mainEntityOfPage":{"@id":"https:\/\/blogdobispo.com.br\/?p=2844"},"wordCount":275,"commentCount":0,"publisher":{"@id":"https:\/\/blogdobispo.com.br\/#organization"},"image":{"@id":"https:\/\/blogdobispo.com.br\/?p=2844#primaryimage"},"thumbnailUrl":"https:\/\/blogdobispo.com.br\/wp-content\/uploads\/2024\/03\/ce63e298-a9e5-4d5e-92e7-22a8d3d963ab-1.jpg","articleSection":["diversos"],"inLanguage":"pt-BR","potentialAction":[{"@type":"CommentAction","name":"Comment","target":["https:\/\/blogdobispo.com.br\/?p=2844#respond"]}]},{"@type":"WebPage","@id":"https:\/\/blogdobispo.com.br\/?p=2844","url":"https:\/\/blogdobispo.com.br\/?p=2844","name":"Evento de filia\u00e7\u00e3o ao PSDB \u00e9 adiado e presidente nacional vai agendar nova data - Blog do Bispo","isPartOf":{"@id":"https:\/\/blogdobispo.com.br\/#website"},"primaryImageOfPage":{"@id":"https:\/\/blogdobispo.com.br\/?p=2844#primaryimage"},"image":{"@id":"https:\/\/blogdobispo.com.br\/?p=2844#primaryimage"},"thumbnailUrl":"https:\/\/blogdobispo.com.br\/wp-content\/uploads\/2024\/03\/ce63e298-a9e5-4d5e-92e7-22a8d3d963ab-1.jpg","datePublished":"2024-03-11T10:49:05+00:00","breadcrumb":{"@id":"https:\/\/blogdobispo.com.br\/?p=2844#breadcrumb"},"inLanguage":"pt-BR","potentialAction":[{"@type":"ReadAction","target":["https:\/\/blogdobispo.com.br\/?p=2844"]}]},{"@type":"ImageObject","inLanguage":"pt-BR","@id":"https:\/\/blogdobispo.com.br\/?p=2844#primaryimage","url":"https:\/\/blogdobispo.com.br\/wp-content\/uploads\/2024\/03\/ce63e298-a9e5-4d5e-92e7-22a8d3d963ab-1.jpg","contentUrl":"https:\/\/blogdobispo.com.br\/wp-content\/uploads\/2024\/03\/ce63e298-a9e5-4d5e-92e7-22a8d3d963ab-1.jpg"},{"@type":"BreadcrumbList","@id":"https:\/\/blogdobispo.com.br\/?p=2844#breadcrumb","itemListElement":[{"@type":"ListItem","position":1,"name":"In\u00edcio","item":"https:\/\/blogdobispo.com.br\/"},{"@type":"ListItem","position":2,"name":"Evento de filia\u00e7\u00e3o ao PSDB \u00e9 adiado e presidente nacional vai agendar nova data"}]},{"@type":"WebSite","@id":"https:\/\/blogdobispo.com.br\/#website","url":"https:\/\/blogdobispo.com.br\/","name":"Blog do Bispo","description":"Comprometido apenas com o leitor","publisher":{"@id":"https:\/\/blogdobispo.com.br\/#organization"},"potentialAction":[{"@type":"SearchAction","target":{"@type":"EntryPoint","urlTemplate":"https:\/\/blogdobispo.com.br\/?s={search_term_string}"},"query-input":{"@type":"PropertyValueSpecification","valueRequired":true,"valueName":"search_term_string"}}],"inLanguage":"pt-BR"},{"@type":"Organization","@id":"https:\/\/blogdobispo.com.br\/#organization","name":"Blog do Bispo","url":"https:\/\/blogdobispo.com.br\/","logo":{"@type":"ImageObject","inLanguage":"pt-BR","@id":"https:\/\/blogdobispo.com.br\/#\/schema\/logo\/image\/","url":"http:\/\/blogdobispo.com.br\/wp-content\/uploads\/2023\/05\/cropped-headear.png","contentUrl":"http:\/\/blogdobispo.com.br\/wp-content\/uploads\/2023\/05\/cropped-headear.png","width":1500,"height":399,"caption":"Blog do Bispo"},"image":{"@id":"https:\/\/blogdobispo.com.br\/#\/schema\/logo\/image\/"}},{"@type":"Person","@id":"https:\/\/blogdobispo.com.br\/#\/schema\/person\/e2209cc0e6cea5c5233d033e997b373f","name":"Jefferson Sterfeno","image":{"@type":"ImageObject","inLanguage":"pt-BR","@id":"https:\/\/blogdobispo.com.br\/#\/schema\/person\/image\/","url":"https:\/\/secure.gravatar.com\/avatar\/0534e84764641168a677026b6d57a3f51dc7ac4db0b4f6186d9cb330d4ee1160?s=96&d=mm&r=g","contentUrl":"https:\/\/secure.gravatar.com\/avatar\/0534e84764641168a677026b6d57a3f51dc7ac4db0b4f6186d9cb330d4ee1160?s=96&d=mm&r=g","caption":"Jefferson Sterfeno"},"sameAs":["http:\/\/blogdobispo.com.br"],"url":"https:\/\/blogdobispo.com.br\/?author=1"}]}},"featured_image_urls":{"full":"","thumbnail":"","medium":"","medium_large":"","large":"","1536x1536":"","2048x2048":""},"author_info":{"display_name":"Jefferson Sterfeno","author_link":"https:\/\/blogdobispo.com.br\/?author=1"},"category_info":"<a href=\"https:\/\/blogdobispo.com.br\/?cat=1\" rel=\"category\">diversos<\/a>","tag_info":"diversos","comment_count":"0","jetpack_featured_media_url":"","jetpack_sharing_enabled":true,"_links":{"self":[{"href":"https:\/\/blogdobispo.com.br\/index.php?rest_route=\/wp\/v2\/posts\/2844","targetHints":{"allow":["GET"]}}],"collection":[{"href":"https:\/\/blogdobispo.com.br\/index.php?rest_route=\/wp\/v2\/posts"}],"about":[{"href":"https:\/\/blogdobispo.com.br\/index.php?rest_route=\/wp\/v2\/types\/post"}],"author":[{"embeddable":true,"href":"https:\/\/blogdobispo.com.br\/index.php?rest_route=\/wp\/v2\/users\/1"}],"replies":[{"embeddable":true,"href":"https:\/\/blogdobispo.com.br\/index.php?rest_route=%2Fwp%2Fv2%2Fcomments&post=2844"}],"version-history":[{"count":0,"href":"https:\/\/blogdobispo.com.br\/index.php?rest_route=\/wp\/v2\/posts\/2844\/revisions"}],"wp:attachment":[{"href":"https:\/\/blogdobispo.com.br\/index.php?rest_route=%2Fwp%2Fv2%2Fmedia&parent=2844"}],"wp:term":[{"taxonomy":"category","embeddable":true,"href":"https:\/\/blogdobispo.com.br\/index.php?rest_route=%2Fwp%2Fv2%2Fcategories&post=2844"},{"taxonomy":"post_tag","embeddable":true,"href":"https:\/\/blogdobispo.com.br\/index.php?rest_route=%2Fwp%2Fv2%2Ftags&post=2844"}],"curies":[{"name":"wp","href":"https:\/\/api.w.org\/{rel}","templated":true}]}}