{"id":2829,"date":"2024-03-07T20:57:34","date_gmt":"2024-03-07T20:57:34","guid":{"rendered":"https:\/\/blogdobispo.com.br\/?p=2829"},"modified":"2024-03-07T20:57:34","modified_gmt":"2024-03-07T20:57:34","slug":"obras-de-drenagem-e-requalificacao-do-largo-do-atheneu-avancam","status":"publish","type":"post","link":"https:\/\/blogdobispo.com.br\/?p=2829","title":{"rendered":"Obras de drenagem e requalifica\u00e7\u00e3o do Largo do Atheneu avan\u00e7am"},"content":{"rendered":"\n<figure class=\"wp-block-image size-large\"><img data-recalc-dims=\"1\" fetchpriority=\"high\" decoding=\"async\" width=\"800\" height=\"533\" src=\"https:\/\/i0.wp.com\/blogdobispo.com.br\/wp-content\/uploads\/2024\/03\/obras-no-largo-do-atheneu-4-foto-alex-regis-1024x682.jpg?resize=800%2C533&#038;ssl=1\" class=\"wp-image-2828\" srcset=\"https:\/\/i0.wp.com\/blogdobispo.com.br\/wp-content\/uploads\/2024\/03\/obras-no-largo-do-atheneu-4-foto-alex-regis.jpg?resize=1024%2C682&amp;ssl=1 1024w, https:\/\/i0.wp.com\/blogdobispo.com.br\/wp-content\/uploads\/2024\/03\/obras-no-largo-do-atheneu-4-foto-alex-regis.jpg?resize=300%2C200&amp;ssl=1 300w, https:\/\/i0.wp.com\/blogdobispo.com.br\/wp-content\/uploads\/2024\/03\/obras-no-largo-do-atheneu-4-foto-alex-regis.jpg?resize=768%2C512&amp;ssl=1 768w, https:\/\/i0.wp.com\/blogdobispo.com.br\/wp-content\/uploads\/2024\/03\/obras-no-largo-do-atheneu-4-foto-alex-regis.jpg?resize=1536%2C1023&amp;ssl=1 1536w, https:\/\/i0.wp.com\/blogdobispo.com.br\/wp-content\/uploads\/2024\/03\/obras-no-largo-do-atheneu-4-foto-alex-regis.jpg?w=1600&amp;ssl=1 1600w\" sizes=\"(max-width: 800px) 100vw, 800px\" \/><\/figure>\n\n\n\n<p><strong>&nbsp;<\/strong><\/p>\n\n\n\n<p>Uma das marcas da atual gest\u00e3o da Prefeitura de Natal \u00e9 a execu\u00e7\u00e3o de&nbsp;investimentos na melhoria do sistema de drenagem, para eliminar&nbsp;problemas acarretados por alagamentos. O Largo do Atheneu, no bairro&nbsp;de Petr\u00f3polis, Zona Leste, \u00e9 um desses locais onde a popula\u00e7\u00e3o sofre&nbsp;recorrentemente quando ocorrem chuvas na cidade. Essa situa\u00e7\u00e3o est\u00e1&nbsp;prestes a ser superada com os avan\u00e7os das obras de requalifica\u00e7\u00e3o do&nbsp;espa\u00e7o que j\u00e1 atingiram 36% do cronograma estabelecido. Est\u00e3o sendo&nbsp;investidos quase R$ 8 milh\u00f5es na interven\u00e7\u00e3o e a expectativa \u00e9 de que&nbsp;os trabalhos sejam conclu\u00eddos no segundo semestre deste ano.&nbsp;<\/p>\n\n\n\n<p>\u201cEssa \u00e9 uma obra fundamental n\u00e3o s\u00f3 para a regi\u00e3o, mas para toda a&nbsp;Natal. Estamos atacando o problema dos alagamentos, j\u00e1 que ali \u00e9 uma&nbsp;\u00e1rea onde eles s\u00e3o frequentes. Para acabar com esse problema, estamos&nbsp;ampliando a capacidade de escoamento e armazenamento do sistema&nbsp;de drenagem local. Aquela \u00e9 uma regi\u00e3o onde temos muitos moradores,&nbsp;al\u00e9m de com\u00e9rcios, restaurante, lanchonetes, cl\u00ednicas, escolas e a a\u00e7\u00e3o&nbsp;da Prefeitura vai melhorar consideravelmente a realidade para todos\u201d,&nbsp;destaca o prefeito \u00c1lvaro Dias.&nbsp;<\/p>\n\n\n\n<p>Neste momento, as equipes da empresa respons\u00e1vel pelos servi\u00e7os&nbsp;est\u00e3o trabalhando na escava\u00e7\u00e3o da caixa de drenagem subterr\u00e2nea&nbsp;(cisterna) prevista no projeto ao lado do muro do Col\u00e9gio Atheneu. O&nbsp;equipamento servir\u00e1 como coletor de \u00e1guas da chuva da \u00e1rea,&nbsp;funcionando em conjunto com um sistema de bombas para evitar&nbsp;alagamentos em dias de precipita\u00e7\u00f5es acima da m\u00e9dia. &nbsp;<\/p>\n\n\n\n<p>A Secretaria Municipal de Mobilidade Urbana (STTU), pasta que&nbsp;coordena a obra, informa que a tubula\u00e7\u00e3o que ser\u00e1 instalada,&nbsp;conectando o sistema de drenagem do Largo do Atheneu ao sistema de&nbsp;Macrodrenagem da Regi\u00e3o, localizado no bairro da Ribeira, j\u00e1 est\u00e1&nbsp;pronta. Somente nessa parte dos trabalhos de drenagem, ser\u00e3o&nbsp;investidos cerca de R$ 6 milh\u00f5es.&nbsp;<\/p>\n\n\n\n<p>\u201cTemos uma caixa de drenagem com 1.200 metros c\u00fabicos. \u00c9 uma&nbsp;capacidade dimensionada para suprir e atender as necessidades da&nbsp;regi\u00e3o, eliminando os alagamentos que acontecem durante os per\u00edodos&nbsp;de chuva\u201d, aponta o diretor de Planejamento da STTU, Newton Filho. &nbsp;<\/p>\n\n\n\n<hr class=\"wp-block-separator has-alpha-channel-opacity\"\/>\n\n\n\n<p>2 \/ 2<\/p>\n\n\n\n<p>J\u00e1 foi finalizada a etapa das cal\u00e7adas na rua Serid\u00f3, no trecho entre as&nbsp;avenidas Prudente de Morais e Campos Sales. O nivelamento do passeio&nbsp;p\u00fablico no trecho entre a Campos Sales e a rua Potengi tamb\u00e9m est\u00e1 em&nbsp;execu\u00e7\u00e3o. Al\u00e9m da instala\u00e7\u00e3o do sistema de drenagem, o projeto inclui a&nbsp;substitui\u00e7\u00e3o do pavimento, sinaliza\u00e7\u00e3o horizontal, paisagismo, biclet\u00e1rio,&nbsp;ilumina\u00e7\u00e3o e mobili\u00e1rio urbano modernos. &nbsp;<\/p>\n\n\n\n<p>O prefeito \u00c1lvaro Dias acrescenta que o projeto tamb\u00e9m trar\u00e1 um&nbsp;impacto econ\u00f4mico positivo, uma vez que o Largo do Atheneu \u00e9 um&nbsp;importante polo gastron\u00f4mico e de entretenimento da cidade. \u201cA regi\u00e3o&nbsp;possui diversos estabelecimentos como bares e restaurantes, da mesma&nbsp;forma sedia diversas feiras ao ar livre e outros eventos. Estamos&nbsp;proporcionando mais conforto e seguran\u00e7a para os frequentadores, bem&nbsp;como a Prefeitura atua como indutora do desenvolvimento da regi\u00e3o,&nbsp;realizando servi\u00e7os dessa natureza\u201d, afirma \u00c1lvaro.&nbsp;<br><\/p>\n","protected":false},"excerpt":{"rendered":"<p>&nbsp; Uma das marcas da atual gest\u00e3o da Prefeitura de Natal \u00e9 a execu\u00e7\u00e3o de&nbsp;investimentos na melhoria do sistema de drenagem, para eliminar&nbsp;problemas acarretados por alagamentos. O Largo do Atheneu, no bairro&nbsp;de Petr\u00f3polis, Zona Leste, \u00e9 um desses locais onde a popula\u00e7\u00e3o sofre&nbsp;recorrentemente quando ocorrem chuvas na cidade. Essa situa\u00e7\u00e3o est\u00e1&nbsp;prestes a ser superada com [&hellip;]<\/p>\n","protected":false},"author":1,"featured_media":0,"comment_status":"open","ping_status":"open","sticky":false,"template":"","format":"standard","meta":{"cybocfi_hide_featured_image":"","_jetpack_memberships_contains_paid_content":false,"footnotes":""},"categories":[1],"tags":[],"class_list":["post-2829","post","type-post","status-publish","format-standard","hentry","category-diversos"],"yoast_head":"<!-- This site is optimized with the Yoast SEO plugin v25.6 - https:\/\/yoast.com\/wordpress\/plugins\/seo\/ -->\n<title>Obras de drenagem e requalifica\u00e7\u00e3o do Largo do Atheneu avan\u00e7am - Blog do Bispo<\/title>\n<meta name=\"robots\" content=\"index, follow, max-snippet:-1, max-image-preview:large, max-video-preview:-1\" \/>\n<link rel=\"canonical\" href=\"https:\/\/blogdobispo.com.br\/?p=2829\" \/>\n<meta property=\"og:locale\" content=\"pt_BR\" \/>\n<meta property=\"og:type\" content=\"article\" \/>\n<meta property=\"og:title\" content=\"Obras de drenagem e requalifica\u00e7\u00e3o do Largo do Atheneu avan\u00e7am - Blog do Bispo\" \/>\n<meta property=\"og:description\" content=\"&nbsp; Uma das marcas da atual gest\u00e3o da Prefeitura de Natal \u00e9 a execu\u00e7\u00e3o de&nbsp;investimentos na melhoria do sistema de drenagem, para eliminar&nbsp;problemas acarretados por alagamentos. O Largo do Atheneu, no bairro&nbsp;de Petr\u00f3polis, Zona Leste, \u00e9 um desses locais onde a popula\u00e7\u00e3o sofre&nbsp;recorrentemente quando ocorrem chuvas na cidade. Essa situa\u00e7\u00e3o est\u00e1&nbsp;prestes a ser superada com [&hellip;]\" \/>\n<meta property=\"og:url\" content=\"https:\/\/blogdobispo.com.br\/?p=2829\" \/>\n<meta property=\"og:site_name\" content=\"Blog do Bispo\" \/>\n<meta property=\"article:published_time\" content=\"2024-03-07T20:57:34+00:00\" \/>\n<meta property=\"og:image\" content=\"https:\/\/blogdobispo.com.br\/wp-content\/uploads\/2024\/03\/obras-no-largo-do-atheneu-4-foto-alex-regis-1024x682.jpg\" \/>\n<meta name=\"author\" content=\"Jefferson Sterfeno\" \/>\n<meta name=\"twitter:card\" content=\"summary_large_image\" \/>\n<meta name=\"twitter:label1\" content=\"Escrito por\" \/>\n\t<meta name=\"twitter:data1\" content=\"Jefferson Sterfeno\" \/>\n\t<meta name=\"twitter:label2\" content=\"Est. tempo de leitura\" \/>\n\t<meta name=\"twitter:data2\" content=\"3 minutos\" \/>\n<script type=\"application\/ld+json\" class=\"yoast-schema-graph\">{\"@context\":\"https:\/\/schema.org\",\"@graph\":[{\"@type\":\"Article\",\"@id\":\"https:\/\/blogdobispo.com.br\/?p=2829#article\",\"isPartOf\":{\"@id\":\"https:\/\/blogdobispo.com.br\/?p=2829\"},\"author\":{\"name\":\"Jefferson Sterfeno\",\"@id\":\"https:\/\/blogdobispo.com.br\/#\/schema\/person\/e2209cc0e6cea5c5233d033e997b373f\"},\"headline\":\"Obras de drenagem e requalifica\u00e7\u00e3o do Largo do Atheneu avan\u00e7am\",\"datePublished\":\"2024-03-07T20:57:34+00:00\",\"mainEntityOfPage\":{\"@id\":\"https:\/\/blogdobispo.com.br\/?p=2829\"},\"wordCount\":575,\"commentCount\":0,\"publisher\":{\"@id\":\"https:\/\/blogdobispo.com.br\/#organization\"},\"image\":{\"@id\":\"https:\/\/blogdobispo.com.br\/?p=2829#primaryimage\"},\"thumbnailUrl\":\"https:\/\/blogdobispo.com.br\/wp-content\/uploads\/2024\/03\/obras-no-largo-do-atheneu-4-foto-alex-regis-1024x682.jpg\",\"articleSection\":[\"diversos\"],\"inLanguage\":\"pt-BR\",\"potentialAction\":[{\"@type\":\"CommentAction\",\"name\":\"Comment\",\"target\":[\"https:\/\/blogdobispo.com.br\/?p=2829#respond\"]}]},{\"@type\":\"WebPage\",\"@id\":\"https:\/\/blogdobispo.com.br\/?p=2829\",\"url\":\"https:\/\/blogdobispo.com.br\/?p=2829\",\"name\":\"Obras de drenagem e requalifica\u00e7\u00e3o do Largo do Atheneu avan\u00e7am - Blog do Bispo\",\"isPartOf\":{\"@id\":\"https:\/\/blogdobispo.com.br\/#website\"},\"primaryImageOfPage\":{\"@id\":\"https:\/\/blogdobispo.com.br\/?p=2829#primaryimage\"},\"image\":{\"@id\":\"https:\/\/blogdobispo.com.br\/?p=2829#primaryimage\"},\"thumbnailUrl\":\"https:\/\/blogdobispo.com.br\/wp-content\/uploads\/2024\/03\/obras-no-largo-do-atheneu-4-foto-alex-regis-1024x682.jpg\",\"datePublished\":\"2024-03-07T20:57:34+00:00\",\"breadcrumb\":{\"@id\":\"https:\/\/blogdobispo.com.br\/?p=2829#breadcrumb\"},\"inLanguage\":\"pt-BR\",\"potentialAction\":[{\"@type\":\"ReadAction\",\"target\":[\"https:\/\/blogdobispo.com.br\/?p=2829\"]}]},{\"@type\":\"ImageObject\",\"inLanguage\":\"pt-BR\",\"@id\":\"https:\/\/blogdobispo.com.br\/?p=2829#primaryimage\",\"url\":\"https:\/\/blogdobispo.com.br\/wp-content\/uploads\/2024\/03\/obras-no-largo-do-atheneu-4-foto-alex-regis-1024x682.jpg\",\"contentUrl\":\"https:\/\/blogdobispo.com.br\/wp-content\/uploads\/2024\/03\/obras-no-largo-do-atheneu-4-foto-alex-regis-1024x682.jpg\"},{\"@type\":\"BreadcrumbList\",\"@id\":\"https:\/\/blogdobispo.com.br\/?p=2829#breadcrumb\",\"itemListElement\":[{\"@type\":\"ListItem\",\"position\":1,\"name\":\"In\u00edcio\",\"item\":\"https:\/\/blogdobispo.com.br\/\"},{\"@type\":\"ListItem\",\"position\":2,\"name\":\"Obras de drenagem e requalifica\u00e7\u00e3o do Largo do Atheneu avan\u00e7am\"}]},{\"@type\":\"WebSite\",\"@id\":\"https:\/\/blogdobispo.com.br\/#website\",\"url\":\"https:\/\/blogdobispo.com.br\/\",\"name\":\"Blog do Bispo\",\"description\":\"Comprometido apenas com o leitor\",\"publisher\":{\"@id\":\"https:\/\/blogdobispo.com.br\/#organization\"},\"potentialAction\":[{\"@type\":\"SearchAction\",\"target\":{\"@type\":\"EntryPoint\",\"urlTemplate\":\"https:\/\/blogdobispo.com.br\/?s={search_term_string}\"},\"query-input\":{\"@type\":\"PropertyValueSpecification\",\"valueRequired\":true,\"valueName\":\"search_term_string\"}}],\"inLanguage\":\"pt-BR\"},{\"@type\":\"Organization\",\"@id\":\"https:\/\/blogdobispo.com.br\/#organization\",\"name\":\"Blog do Bispo\",\"url\":\"https:\/\/blogdobispo.com.br\/\",\"logo\":{\"@type\":\"ImageObject\",\"inLanguage\":\"pt-BR\",\"@id\":\"https:\/\/blogdobispo.com.br\/#\/schema\/logo\/image\/\",\"url\":\"http:\/\/blogdobispo.com.br\/wp-content\/uploads\/2023\/05\/cropped-headear.png\",\"contentUrl\":\"http:\/\/blogdobispo.com.br\/wp-content\/uploads\/2023\/05\/cropped-headear.png\",\"width\":1500,\"height\":399,\"caption\":\"Blog do Bispo\"},\"image\":{\"@id\":\"https:\/\/blogdobispo.com.br\/#\/schema\/logo\/image\/\"}},{\"@type\":\"Person\",\"@id\":\"https:\/\/blogdobispo.com.br\/#\/schema\/person\/e2209cc0e6cea5c5233d033e997b373f\",\"name\":\"Jefferson Sterfeno\",\"image\":{\"@type\":\"ImageObject\",\"inLanguage\":\"pt-BR\",\"@id\":\"https:\/\/blogdobispo.com.br\/#\/schema\/person\/image\/\",\"url\":\"https:\/\/secure.gravatar.com\/avatar\/0534e84764641168a677026b6d57a3f51dc7ac4db0b4f6186d9cb330d4ee1160?s=96&d=mm&r=g\",\"contentUrl\":\"https:\/\/secure.gravatar.com\/avatar\/0534e84764641168a677026b6d57a3f51dc7ac4db0b4f6186d9cb330d4ee1160?s=96&d=mm&r=g\",\"caption\":\"Jefferson Sterfeno\"},\"sameAs\":[\"http:\/\/blogdobispo.com.br\"],\"url\":\"https:\/\/blogdobispo.com.br\/?author=1\"}]}<\/script>\n<!-- \/ Yoast SEO plugin. -->","yoast_head_json":{"title":"Obras de drenagem e requalifica\u00e7\u00e3o do Largo do Atheneu avan\u00e7am - Blog do Bispo","robots":{"index":"index","follow":"follow","max-snippet":"max-snippet:-1","max-image-preview":"max-image-preview:large","max-video-preview":"max-video-preview:-1"},"canonical":"https:\/\/blogdobispo.com.br\/?p=2829","og_locale":"pt_BR","og_type":"article","og_title":"Obras de drenagem e requalifica\u00e7\u00e3o do Largo do Atheneu avan\u00e7am - Blog do Bispo","og_description":"&nbsp; Uma das marcas da atual gest\u00e3o da Prefeitura de Natal \u00e9 a execu\u00e7\u00e3o de&nbsp;investimentos na melhoria do sistema de drenagem, para eliminar&nbsp;problemas acarretados por alagamentos. O Largo do Atheneu, no bairro&nbsp;de Petr\u00f3polis, Zona Leste, \u00e9 um desses locais onde a popula\u00e7\u00e3o sofre&nbsp;recorrentemente quando ocorrem chuvas na cidade. Essa situa\u00e7\u00e3o est\u00e1&nbsp;prestes a ser superada com [&hellip;]","og_url":"https:\/\/blogdobispo.com.br\/?p=2829","og_site_name":"Blog do Bispo","article_published_time":"2024-03-07T20:57:34+00:00","og_image":[{"url":"https:\/\/blogdobispo.com.br\/wp-content\/uploads\/2024\/03\/obras-no-largo-do-atheneu-4-foto-alex-regis-1024x682.jpg","type":"","width":"","height":""}],"author":"Jefferson Sterfeno","twitter_card":"summary_large_image","twitter_misc":{"Escrito por":"Jefferson Sterfeno","Est. tempo de leitura":"3 minutos"},"schema":{"@context":"https:\/\/schema.org","@graph":[{"@type":"Article","@id":"https:\/\/blogdobispo.com.br\/?p=2829#article","isPartOf":{"@id":"https:\/\/blogdobispo.com.br\/?p=2829"},"author":{"name":"Jefferson Sterfeno","@id":"https:\/\/blogdobispo.com.br\/#\/schema\/person\/e2209cc0e6cea5c5233d033e997b373f"},"headline":"Obras de drenagem e requalifica\u00e7\u00e3o do Largo do Atheneu avan\u00e7am","datePublished":"2024-03-07T20:57:34+00:00","mainEntityOfPage":{"@id":"https:\/\/blogdobispo.com.br\/?p=2829"},"wordCount":575,"commentCount":0,"publisher":{"@id":"https:\/\/blogdobispo.com.br\/#organization"},"image":{"@id":"https:\/\/blogdobispo.com.br\/?p=2829#primaryimage"},"thumbnailUrl":"https:\/\/blogdobispo.com.br\/wp-content\/uploads\/2024\/03\/obras-no-largo-do-atheneu-4-foto-alex-regis-1024x682.jpg","articleSection":["diversos"],"inLanguage":"pt-BR","potentialAction":[{"@type":"CommentAction","name":"Comment","target":["https:\/\/blogdobispo.com.br\/?p=2829#respond"]}]},{"@type":"WebPage","@id":"https:\/\/blogdobispo.com.br\/?p=2829","url":"https:\/\/blogdobispo.com.br\/?p=2829","name":"Obras de drenagem e requalifica\u00e7\u00e3o do Largo do Atheneu avan\u00e7am - Blog do Bispo","isPartOf":{"@id":"https:\/\/blogdobispo.com.br\/#website"},"primaryImageOfPage":{"@id":"https:\/\/blogdobispo.com.br\/?p=2829#primaryimage"},"image":{"@id":"https:\/\/blogdobispo.com.br\/?p=2829#primaryimage"},"thumbnailUrl":"https:\/\/blogdobispo.com.br\/wp-content\/uploads\/2024\/03\/obras-no-largo-do-atheneu-4-foto-alex-regis-1024x682.jpg","datePublished":"2024-03-07T20:57:34+00:00","breadcrumb":{"@id":"https:\/\/blogdobispo.com.br\/?p=2829#breadcrumb"},"inLanguage":"pt-BR","potentialAction":[{"@type":"ReadAction","target":["https:\/\/blogdobispo.com.br\/?p=2829"]}]},{"@type":"ImageObject","inLanguage":"pt-BR","@id":"https:\/\/blogdobispo.com.br\/?p=2829#primaryimage","url":"https:\/\/blogdobispo.com.br\/wp-content\/uploads\/2024\/03\/obras-no-largo-do-atheneu-4-foto-alex-regis-1024x682.jpg","contentUrl":"https:\/\/blogdobispo.com.br\/wp-content\/uploads\/2024\/03\/obras-no-largo-do-atheneu-4-foto-alex-regis-1024x682.jpg"},{"@type":"BreadcrumbList","@id":"https:\/\/blogdobispo.com.br\/?p=2829#breadcrumb","itemListElement":[{"@type":"ListItem","position":1,"name":"In\u00edcio","item":"https:\/\/blogdobispo.com.br\/"},{"@type":"ListItem","position":2,"name":"Obras de drenagem e requalifica\u00e7\u00e3o do Largo do Atheneu avan\u00e7am"}]},{"@type":"WebSite","@id":"https:\/\/blogdobispo.com.br\/#website","url":"https:\/\/blogdobispo.com.br\/","name":"Blog do Bispo","description":"Comprometido apenas com o leitor","publisher":{"@id":"https:\/\/blogdobispo.com.br\/#organization"},"potentialAction":[{"@type":"SearchAction","target":{"@type":"EntryPoint","urlTemplate":"https:\/\/blogdobispo.com.br\/?s={search_term_string}"},"query-input":{"@type":"PropertyValueSpecification","valueRequired":true,"valueName":"search_term_string"}}],"inLanguage":"pt-BR"},{"@type":"Organization","@id":"https:\/\/blogdobispo.com.br\/#organization","name":"Blog do Bispo","url":"https:\/\/blogdobispo.com.br\/","logo":{"@type":"ImageObject","inLanguage":"pt-BR","@id":"https:\/\/blogdobispo.com.br\/#\/schema\/logo\/image\/","url":"http:\/\/blogdobispo.com.br\/wp-content\/uploads\/2023\/05\/cropped-headear.png","contentUrl":"http:\/\/blogdobispo.com.br\/wp-content\/uploads\/2023\/05\/cropped-headear.png","width":1500,"height":399,"caption":"Blog do Bispo"},"image":{"@id":"https:\/\/blogdobispo.com.br\/#\/schema\/logo\/image\/"}},{"@type":"Person","@id":"https:\/\/blogdobispo.com.br\/#\/schema\/person\/e2209cc0e6cea5c5233d033e997b373f","name":"Jefferson Sterfeno","image":{"@type":"ImageObject","inLanguage":"pt-BR","@id":"https:\/\/blogdobispo.com.br\/#\/schema\/person\/image\/","url":"https:\/\/secure.gravatar.com\/avatar\/0534e84764641168a677026b6d57a3f51dc7ac4db0b4f6186d9cb330d4ee1160?s=96&d=mm&r=g","contentUrl":"https:\/\/secure.gravatar.com\/avatar\/0534e84764641168a677026b6d57a3f51dc7ac4db0b4f6186d9cb330d4ee1160?s=96&d=mm&r=g","caption":"Jefferson Sterfeno"},"sameAs":["http:\/\/blogdobispo.com.br"],"url":"https:\/\/blogdobispo.com.br\/?author=1"}]}},"featured_image_urls":{"full":"","thumbnail":"","medium":"","medium_large":"","large":"","1536x1536":"","2048x2048":""},"author_info":{"display_name":"Jefferson Sterfeno","author_link":"https:\/\/blogdobispo.com.br\/?author=1"},"category_info":"<a href=\"https:\/\/blogdobispo.com.br\/?cat=1\" rel=\"category\">diversos<\/a>","tag_info":"diversos","comment_count":"0","jetpack_featured_media_url":"","jetpack_sharing_enabled":true,"_links":{"self":[{"href":"https:\/\/blogdobispo.com.br\/index.php?rest_route=\/wp\/v2\/posts\/2829","targetHints":{"allow":["GET"]}}],"collection":[{"href":"https:\/\/blogdobispo.com.br\/index.php?rest_route=\/wp\/v2\/posts"}],"about":[{"href":"https:\/\/blogdobispo.com.br\/index.php?rest_route=\/wp\/v2\/types\/post"}],"author":[{"embeddable":true,"href":"https:\/\/blogdobispo.com.br\/index.php?rest_route=\/wp\/v2\/users\/1"}],"replies":[{"embeddable":true,"href":"https:\/\/blogdobispo.com.br\/index.php?rest_route=%2Fwp%2Fv2%2Fcomments&post=2829"}],"version-history":[{"count":0,"href":"https:\/\/blogdobispo.com.br\/index.php?rest_route=\/wp\/v2\/posts\/2829\/revisions"}],"wp:attachment":[{"href":"https:\/\/blogdobispo.com.br\/index.php?rest_route=%2Fwp%2Fv2%2Fmedia&parent=2829"}],"wp:term":[{"taxonomy":"category","embeddable":true,"href":"https:\/\/blogdobispo.com.br\/index.php?rest_route=%2Fwp%2Fv2%2Fcategories&post=2829"},{"taxonomy":"post_tag","embeddable":true,"href":"https:\/\/blogdobispo.com.br\/index.php?rest_route=%2Fwp%2Fv2%2Ftags&post=2829"}],"curies":[{"name":"wp","href":"https:\/\/api.w.org\/{rel}","templated":true}]}}