{"id":2819,"date":"2024-03-07T02:29:47","date_gmt":"2024-03-07T02:29:47","guid":{"rendered":"https:\/\/blogdobispo.com.br\/?p=2819"},"modified":"2024-03-07T02:29:47","modified_gmt":"2024-03-07T02:29:47","slug":"ao-lado-do-presidente-da-cmn-eriko-jacome-rosa-guerreira-anuncia-pre-candidatura-a-vereadora-de-natal","status":"publish","type":"post","link":"https:\/\/blogdobispo.com.br\/?p=2819","title":{"rendered":"Ao lado do presidente da CMN, Eriko J\u00e1come, Rosa Guerreira anuncia pr\u00e9-candidatura \u00e0 vereadora de Natal"},"content":{"rendered":"\n<figure class=\"wp-block-image size-large\"><img data-recalc-dims=\"1\" fetchpriority=\"high\" decoding=\"async\" width=\"800\" height=\"709\" src=\"https:\/\/i0.wp.com\/blogdobispo.com.br\/wp-content\/uploads\/2024\/03\/67c3b56f-047f-4e37-af3e-7e6270c9b80b-1.jpg?resize=800%2C709&#038;ssl=1\" class=\"wp-image-2818\" srcset=\"https:\/\/i0.wp.com\/blogdobispo.com.br\/wp-content\/uploads\/2024\/03\/67c3b56f-047f-4e37-af3e-7e6270c9b80b-1.jpg?w=997&amp;ssl=1 997w, https:\/\/i0.wp.com\/blogdobispo.com.br\/wp-content\/uploads\/2024\/03\/67c3b56f-047f-4e37-af3e-7e6270c9b80b-1.jpg?resize=300%2C266&amp;ssl=1 300w, https:\/\/i0.wp.com\/blogdobispo.com.br\/wp-content\/uploads\/2024\/03\/67c3b56f-047f-4e37-af3e-7e6270c9b80b-1.jpg?resize=768%2C680&amp;ssl=1 768w\" sizes=\"(max-width: 800px) 100vw, 800px\" \/><\/figure>\n\n\n\n<p>Rosa Guerreira, reconhecida assistente social com not\u00e1vel trabalho prestado junto \u00e0s igrejas e comunidades de Natal, anuncia sua pr\u00e9-candidatura \u00e0 vereadora pela capital potiguar pelo Partido Progressista (PP).<\/p>\n\n\n\n<p>Ela agora se junta ao grupo liderado pelo atual presidente da C\u00e2mara de Natal, Eriko J\u00e1come, que vem ganhando destaque no cen\u00e1rio pol\u00edtico local e est\u00e1 prestes a assumir a presid\u00eancia do PP no pr\u00f3ximo dia 16.<\/p>\n\n\n\n<p>Al\u00e9m de sua reconhecida atua\u00e7\u00e3o, Rosa \u00e9 m\u00e3e de Archelaws, suplente de vereador que se tornou famoso nas redes sociais, oferecendo dicas jur\u00eddicas e abordando temas gerais de grande interesse p\u00fablico. Com mais de 2.200 votos nas \u00faltimas elei\u00e7\u00f5es municipais, Archelaws conquistou uma vota\u00e7\u00e3o expressiva, demonstrando sua relev\u00e2ncia pol\u00edtica local.<\/p>\n\n\n\n<p>Em um movimento de apoio, Archelaws declarou estar ao lado de sua m\u00e3e nesta jornada, prometendo uma parceria de sucesso para as elei\u00e7\u00f5es de 2024. Juntos, m\u00e3e e filho almejam uma cadeira no legislativo municipal de Natal.<\/p>\n","protected":false},"excerpt":{"rendered":"<p>Rosa Guerreira, reconhecida assistente social com not\u00e1vel trabalho prestado junto \u00e0s igrejas e comunidades de Natal, anuncia sua pr\u00e9-candidatura \u00e0 vereadora pela capital potiguar pelo Partido Progressista (PP). Ela agora se junta ao grupo liderado pelo atual presidente da C\u00e2mara de Natal, Eriko J\u00e1come, que vem ganhando destaque no cen\u00e1rio pol\u00edtico local e est\u00e1 prestes [&hellip;]<\/p>\n","protected":false},"author":1,"featured_media":0,"comment_status":"open","ping_status":"open","sticky":false,"template":"","format":"standard","meta":{"cybocfi_hide_featured_image":"","_jetpack_memberships_contains_paid_content":false,"footnotes":""},"categories":[1],"tags":[],"class_list":["post-2819","post","type-post","status-publish","format-standard","hentry","category-diversos"],"yoast_head":"<!-- This site is optimized with the Yoast SEO plugin v25.6 - https:\/\/yoast.com\/wordpress\/plugins\/seo\/ -->\n<title>Ao lado do presidente da CMN, Eriko J\u00e1come, Rosa Guerreira anuncia pr\u00e9-candidatura \u00e0 vereadora de Natal - Blog do Bispo<\/title>\n<meta name=\"robots\" content=\"index, follow, max-snippet:-1, max-image-preview:large, max-video-preview:-1\" \/>\n<link rel=\"canonical\" href=\"https:\/\/blogdobispo.com.br\/?p=2819\" \/>\n<meta property=\"og:locale\" content=\"pt_BR\" \/>\n<meta property=\"og:type\" content=\"article\" \/>\n<meta property=\"og:title\" content=\"Ao lado do presidente da CMN, Eriko J\u00e1come, Rosa Guerreira anuncia pr\u00e9-candidatura \u00e0 vereadora de Natal - Blog do Bispo\" \/>\n<meta property=\"og:description\" content=\"Rosa Guerreira, reconhecida assistente social com not\u00e1vel trabalho prestado junto \u00e0s igrejas e comunidades de Natal, anuncia sua pr\u00e9-candidatura \u00e0 vereadora pela capital potiguar pelo Partido Progressista (PP). Ela agora se junta ao grupo liderado pelo atual presidente da C\u00e2mara de Natal, Eriko J\u00e1come, que vem ganhando destaque no cen\u00e1rio pol\u00edtico local e est\u00e1 prestes [&hellip;]\" \/>\n<meta property=\"og:url\" content=\"https:\/\/blogdobispo.com.br\/?p=2819\" \/>\n<meta property=\"og:site_name\" content=\"Blog do Bispo\" \/>\n<meta property=\"article:published_time\" content=\"2024-03-07T02:29:47+00:00\" \/>\n<meta property=\"og:image\" content=\"https:\/\/blogdobispo.com.br\/wp-content\/uploads\/2024\/03\/67c3b56f-047f-4e37-af3e-7e6270c9b80b-1.jpg\" \/>\n<meta name=\"author\" content=\"Jefferson Sterfeno\" \/>\n<meta name=\"twitter:card\" content=\"summary_large_image\" \/>\n<meta name=\"twitter:label1\" content=\"Escrito por\" \/>\n\t<meta name=\"twitter:data1\" content=\"Jefferson Sterfeno\" \/>\n\t<meta name=\"twitter:label2\" content=\"Est. tempo de leitura\" \/>\n\t<meta name=\"twitter:data2\" content=\"1 minuto\" \/>\n<script type=\"application\/ld+json\" class=\"yoast-schema-graph\">{\"@context\":\"https:\/\/schema.org\",\"@graph\":[{\"@type\":\"Article\",\"@id\":\"https:\/\/blogdobispo.com.br\/?p=2819#article\",\"isPartOf\":{\"@id\":\"https:\/\/blogdobispo.com.br\/?p=2819\"},\"author\":{\"name\":\"Jefferson Sterfeno\",\"@id\":\"https:\/\/blogdobispo.com.br\/#\/schema\/person\/e2209cc0e6cea5c5233d033e997b373f\"},\"headline\":\"Ao lado do presidente da CMN, Eriko J\u00e1come, Rosa Guerreira anuncia pr\u00e9-candidatura \u00e0 vereadora de Natal\",\"datePublished\":\"2024-03-07T02:29:47+00:00\",\"mainEntityOfPage\":{\"@id\":\"https:\/\/blogdobispo.com.br\/?p=2819\"},\"wordCount\":184,\"commentCount\":0,\"publisher\":{\"@id\":\"https:\/\/blogdobispo.com.br\/#organization\"},\"image\":{\"@id\":\"https:\/\/blogdobispo.com.br\/?p=2819#primaryimage\"},\"thumbnailUrl\":\"https:\/\/blogdobispo.com.br\/wp-content\/uploads\/2024\/03\/67c3b56f-047f-4e37-af3e-7e6270c9b80b-1.jpg\",\"articleSection\":[\"diversos\"],\"inLanguage\":\"pt-BR\",\"potentialAction\":[{\"@type\":\"CommentAction\",\"name\":\"Comment\",\"target\":[\"https:\/\/blogdobispo.com.br\/?p=2819#respond\"]}]},{\"@type\":\"WebPage\",\"@id\":\"https:\/\/blogdobispo.com.br\/?p=2819\",\"url\":\"https:\/\/blogdobispo.com.br\/?p=2819\",\"name\":\"Ao lado do presidente da CMN, Eriko J\u00e1come, Rosa Guerreira anuncia pr\u00e9-candidatura \u00e0 vereadora de Natal - Blog do Bispo\",\"isPartOf\":{\"@id\":\"https:\/\/blogdobispo.com.br\/#website\"},\"primaryImageOfPage\":{\"@id\":\"https:\/\/blogdobispo.com.br\/?p=2819#primaryimage\"},\"image\":{\"@id\":\"https:\/\/blogdobispo.com.br\/?p=2819#primaryimage\"},\"thumbnailUrl\":\"https:\/\/blogdobispo.com.br\/wp-content\/uploads\/2024\/03\/67c3b56f-047f-4e37-af3e-7e6270c9b80b-1.jpg\",\"datePublished\":\"2024-03-07T02:29:47+00:00\",\"breadcrumb\":{\"@id\":\"https:\/\/blogdobispo.com.br\/?p=2819#breadcrumb\"},\"inLanguage\":\"pt-BR\",\"potentialAction\":[{\"@type\":\"ReadAction\",\"target\":[\"https:\/\/blogdobispo.com.br\/?p=2819\"]}]},{\"@type\":\"ImageObject\",\"inLanguage\":\"pt-BR\",\"@id\":\"https:\/\/blogdobispo.com.br\/?p=2819#primaryimage\",\"url\":\"https:\/\/blogdobispo.com.br\/wp-content\/uploads\/2024\/03\/67c3b56f-047f-4e37-af3e-7e6270c9b80b-1.jpg\",\"contentUrl\":\"https:\/\/blogdobispo.com.br\/wp-content\/uploads\/2024\/03\/67c3b56f-047f-4e37-af3e-7e6270c9b80b-1.jpg\"},{\"@type\":\"BreadcrumbList\",\"@id\":\"https:\/\/blogdobispo.com.br\/?p=2819#breadcrumb\",\"itemListElement\":[{\"@type\":\"ListItem\",\"position\":1,\"name\":\"In\u00edcio\",\"item\":\"https:\/\/blogdobispo.com.br\/\"},{\"@type\":\"ListItem\",\"position\":2,\"name\":\"Ao lado do presidente da CMN, Eriko J\u00e1come, Rosa Guerreira anuncia pr\u00e9-candidatura \u00e0 vereadora de Natal\"}]},{\"@type\":\"WebSite\",\"@id\":\"https:\/\/blogdobispo.com.br\/#website\",\"url\":\"https:\/\/blogdobispo.com.br\/\",\"name\":\"Blog do Bispo\",\"description\":\"Comprometido apenas com o leitor\",\"publisher\":{\"@id\":\"https:\/\/blogdobispo.com.br\/#organization\"},\"potentialAction\":[{\"@type\":\"SearchAction\",\"target\":{\"@type\":\"EntryPoint\",\"urlTemplate\":\"https:\/\/blogdobispo.com.br\/?s={search_term_string}\"},\"query-input\":{\"@type\":\"PropertyValueSpecification\",\"valueRequired\":true,\"valueName\":\"search_term_string\"}}],\"inLanguage\":\"pt-BR\"},{\"@type\":\"Organization\",\"@id\":\"https:\/\/blogdobispo.com.br\/#organization\",\"name\":\"Blog do Bispo\",\"url\":\"https:\/\/blogdobispo.com.br\/\",\"logo\":{\"@type\":\"ImageObject\",\"inLanguage\":\"pt-BR\",\"@id\":\"https:\/\/blogdobispo.com.br\/#\/schema\/logo\/image\/\",\"url\":\"http:\/\/blogdobispo.com.br\/wp-content\/uploads\/2023\/05\/cropped-headear.png\",\"contentUrl\":\"http:\/\/blogdobispo.com.br\/wp-content\/uploads\/2023\/05\/cropped-headear.png\",\"width\":1500,\"height\":399,\"caption\":\"Blog do Bispo\"},\"image\":{\"@id\":\"https:\/\/blogdobispo.com.br\/#\/schema\/logo\/image\/\"}},{\"@type\":\"Person\",\"@id\":\"https:\/\/blogdobispo.com.br\/#\/schema\/person\/e2209cc0e6cea5c5233d033e997b373f\",\"name\":\"Jefferson Sterfeno\",\"image\":{\"@type\":\"ImageObject\",\"inLanguage\":\"pt-BR\",\"@id\":\"https:\/\/blogdobispo.com.br\/#\/schema\/person\/image\/\",\"url\":\"https:\/\/secure.gravatar.com\/avatar\/0534e84764641168a677026b6d57a3f51dc7ac4db0b4f6186d9cb330d4ee1160?s=96&d=mm&r=g\",\"contentUrl\":\"https:\/\/secure.gravatar.com\/avatar\/0534e84764641168a677026b6d57a3f51dc7ac4db0b4f6186d9cb330d4ee1160?s=96&d=mm&r=g\",\"caption\":\"Jefferson Sterfeno\"},\"sameAs\":[\"http:\/\/blogdobispo.com.br\"],\"url\":\"https:\/\/blogdobispo.com.br\/?author=1\"}]}<\/script>\n<!-- \/ Yoast SEO plugin. -->","yoast_head_json":{"title":"Ao lado do presidente da CMN, Eriko J\u00e1come, Rosa Guerreira anuncia pr\u00e9-candidatura \u00e0 vereadora de Natal - Blog do Bispo","robots":{"index":"index","follow":"follow","max-snippet":"max-snippet:-1","max-image-preview":"max-image-preview:large","max-video-preview":"max-video-preview:-1"},"canonical":"https:\/\/blogdobispo.com.br\/?p=2819","og_locale":"pt_BR","og_type":"article","og_title":"Ao lado do presidente da CMN, Eriko J\u00e1come, Rosa Guerreira anuncia pr\u00e9-candidatura \u00e0 vereadora de Natal - Blog do Bispo","og_description":"Rosa Guerreira, reconhecida assistente social com not\u00e1vel trabalho prestado junto \u00e0s igrejas e comunidades de Natal, anuncia sua pr\u00e9-candidatura \u00e0 vereadora pela capital potiguar pelo Partido Progressista (PP). Ela agora se junta ao grupo liderado pelo atual presidente da C\u00e2mara de Natal, Eriko J\u00e1come, que vem ganhando destaque no cen\u00e1rio pol\u00edtico local e est\u00e1 prestes [&hellip;]","og_url":"https:\/\/blogdobispo.com.br\/?p=2819","og_site_name":"Blog do Bispo","article_published_time":"2024-03-07T02:29:47+00:00","og_image":[{"url":"https:\/\/blogdobispo.com.br\/wp-content\/uploads\/2024\/03\/67c3b56f-047f-4e37-af3e-7e6270c9b80b-1.jpg","type":"","width":"","height":""}],"author":"Jefferson Sterfeno","twitter_card":"summary_large_image","twitter_misc":{"Escrito por":"Jefferson Sterfeno","Est. tempo de leitura":"1 minuto"},"schema":{"@context":"https:\/\/schema.org","@graph":[{"@type":"Article","@id":"https:\/\/blogdobispo.com.br\/?p=2819#article","isPartOf":{"@id":"https:\/\/blogdobispo.com.br\/?p=2819"},"author":{"name":"Jefferson Sterfeno","@id":"https:\/\/blogdobispo.com.br\/#\/schema\/person\/e2209cc0e6cea5c5233d033e997b373f"},"headline":"Ao lado do presidente da CMN, Eriko J\u00e1come, Rosa Guerreira anuncia pr\u00e9-candidatura \u00e0 vereadora de Natal","datePublished":"2024-03-07T02:29:47+00:00","mainEntityOfPage":{"@id":"https:\/\/blogdobispo.com.br\/?p=2819"},"wordCount":184,"commentCount":0,"publisher":{"@id":"https:\/\/blogdobispo.com.br\/#organization"},"image":{"@id":"https:\/\/blogdobispo.com.br\/?p=2819#primaryimage"},"thumbnailUrl":"https:\/\/blogdobispo.com.br\/wp-content\/uploads\/2024\/03\/67c3b56f-047f-4e37-af3e-7e6270c9b80b-1.jpg","articleSection":["diversos"],"inLanguage":"pt-BR","potentialAction":[{"@type":"CommentAction","name":"Comment","target":["https:\/\/blogdobispo.com.br\/?p=2819#respond"]}]},{"@type":"WebPage","@id":"https:\/\/blogdobispo.com.br\/?p=2819","url":"https:\/\/blogdobispo.com.br\/?p=2819","name":"Ao lado do presidente da CMN, Eriko J\u00e1come, Rosa Guerreira anuncia pr\u00e9-candidatura \u00e0 vereadora de Natal - Blog do Bispo","isPartOf":{"@id":"https:\/\/blogdobispo.com.br\/#website"},"primaryImageOfPage":{"@id":"https:\/\/blogdobispo.com.br\/?p=2819#primaryimage"},"image":{"@id":"https:\/\/blogdobispo.com.br\/?p=2819#primaryimage"},"thumbnailUrl":"https:\/\/blogdobispo.com.br\/wp-content\/uploads\/2024\/03\/67c3b56f-047f-4e37-af3e-7e6270c9b80b-1.jpg","datePublished":"2024-03-07T02:29:47+00:00","breadcrumb":{"@id":"https:\/\/blogdobispo.com.br\/?p=2819#breadcrumb"},"inLanguage":"pt-BR","potentialAction":[{"@type":"ReadAction","target":["https:\/\/blogdobispo.com.br\/?p=2819"]}]},{"@type":"ImageObject","inLanguage":"pt-BR","@id":"https:\/\/blogdobispo.com.br\/?p=2819#primaryimage","url":"https:\/\/blogdobispo.com.br\/wp-content\/uploads\/2024\/03\/67c3b56f-047f-4e37-af3e-7e6270c9b80b-1.jpg","contentUrl":"https:\/\/blogdobispo.com.br\/wp-content\/uploads\/2024\/03\/67c3b56f-047f-4e37-af3e-7e6270c9b80b-1.jpg"},{"@type":"BreadcrumbList","@id":"https:\/\/blogdobispo.com.br\/?p=2819#breadcrumb","itemListElement":[{"@type":"ListItem","position":1,"name":"In\u00edcio","item":"https:\/\/blogdobispo.com.br\/"},{"@type":"ListItem","position":2,"name":"Ao lado do presidente da CMN, Eriko J\u00e1come, Rosa Guerreira anuncia pr\u00e9-candidatura \u00e0 vereadora de Natal"}]},{"@type":"WebSite","@id":"https:\/\/blogdobispo.com.br\/#website","url":"https:\/\/blogdobispo.com.br\/","name":"Blog do Bispo","description":"Comprometido apenas com o leitor","publisher":{"@id":"https:\/\/blogdobispo.com.br\/#organization"},"potentialAction":[{"@type":"SearchAction","target":{"@type":"EntryPoint","urlTemplate":"https:\/\/blogdobispo.com.br\/?s={search_term_string}"},"query-input":{"@type":"PropertyValueSpecification","valueRequired":true,"valueName":"search_term_string"}}],"inLanguage":"pt-BR"},{"@type":"Organization","@id":"https:\/\/blogdobispo.com.br\/#organization","name":"Blog do Bispo","url":"https:\/\/blogdobispo.com.br\/","logo":{"@type":"ImageObject","inLanguage":"pt-BR","@id":"https:\/\/blogdobispo.com.br\/#\/schema\/logo\/image\/","url":"http:\/\/blogdobispo.com.br\/wp-content\/uploads\/2023\/05\/cropped-headear.png","contentUrl":"http:\/\/blogdobispo.com.br\/wp-content\/uploads\/2023\/05\/cropped-headear.png","width":1500,"height":399,"caption":"Blog do Bispo"},"image":{"@id":"https:\/\/blogdobispo.com.br\/#\/schema\/logo\/image\/"}},{"@type":"Person","@id":"https:\/\/blogdobispo.com.br\/#\/schema\/person\/e2209cc0e6cea5c5233d033e997b373f","name":"Jefferson Sterfeno","image":{"@type":"ImageObject","inLanguage":"pt-BR","@id":"https:\/\/blogdobispo.com.br\/#\/schema\/person\/image\/","url":"https:\/\/secure.gravatar.com\/avatar\/0534e84764641168a677026b6d57a3f51dc7ac4db0b4f6186d9cb330d4ee1160?s=96&d=mm&r=g","contentUrl":"https:\/\/secure.gravatar.com\/avatar\/0534e84764641168a677026b6d57a3f51dc7ac4db0b4f6186d9cb330d4ee1160?s=96&d=mm&r=g","caption":"Jefferson Sterfeno"},"sameAs":["http:\/\/blogdobispo.com.br"],"url":"https:\/\/blogdobispo.com.br\/?author=1"}]}},"featured_image_urls":{"full":"","thumbnail":"","medium":"","medium_large":"","large":"","1536x1536":"","2048x2048":""},"author_info":{"display_name":"Jefferson Sterfeno","author_link":"https:\/\/blogdobispo.com.br\/?author=1"},"category_info":"<a href=\"https:\/\/blogdobispo.com.br\/?cat=1\" rel=\"category\">diversos<\/a>","tag_info":"diversos","comment_count":"0","jetpack_featured_media_url":"","jetpack_sharing_enabled":true,"_links":{"self":[{"href":"https:\/\/blogdobispo.com.br\/index.php?rest_route=\/wp\/v2\/posts\/2819","targetHints":{"allow":["GET"]}}],"collection":[{"href":"https:\/\/blogdobispo.com.br\/index.php?rest_route=\/wp\/v2\/posts"}],"about":[{"href":"https:\/\/blogdobispo.com.br\/index.php?rest_route=\/wp\/v2\/types\/post"}],"author":[{"embeddable":true,"href":"https:\/\/blogdobispo.com.br\/index.php?rest_route=\/wp\/v2\/users\/1"}],"replies":[{"embeddable":true,"href":"https:\/\/blogdobispo.com.br\/index.php?rest_route=%2Fwp%2Fv2%2Fcomments&post=2819"}],"version-history":[{"count":0,"href":"https:\/\/blogdobispo.com.br\/index.php?rest_route=\/wp\/v2\/posts\/2819\/revisions"}],"wp:attachment":[{"href":"https:\/\/blogdobispo.com.br\/index.php?rest_route=%2Fwp%2Fv2%2Fmedia&parent=2819"}],"wp:term":[{"taxonomy":"category","embeddable":true,"href":"https:\/\/blogdobispo.com.br\/index.php?rest_route=%2Fwp%2Fv2%2Fcategories&post=2819"},{"taxonomy":"post_tag","embeddable":true,"href":"https:\/\/blogdobispo.com.br\/index.php?rest_route=%2Fwp%2Fv2%2Ftags&post=2819"}],"curies":[{"name":"wp","href":"https:\/\/api.w.org\/{rel}","templated":true}]}}