{"id":2800,"date":"2024-03-05T19:39:17","date_gmt":"2024-03-05T19:39:17","guid":{"rendered":"https:\/\/blogdobispo.com.br\/?p=2800"},"modified":"2024-03-05T19:39:17","modified_gmt":"2024-03-05T19:39:17","slug":"jean-valerio-lanca-seu-novo-livro-acelere-na-adversidade-na-proxima-segunda-11-em-natal","status":"publish","type":"post","link":"https:\/\/blogdobispo.com.br\/?p=2800","title":{"rendered":"Jean Val\u00e9rio lan\u00e7a seu novo livro \u201cAcelere na Adversidade\u201d na pr\u00f3xima segunda (11) em Natal"},"content":{"rendered":"\n<figure class=\"wp-block-image size-large\"><img data-recalc-dims=\"1\" fetchpriority=\"high\" decoding=\"async\" width=\"576\" height=\"1024\" src=\"https:\/\/i0.wp.com\/blogdobispo.com.br\/wp-content\/uploads\/2024\/03\/b522e7b8-b6f7-4d9b-97ef-d1202ad7d9f9-1-576x1024.jpg?resize=576%2C1024&#038;ssl=1\" class=\"wp-image-2799\" srcset=\"https:\/\/i0.wp.com\/blogdobispo.com.br\/wp-content\/uploads\/2024\/03\/b522e7b8-b6f7-4d9b-97ef-d1202ad7d9f9-1.jpg?resize=576%2C1024&amp;ssl=1 576w, https:\/\/i0.wp.com\/blogdobispo.com.br\/wp-content\/uploads\/2024\/03\/b522e7b8-b6f7-4d9b-97ef-d1202ad7d9f9-1.jpg?resize=169%2C300&amp;ssl=1 169w, https:\/\/i0.wp.com\/blogdobispo.com.br\/wp-content\/uploads\/2024\/03\/b522e7b8-b6f7-4d9b-97ef-d1202ad7d9f9-1.jpg?resize=768%2C1365&amp;ssl=1 768w, https:\/\/i0.wp.com\/blogdobispo.com.br\/wp-content\/uploads\/2024\/03\/b522e7b8-b6f7-4d9b-97ef-d1202ad7d9f9-1.jpg?resize=864%2C1536&amp;ssl=1 864w, https:\/\/i0.wp.com\/blogdobispo.com.br\/wp-content\/uploads\/2024\/03\/b522e7b8-b6f7-4d9b-97ef-d1202ad7d9f9-1.jpg?w=900&amp;ssl=1 900w\" sizes=\"(max-width: 576px) 100vw, 576px\" \/><\/figure>\n\n\n\n<p><\/p>\n\n\n\n<p>Considerado um dos maiores especialistas em networking e acelera\u00e7\u00e3o de neg\u00f3cios do Brasil, o jornalista, CEO do F\u00f3rum Neg\u00f3cios e presidente do LIDE RN, Jean Val\u00e9rio, est\u00e1 lan\u00e7ando seu mais recente livro, intitulado \u201cAcelere na Adversidade\u201d. A obra \u00e9 uma s\u00edntese das experi\u00eancias pr\u00e1ticas de Jean Val\u00e9rio como empreendedor no Brasil, oferecendo insights sobre como transformar problemas em oportunidades de neg\u00f3cios, cujo m\u00e9todo foi aplicado por ele para conseguir alavancar seu pr\u00f3prio neg\u00f3cio.<\/p>\n\n\n\n<p>O lan\u00e7amento presencial do livro ocorrer\u00e1 na pr\u00f3xima segunda-feira, dia 11 de mar\u00e7o, \u00e0s 19h, na Livraria Leitura, no Midway Mall. O evento promete ser uma oportunidade \u00fanica para os empres\u00e1rios e l\u00edderes locais terem acesso ao conhecimento adquirido por Val\u00e9rio ao longo de sua carreira.<\/p>\n\n\n\n<p>De acordo com o autor, o m\u00e9todo \u201cJornada Acelere\u201d traz conceitos de produto, empresa, gest\u00e3o, marketing, vendas, posicionamento, intelig\u00eancia emocional. &#8220;Eu sempre fui apaixonado por empreendedorismo estudioso do mundo corporativo, estudava para saber como as empresas escalavam e quais eram os melhores modelos de gest\u00e3o. Comecei a estudar vendas e a aplicar esses conceitos dentro da minha organiza\u00e7\u00e3o. Nos 8 anos do F\u00f3rum de Neg\u00f3cios, eu comecei a ver com os principais palestrantes, as mensagens de cada um, vendo quais eram os cases empresariais de sucesso. A\u00ed o meu pr\u00f3prio neg\u00f3cio cresceu e eu percebi uma coisa que \u00e9 o tema central do livro: \u00e9 que as pessoas \u2014 nesse processo de crescer \u2014 ficam muito presas nas adversidades&#8221;, explica.<\/p>\n\n\n\n<p>O volume \u00e9 uma oportunidade para qualquer um que deseje ter acesso a conhecimentos que foram adquiridos na pr\u00e1tica, no dia a dia, e que tem seu resultado comprovado na \u00e1rea do empreendedorismo. &#8220;Os empres\u00e1rios, os l\u00edderes, eles paralisam em alguns obst\u00e1culos no meio do caminho. O que eu defendo, a minha tese principal \u00e9 que esses obst\u00e1culos n\u00e3o podem nos paralisar. Eles devem servir sim para que a gente possa superar as dificuldades. Existem t\u00e9cnicas e m\u00e9todos para que voc\u00ea consiga evoluir, mesmo diante de obst\u00e1culos, de desafios que se colocam no seu caminho&#8221;, afirma Jean Val\u00e9rio.<\/p>\n\n\n\n<h2 class=\"wp-block-heading\"><\/h2>\n\n\n\n<p><em>SERVI\u00c7O<\/em><\/p>\n\n\n\n<p><em>Lan\u00e7amento do livro \u201cAcelere na Adversidade\u201d, de Jean Val\u00e9rio<\/em><br>Quando? <em>11 de mar\u00e7o, segunda-feira, 19h<\/em><br>Onde? <em>Livraria Leitura, no Midway Mall<\/em><\/p>\n","protected":false},"excerpt":{"rendered":"<p>Considerado um dos maiores especialistas em networking e acelera\u00e7\u00e3o de neg\u00f3cios do Brasil, o jornalista, CEO do F\u00f3rum Neg\u00f3cios e presidente do LIDE RN, Jean Val\u00e9rio, est\u00e1 lan\u00e7ando seu mais recente livro, intitulado \u201cAcelere na Adversidade\u201d. A obra \u00e9 uma s\u00edntese das experi\u00eancias pr\u00e1ticas de Jean Val\u00e9rio como empreendedor no Brasil, oferecendo insights sobre como [&hellip;]<\/p>\n","protected":false},"author":1,"featured_media":0,"comment_status":"open","ping_status":"open","sticky":false,"template":"","format":"standard","meta":{"cybocfi_hide_featured_image":"","_jetpack_memberships_contains_paid_content":false,"footnotes":""},"categories":[1],"tags":[],"class_list":["post-2800","post","type-post","status-publish","format-standard","hentry","category-diversos"],"yoast_head":"<!-- This site is optimized with the Yoast SEO plugin v25.6 - https:\/\/yoast.com\/wordpress\/plugins\/seo\/ -->\n<title>Jean Val\u00e9rio lan\u00e7a seu novo livro \u201cAcelere na Adversidade\u201d na pr\u00f3xima segunda (11) em Natal - Blog do Bispo<\/title>\n<meta name=\"robots\" content=\"index, follow, max-snippet:-1, max-image-preview:large, max-video-preview:-1\" \/>\n<link rel=\"canonical\" href=\"https:\/\/blogdobispo.com.br\/?p=2800\" \/>\n<meta property=\"og:locale\" content=\"pt_BR\" \/>\n<meta property=\"og:type\" content=\"article\" \/>\n<meta property=\"og:title\" content=\"Jean Val\u00e9rio lan\u00e7a seu novo livro \u201cAcelere na Adversidade\u201d na pr\u00f3xima segunda (11) em Natal - Blog do Bispo\" \/>\n<meta property=\"og:description\" content=\"Considerado um dos maiores especialistas em networking e acelera\u00e7\u00e3o de neg\u00f3cios do Brasil, o jornalista, CEO do F\u00f3rum Neg\u00f3cios e presidente do LIDE RN, Jean Val\u00e9rio, est\u00e1 lan\u00e7ando seu mais recente livro, intitulado \u201cAcelere na Adversidade\u201d. A obra \u00e9 uma s\u00edntese das experi\u00eancias pr\u00e1ticas de Jean Val\u00e9rio como empreendedor no Brasil, oferecendo insights sobre como [&hellip;]\" \/>\n<meta property=\"og:url\" content=\"https:\/\/blogdobispo.com.br\/?p=2800\" \/>\n<meta property=\"og:site_name\" content=\"Blog do Bispo\" \/>\n<meta property=\"article:published_time\" content=\"2024-03-05T19:39:17+00:00\" \/>\n<meta property=\"og:image\" content=\"https:\/\/blogdobispo.com.br\/wp-content\/uploads\/2024\/03\/b522e7b8-b6f7-4d9b-97ef-d1202ad7d9f9-1-576x1024.jpg\" \/>\n<meta name=\"author\" content=\"Jefferson Sterfeno\" \/>\n<meta name=\"twitter:card\" content=\"summary_large_image\" \/>\n<meta name=\"twitter:label1\" content=\"Escrito por\" \/>\n\t<meta name=\"twitter:data1\" content=\"Jefferson Sterfeno\" \/>\n\t<meta name=\"twitter:label2\" content=\"Est. tempo de leitura\" \/>\n\t<meta name=\"twitter:data2\" content=\"2 minutos\" \/>\n<script type=\"application\/ld+json\" class=\"yoast-schema-graph\">{\"@context\":\"https:\/\/schema.org\",\"@graph\":[{\"@type\":\"Article\",\"@id\":\"https:\/\/blogdobispo.com.br\/?p=2800#article\",\"isPartOf\":{\"@id\":\"https:\/\/blogdobispo.com.br\/?p=2800\"},\"author\":{\"name\":\"Jefferson Sterfeno\",\"@id\":\"https:\/\/blogdobispo.com.br\/#\/schema\/person\/e2209cc0e6cea5c5233d033e997b373f\"},\"headline\":\"Jean Val\u00e9rio lan\u00e7a seu novo livro \u201cAcelere na Adversidade\u201d na pr\u00f3xima segunda (11) em Natal\",\"datePublished\":\"2024-03-05T19:39:17+00:00\",\"mainEntityOfPage\":{\"@id\":\"https:\/\/blogdobispo.com.br\/?p=2800\"},\"wordCount\":409,\"commentCount\":0,\"publisher\":{\"@id\":\"https:\/\/blogdobispo.com.br\/#organization\"},\"image\":{\"@id\":\"https:\/\/blogdobispo.com.br\/?p=2800#primaryimage\"},\"thumbnailUrl\":\"https:\/\/blogdobispo.com.br\/wp-content\/uploads\/2024\/03\/b522e7b8-b6f7-4d9b-97ef-d1202ad7d9f9-1-576x1024.jpg\",\"articleSection\":[\"diversos\"],\"inLanguage\":\"pt-BR\",\"potentialAction\":[{\"@type\":\"CommentAction\",\"name\":\"Comment\",\"target\":[\"https:\/\/blogdobispo.com.br\/?p=2800#respond\"]}]},{\"@type\":\"WebPage\",\"@id\":\"https:\/\/blogdobispo.com.br\/?p=2800\",\"url\":\"https:\/\/blogdobispo.com.br\/?p=2800\",\"name\":\"Jean Val\u00e9rio lan\u00e7a seu novo livro \u201cAcelere na Adversidade\u201d na pr\u00f3xima segunda (11) em Natal - Blog do Bispo\",\"isPartOf\":{\"@id\":\"https:\/\/blogdobispo.com.br\/#website\"},\"primaryImageOfPage\":{\"@id\":\"https:\/\/blogdobispo.com.br\/?p=2800#primaryimage\"},\"image\":{\"@id\":\"https:\/\/blogdobispo.com.br\/?p=2800#primaryimage\"},\"thumbnailUrl\":\"https:\/\/blogdobispo.com.br\/wp-content\/uploads\/2024\/03\/b522e7b8-b6f7-4d9b-97ef-d1202ad7d9f9-1-576x1024.jpg\",\"datePublished\":\"2024-03-05T19:39:17+00:00\",\"breadcrumb\":{\"@id\":\"https:\/\/blogdobispo.com.br\/?p=2800#breadcrumb\"},\"inLanguage\":\"pt-BR\",\"potentialAction\":[{\"@type\":\"ReadAction\",\"target\":[\"https:\/\/blogdobispo.com.br\/?p=2800\"]}]},{\"@type\":\"ImageObject\",\"inLanguage\":\"pt-BR\",\"@id\":\"https:\/\/blogdobispo.com.br\/?p=2800#primaryimage\",\"url\":\"https:\/\/blogdobispo.com.br\/wp-content\/uploads\/2024\/03\/b522e7b8-b6f7-4d9b-97ef-d1202ad7d9f9-1-576x1024.jpg\",\"contentUrl\":\"https:\/\/blogdobispo.com.br\/wp-content\/uploads\/2024\/03\/b522e7b8-b6f7-4d9b-97ef-d1202ad7d9f9-1-576x1024.jpg\"},{\"@type\":\"BreadcrumbList\",\"@id\":\"https:\/\/blogdobispo.com.br\/?p=2800#breadcrumb\",\"itemListElement\":[{\"@type\":\"ListItem\",\"position\":1,\"name\":\"In\u00edcio\",\"item\":\"https:\/\/blogdobispo.com.br\/\"},{\"@type\":\"ListItem\",\"position\":2,\"name\":\"Jean Val\u00e9rio lan\u00e7a seu novo livro \u201cAcelere na Adversidade\u201d na pr\u00f3xima segunda (11) em Natal\"}]},{\"@type\":\"WebSite\",\"@id\":\"https:\/\/blogdobispo.com.br\/#website\",\"url\":\"https:\/\/blogdobispo.com.br\/\",\"name\":\"Blog do Bispo\",\"description\":\"Comprometido apenas com o leitor\",\"publisher\":{\"@id\":\"https:\/\/blogdobispo.com.br\/#organization\"},\"potentialAction\":[{\"@type\":\"SearchAction\",\"target\":{\"@type\":\"EntryPoint\",\"urlTemplate\":\"https:\/\/blogdobispo.com.br\/?s={search_term_string}\"},\"query-input\":{\"@type\":\"PropertyValueSpecification\",\"valueRequired\":true,\"valueName\":\"search_term_string\"}}],\"inLanguage\":\"pt-BR\"},{\"@type\":\"Organization\",\"@id\":\"https:\/\/blogdobispo.com.br\/#organization\",\"name\":\"Blog do Bispo\",\"url\":\"https:\/\/blogdobispo.com.br\/\",\"logo\":{\"@type\":\"ImageObject\",\"inLanguage\":\"pt-BR\",\"@id\":\"https:\/\/blogdobispo.com.br\/#\/schema\/logo\/image\/\",\"url\":\"http:\/\/blogdobispo.com.br\/wp-content\/uploads\/2023\/05\/cropped-headear.png\",\"contentUrl\":\"http:\/\/blogdobispo.com.br\/wp-content\/uploads\/2023\/05\/cropped-headear.png\",\"width\":1500,\"height\":399,\"caption\":\"Blog do Bispo\"},\"image\":{\"@id\":\"https:\/\/blogdobispo.com.br\/#\/schema\/logo\/image\/\"}},{\"@type\":\"Person\",\"@id\":\"https:\/\/blogdobispo.com.br\/#\/schema\/person\/e2209cc0e6cea5c5233d033e997b373f\",\"name\":\"Jefferson Sterfeno\",\"image\":{\"@type\":\"ImageObject\",\"inLanguage\":\"pt-BR\",\"@id\":\"https:\/\/blogdobispo.com.br\/#\/schema\/person\/image\/\",\"url\":\"https:\/\/secure.gravatar.com\/avatar\/0534e84764641168a677026b6d57a3f51dc7ac4db0b4f6186d9cb330d4ee1160?s=96&d=mm&r=g\",\"contentUrl\":\"https:\/\/secure.gravatar.com\/avatar\/0534e84764641168a677026b6d57a3f51dc7ac4db0b4f6186d9cb330d4ee1160?s=96&d=mm&r=g\",\"caption\":\"Jefferson Sterfeno\"},\"sameAs\":[\"http:\/\/blogdobispo.com.br\"],\"url\":\"https:\/\/blogdobispo.com.br\/?author=1\"}]}<\/script>\n<!-- \/ Yoast SEO plugin. -->","yoast_head_json":{"title":"Jean Val\u00e9rio lan\u00e7a seu novo livro \u201cAcelere na Adversidade\u201d na pr\u00f3xima segunda (11) em Natal - Blog do Bispo","robots":{"index":"index","follow":"follow","max-snippet":"max-snippet:-1","max-image-preview":"max-image-preview:large","max-video-preview":"max-video-preview:-1"},"canonical":"https:\/\/blogdobispo.com.br\/?p=2800","og_locale":"pt_BR","og_type":"article","og_title":"Jean Val\u00e9rio lan\u00e7a seu novo livro \u201cAcelere na Adversidade\u201d na pr\u00f3xima segunda (11) em Natal - Blog do Bispo","og_description":"Considerado um dos maiores especialistas em networking e acelera\u00e7\u00e3o de neg\u00f3cios do Brasil, o jornalista, CEO do F\u00f3rum Neg\u00f3cios e presidente do LIDE RN, Jean Val\u00e9rio, est\u00e1 lan\u00e7ando seu mais recente livro, intitulado \u201cAcelere na Adversidade\u201d. A obra \u00e9 uma s\u00edntese das experi\u00eancias pr\u00e1ticas de Jean Val\u00e9rio como empreendedor no Brasil, oferecendo insights sobre como [&hellip;]","og_url":"https:\/\/blogdobispo.com.br\/?p=2800","og_site_name":"Blog do Bispo","article_published_time":"2024-03-05T19:39:17+00:00","og_image":[{"url":"https:\/\/blogdobispo.com.br\/wp-content\/uploads\/2024\/03\/b522e7b8-b6f7-4d9b-97ef-d1202ad7d9f9-1-576x1024.jpg","type":"","width":"","height":""}],"author":"Jefferson Sterfeno","twitter_card":"summary_large_image","twitter_misc":{"Escrito por":"Jefferson Sterfeno","Est. tempo de leitura":"2 minutos"},"schema":{"@context":"https:\/\/schema.org","@graph":[{"@type":"Article","@id":"https:\/\/blogdobispo.com.br\/?p=2800#article","isPartOf":{"@id":"https:\/\/blogdobispo.com.br\/?p=2800"},"author":{"name":"Jefferson Sterfeno","@id":"https:\/\/blogdobispo.com.br\/#\/schema\/person\/e2209cc0e6cea5c5233d033e997b373f"},"headline":"Jean Val\u00e9rio lan\u00e7a seu novo livro \u201cAcelere na Adversidade\u201d na pr\u00f3xima segunda (11) em Natal","datePublished":"2024-03-05T19:39:17+00:00","mainEntityOfPage":{"@id":"https:\/\/blogdobispo.com.br\/?p=2800"},"wordCount":409,"commentCount":0,"publisher":{"@id":"https:\/\/blogdobispo.com.br\/#organization"},"image":{"@id":"https:\/\/blogdobispo.com.br\/?p=2800#primaryimage"},"thumbnailUrl":"https:\/\/blogdobispo.com.br\/wp-content\/uploads\/2024\/03\/b522e7b8-b6f7-4d9b-97ef-d1202ad7d9f9-1-576x1024.jpg","articleSection":["diversos"],"inLanguage":"pt-BR","potentialAction":[{"@type":"CommentAction","name":"Comment","target":["https:\/\/blogdobispo.com.br\/?p=2800#respond"]}]},{"@type":"WebPage","@id":"https:\/\/blogdobispo.com.br\/?p=2800","url":"https:\/\/blogdobispo.com.br\/?p=2800","name":"Jean Val\u00e9rio lan\u00e7a seu novo livro \u201cAcelere na Adversidade\u201d na pr\u00f3xima segunda (11) em Natal - Blog do Bispo","isPartOf":{"@id":"https:\/\/blogdobispo.com.br\/#website"},"primaryImageOfPage":{"@id":"https:\/\/blogdobispo.com.br\/?p=2800#primaryimage"},"image":{"@id":"https:\/\/blogdobispo.com.br\/?p=2800#primaryimage"},"thumbnailUrl":"https:\/\/blogdobispo.com.br\/wp-content\/uploads\/2024\/03\/b522e7b8-b6f7-4d9b-97ef-d1202ad7d9f9-1-576x1024.jpg","datePublished":"2024-03-05T19:39:17+00:00","breadcrumb":{"@id":"https:\/\/blogdobispo.com.br\/?p=2800#breadcrumb"},"inLanguage":"pt-BR","potentialAction":[{"@type":"ReadAction","target":["https:\/\/blogdobispo.com.br\/?p=2800"]}]},{"@type":"ImageObject","inLanguage":"pt-BR","@id":"https:\/\/blogdobispo.com.br\/?p=2800#primaryimage","url":"https:\/\/blogdobispo.com.br\/wp-content\/uploads\/2024\/03\/b522e7b8-b6f7-4d9b-97ef-d1202ad7d9f9-1-576x1024.jpg","contentUrl":"https:\/\/blogdobispo.com.br\/wp-content\/uploads\/2024\/03\/b522e7b8-b6f7-4d9b-97ef-d1202ad7d9f9-1-576x1024.jpg"},{"@type":"BreadcrumbList","@id":"https:\/\/blogdobispo.com.br\/?p=2800#breadcrumb","itemListElement":[{"@type":"ListItem","position":1,"name":"In\u00edcio","item":"https:\/\/blogdobispo.com.br\/"},{"@type":"ListItem","position":2,"name":"Jean Val\u00e9rio lan\u00e7a seu novo livro \u201cAcelere na Adversidade\u201d na pr\u00f3xima segunda (11) em Natal"}]},{"@type":"WebSite","@id":"https:\/\/blogdobispo.com.br\/#website","url":"https:\/\/blogdobispo.com.br\/","name":"Blog do Bispo","description":"Comprometido apenas com o leitor","publisher":{"@id":"https:\/\/blogdobispo.com.br\/#organization"},"potentialAction":[{"@type":"SearchAction","target":{"@type":"EntryPoint","urlTemplate":"https:\/\/blogdobispo.com.br\/?s={search_term_string}"},"query-input":{"@type":"PropertyValueSpecification","valueRequired":true,"valueName":"search_term_string"}}],"inLanguage":"pt-BR"},{"@type":"Organization","@id":"https:\/\/blogdobispo.com.br\/#organization","name":"Blog do Bispo","url":"https:\/\/blogdobispo.com.br\/","logo":{"@type":"ImageObject","inLanguage":"pt-BR","@id":"https:\/\/blogdobispo.com.br\/#\/schema\/logo\/image\/","url":"http:\/\/blogdobispo.com.br\/wp-content\/uploads\/2023\/05\/cropped-headear.png","contentUrl":"http:\/\/blogdobispo.com.br\/wp-content\/uploads\/2023\/05\/cropped-headear.png","width":1500,"height":399,"caption":"Blog do Bispo"},"image":{"@id":"https:\/\/blogdobispo.com.br\/#\/schema\/logo\/image\/"}},{"@type":"Person","@id":"https:\/\/blogdobispo.com.br\/#\/schema\/person\/e2209cc0e6cea5c5233d033e997b373f","name":"Jefferson Sterfeno","image":{"@type":"ImageObject","inLanguage":"pt-BR","@id":"https:\/\/blogdobispo.com.br\/#\/schema\/person\/image\/","url":"https:\/\/secure.gravatar.com\/avatar\/0534e84764641168a677026b6d57a3f51dc7ac4db0b4f6186d9cb330d4ee1160?s=96&d=mm&r=g","contentUrl":"https:\/\/secure.gravatar.com\/avatar\/0534e84764641168a677026b6d57a3f51dc7ac4db0b4f6186d9cb330d4ee1160?s=96&d=mm&r=g","caption":"Jefferson Sterfeno"},"sameAs":["http:\/\/blogdobispo.com.br"],"url":"https:\/\/blogdobispo.com.br\/?author=1"}]}},"featured_image_urls":{"full":"","thumbnail":"","medium":"","medium_large":"","large":"","1536x1536":"","2048x2048":""},"author_info":{"display_name":"Jefferson Sterfeno","author_link":"https:\/\/blogdobispo.com.br\/?author=1"},"category_info":"<a href=\"https:\/\/blogdobispo.com.br\/?cat=1\" rel=\"category\">diversos<\/a>","tag_info":"diversos","comment_count":"0","jetpack_featured_media_url":"","jetpack_sharing_enabled":true,"_links":{"self":[{"href":"https:\/\/blogdobispo.com.br\/index.php?rest_route=\/wp\/v2\/posts\/2800","targetHints":{"allow":["GET"]}}],"collection":[{"href":"https:\/\/blogdobispo.com.br\/index.php?rest_route=\/wp\/v2\/posts"}],"about":[{"href":"https:\/\/blogdobispo.com.br\/index.php?rest_route=\/wp\/v2\/types\/post"}],"author":[{"embeddable":true,"href":"https:\/\/blogdobispo.com.br\/index.php?rest_route=\/wp\/v2\/users\/1"}],"replies":[{"embeddable":true,"href":"https:\/\/blogdobispo.com.br\/index.php?rest_route=%2Fwp%2Fv2%2Fcomments&post=2800"}],"version-history":[{"count":0,"href":"https:\/\/blogdobispo.com.br\/index.php?rest_route=\/wp\/v2\/posts\/2800\/revisions"}],"wp:attachment":[{"href":"https:\/\/blogdobispo.com.br\/index.php?rest_route=%2Fwp%2Fv2%2Fmedia&parent=2800"}],"wp:term":[{"taxonomy":"category","embeddable":true,"href":"https:\/\/blogdobispo.com.br\/index.php?rest_route=%2Fwp%2Fv2%2Fcategories&post=2800"},{"taxonomy":"post_tag","embeddable":true,"href":"https:\/\/blogdobispo.com.br\/index.php?rest_route=%2Fwp%2Fv2%2Ftags&post=2800"}],"curies":[{"name":"wp","href":"https:\/\/api.w.org\/{rel}","templated":true}]}}