{"id":2793,"date":"2024-03-05T01:52:43","date_gmt":"2024-03-05T01:52:43","guid":{"rendered":"https:\/\/blogdobispo.com.br\/?p=2793"},"modified":"2024-03-05T01:52:43","modified_gmt":"2024-03-05T01:52:43","slug":"mdb-realiza-o-evento-seminario-eleitoral-no-proximo-sabado-09-em-natal","status":"publish","type":"post","link":"https:\/\/blogdobispo.com.br\/?p=2793","title":{"rendered":"MDB realiza o evento \u2018Semin\u00e1rio Eleitoral\u2019 no pr\u00f3ximo s\u00e1bado (09) em Natal"},"content":{"rendered":"\n<figure class=\"wp-block-image size-large\"><img data-recalc-dims=\"1\" fetchpriority=\"high\" decoding=\"async\" width=\"414\" height=\"414\" src=\"https:\/\/i0.wp.com\/blogdobispo.com.br\/wp-content\/uploads\/2024\/03\/img_6023-1.png?resize=414%2C414&#038;ssl=1\" class=\"wp-image-2792\" srcset=\"https:\/\/i0.wp.com\/blogdobispo.com.br\/wp-content\/uploads\/2024\/03\/img_6023-1.png?w=414&amp;ssl=1 414w, https:\/\/i0.wp.com\/blogdobispo.com.br\/wp-content\/uploads\/2024\/03\/img_6023-1.png?resize=300%2C300&amp;ssl=1 300w, https:\/\/i0.wp.com\/blogdobispo.com.br\/wp-content\/uploads\/2024\/03\/img_6023-1.png?resize=150%2C150&amp;ssl=1 150w\" sizes=\"(max-width: 414px) 100vw, 414px\" \/><\/figure>\n\n\n\n<p><\/p>\n\n\n\n<p><em>No s\u00e1bado, dia 09 de mar\u00e7o, o Semin\u00e1rio Eleitoral que acontecer\u00e1 no Executive Park, reunir\u00e1 especialistas para debater quest\u00f5es fundamentais para o cen\u00e1rio pol\u00edtico atual feminino<\/em><\/p>\n\n\n\n<p>Agendado para o dia 9 de mar\u00e7o, o MDB Mulher e Natal realizar\u00e3o o evento \u2018Semin\u00e1rio Eleitoral\u2019. Este evento gratuito, oferecer\u00e1 uma oportunidade \u00fanica para os participantes se engajarem em debates significativos sobre mulher na pol\u00edtica e sociedade. As inscri\u00e7\u00f5es podem ser feitas atrav\u00e9s do (84) 99431-0917.<\/p>\n\n\n\n<p>O evento contar\u00e1 com palestras de tr\u00eas mulheres not\u00e1veis: Juliana Rocha, especialista em direito animal, cuja experi\u00eancia trar\u00e1 insights valiosos sobre pol\u00edticas relacionadas ao bem-estar animal e direitos civis; Grazielly Fontes, professora e especialista em responsabilidade civil na rede social, cuja expertise enriquecer\u00e1 o debate sobre o impacto das redes sociais na pol\u00edtica contempor\u00e2nea; e a advogada e ex-ju\u00edza eleitoral Adriana Magalh\u00e3es, que engrandecer\u00e1 o Semin\u00e1rio trazendo toda sua experi\u00eancia com elei\u00e7\u00f5es, abordando temas importantes sobre candidaturas femininas.<\/p>\n\n\n\n<p>HOR\u00c1RIO DAS PALESTRAS:<\/p>\n\n\n\n<p>9h \u2013 Adriana Magalh\u00e3es \u2013 Elei\u00e7\u00f5es 2024 e candidaturas femininas<br \/>9h40 \u2013 Juliana Rocha \u2013 Pol\u00edticas p\u00fablicas animalistas: saindo do senso comum<br \/>10h20 \u2013 Grazielly Fontes \u2013 Redes Sociais e Elei\u00e7\u00f5es: Navegando pela responsabilidade civil dos candidatos<\/p>\n\n\n\n<p>DETALHES DO EVENTO:<\/p>\n\n\n\n<p>Data: 09 de mar\u00e7o (S\u00e1bado)<br>Hor\u00e1rio: 09 \u00e0s 11h30<br>Local: Edif\u00edcio Executive Park, Sala Candel\u00e1ria, Av. Senador Salgado Filho, 1515<\/p>\n","protected":false},"excerpt":{"rendered":"<p>No s\u00e1bado, dia 09 de mar\u00e7o, o Semin\u00e1rio Eleitoral que acontecer\u00e1 no Executive Park, reunir\u00e1 especialistas para debater quest\u00f5es fundamentais para o cen\u00e1rio pol\u00edtico atual feminino Agendado para o dia 9 de mar\u00e7o, o MDB Mulher e Natal realizar\u00e3o o evento \u2018Semin\u00e1rio Eleitoral\u2019. Este evento gratuito, oferecer\u00e1 uma oportunidade \u00fanica para os participantes se engajarem [&hellip;]<\/p>\n","protected":false},"author":1,"featured_media":0,"comment_status":"open","ping_status":"open","sticky":false,"template":"","format":"standard","meta":{"cybocfi_hide_featured_image":"","_jetpack_memberships_contains_paid_content":false,"footnotes":""},"categories":[1],"tags":[],"class_list":["post-2793","post","type-post","status-publish","format-standard","hentry","category-diversos"],"yoast_head":"<!-- This site is optimized with the Yoast SEO plugin v25.6 - https:\/\/yoast.com\/wordpress\/plugins\/seo\/ -->\n<title>MDB realiza o evento \u2018Semin\u00e1rio Eleitoral\u2019 no pr\u00f3ximo s\u00e1bado (09) em Natal - Blog do Bispo<\/title>\n<meta name=\"robots\" content=\"index, follow, max-snippet:-1, max-image-preview:large, max-video-preview:-1\" \/>\n<link rel=\"canonical\" href=\"https:\/\/blogdobispo.com.br\/?p=2793\" \/>\n<meta property=\"og:locale\" content=\"pt_BR\" \/>\n<meta property=\"og:type\" content=\"article\" \/>\n<meta property=\"og:title\" content=\"MDB realiza o evento \u2018Semin\u00e1rio Eleitoral\u2019 no pr\u00f3ximo s\u00e1bado (09) em Natal - Blog do Bispo\" \/>\n<meta property=\"og:description\" content=\"No s\u00e1bado, dia 09 de mar\u00e7o, o Semin\u00e1rio Eleitoral que acontecer\u00e1 no Executive Park, reunir\u00e1 especialistas para debater quest\u00f5es fundamentais para o cen\u00e1rio pol\u00edtico atual feminino Agendado para o dia 9 de mar\u00e7o, o MDB Mulher e Natal realizar\u00e3o o evento \u2018Semin\u00e1rio Eleitoral\u2019. Este evento gratuito, oferecer\u00e1 uma oportunidade \u00fanica para os participantes se engajarem [&hellip;]\" \/>\n<meta property=\"og:url\" content=\"https:\/\/blogdobispo.com.br\/?p=2793\" \/>\n<meta property=\"og:site_name\" content=\"Blog do Bispo\" \/>\n<meta property=\"article:published_time\" content=\"2024-03-05T01:52:43+00:00\" \/>\n<meta property=\"og:image\" content=\"https:\/\/blogdobispo.com.br\/wp-content\/uploads\/2024\/03\/img_6023-1.png\" \/>\n<meta name=\"author\" content=\"Jefferson Sterfeno\" \/>\n<meta name=\"twitter:card\" content=\"summary_large_image\" \/>\n<meta name=\"twitter:label1\" content=\"Escrito por\" \/>\n\t<meta name=\"twitter:data1\" content=\"Jefferson Sterfeno\" \/>\n\t<meta name=\"twitter:label2\" content=\"Est. tempo de leitura\" \/>\n\t<meta name=\"twitter:data2\" content=\"1 minuto\" \/>\n<script type=\"application\/ld+json\" class=\"yoast-schema-graph\">{\"@context\":\"https:\/\/schema.org\",\"@graph\":[{\"@type\":\"Article\",\"@id\":\"https:\/\/blogdobispo.com.br\/?p=2793#article\",\"isPartOf\":{\"@id\":\"https:\/\/blogdobispo.com.br\/?p=2793\"},\"author\":{\"name\":\"Jefferson Sterfeno\",\"@id\":\"https:\/\/blogdobispo.com.br\/#\/schema\/person\/e2209cc0e6cea5c5233d033e997b373f\"},\"headline\":\"MDB realiza o evento \u2018Semin\u00e1rio Eleitoral\u2019 no pr\u00f3ximo s\u00e1bado (09) em Natal\",\"datePublished\":\"2024-03-05T01:52:43+00:00\",\"mainEntityOfPage\":{\"@id\":\"https:\/\/blogdobispo.com.br\/?p=2793\"},\"wordCount\":249,\"commentCount\":0,\"publisher\":{\"@id\":\"https:\/\/blogdobispo.com.br\/#organization\"},\"image\":{\"@id\":\"https:\/\/blogdobispo.com.br\/?p=2793#primaryimage\"},\"thumbnailUrl\":\"https:\/\/blogdobispo.com.br\/wp-content\/uploads\/2024\/03\/img_6023-1.png\",\"articleSection\":[\"diversos\"],\"inLanguage\":\"pt-BR\",\"potentialAction\":[{\"@type\":\"CommentAction\",\"name\":\"Comment\",\"target\":[\"https:\/\/blogdobispo.com.br\/?p=2793#respond\"]}]},{\"@type\":\"WebPage\",\"@id\":\"https:\/\/blogdobispo.com.br\/?p=2793\",\"url\":\"https:\/\/blogdobispo.com.br\/?p=2793\",\"name\":\"MDB realiza o evento \u2018Semin\u00e1rio Eleitoral\u2019 no pr\u00f3ximo s\u00e1bado (09) em Natal - Blog do Bispo\",\"isPartOf\":{\"@id\":\"https:\/\/blogdobispo.com.br\/#website\"},\"primaryImageOfPage\":{\"@id\":\"https:\/\/blogdobispo.com.br\/?p=2793#primaryimage\"},\"image\":{\"@id\":\"https:\/\/blogdobispo.com.br\/?p=2793#primaryimage\"},\"thumbnailUrl\":\"https:\/\/blogdobispo.com.br\/wp-content\/uploads\/2024\/03\/img_6023-1.png\",\"datePublished\":\"2024-03-05T01:52:43+00:00\",\"breadcrumb\":{\"@id\":\"https:\/\/blogdobispo.com.br\/?p=2793#breadcrumb\"},\"inLanguage\":\"pt-BR\",\"potentialAction\":[{\"@type\":\"ReadAction\",\"target\":[\"https:\/\/blogdobispo.com.br\/?p=2793\"]}]},{\"@type\":\"ImageObject\",\"inLanguage\":\"pt-BR\",\"@id\":\"https:\/\/blogdobispo.com.br\/?p=2793#primaryimage\",\"url\":\"https:\/\/blogdobispo.com.br\/wp-content\/uploads\/2024\/03\/img_6023-1.png\",\"contentUrl\":\"https:\/\/blogdobispo.com.br\/wp-content\/uploads\/2024\/03\/img_6023-1.png\"},{\"@type\":\"BreadcrumbList\",\"@id\":\"https:\/\/blogdobispo.com.br\/?p=2793#breadcrumb\",\"itemListElement\":[{\"@type\":\"ListItem\",\"position\":1,\"name\":\"In\u00edcio\",\"item\":\"https:\/\/blogdobispo.com.br\/\"},{\"@type\":\"ListItem\",\"position\":2,\"name\":\"MDB realiza o evento \u2018Semin\u00e1rio Eleitoral\u2019 no pr\u00f3ximo s\u00e1bado (09) em Natal\"}]},{\"@type\":\"WebSite\",\"@id\":\"https:\/\/blogdobispo.com.br\/#website\",\"url\":\"https:\/\/blogdobispo.com.br\/\",\"name\":\"Blog do Bispo\",\"description\":\"Comprometido apenas com o leitor\",\"publisher\":{\"@id\":\"https:\/\/blogdobispo.com.br\/#organization\"},\"potentialAction\":[{\"@type\":\"SearchAction\",\"target\":{\"@type\":\"EntryPoint\",\"urlTemplate\":\"https:\/\/blogdobispo.com.br\/?s={search_term_string}\"},\"query-input\":{\"@type\":\"PropertyValueSpecification\",\"valueRequired\":true,\"valueName\":\"search_term_string\"}}],\"inLanguage\":\"pt-BR\"},{\"@type\":\"Organization\",\"@id\":\"https:\/\/blogdobispo.com.br\/#organization\",\"name\":\"Blog do Bispo\",\"url\":\"https:\/\/blogdobispo.com.br\/\",\"logo\":{\"@type\":\"ImageObject\",\"inLanguage\":\"pt-BR\",\"@id\":\"https:\/\/blogdobispo.com.br\/#\/schema\/logo\/image\/\",\"url\":\"http:\/\/blogdobispo.com.br\/wp-content\/uploads\/2023\/05\/cropped-headear.png\",\"contentUrl\":\"http:\/\/blogdobispo.com.br\/wp-content\/uploads\/2023\/05\/cropped-headear.png\",\"width\":1500,\"height\":399,\"caption\":\"Blog do Bispo\"},\"image\":{\"@id\":\"https:\/\/blogdobispo.com.br\/#\/schema\/logo\/image\/\"}},{\"@type\":\"Person\",\"@id\":\"https:\/\/blogdobispo.com.br\/#\/schema\/person\/e2209cc0e6cea5c5233d033e997b373f\",\"name\":\"Jefferson Sterfeno\",\"image\":{\"@type\":\"ImageObject\",\"inLanguage\":\"pt-BR\",\"@id\":\"https:\/\/blogdobispo.com.br\/#\/schema\/person\/image\/\",\"url\":\"https:\/\/secure.gravatar.com\/avatar\/0534e84764641168a677026b6d57a3f51dc7ac4db0b4f6186d9cb330d4ee1160?s=96&d=mm&r=g\",\"contentUrl\":\"https:\/\/secure.gravatar.com\/avatar\/0534e84764641168a677026b6d57a3f51dc7ac4db0b4f6186d9cb330d4ee1160?s=96&d=mm&r=g\",\"caption\":\"Jefferson Sterfeno\"},\"sameAs\":[\"http:\/\/blogdobispo.com.br\"],\"url\":\"https:\/\/blogdobispo.com.br\/?author=1\"}]}<\/script>\n<!-- \/ Yoast SEO plugin. -->","yoast_head_json":{"title":"MDB realiza o evento \u2018Semin\u00e1rio Eleitoral\u2019 no pr\u00f3ximo s\u00e1bado (09) em Natal - Blog do Bispo","robots":{"index":"index","follow":"follow","max-snippet":"max-snippet:-1","max-image-preview":"max-image-preview:large","max-video-preview":"max-video-preview:-1"},"canonical":"https:\/\/blogdobispo.com.br\/?p=2793","og_locale":"pt_BR","og_type":"article","og_title":"MDB realiza o evento \u2018Semin\u00e1rio Eleitoral\u2019 no pr\u00f3ximo s\u00e1bado (09) em Natal - Blog do Bispo","og_description":"No s\u00e1bado, dia 09 de mar\u00e7o, o Semin\u00e1rio Eleitoral que acontecer\u00e1 no Executive Park, reunir\u00e1 especialistas para debater quest\u00f5es fundamentais para o cen\u00e1rio pol\u00edtico atual feminino Agendado para o dia 9 de mar\u00e7o, o MDB Mulher e Natal realizar\u00e3o o evento \u2018Semin\u00e1rio Eleitoral\u2019. Este evento gratuito, oferecer\u00e1 uma oportunidade \u00fanica para os participantes se engajarem [&hellip;]","og_url":"https:\/\/blogdobispo.com.br\/?p=2793","og_site_name":"Blog do Bispo","article_published_time":"2024-03-05T01:52:43+00:00","og_image":[{"url":"https:\/\/blogdobispo.com.br\/wp-content\/uploads\/2024\/03\/img_6023-1.png","type":"","width":"","height":""}],"author":"Jefferson Sterfeno","twitter_card":"summary_large_image","twitter_misc":{"Escrito por":"Jefferson Sterfeno","Est. tempo de leitura":"1 minuto"},"schema":{"@context":"https:\/\/schema.org","@graph":[{"@type":"Article","@id":"https:\/\/blogdobispo.com.br\/?p=2793#article","isPartOf":{"@id":"https:\/\/blogdobispo.com.br\/?p=2793"},"author":{"name":"Jefferson Sterfeno","@id":"https:\/\/blogdobispo.com.br\/#\/schema\/person\/e2209cc0e6cea5c5233d033e997b373f"},"headline":"MDB realiza o evento \u2018Semin\u00e1rio Eleitoral\u2019 no pr\u00f3ximo s\u00e1bado (09) em Natal","datePublished":"2024-03-05T01:52:43+00:00","mainEntityOfPage":{"@id":"https:\/\/blogdobispo.com.br\/?p=2793"},"wordCount":249,"commentCount":0,"publisher":{"@id":"https:\/\/blogdobispo.com.br\/#organization"},"image":{"@id":"https:\/\/blogdobispo.com.br\/?p=2793#primaryimage"},"thumbnailUrl":"https:\/\/blogdobispo.com.br\/wp-content\/uploads\/2024\/03\/img_6023-1.png","articleSection":["diversos"],"inLanguage":"pt-BR","potentialAction":[{"@type":"CommentAction","name":"Comment","target":["https:\/\/blogdobispo.com.br\/?p=2793#respond"]}]},{"@type":"WebPage","@id":"https:\/\/blogdobispo.com.br\/?p=2793","url":"https:\/\/blogdobispo.com.br\/?p=2793","name":"MDB realiza o evento \u2018Semin\u00e1rio Eleitoral\u2019 no pr\u00f3ximo s\u00e1bado (09) em Natal - Blog do Bispo","isPartOf":{"@id":"https:\/\/blogdobispo.com.br\/#website"},"primaryImageOfPage":{"@id":"https:\/\/blogdobispo.com.br\/?p=2793#primaryimage"},"image":{"@id":"https:\/\/blogdobispo.com.br\/?p=2793#primaryimage"},"thumbnailUrl":"https:\/\/blogdobispo.com.br\/wp-content\/uploads\/2024\/03\/img_6023-1.png","datePublished":"2024-03-05T01:52:43+00:00","breadcrumb":{"@id":"https:\/\/blogdobispo.com.br\/?p=2793#breadcrumb"},"inLanguage":"pt-BR","potentialAction":[{"@type":"ReadAction","target":["https:\/\/blogdobispo.com.br\/?p=2793"]}]},{"@type":"ImageObject","inLanguage":"pt-BR","@id":"https:\/\/blogdobispo.com.br\/?p=2793#primaryimage","url":"https:\/\/blogdobispo.com.br\/wp-content\/uploads\/2024\/03\/img_6023-1.png","contentUrl":"https:\/\/blogdobispo.com.br\/wp-content\/uploads\/2024\/03\/img_6023-1.png"},{"@type":"BreadcrumbList","@id":"https:\/\/blogdobispo.com.br\/?p=2793#breadcrumb","itemListElement":[{"@type":"ListItem","position":1,"name":"In\u00edcio","item":"https:\/\/blogdobispo.com.br\/"},{"@type":"ListItem","position":2,"name":"MDB realiza o evento \u2018Semin\u00e1rio Eleitoral\u2019 no pr\u00f3ximo s\u00e1bado (09) em Natal"}]},{"@type":"WebSite","@id":"https:\/\/blogdobispo.com.br\/#website","url":"https:\/\/blogdobispo.com.br\/","name":"Blog do Bispo","description":"Comprometido apenas com o leitor","publisher":{"@id":"https:\/\/blogdobispo.com.br\/#organization"},"potentialAction":[{"@type":"SearchAction","target":{"@type":"EntryPoint","urlTemplate":"https:\/\/blogdobispo.com.br\/?s={search_term_string}"},"query-input":{"@type":"PropertyValueSpecification","valueRequired":true,"valueName":"search_term_string"}}],"inLanguage":"pt-BR"},{"@type":"Organization","@id":"https:\/\/blogdobispo.com.br\/#organization","name":"Blog do Bispo","url":"https:\/\/blogdobispo.com.br\/","logo":{"@type":"ImageObject","inLanguage":"pt-BR","@id":"https:\/\/blogdobispo.com.br\/#\/schema\/logo\/image\/","url":"http:\/\/blogdobispo.com.br\/wp-content\/uploads\/2023\/05\/cropped-headear.png","contentUrl":"http:\/\/blogdobispo.com.br\/wp-content\/uploads\/2023\/05\/cropped-headear.png","width":1500,"height":399,"caption":"Blog do Bispo"},"image":{"@id":"https:\/\/blogdobispo.com.br\/#\/schema\/logo\/image\/"}},{"@type":"Person","@id":"https:\/\/blogdobispo.com.br\/#\/schema\/person\/e2209cc0e6cea5c5233d033e997b373f","name":"Jefferson Sterfeno","image":{"@type":"ImageObject","inLanguage":"pt-BR","@id":"https:\/\/blogdobispo.com.br\/#\/schema\/person\/image\/","url":"https:\/\/secure.gravatar.com\/avatar\/0534e84764641168a677026b6d57a3f51dc7ac4db0b4f6186d9cb330d4ee1160?s=96&d=mm&r=g","contentUrl":"https:\/\/secure.gravatar.com\/avatar\/0534e84764641168a677026b6d57a3f51dc7ac4db0b4f6186d9cb330d4ee1160?s=96&d=mm&r=g","caption":"Jefferson Sterfeno"},"sameAs":["http:\/\/blogdobispo.com.br"],"url":"https:\/\/blogdobispo.com.br\/?author=1"}]}},"featured_image_urls":{"full":"","thumbnail":"","medium":"","medium_large":"","large":"","1536x1536":"","2048x2048":""},"author_info":{"display_name":"Jefferson Sterfeno","author_link":"https:\/\/blogdobispo.com.br\/?author=1"},"category_info":"<a href=\"https:\/\/blogdobispo.com.br\/?cat=1\" rel=\"category\">diversos<\/a>","tag_info":"diversos","comment_count":"0","jetpack_featured_media_url":"","jetpack_sharing_enabled":true,"_links":{"self":[{"href":"https:\/\/blogdobispo.com.br\/index.php?rest_route=\/wp\/v2\/posts\/2793","targetHints":{"allow":["GET"]}}],"collection":[{"href":"https:\/\/blogdobispo.com.br\/index.php?rest_route=\/wp\/v2\/posts"}],"about":[{"href":"https:\/\/blogdobispo.com.br\/index.php?rest_route=\/wp\/v2\/types\/post"}],"author":[{"embeddable":true,"href":"https:\/\/blogdobispo.com.br\/index.php?rest_route=\/wp\/v2\/users\/1"}],"replies":[{"embeddable":true,"href":"https:\/\/blogdobispo.com.br\/index.php?rest_route=%2Fwp%2Fv2%2Fcomments&post=2793"}],"version-history":[{"count":0,"href":"https:\/\/blogdobispo.com.br\/index.php?rest_route=\/wp\/v2\/posts\/2793\/revisions"}],"wp:attachment":[{"href":"https:\/\/blogdobispo.com.br\/index.php?rest_route=%2Fwp%2Fv2%2Fmedia&parent=2793"}],"wp:term":[{"taxonomy":"category","embeddable":true,"href":"https:\/\/blogdobispo.com.br\/index.php?rest_route=%2Fwp%2Fv2%2Fcategories&post=2793"},{"taxonomy":"post_tag","embeddable":true,"href":"https:\/\/blogdobispo.com.br\/index.php?rest_route=%2Fwp%2Fv2%2Ftags&post=2793"}],"curies":[{"name":"wp","href":"https:\/\/api.w.org\/{rel}","templated":true}]}}