{"id":2791,"date":"2024-03-05T01:46:41","date_gmt":"2024-03-05T01:46:41","guid":{"rendered":"https:\/\/blogdobispo.com.br\/?p=2791"},"modified":"2024-03-05T01:46:41","modified_gmt":"2024-03-05T01:46:41","slug":"prefeitura-de-natal-entrega-no-bairro-nordeste-108a-praca-revitalizada","status":"publish","type":"post","link":"https:\/\/blogdobispo.com.br\/?p=2791","title":{"rendered":"Prefeitura de Natal entrega no Bairro Nordeste&nbsp;108\u00aa pra\u00e7a revitalizada"},"content":{"rendered":"\n<figure class=\"wp-block-image size-large\"><img data-recalc-dims=\"1\" fetchpriority=\"high\" decoding=\"async\" width=\"800\" height=\"533\" src=\"https:\/\/i0.wp.com\/blogdobispo.com.br\/wp-content\/uploads\/2024\/03\/praca-arapua-inaugurada-no-bairro-nordeste-foto-joana-lima-1024x682.jpg?resize=800%2C533&#038;ssl=1\" class=\"wp-image-2790\" srcset=\"https:\/\/i0.wp.com\/blogdobispo.com.br\/wp-content\/uploads\/2024\/03\/praca-arapua-inaugurada-no-bairro-nordeste-foto-joana-lima.jpg?resize=1024%2C682&amp;ssl=1 1024w, https:\/\/i0.wp.com\/blogdobispo.com.br\/wp-content\/uploads\/2024\/03\/praca-arapua-inaugurada-no-bairro-nordeste-foto-joana-lima.jpg?resize=300%2C200&amp;ssl=1 300w, https:\/\/i0.wp.com\/blogdobispo.com.br\/wp-content\/uploads\/2024\/03\/praca-arapua-inaugurada-no-bairro-nordeste-foto-joana-lima.jpg?resize=768%2C512&amp;ssl=1 768w, https:\/\/i0.wp.com\/blogdobispo.com.br\/wp-content\/uploads\/2024\/03\/praca-arapua-inaugurada-no-bairro-nordeste-foto-joana-lima.jpg?w=1280&amp;ssl=1 1280w\" sizes=\"(max-width: 800px) 100vw, 800px\" \/><\/figure>\n\n\n\n<p><strong>&nbsp;<\/strong><\/p>\n\n\n\n<p>O prefeito \u00c1lvaro Dias entregou, sexta-feira passada (01), a Pra\u00e7a Arapu\u00e1, no&nbsp;bairro Nordeste, totalmente revitalizada. Depois de receber os servi\u00e7os de&nbsp;reestrutura\u00e7\u00e3o, o espa\u00e7o foi batizado de Pra\u00e7a Toinho Amaral, em&nbsp;homenagem ao antigo morador do local que muito contribuiu para o&nbsp;desenvolvimento da comunidade. A cidade de Natal possui 270 pra\u00e7as&nbsp;p\u00fablicas, das quais 108 j\u00e1 foram revitalizadas pela atual gest\u00e3o municipal.&nbsp;<\/p>\n\n\n\n<p>A Pra\u00e7a Toinho Amaral recebeu nova pintura, reurbaniza\u00e7\u00e3o, novo piso, pista&nbsp;de passeio, postes com ilumina\u00e7\u00e3o de LED, rampas de acessibilidade, novo&nbsp;mobili\u00e1rio como bancos de concreto, lixeiras, parquinho infantil e academia&nbsp;ao ar livre.&nbsp;<\/p>\n\n\n\n<p>O prefeito \u00c1lvaro Dias destacou a import\u00e2ncia da recupera\u00e7\u00e3o destes espa\u00e7os&nbsp;p\u00fablicos. \u201cAs pra\u00e7as p\u00fablicas desempenham um papel fundamental na&nbsp;promo\u00e7\u00e3o do bem-estar e na qualidade de vida das comunidades,&nbsp;proporcionando um local acess\u00edvel para as pessoas se encontrarem,&nbsp;interagirem, socializarem e tamb\u00e9m excelente espa\u00e7o para a pr\u00e1tica de&nbsp;atividades f\u00edsicas e recreativas. Nossa gest\u00e3o vai continuar investindo na&nbsp;cria\u00e7\u00e3o e na manuten\u00e7\u00e3o de pra\u00e7as bem planejadas para o desenvolvimento&nbsp;sustent\u00e1vel e a qualidade de vida urbana\u201d, afirmou.&nbsp;<\/p>\n\n\n\n<p>A cerim\u00f4nia de entrega contou com a participa\u00e7\u00e3o do secret\u00e1rio municipal de&nbsp;Servi\u00e7os Urbanos (Semsur), Irapo\u00e3 N\u00f3brega, cuja pasta coordenou a obra, e&nbsp;demais secret\u00e1rios da gest\u00e3o, al\u00e9m de moradores, autoridades e integrantes&nbsp;da fam\u00edlia do homenageado, a esposa Marileide e os filhos Bruno e Laura. Na&nbsp;oportunidade, Laura discursou em agradecimento pelo gesto. \u201cMeu pai foi&nbsp;morador do bairro por 50 anos, local que ele sempre defendeu e se orgulhava.&nbsp;Onde quer que esteja, ele est\u00e1 muito feliz com essa homenagem. Espero que&nbsp;essa Pra\u00e7a traga muita alegria e entretenimento para nossa comunidade\u201d,&nbsp;finalizou.&nbsp;<\/p>\n\n\n\n<p>A prefeitura mant\u00e9m mais de 100 obras em andamento ao mesmo tempo, nas&nbsp;quatro regi\u00f5es da cidade, com destaque para a constru\u00e7\u00e3o do Complexo&nbsp;Tur\u00edstico da Redinha, Hospital Municipal de Natal, engorda da Praia de Ponta&nbsp;Negra, capeamento asf\u00e1ltico e sinaliza\u00e7\u00e3o das principais ruas e avenidas, e a&nbsp;execu\u00e7\u00e3o de revitaliza\u00e7\u00e3o em diversos espa\u00e7os p\u00fablicos para conviv\u00eancia.&nbsp;<\/p>\n","protected":false},"excerpt":{"rendered":"<p>&nbsp; O prefeito \u00c1lvaro Dias entregou, sexta-feira passada (01), a Pra\u00e7a Arapu\u00e1, no&nbsp;bairro Nordeste, totalmente revitalizada. Depois de receber os servi\u00e7os de&nbsp;reestrutura\u00e7\u00e3o, o espa\u00e7o foi batizado de Pra\u00e7a Toinho Amaral, em&nbsp;homenagem ao antigo morador do local que muito contribuiu para o&nbsp;desenvolvimento da comunidade. A cidade de Natal possui 270 pra\u00e7as&nbsp;p\u00fablicas, das quais 108 j\u00e1 foram [&hellip;]<\/p>\n","protected":false},"author":1,"featured_media":0,"comment_status":"open","ping_status":"open","sticky":false,"template":"","format":"standard","meta":{"cybocfi_hide_featured_image":"","_jetpack_memberships_contains_paid_content":false,"footnotes":""},"categories":[1],"tags":[],"class_list":["post-2791","post","type-post","status-publish","format-standard","hentry","category-diversos"],"yoast_head":"<!-- This site is optimized with the Yoast SEO plugin v25.6 - https:\/\/yoast.com\/wordpress\/plugins\/seo\/ -->\n<title>Prefeitura de Natal entrega no Bairro Nordeste&nbsp;108\u00aa pra\u00e7a revitalizada - Blog do Bispo<\/title>\n<meta name=\"robots\" content=\"index, follow, max-snippet:-1, max-image-preview:large, max-video-preview:-1\" \/>\n<link rel=\"canonical\" href=\"https:\/\/blogdobispo.com.br\/?p=2791\" \/>\n<meta property=\"og:locale\" content=\"pt_BR\" \/>\n<meta property=\"og:type\" content=\"article\" \/>\n<meta property=\"og:title\" content=\"Prefeitura de Natal entrega no Bairro Nordeste&nbsp;108\u00aa pra\u00e7a revitalizada - Blog do Bispo\" \/>\n<meta property=\"og:description\" content=\"&nbsp; O prefeito \u00c1lvaro Dias entregou, sexta-feira passada (01), a Pra\u00e7a Arapu\u00e1, no&nbsp;bairro Nordeste, totalmente revitalizada. Depois de receber os servi\u00e7os de&nbsp;reestrutura\u00e7\u00e3o, o espa\u00e7o foi batizado de Pra\u00e7a Toinho Amaral, em&nbsp;homenagem ao antigo morador do local que muito contribuiu para o&nbsp;desenvolvimento da comunidade. A cidade de Natal possui 270 pra\u00e7as&nbsp;p\u00fablicas, das quais 108 j\u00e1 foram [&hellip;]\" \/>\n<meta property=\"og:url\" content=\"https:\/\/blogdobispo.com.br\/?p=2791\" \/>\n<meta property=\"og:site_name\" content=\"Blog do Bispo\" \/>\n<meta property=\"article:published_time\" content=\"2024-03-05T01:46:41+00:00\" \/>\n<meta property=\"og:image\" content=\"https:\/\/blogdobispo.com.br\/wp-content\/uploads\/2024\/03\/praca-arapua-inaugurada-no-bairro-nordeste-foto-joana-lima-1024x682.jpg\" \/>\n<meta name=\"author\" content=\"Jefferson Sterfeno\" \/>\n<meta name=\"twitter:card\" content=\"summary_large_image\" \/>\n<meta name=\"twitter:label1\" content=\"Escrito por\" \/>\n\t<meta name=\"twitter:data1\" content=\"Jefferson Sterfeno\" \/>\n\t<meta name=\"twitter:label2\" content=\"Est. tempo de leitura\" \/>\n\t<meta name=\"twitter:data2\" content=\"2 minutos\" \/>\n<script type=\"application\/ld+json\" class=\"yoast-schema-graph\">{\"@context\":\"https:\/\/schema.org\",\"@graph\":[{\"@type\":\"Article\",\"@id\":\"https:\/\/blogdobispo.com.br\/?p=2791#article\",\"isPartOf\":{\"@id\":\"https:\/\/blogdobispo.com.br\/?p=2791\"},\"author\":{\"name\":\"Jefferson Sterfeno\",\"@id\":\"https:\/\/blogdobispo.com.br\/#\/schema\/person\/e2209cc0e6cea5c5233d033e997b373f\"},\"headline\":\"Prefeitura de Natal entrega no Bairro Nordeste&nbsp;108\u00aa pra\u00e7a revitalizada\",\"datePublished\":\"2024-03-05T01:46:41+00:00\",\"mainEntityOfPage\":{\"@id\":\"https:\/\/blogdobispo.com.br\/?p=2791\"},\"wordCount\":418,\"commentCount\":0,\"publisher\":{\"@id\":\"https:\/\/blogdobispo.com.br\/#organization\"},\"image\":{\"@id\":\"https:\/\/blogdobispo.com.br\/?p=2791#primaryimage\"},\"thumbnailUrl\":\"https:\/\/blogdobispo.com.br\/wp-content\/uploads\/2024\/03\/praca-arapua-inaugurada-no-bairro-nordeste-foto-joana-lima-1024x682.jpg\",\"articleSection\":[\"diversos\"],\"inLanguage\":\"pt-BR\",\"potentialAction\":[{\"@type\":\"CommentAction\",\"name\":\"Comment\",\"target\":[\"https:\/\/blogdobispo.com.br\/?p=2791#respond\"]}]},{\"@type\":\"WebPage\",\"@id\":\"https:\/\/blogdobispo.com.br\/?p=2791\",\"url\":\"https:\/\/blogdobispo.com.br\/?p=2791\",\"name\":\"Prefeitura de Natal entrega no Bairro Nordeste&nbsp;108\u00aa pra\u00e7a revitalizada - Blog do Bispo\",\"isPartOf\":{\"@id\":\"https:\/\/blogdobispo.com.br\/#website\"},\"primaryImageOfPage\":{\"@id\":\"https:\/\/blogdobispo.com.br\/?p=2791#primaryimage\"},\"image\":{\"@id\":\"https:\/\/blogdobispo.com.br\/?p=2791#primaryimage\"},\"thumbnailUrl\":\"https:\/\/blogdobispo.com.br\/wp-content\/uploads\/2024\/03\/praca-arapua-inaugurada-no-bairro-nordeste-foto-joana-lima-1024x682.jpg\",\"datePublished\":\"2024-03-05T01:46:41+00:00\",\"breadcrumb\":{\"@id\":\"https:\/\/blogdobispo.com.br\/?p=2791#breadcrumb\"},\"inLanguage\":\"pt-BR\",\"potentialAction\":[{\"@type\":\"ReadAction\",\"target\":[\"https:\/\/blogdobispo.com.br\/?p=2791\"]}]},{\"@type\":\"ImageObject\",\"inLanguage\":\"pt-BR\",\"@id\":\"https:\/\/blogdobispo.com.br\/?p=2791#primaryimage\",\"url\":\"https:\/\/blogdobispo.com.br\/wp-content\/uploads\/2024\/03\/praca-arapua-inaugurada-no-bairro-nordeste-foto-joana-lima-1024x682.jpg\",\"contentUrl\":\"https:\/\/blogdobispo.com.br\/wp-content\/uploads\/2024\/03\/praca-arapua-inaugurada-no-bairro-nordeste-foto-joana-lima-1024x682.jpg\"},{\"@type\":\"BreadcrumbList\",\"@id\":\"https:\/\/blogdobispo.com.br\/?p=2791#breadcrumb\",\"itemListElement\":[{\"@type\":\"ListItem\",\"position\":1,\"name\":\"In\u00edcio\",\"item\":\"https:\/\/blogdobispo.com.br\/\"},{\"@type\":\"ListItem\",\"position\":2,\"name\":\"Prefeitura de Natal entrega no Bairro Nordeste&nbsp;108\u00aa pra\u00e7a revitalizada\"}]},{\"@type\":\"WebSite\",\"@id\":\"https:\/\/blogdobispo.com.br\/#website\",\"url\":\"https:\/\/blogdobispo.com.br\/\",\"name\":\"Blog do Bispo\",\"description\":\"Comprometido apenas com o leitor\",\"publisher\":{\"@id\":\"https:\/\/blogdobispo.com.br\/#organization\"},\"potentialAction\":[{\"@type\":\"SearchAction\",\"target\":{\"@type\":\"EntryPoint\",\"urlTemplate\":\"https:\/\/blogdobispo.com.br\/?s={search_term_string}\"},\"query-input\":{\"@type\":\"PropertyValueSpecification\",\"valueRequired\":true,\"valueName\":\"search_term_string\"}}],\"inLanguage\":\"pt-BR\"},{\"@type\":\"Organization\",\"@id\":\"https:\/\/blogdobispo.com.br\/#organization\",\"name\":\"Blog do Bispo\",\"url\":\"https:\/\/blogdobispo.com.br\/\",\"logo\":{\"@type\":\"ImageObject\",\"inLanguage\":\"pt-BR\",\"@id\":\"https:\/\/blogdobispo.com.br\/#\/schema\/logo\/image\/\",\"url\":\"http:\/\/blogdobispo.com.br\/wp-content\/uploads\/2023\/05\/cropped-headear.png\",\"contentUrl\":\"http:\/\/blogdobispo.com.br\/wp-content\/uploads\/2023\/05\/cropped-headear.png\",\"width\":1500,\"height\":399,\"caption\":\"Blog do Bispo\"},\"image\":{\"@id\":\"https:\/\/blogdobispo.com.br\/#\/schema\/logo\/image\/\"}},{\"@type\":\"Person\",\"@id\":\"https:\/\/blogdobispo.com.br\/#\/schema\/person\/e2209cc0e6cea5c5233d033e997b373f\",\"name\":\"Jefferson Sterfeno\",\"image\":{\"@type\":\"ImageObject\",\"inLanguage\":\"pt-BR\",\"@id\":\"https:\/\/blogdobispo.com.br\/#\/schema\/person\/image\/\",\"url\":\"https:\/\/secure.gravatar.com\/avatar\/0534e84764641168a677026b6d57a3f51dc7ac4db0b4f6186d9cb330d4ee1160?s=96&d=mm&r=g\",\"contentUrl\":\"https:\/\/secure.gravatar.com\/avatar\/0534e84764641168a677026b6d57a3f51dc7ac4db0b4f6186d9cb330d4ee1160?s=96&d=mm&r=g\",\"caption\":\"Jefferson Sterfeno\"},\"sameAs\":[\"http:\/\/blogdobispo.com.br\"],\"url\":\"https:\/\/blogdobispo.com.br\/?author=1\"}]}<\/script>\n<!-- \/ Yoast SEO plugin. -->","yoast_head_json":{"title":"Prefeitura de Natal entrega no Bairro Nordeste&nbsp;108\u00aa pra\u00e7a revitalizada - Blog do Bispo","robots":{"index":"index","follow":"follow","max-snippet":"max-snippet:-1","max-image-preview":"max-image-preview:large","max-video-preview":"max-video-preview:-1"},"canonical":"https:\/\/blogdobispo.com.br\/?p=2791","og_locale":"pt_BR","og_type":"article","og_title":"Prefeitura de Natal entrega no Bairro Nordeste&nbsp;108\u00aa pra\u00e7a revitalizada - Blog do Bispo","og_description":"&nbsp; O prefeito \u00c1lvaro Dias entregou, sexta-feira passada (01), a Pra\u00e7a Arapu\u00e1, no&nbsp;bairro Nordeste, totalmente revitalizada. Depois de receber os servi\u00e7os de&nbsp;reestrutura\u00e7\u00e3o, o espa\u00e7o foi batizado de Pra\u00e7a Toinho Amaral, em&nbsp;homenagem ao antigo morador do local que muito contribuiu para o&nbsp;desenvolvimento da comunidade. A cidade de Natal possui 270 pra\u00e7as&nbsp;p\u00fablicas, das quais 108 j\u00e1 foram [&hellip;]","og_url":"https:\/\/blogdobispo.com.br\/?p=2791","og_site_name":"Blog do Bispo","article_published_time":"2024-03-05T01:46:41+00:00","og_image":[{"url":"https:\/\/blogdobispo.com.br\/wp-content\/uploads\/2024\/03\/praca-arapua-inaugurada-no-bairro-nordeste-foto-joana-lima-1024x682.jpg","type":"","width":"","height":""}],"author":"Jefferson Sterfeno","twitter_card":"summary_large_image","twitter_misc":{"Escrito por":"Jefferson Sterfeno","Est. tempo de leitura":"2 minutos"},"schema":{"@context":"https:\/\/schema.org","@graph":[{"@type":"Article","@id":"https:\/\/blogdobispo.com.br\/?p=2791#article","isPartOf":{"@id":"https:\/\/blogdobispo.com.br\/?p=2791"},"author":{"name":"Jefferson Sterfeno","@id":"https:\/\/blogdobispo.com.br\/#\/schema\/person\/e2209cc0e6cea5c5233d033e997b373f"},"headline":"Prefeitura de Natal entrega no Bairro Nordeste&nbsp;108\u00aa pra\u00e7a revitalizada","datePublished":"2024-03-05T01:46:41+00:00","mainEntityOfPage":{"@id":"https:\/\/blogdobispo.com.br\/?p=2791"},"wordCount":418,"commentCount":0,"publisher":{"@id":"https:\/\/blogdobispo.com.br\/#organization"},"image":{"@id":"https:\/\/blogdobispo.com.br\/?p=2791#primaryimage"},"thumbnailUrl":"https:\/\/blogdobispo.com.br\/wp-content\/uploads\/2024\/03\/praca-arapua-inaugurada-no-bairro-nordeste-foto-joana-lima-1024x682.jpg","articleSection":["diversos"],"inLanguage":"pt-BR","potentialAction":[{"@type":"CommentAction","name":"Comment","target":["https:\/\/blogdobispo.com.br\/?p=2791#respond"]}]},{"@type":"WebPage","@id":"https:\/\/blogdobispo.com.br\/?p=2791","url":"https:\/\/blogdobispo.com.br\/?p=2791","name":"Prefeitura de Natal entrega no Bairro Nordeste&nbsp;108\u00aa pra\u00e7a revitalizada - Blog do Bispo","isPartOf":{"@id":"https:\/\/blogdobispo.com.br\/#website"},"primaryImageOfPage":{"@id":"https:\/\/blogdobispo.com.br\/?p=2791#primaryimage"},"image":{"@id":"https:\/\/blogdobispo.com.br\/?p=2791#primaryimage"},"thumbnailUrl":"https:\/\/blogdobispo.com.br\/wp-content\/uploads\/2024\/03\/praca-arapua-inaugurada-no-bairro-nordeste-foto-joana-lima-1024x682.jpg","datePublished":"2024-03-05T01:46:41+00:00","breadcrumb":{"@id":"https:\/\/blogdobispo.com.br\/?p=2791#breadcrumb"},"inLanguage":"pt-BR","potentialAction":[{"@type":"ReadAction","target":["https:\/\/blogdobispo.com.br\/?p=2791"]}]},{"@type":"ImageObject","inLanguage":"pt-BR","@id":"https:\/\/blogdobispo.com.br\/?p=2791#primaryimage","url":"https:\/\/blogdobispo.com.br\/wp-content\/uploads\/2024\/03\/praca-arapua-inaugurada-no-bairro-nordeste-foto-joana-lima-1024x682.jpg","contentUrl":"https:\/\/blogdobispo.com.br\/wp-content\/uploads\/2024\/03\/praca-arapua-inaugurada-no-bairro-nordeste-foto-joana-lima-1024x682.jpg"},{"@type":"BreadcrumbList","@id":"https:\/\/blogdobispo.com.br\/?p=2791#breadcrumb","itemListElement":[{"@type":"ListItem","position":1,"name":"In\u00edcio","item":"https:\/\/blogdobispo.com.br\/"},{"@type":"ListItem","position":2,"name":"Prefeitura de Natal entrega no Bairro Nordeste&nbsp;108\u00aa pra\u00e7a revitalizada"}]},{"@type":"WebSite","@id":"https:\/\/blogdobispo.com.br\/#website","url":"https:\/\/blogdobispo.com.br\/","name":"Blog do Bispo","description":"Comprometido apenas com o leitor","publisher":{"@id":"https:\/\/blogdobispo.com.br\/#organization"},"potentialAction":[{"@type":"SearchAction","target":{"@type":"EntryPoint","urlTemplate":"https:\/\/blogdobispo.com.br\/?s={search_term_string}"},"query-input":{"@type":"PropertyValueSpecification","valueRequired":true,"valueName":"search_term_string"}}],"inLanguage":"pt-BR"},{"@type":"Organization","@id":"https:\/\/blogdobispo.com.br\/#organization","name":"Blog do Bispo","url":"https:\/\/blogdobispo.com.br\/","logo":{"@type":"ImageObject","inLanguage":"pt-BR","@id":"https:\/\/blogdobispo.com.br\/#\/schema\/logo\/image\/","url":"http:\/\/blogdobispo.com.br\/wp-content\/uploads\/2023\/05\/cropped-headear.png","contentUrl":"http:\/\/blogdobispo.com.br\/wp-content\/uploads\/2023\/05\/cropped-headear.png","width":1500,"height":399,"caption":"Blog do Bispo"},"image":{"@id":"https:\/\/blogdobispo.com.br\/#\/schema\/logo\/image\/"}},{"@type":"Person","@id":"https:\/\/blogdobispo.com.br\/#\/schema\/person\/e2209cc0e6cea5c5233d033e997b373f","name":"Jefferson Sterfeno","image":{"@type":"ImageObject","inLanguage":"pt-BR","@id":"https:\/\/blogdobispo.com.br\/#\/schema\/person\/image\/","url":"https:\/\/secure.gravatar.com\/avatar\/0534e84764641168a677026b6d57a3f51dc7ac4db0b4f6186d9cb330d4ee1160?s=96&d=mm&r=g","contentUrl":"https:\/\/secure.gravatar.com\/avatar\/0534e84764641168a677026b6d57a3f51dc7ac4db0b4f6186d9cb330d4ee1160?s=96&d=mm&r=g","caption":"Jefferson Sterfeno"},"sameAs":["http:\/\/blogdobispo.com.br"],"url":"https:\/\/blogdobispo.com.br\/?author=1"}]}},"featured_image_urls":{"full":"","thumbnail":"","medium":"","medium_large":"","large":"","1536x1536":"","2048x2048":""},"author_info":{"display_name":"Jefferson Sterfeno","author_link":"https:\/\/blogdobispo.com.br\/?author=1"},"category_info":"<a href=\"https:\/\/blogdobispo.com.br\/?cat=1\" rel=\"category\">diversos<\/a>","tag_info":"diversos","comment_count":"0","jetpack_featured_media_url":"","jetpack_sharing_enabled":true,"_links":{"self":[{"href":"https:\/\/blogdobispo.com.br\/index.php?rest_route=\/wp\/v2\/posts\/2791","targetHints":{"allow":["GET"]}}],"collection":[{"href":"https:\/\/blogdobispo.com.br\/index.php?rest_route=\/wp\/v2\/posts"}],"about":[{"href":"https:\/\/blogdobispo.com.br\/index.php?rest_route=\/wp\/v2\/types\/post"}],"author":[{"embeddable":true,"href":"https:\/\/blogdobispo.com.br\/index.php?rest_route=\/wp\/v2\/users\/1"}],"replies":[{"embeddable":true,"href":"https:\/\/blogdobispo.com.br\/index.php?rest_route=%2Fwp%2Fv2%2Fcomments&post=2791"}],"version-history":[{"count":0,"href":"https:\/\/blogdobispo.com.br\/index.php?rest_route=\/wp\/v2\/posts\/2791\/revisions"}],"wp:attachment":[{"href":"https:\/\/blogdobispo.com.br\/index.php?rest_route=%2Fwp%2Fv2%2Fmedia&parent=2791"}],"wp:term":[{"taxonomy":"category","embeddable":true,"href":"https:\/\/blogdobispo.com.br\/index.php?rest_route=%2Fwp%2Fv2%2Fcategories&post=2791"},{"taxonomy":"post_tag","embeddable":true,"href":"https:\/\/blogdobispo.com.br\/index.php?rest_route=%2Fwp%2Fv2%2Ftags&post=2791"}],"curies":[{"name":"wp","href":"https:\/\/api.w.org\/{rel}","templated":true}]}}