{"id":2764,"date":"2024-02-28T19:51:55","date_gmt":"2024-02-28T19:51:55","guid":{"rendered":"https:\/\/blogdobispo.com.br\/?p=2764"},"modified":"2024-02-28T19:51:55","modified_gmt":"2024-02-28T19:51:55","slug":"genios-siameses-e-junior-chico-sao-destaques-na-programacao-especial-de-2-anos-do-natal-comedy-club","status":"publish","type":"post","link":"https:\/\/blogdobispo.com.br\/?p=2764","title":{"rendered":"G\u00eanios Siameses e J\u00fanior Chic\u00f3 s\u00e3o destaques na programa\u00e7\u00e3o especial de 2 anos do Natal Comedy Club"},"content":{"rendered":"\n<figure class=\"wp-block-image size-large\"><img data-recalc-dims=\"1\" fetchpriority=\"high\" decoding=\"async\" width=\"800\" height=\"370\" src=\"https:\/\/i0.wp.com\/blogdobispo.com.br\/wp-content\/uploads\/2024\/02\/28694eef-63a9-4a32-8a8a-1eb4ef993fe9-1.jpg?resize=800%2C370&#038;ssl=1\" class=\"wp-image-2763\" srcset=\"https:\/\/i0.wp.com\/blogdobispo.com.br\/wp-content\/uploads\/2024\/02\/28694eef-63a9-4a32-8a8a-1eb4ef993fe9-1.jpg?w=864&amp;ssl=1 864w, https:\/\/i0.wp.com\/blogdobispo.com.br\/wp-content\/uploads\/2024\/02\/28694eef-63a9-4a32-8a8a-1eb4ef993fe9-1.jpg?resize=300%2C139&amp;ssl=1 300w, https:\/\/i0.wp.com\/blogdobispo.com.br\/wp-content\/uploads\/2024\/02\/28694eef-63a9-4a32-8a8a-1eb4ef993fe9-1.jpg?resize=768%2C356&amp;ssl=1 768w\" sizes=\"(max-width: 800px) 100vw, 800px\" \/><\/figure>\n\n\n\n<p><\/p>\n\n\n\n<p><\/p>\n\n\n\n<p>Nomes do humor nacional v\u00e3o subir ao palco do Natal Comedy Club nesta semana. A casa completa 2 anos de funcionamento e est\u00e1 com uma programa\u00e7\u00e3o especial. No dia 1\u00b0 de mar\u00e7o, o clubinho recebe o show &#8220;G\u00eanios Siameses&#8221;, com a dupla de comediantes Abner Dantas e Cassius Ogro. Mergulhando de cabe\u00e7a em temas provocativos e controversos, o espet\u00e1culo \u00e9 uma celebra\u00e7\u00e3o \u00e0 liberdade de express\u00e3o, garantindo risadas incessantes e uma experi\u00eancia \u00fanica de com\u00e9dia.<\/p>\n\n\n\n<p>Com humor afiado e muita personalidade, a dupla conquistou o cora\u00e7\u00e3o do p\u00fablico em todo o pa\u00eds com um trabalho aut\u00eantico. Apelidados de \u201cgangsters da com\u00e9dia\u201d, fazem piadas com tudo e todos sem nenhum tipo de parcialidade, a \u00fanica preocupa\u00e7\u00e3o s\u00e3o as risadas do p\u00fablico.<\/p>\n\n\n\n<p>No dia seguinte, 2 de mar\u00e7o, o humorista Junior Chic\u00f3 apresenta seu show solo &#8220;Como Partir o Cora\u00e7\u00e3o de um Aquariano&#8221;, trazendo ao palco suas hil\u00e1rias desventuras amorosas. Conhecido por sua autenticidade e humor sem pudores, Chic\u00f3 compartilha com o p\u00fablico as perip\u00e9cias de um cora\u00e7\u00e3o apaixonado, prometendo uma noite de divers\u00e3o e identifica\u00e7\u00e3o.<\/p>\n\n\n\n<p>J\u00fanior Chic\u00f3 apresentar\u00e1 na casa em duas sess\u00f5es, seu show de stand-up comedy intitulado \u201cComo Partir o Cora\u00e7\u00e3o de um Aquariano\u201d. Em seu espet\u00e1culo solo, utiliza o bom humor para narrar os desastres amorosos vivenciados ao longo de sua vida. Como um leg\u00edtimo aquariano, o humorista n\u00e3o hesita em compartilhar no palco os motivos pelos quais j\u00e1 se viu chorando, escorregando pela parede do banheiro, ao som de Celine Dion.<\/p>\n\n\n\n<p><em>Programa\u00e7\u00e3o come\u00e7a na quinta-feira (29)<\/em><\/p>\n\n\n\n<p>Na programa\u00e7\u00e3o da quinta-feira, 29 de fevereiro, a Casa apresentar\u00e1 o \u00faltimo show da temporada do &#8220;F\u00e1brica de Piadas&#8221;. O evento re\u00fane um elenco variado de humoristas do RN para uma noite de testes de piadas, convidados especiais e a grava\u00e7\u00e3o do quadro &#8220;Hora Extra&#8221;, oferecendo uma oportunidade \u00fanica para conferir o talento local e descobrir novos favoritos no mundo da com\u00e9dia.<\/p>\n\n\n\n<p>Para fechar com chave de ouro a semana, o Clubinho celebra seu segundo anivers\u00e1rio no domingo, 03 de mar\u00e7o. A programa\u00e7\u00e3o conta com um festival que promete ser marcante, reunindo grandes nomes da com\u00e9dia potiguar. O &#8220;FESTIVAL ANIVERS\u00c1RIO 02 ANOS&#8221; ser\u00e1 uma garantia de muitos risos e divers\u00e3o, em uma noite dedicada a celebrar os sucessos e a alegria que o humor proporciona com v\u00e1rios nomes da cena local da com\u00e9dia stand up. Os ingressos est\u00e3o \u00e0 venda em outgo.com.br.<\/p>\n\n\n\n<p><em>Sobre o Natal Comedy Club<\/em><\/p>\n\n\n\n<p>O Natal Comedy Club \u00e9 o primeiro clube de com\u00e9dia do Rio Grande do Norte fundado em mar\u00e7o de 2022 com o objetivo de fomentar e valorizar a cena do humor potiguar. Com quase dois anos de hist\u00f3ria tem sido um sucesso de p\u00fablico e cr\u00edtica. \u00c9 administrado pela Idearte Produ\u00e7\u00f5es, do jornalista e produtor cultural Amaury Ver\u00edssimo J\u00fanior.<\/p>\n\n\n\n<p>O Clubinho, como \u00e9 carinhosamente conhecido, est\u00e1 localizado na Av. Sen. Salgado Filho, 3510, em Candel\u00e1ria. Para mais informa\u00e7\u00f5es, entre em contato pelo telefone (84) 99146-0743 ou siga o perfil oficial no Instagram @natalcomedyclub.<\/p>\n\n\n\n<hr class=\"wp-block-separator has-alpha-channel-opacity\"\/>\n\n\n\n<p>Informa\u00e7\u00f5es \u00e0 Imprensa:<br>Poss Comunica\u00e7\u00e3o, Gest\u00e3o e Cultura<br>Wender Gomes &#8211; DRT 1974\/RN<br>(84) 99175-7289<\/p>\n","protected":false},"excerpt":{"rendered":"<p>Nomes do humor nacional v\u00e3o subir ao palco do Natal Comedy Club nesta semana. A casa completa 2 anos de funcionamento e est\u00e1 com uma programa\u00e7\u00e3o especial. No dia 1\u00b0 de mar\u00e7o, o clubinho recebe o show &#8220;G\u00eanios Siameses&#8221;, com a dupla de comediantes Abner Dantas e Cassius Ogro. Mergulhando de cabe\u00e7a em temas provocativos [&hellip;]<\/p>\n","protected":false},"author":1,"featured_media":0,"comment_status":"open","ping_status":"open","sticky":false,"template":"","format":"standard","meta":{"cybocfi_hide_featured_image":"","_jetpack_memberships_contains_paid_content":false,"footnotes":""},"categories":[1],"tags":[],"class_list":["post-2764","post","type-post","status-publish","format-standard","hentry","category-diversos"],"yoast_head":"<!-- This site is optimized with the Yoast SEO plugin v25.6 - https:\/\/yoast.com\/wordpress\/plugins\/seo\/ -->\n<title>G\u00eanios Siameses e J\u00fanior Chic\u00f3 s\u00e3o destaques na programa\u00e7\u00e3o especial de 2 anos do Natal Comedy Club - Blog do Bispo<\/title>\n<meta name=\"robots\" content=\"index, follow, max-snippet:-1, max-image-preview:large, max-video-preview:-1\" \/>\n<link rel=\"canonical\" href=\"https:\/\/blogdobispo.com.br\/?p=2764\" \/>\n<meta property=\"og:locale\" content=\"pt_BR\" \/>\n<meta property=\"og:type\" content=\"article\" \/>\n<meta property=\"og:title\" content=\"G\u00eanios Siameses e J\u00fanior Chic\u00f3 s\u00e3o destaques na programa\u00e7\u00e3o especial de 2 anos do Natal Comedy Club - Blog do Bispo\" \/>\n<meta property=\"og:description\" content=\"Nomes do humor nacional v\u00e3o subir ao palco do Natal Comedy Club nesta semana. A casa completa 2 anos de funcionamento e est\u00e1 com uma programa\u00e7\u00e3o especial. No dia 1\u00b0 de mar\u00e7o, o clubinho recebe o show &#8220;G\u00eanios Siameses&#8221;, com a dupla de comediantes Abner Dantas e Cassius Ogro. Mergulhando de cabe\u00e7a em temas provocativos [&hellip;]\" \/>\n<meta property=\"og:url\" content=\"https:\/\/blogdobispo.com.br\/?p=2764\" \/>\n<meta property=\"og:site_name\" content=\"Blog do Bispo\" \/>\n<meta property=\"article:published_time\" content=\"2024-02-28T19:51:55+00:00\" \/>\n<meta property=\"og:image\" content=\"https:\/\/blogdobispo.com.br\/wp-content\/uploads\/2024\/02\/28694eef-63a9-4a32-8a8a-1eb4ef993fe9-1.jpg\" \/>\n<meta name=\"author\" content=\"Jefferson Sterfeno\" \/>\n<meta name=\"twitter:card\" content=\"summary_large_image\" \/>\n<meta name=\"twitter:label1\" content=\"Escrito por\" \/>\n\t<meta name=\"twitter:data1\" content=\"Jefferson Sterfeno\" \/>\n\t<meta name=\"twitter:label2\" content=\"Est. tempo de leitura\" \/>\n\t<meta name=\"twitter:data2\" content=\"3 minutos\" \/>\n<script type=\"application\/ld+json\" class=\"yoast-schema-graph\">{\"@context\":\"https:\/\/schema.org\",\"@graph\":[{\"@type\":\"Article\",\"@id\":\"https:\/\/blogdobispo.com.br\/?p=2764#article\",\"isPartOf\":{\"@id\":\"https:\/\/blogdobispo.com.br\/?p=2764\"},\"author\":{\"name\":\"Jefferson Sterfeno\",\"@id\":\"https:\/\/blogdobispo.com.br\/#\/schema\/person\/e2209cc0e6cea5c5233d033e997b373f\"},\"headline\":\"G\u00eanios Siameses e J\u00fanior Chic\u00f3 s\u00e3o destaques na programa\u00e7\u00e3o especial de 2 anos do Natal Comedy Club\",\"datePublished\":\"2024-02-28T19:51:55+00:00\",\"mainEntityOfPage\":{\"@id\":\"https:\/\/blogdobispo.com.br\/?p=2764\"},\"wordCount\":568,\"commentCount\":0,\"publisher\":{\"@id\":\"https:\/\/blogdobispo.com.br\/#organization\"},\"image\":{\"@id\":\"https:\/\/blogdobispo.com.br\/?p=2764#primaryimage\"},\"thumbnailUrl\":\"https:\/\/blogdobispo.com.br\/wp-content\/uploads\/2024\/02\/28694eef-63a9-4a32-8a8a-1eb4ef993fe9-1.jpg\",\"articleSection\":[\"diversos\"],\"inLanguage\":\"pt-BR\",\"potentialAction\":[{\"@type\":\"CommentAction\",\"name\":\"Comment\",\"target\":[\"https:\/\/blogdobispo.com.br\/?p=2764#respond\"]}]},{\"@type\":\"WebPage\",\"@id\":\"https:\/\/blogdobispo.com.br\/?p=2764\",\"url\":\"https:\/\/blogdobispo.com.br\/?p=2764\",\"name\":\"G\u00eanios Siameses e J\u00fanior Chic\u00f3 s\u00e3o destaques na programa\u00e7\u00e3o especial de 2 anos do Natal Comedy Club - Blog do Bispo\",\"isPartOf\":{\"@id\":\"https:\/\/blogdobispo.com.br\/#website\"},\"primaryImageOfPage\":{\"@id\":\"https:\/\/blogdobispo.com.br\/?p=2764#primaryimage\"},\"image\":{\"@id\":\"https:\/\/blogdobispo.com.br\/?p=2764#primaryimage\"},\"thumbnailUrl\":\"https:\/\/blogdobispo.com.br\/wp-content\/uploads\/2024\/02\/28694eef-63a9-4a32-8a8a-1eb4ef993fe9-1.jpg\",\"datePublished\":\"2024-02-28T19:51:55+00:00\",\"breadcrumb\":{\"@id\":\"https:\/\/blogdobispo.com.br\/?p=2764#breadcrumb\"},\"inLanguage\":\"pt-BR\",\"potentialAction\":[{\"@type\":\"ReadAction\",\"target\":[\"https:\/\/blogdobispo.com.br\/?p=2764\"]}]},{\"@type\":\"ImageObject\",\"inLanguage\":\"pt-BR\",\"@id\":\"https:\/\/blogdobispo.com.br\/?p=2764#primaryimage\",\"url\":\"https:\/\/blogdobispo.com.br\/wp-content\/uploads\/2024\/02\/28694eef-63a9-4a32-8a8a-1eb4ef993fe9-1.jpg\",\"contentUrl\":\"https:\/\/blogdobispo.com.br\/wp-content\/uploads\/2024\/02\/28694eef-63a9-4a32-8a8a-1eb4ef993fe9-1.jpg\"},{\"@type\":\"BreadcrumbList\",\"@id\":\"https:\/\/blogdobispo.com.br\/?p=2764#breadcrumb\",\"itemListElement\":[{\"@type\":\"ListItem\",\"position\":1,\"name\":\"In\u00edcio\",\"item\":\"https:\/\/blogdobispo.com.br\/\"},{\"@type\":\"ListItem\",\"position\":2,\"name\":\"G\u00eanios Siameses e J\u00fanior Chic\u00f3 s\u00e3o destaques na programa\u00e7\u00e3o especial de 2 anos do Natal Comedy Club\"}]},{\"@type\":\"WebSite\",\"@id\":\"https:\/\/blogdobispo.com.br\/#website\",\"url\":\"https:\/\/blogdobispo.com.br\/\",\"name\":\"Blog do Bispo\",\"description\":\"Comprometido apenas com o leitor\",\"publisher\":{\"@id\":\"https:\/\/blogdobispo.com.br\/#organization\"},\"potentialAction\":[{\"@type\":\"SearchAction\",\"target\":{\"@type\":\"EntryPoint\",\"urlTemplate\":\"https:\/\/blogdobispo.com.br\/?s={search_term_string}\"},\"query-input\":{\"@type\":\"PropertyValueSpecification\",\"valueRequired\":true,\"valueName\":\"search_term_string\"}}],\"inLanguage\":\"pt-BR\"},{\"@type\":\"Organization\",\"@id\":\"https:\/\/blogdobispo.com.br\/#organization\",\"name\":\"Blog do Bispo\",\"url\":\"https:\/\/blogdobispo.com.br\/\",\"logo\":{\"@type\":\"ImageObject\",\"inLanguage\":\"pt-BR\",\"@id\":\"https:\/\/blogdobispo.com.br\/#\/schema\/logo\/image\/\",\"url\":\"http:\/\/blogdobispo.com.br\/wp-content\/uploads\/2023\/05\/cropped-headear.png\",\"contentUrl\":\"http:\/\/blogdobispo.com.br\/wp-content\/uploads\/2023\/05\/cropped-headear.png\",\"width\":1500,\"height\":399,\"caption\":\"Blog do Bispo\"},\"image\":{\"@id\":\"https:\/\/blogdobispo.com.br\/#\/schema\/logo\/image\/\"}},{\"@type\":\"Person\",\"@id\":\"https:\/\/blogdobispo.com.br\/#\/schema\/person\/e2209cc0e6cea5c5233d033e997b373f\",\"name\":\"Jefferson Sterfeno\",\"image\":{\"@type\":\"ImageObject\",\"inLanguage\":\"pt-BR\",\"@id\":\"https:\/\/blogdobispo.com.br\/#\/schema\/person\/image\/\",\"url\":\"https:\/\/secure.gravatar.com\/avatar\/0534e84764641168a677026b6d57a3f51dc7ac4db0b4f6186d9cb330d4ee1160?s=96&d=mm&r=g\",\"contentUrl\":\"https:\/\/secure.gravatar.com\/avatar\/0534e84764641168a677026b6d57a3f51dc7ac4db0b4f6186d9cb330d4ee1160?s=96&d=mm&r=g\",\"caption\":\"Jefferson Sterfeno\"},\"sameAs\":[\"http:\/\/blogdobispo.com.br\"],\"url\":\"https:\/\/blogdobispo.com.br\/?author=1\"}]}<\/script>\n<!-- \/ Yoast SEO plugin. -->","yoast_head_json":{"title":"G\u00eanios Siameses e J\u00fanior Chic\u00f3 s\u00e3o destaques na programa\u00e7\u00e3o especial de 2 anos do Natal Comedy Club - Blog do Bispo","robots":{"index":"index","follow":"follow","max-snippet":"max-snippet:-1","max-image-preview":"max-image-preview:large","max-video-preview":"max-video-preview:-1"},"canonical":"https:\/\/blogdobispo.com.br\/?p=2764","og_locale":"pt_BR","og_type":"article","og_title":"G\u00eanios Siameses e J\u00fanior Chic\u00f3 s\u00e3o destaques na programa\u00e7\u00e3o especial de 2 anos do Natal Comedy Club - Blog do Bispo","og_description":"Nomes do humor nacional v\u00e3o subir ao palco do Natal Comedy Club nesta semana. A casa completa 2 anos de funcionamento e est\u00e1 com uma programa\u00e7\u00e3o especial. No dia 1\u00b0 de mar\u00e7o, o clubinho recebe o show &#8220;G\u00eanios Siameses&#8221;, com a dupla de comediantes Abner Dantas e Cassius Ogro. Mergulhando de cabe\u00e7a em temas provocativos [&hellip;]","og_url":"https:\/\/blogdobispo.com.br\/?p=2764","og_site_name":"Blog do Bispo","article_published_time":"2024-02-28T19:51:55+00:00","og_image":[{"url":"https:\/\/blogdobispo.com.br\/wp-content\/uploads\/2024\/02\/28694eef-63a9-4a32-8a8a-1eb4ef993fe9-1.jpg","type":"","width":"","height":""}],"author":"Jefferson Sterfeno","twitter_card":"summary_large_image","twitter_misc":{"Escrito por":"Jefferson Sterfeno","Est. tempo de leitura":"3 minutos"},"schema":{"@context":"https:\/\/schema.org","@graph":[{"@type":"Article","@id":"https:\/\/blogdobispo.com.br\/?p=2764#article","isPartOf":{"@id":"https:\/\/blogdobispo.com.br\/?p=2764"},"author":{"name":"Jefferson Sterfeno","@id":"https:\/\/blogdobispo.com.br\/#\/schema\/person\/e2209cc0e6cea5c5233d033e997b373f"},"headline":"G\u00eanios Siameses e J\u00fanior Chic\u00f3 s\u00e3o destaques na programa\u00e7\u00e3o especial de 2 anos do Natal Comedy Club","datePublished":"2024-02-28T19:51:55+00:00","mainEntityOfPage":{"@id":"https:\/\/blogdobispo.com.br\/?p=2764"},"wordCount":568,"commentCount":0,"publisher":{"@id":"https:\/\/blogdobispo.com.br\/#organization"},"image":{"@id":"https:\/\/blogdobispo.com.br\/?p=2764#primaryimage"},"thumbnailUrl":"https:\/\/blogdobispo.com.br\/wp-content\/uploads\/2024\/02\/28694eef-63a9-4a32-8a8a-1eb4ef993fe9-1.jpg","articleSection":["diversos"],"inLanguage":"pt-BR","potentialAction":[{"@type":"CommentAction","name":"Comment","target":["https:\/\/blogdobispo.com.br\/?p=2764#respond"]}]},{"@type":"WebPage","@id":"https:\/\/blogdobispo.com.br\/?p=2764","url":"https:\/\/blogdobispo.com.br\/?p=2764","name":"G\u00eanios Siameses e J\u00fanior Chic\u00f3 s\u00e3o destaques na programa\u00e7\u00e3o especial de 2 anos do Natal Comedy Club - Blog do Bispo","isPartOf":{"@id":"https:\/\/blogdobispo.com.br\/#website"},"primaryImageOfPage":{"@id":"https:\/\/blogdobispo.com.br\/?p=2764#primaryimage"},"image":{"@id":"https:\/\/blogdobispo.com.br\/?p=2764#primaryimage"},"thumbnailUrl":"https:\/\/blogdobispo.com.br\/wp-content\/uploads\/2024\/02\/28694eef-63a9-4a32-8a8a-1eb4ef993fe9-1.jpg","datePublished":"2024-02-28T19:51:55+00:00","breadcrumb":{"@id":"https:\/\/blogdobispo.com.br\/?p=2764#breadcrumb"},"inLanguage":"pt-BR","potentialAction":[{"@type":"ReadAction","target":["https:\/\/blogdobispo.com.br\/?p=2764"]}]},{"@type":"ImageObject","inLanguage":"pt-BR","@id":"https:\/\/blogdobispo.com.br\/?p=2764#primaryimage","url":"https:\/\/blogdobispo.com.br\/wp-content\/uploads\/2024\/02\/28694eef-63a9-4a32-8a8a-1eb4ef993fe9-1.jpg","contentUrl":"https:\/\/blogdobispo.com.br\/wp-content\/uploads\/2024\/02\/28694eef-63a9-4a32-8a8a-1eb4ef993fe9-1.jpg"},{"@type":"BreadcrumbList","@id":"https:\/\/blogdobispo.com.br\/?p=2764#breadcrumb","itemListElement":[{"@type":"ListItem","position":1,"name":"In\u00edcio","item":"https:\/\/blogdobispo.com.br\/"},{"@type":"ListItem","position":2,"name":"G\u00eanios Siameses e J\u00fanior Chic\u00f3 s\u00e3o destaques na programa\u00e7\u00e3o especial de 2 anos do Natal Comedy Club"}]},{"@type":"WebSite","@id":"https:\/\/blogdobispo.com.br\/#website","url":"https:\/\/blogdobispo.com.br\/","name":"Blog do Bispo","description":"Comprometido apenas com o leitor","publisher":{"@id":"https:\/\/blogdobispo.com.br\/#organization"},"potentialAction":[{"@type":"SearchAction","target":{"@type":"EntryPoint","urlTemplate":"https:\/\/blogdobispo.com.br\/?s={search_term_string}"},"query-input":{"@type":"PropertyValueSpecification","valueRequired":true,"valueName":"search_term_string"}}],"inLanguage":"pt-BR"},{"@type":"Organization","@id":"https:\/\/blogdobispo.com.br\/#organization","name":"Blog do Bispo","url":"https:\/\/blogdobispo.com.br\/","logo":{"@type":"ImageObject","inLanguage":"pt-BR","@id":"https:\/\/blogdobispo.com.br\/#\/schema\/logo\/image\/","url":"http:\/\/blogdobispo.com.br\/wp-content\/uploads\/2023\/05\/cropped-headear.png","contentUrl":"http:\/\/blogdobispo.com.br\/wp-content\/uploads\/2023\/05\/cropped-headear.png","width":1500,"height":399,"caption":"Blog do Bispo"},"image":{"@id":"https:\/\/blogdobispo.com.br\/#\/schema\/logo\/image\/"}},{"@type":"Person","@id":"https:\/\/blogdobispo.com.br\/#\/schema\/person\/e2209cc0e6cea5c5233d033e997b373f","name":"Jefferson Sterfeno","image":{"@type":"ImageObject","inLanguage":"pt-BR","@id":"https:\/\/blogdobispo.com.br\/#\/schema\/person\/image\/","url":"https:\/\/secure.gravatar.com\/avatar\/0534e84764641168a677026b6d57a3f51dc7ac4db0b4f6186d9cb330d4ee1160?s=96&d=mm&r=g","contentUrl":"https:\/\/secure.gravatar.com\/avatar\/0534e84764641168a677026b6d57a3f51dc7ac4db0b4f6186d9cb330d4ee1160?s=96&d=mm&r=g","caption":"Jefferson Sterfeno"},"sameAs":["http:\/\/blogdobispo.com.br"],"url":"https:\/\/blogdobispo.com.br\/?author=1"}]}},"featured_image_urls":{"full":"","thumbnail":"","medium":"","medium_large":"","large":"","1536x1536":"","2048x2048":""},"author_info":{"display_name":"Jefferson Sterfeno","author_link":"https:\/\/blogdobispo.com.br\/?author=1"},"category_info":"<a href=\"https:\/\/blogdobispo.com.br\/?cat=1\" rel=\"category\">diversos<\/a>","tag_info":"diversos","comment_count":"0","jetpack_featured_media_url":"","jetpack_sharing_enabled":true,"_links":{"self":[{"href":"https:\/\/blogdobispo.com.br\/index.php?rest_route=\/wp\/v2\/posts\/2764","targetHints":{"allow":["GET"]}}],"collection":[{"href":"https:\/\/blogdobispo.com.br\/index.php?rest_route=\/wp\/v2\/posts"}],"about":[{"href":"https:\/\/blogdobispo.com.br\/index.php?rest_route=\/wp\/v2\/types\/post"}],"author":[{"embeddable":true,"href":"https:\/\/blogdobispo.com.br\/index.php?rest_route=\/wp\/v2\/users\/1"}],"replies":[{"embeddable":true,"href":"https:\/\/blogdobispo.com.br\/index.php?rest_route=%2Fwp%2Fv2%2Fcomments&post=2764"}],"version-history":[{"count":0,"href":"https:\/\/blogdobispo.com.br\/index.php?rest_route=\/wp\/v2\/posts\/2764\/revisions"}],"wp:attachment":[{"href":"https:\/\/blogdobispo.com.br\/index.php?rest_route=%2Fwp%2Fv2%2Fmedia&parent=2764"}],"wp:term":[{"taxonomy":"category","embeddable":true,"href":"https:\/\/blogdobispo.com.br\/index.php?rest_route=%2Fwp%2Fv2%2Fcategories&post=2764"},{"taxonomy":"post_tag","embeddable":true,"href":"https:\/\/blogdobispo.com.br\/index.php?rest_route=%2Fwp%2Fv2%2Ftags&post=2764"}],"curies":[{"name":"wp","href":"https:\/\/api.w.org\/{rel}","templated":true}]}}