{"id":2762,"date":"2024-02-28T14:24:01","date_gmt":"2024-02-28T14:24:01","guid":{"rendered":"https:\/\/blogdobispo.com.br\/?p=2762"},"modified":"2024-02-28T14:24:01","modified_gmt":"2024-02-28T14:24:01","slug":"vereador-kleber-fernandes-republicanos-denuncia-alarmantes-dados-do-censo-da-educacao-na-cmn","status":"publish","type":"post","link":"https:\/\/blogdobispo.com.br\/?p=2762","title":{"rendered":"Vereador Kleber Fernandes (Republicanos) denuncia alarmantes dados do Censo da Educa\u00e7\u00e3o na CMN"},"content":{"rendered":"\n<figure class=\"wp-block-image size-large\"><img data-recalc-dims=\"1\" fetchpriority=\"high\" decoding=\"async\" width=\"800\" height=\"538\" src=\"https:\/\/i0.wp.com\/blogdobispo.com.br\/wp-content\/uploads\/2024\/02\/5905ccb4-4d39-4c48-9594-b7953e99cb57-1-1024x689.jpg?resize=800%2C538&#038;ssl=1\" class=\"wp-image-2761\" srcset=\"https:\/\/i0.wp.com\/blogdobispo.com.br\/wp-content\/uploads\/2024\/02\/5905ccb4-4d39-4c48-9594-b7953e99cb57-1.jpg?resize=1024%2C689&amp;ssl=1 1024w, https:\/\/i0.wp.com\/blogdobispo.com.br\/wp-content\/uploads\/2024\/02\/5905ccb4-4d39-4c48-9594-b7953e99cb57-1.jpg?resize=300%2C202&amp;ssl=1 300w, https:\/\/i0.wp.com\/blogdobispo.com.br\/wp-content\/uploads\/2024\/02\/5905ccb4-4d39-4c48-9594-b7953e99cb57-1.jpg?resize=768%2C517&amp;ssl=1 768w, https:\/\/i0.wp.com\/blogdobispo.com.br\/wp-content\/uploads\/2024\/02\/5905ccb4-4d39-4c48-9594-b7953e99cb57-1.jpg?resize=1536%2C1034&amp;ssl=1 1536w, https:\/\/i0.wp.com\/blogdobispo.com.br\/wp-content\/uploads\/2024\/02\/5905ccb4-4d39-4c48-9594-b7953e99cb57-1.jpg?w=1600&amp;ssl=1 1600w\" sizes=\"(max-width: 800px) 100vw, 800px\" \/><\/figure>\n\n\n\n<p><\/p>\n\n\n\n<p>Em um discurso contundente na tribuna da C\u00e2mara Municipal do Natal nesta ter\u00e7a-feira (27), o vereador Kleber Fernandes (Republicanos) trouxe \u00e0 tona preocupantes dados do Censo da Educa\u00e7\u00e3o de 2023. Revelados pelo Minist\u00e9rio da Educa\u00e7\u00e3o (MEC), os n\u00fameros apontam que o Rio Grande do Norte ostenta a lament\u00e1vel posi\u00e7\u00e3o de pior taxa de distor\u00e7\u00e3o idade-s\u00e9rie no ensino m\u00e9dio do pa\u00eds, afetando 39,1% dos estudantes. Para o parlamentar, essa realidade representa um &#8220;trof\u00e9u&#8221; vergonhoso e inaceit\u00e1vel para o estado.<\/p>\n\n\n\n<p>Kleber enfatizou a gravidade da situa\u00e7\u00e3o, destacando que mais de um ter\u00e7o dos jovens potiguares n\u00e3o est\u00e3o na s\u00e9rie adequada para suas idades. \u201cTamanho absurdo e vergonha nacional para o RN ser premiado com esse trof\u00e9u. Trof\u00e9u que o RN n\u00e3o merecia ter ganho. O que que isso significa? \u00c9 que mais de um ter\u00e7o dos nossos jovens n\u00e3o est\u00e3o na s\u00e9rie adequada, nivelada para sua idade\u201d, alertou.<\/p>\n\n\n\n<p>Em suas palavras, o parlamentar expressou seu descontentamento e alertou para as consequ\u00eancias devastadoras que isso acarreta. Ele ressaltou a preocupa\u00e7\u00e3o com o aumento do n\u00famero de jovens repetindo de ano, abandonando as salas de aula e enfrentando dificuldades de aprendizagem. Em sua fala, Kleber lan\u00e7ou um apelo por a\u00e7\u00f5es urgentes e efetivas para reverter esse cen\u00e1rio alarmante. \u201c\u00c0 medida que isso acontece, esse jovem e adolescente que se desestimula de continuar na sala de aula, ele busca outros destinos, como a via da marginalidade, do crime, infelizmente. E isso tira por completo a perspectiva de sonho de futuro para essa juventude\u201d, finalizou.<\/p>\n","protected":false},"excerpt":{"rendered":"<p>Em um discurso contundente na tribuna da C\u00e2mara Municipal do Natal nesta ter\u00e7a-feira (27), o vereador Kleber Fernandes (Republicanos) trouxe \u00e0 tona preocupantes dados do Censo da Educa\u00e7\u00e3o de 2023. Revelados pelo Minist\u00e9rio da Educa\u00e7\u00e3o (MEC), os n\u00fameros apontam que o Rio Grande do Norte ostenta a lament\u00e1vel posi\u00e7\u00e3o de pior taxa de distor\u00e7\u00e3o idade-s\u00e9rie [&hellip;]<\/p>\n","protected":false},"author":1,"featured_media":0,"comment_status":"open","ping_status":"open","sticky":false,"template":"","format":"standard","meta":{"cybocfi_hide_featured_image":"","_jetpack_memberships_contains_paid_content":false,"footnotes":""},"categories":[1],"tags":[],"class_list":["post-2762","post","type-post","status-publish","format-standard","hentry","category-diversos"],"yoast_head":"<!-- This site is optimized with the Yoast SEO plugin v25.6 - https:\/\/yoast.com\/wordpress\/plugins\/seo\/ -->\n<title>Vereador Kleber Fernandes (Republicanos) denuncia alarmantes dados do Censo da Educa\u00e7\u00e3o na CMN - Blog do Bispo<\/title>\n<meta name=\"robots\" content=\"index, follow, max-snippet:-1, max-image-preview:large, max-video-preview:-1\" \/>\n<link rel=\"canonical\" href=\"https:\/\/blogdobispo.com.br\/?p=2762\" \/>\n<meta property=\"og:locale\" content=\"pt_BR\" \/>\n<meta property=\"og:type\" content=\"article\" \/>\n<meta property=\"og:title\" content=\"Vereador Kleber Fernandes (Republicanos) denuncia alarmantes dados do Censo da Educa\u00e7\u00e3o na CMN - Blog do Bispo\" \/>\n<meta property=\"og:description\" content=\"Em um discurso contundente na tribuna da C\u00e2mara Municipal do Natal nesta ter\u00e7a-feira (27), o vereador Kleber Fernandes (Republicanos) trouxe \u00e0 tona preocupantes dados do Censo da Educa\u00e7\u00e3o de 2023. Revelados pelo Minist\u00e9rio da Educa\u00e7\u00e3o (MEC), os n\u00fameros apontam que o Rio Grande do Norte ostenta a lament\u00e1vel posi\u00e7\u00e3o de pior taxa de distor\u00e7\u00e3o idade-s\u00e9rie [&hellip;]\" \/>\n<meta property=\"og:url\" content=\"https:\/\/blogdobispo.com.br\/?p=2762\" \/>\n<meta property=\"og:site_name\" content=\"Blog do Bispo\" \/>\n<meta property=\"article:published_time\" content=\"2024-02-28T14:24:01+00:00\" \/>\n<meta property=\"og:image\" content=\"https:\/\/blogdobispo.com.br\/wp-content\/uploads\/2024\/02\/5905ccb4-4d39-4c48-9594-b7953e99cb57-1-1024x689.jpg\" \/>\n<meta name=\"author\" content=\"Jefferson Sterfeno\" \/>\n<meta name=\"twitter:card\" content=\"summary_large_image\" \/>\n<meta name=\"twitter:label1\" content=\"Escrito por\" \/>\n\t<meta name=\"twitter:data1\" content=\"Jefferson Sterfeno\" \/>\n\t<meta name=\"twitter:label2\" content=\"Est. tempo de leitura\" \/>\n\t<meta name=\"twitter:data2\" content=\"1 minuto\" \/>\n<script type=\"application\/ld+json\" class=\"yoast-schema-graph\">{\"@context\":\"https:\/\/schema.org\",\"@graph\":[{\"@type\":\"Article\",\"@id\":\"https:\/\/blogdobispo.com.br\/?p=2762#article\",\"isPartOf\":{\"@id\":\"https:\/\/blogdobispo.com.br\/?p=2762\"},\"author\":{\"name\":\"Jefferson Sterfeno\",\"@id\":\"https:\/\/blogdobispo.com.br\/#\/schema\/person\/e2209cc0e6cea5c5233d033e997b373f\"},\"headline\":\"Vereador Kleber Fernandes (Republicanos) denuncia alarmantes dados do Censo da Educa\u00e7\u00e3o na CMN\",\"datePublished\":\"2024-02-28T14:24:01+00:00\",\"mainEntityOfPage\":{\"@id\":\"https:\/\/blogdobispo.com.br\/?p=2762\"},\"wordCount\":289,\"commentCount\":0,\"publisher\":{\"@id\":\"https:\/\/blogdobispo.com.br\/#organization\"},\"image\":{\"@id\":\"https:\/\/blogdobispo.com.br\/?p=2762#primaryimage\"},\"thumbnailUrl\":\"https:\/\/blogdobispo.com.br\/wp-content\/uploads\/2024\/02\/5905ccb4-4d39-4c48-9594-b7953e99cb57-1-1024x689.jpg\",\"articleSection\":[\"diversos\"],\"inLanguage\":\"pt-BR\",\"potentialAction\":[{\"@type\":\"CommentAction\",\"name\":\"Comment\",\"target\":[\"https:\/\/blogdobispo.com.br\/?p=2762#respond\"]}]},{\"@type\":\"WebPage\",\"@id\":\"https:\/\/blogdobispo.com.br\/?p=2762\",\"url\":\"https:\/\/blogdobispo.com.br\/?p=2762\",\"name\":\"Vereador Kleber Fernandes (Republicanos) denuncia alarmantes dados do Censo da Educa\u00e7\u00e3o na CMN - Blog do Bispo\",\"isPartOf\":{\"@id\":\"https:\/\/blogdobispo.com.br\/#website\"},\"primaryImageOfPage\":{\"@id\":\"https:\/\/blogdobispo.com.br\/?p=2762#primaryimage\"},\"image\":{\"@id\":\"https:\/\/blogdobispo.com.br\/?p=2762#primaryimage\"},\"thumbnailUrl\":\"https:\/\/blogdobispo.com.br\/wp-content\/uploads\/2024\/02\/5905ccb4-4d39-4c48-9594-b7953e99cb57-1-1024x689.jpg\",\"datePublished\":\"2024-02-28T14:24:01+00:00\",\"breadcrumb\":{\"@id\":\"https:\/\/blogdobispo.com.br\/?p=2762#breadcrumb\"},\"inLanguage\":\"pt-BR\",\"potentialAction\":[{\"@type\":\"ReadAction\",\"target\":[\"https:\/\/blogdobispo.com.br\/?p=2762\"]}]},{\"@type\":\"ImageObject\",\"inLanguage\":\"pt-BR\",\"@id\":\"https:\/\/blogdobispo.com.br\/?p=2762#primaryimage\",\"url\":\"https:\/\/blogdobispo.com.br\/wp-content\/uploads\/2024\/02\/5905ccb4-4d39-4c48-9594-b7953e99cb57-1-1024x689.jpg\",\"contentUrl\":\"https:\/\/blogdobispo.com.br\/wp-content\/uploads\/2024\/02\/5905ccb4-4d39-4c48-9594-b7953e99cb57-1-1024x689.jpg\"},{\"@type\":\"BreadcrumbList\",\"@id\":\"https:\/\/blogdobispo.com.br\/?p=2762#breadcrumb\",\"itemListElement\":[{\"@type\":\"ListItem\",\"position\":1,\"name\":\"In\u00edcio\",\"item\":\"https:\/\/blogdobispo.com.br\/\"},{\"@type\":\"ListItem\",\"position\":2,\"name\":\"Vereador Kleber Fernandes (Republicanos) denuncia alarmantes dados do Censo da Educa\u00e7\u00e3o na CMN\"}]},{\"@type\":\"WebSite\",\"@id\":\"https:\/\/blogdobispo.com.br\/#website\",\"url\":\"https:\/\/blogdobispo.com.br\/\",\"name\":\"Blog do Bispo\",\"description\":\"Comprometido apenas com o leitor\",\"publisher\":{\"@id\":\"https:\/\/blogdobispo.com.br\/#organization\"},\"potentialAction\":[{\"@type\":\"SearchAction\",\"target\":{\"@type\":\"EntryPoint\",\"urlTemplate\":\"https:\/\/blogdobispo.com.br\/?s={search_term_string}\"},\"query-input\":{\"@type\":\"PropertyValueSpecification\",\"valueRequired\":true,\"valueName\":\"search_term_string\"}}],\"inLanguage\":\"pt-BR\"},{\"@type\":\"Organization\",\"@id\":\"https:\/\/blogdobispo.com.br\/#organization\",\"name\":\"Blog do Bispo\",\"url\":\"https:\/\/blogdobispo.com.br\/\",\"logo\":{\"@type\":\"ImageObject\",\"inLanguage\":\"pt-BR\",\"@id\":\"https:\/\/blogdobispo.com.br\/#\/schema\/logo\/image\/\",\"url\":\"http:\/\/blogdobispo.com.br\/wp-content\/uploads\/2023\/05\/cropped-headear.png\",\"contentUrl\":\"http:\/\/blogdobispo.com.br\/wp-content\/uploads\/2023\/05\/cropped-headear.png\",\"width\":1500,\"height\":399,\"caption\":\"Blog do Bispo\"},\"image\":{\"@id\":\"https:\/\/blogdobispo.com.br\/#\/schema\/logo\/image\/\"}},{\"@type\":\"Person\",\"@id\":\"https:\/\/blogdobispo.com.br\/#\/schema\/person\/e2209cc0e6cea5c5233d033e997b373f\",\"name\":\"Jefferson Sterfeno\",\"image\":{\"@type\":\"ImageObject\",\"inLanguage\":\"pt-BR\",\"@id\":\"https:\/\/blogdobispo.com.br\/#\/schema\/person\/image\/\",\"url\":\"https:\/\/secure.gravatar.com\/avatar\/0534e84764641168a677026b6d57a3f51dc7ac4db0b4f6186d9cb330d4ee1160?s=96&d=mm&r=g\",\"contentUrl\":\"https:\/\/secure.gravatar.com\/avatar\/0534e84764641168a677026b6d57a3f51dc7ac4db0b4f6186d9cb330d4ee1160?s=96&d=mm&r=g\",\"caption\":\"Jefferson Sterfeno\"},\"sameAs\":[\"http:\/\/blogdobispo.com.br\"],\"url\":\"https:\/\/blogdobispo.com.br\/?author=1\"}]}<\/script>\n<!-- \/ Yoast SEO plugin. -->","yoast_head_json":{"title":"Vereador Kleber Fernandes (Republicanos) denuncia alarmantes dados do Censo da Educa\u00e7\u00e3o na CMN - Blog do Bispo","robots":{"index":"index","follow":"follow","max-snippet":"max-snippet:-1","max-image-preview":"max-image-preview:large","max-video-preview":"max-video-preview:-1"},"canonical":"https:\/\/blogdobispo.com.br\/?p=2762","og_locale":"pt_BR","og_type":"article","og_title":"Vereador Kleber Fernandes (Republicanos) denuncia alarmantes dados do Censo da Educa\u00e7\u00e3o na CMN - Blog do Bispo","og_description":"Em um discurso contundente na tribuna da C\u00e2mara Municipal do Natal nesta ter\u00e7a-feira (27), o vereador Kleber Fernandes (Republicanos) trouxe \u00e0 tona preocupantes dados do Censo da Educa\u00e7\u00e3o de 2023. Revelados pelo Minist\u00e9rio da Educa\u00e7\u00e3o (MEC), os n\u00fameros apontam que o Rio Grande do Norte ostenta a lament\u00e1vel posi\u00e7\u00e3o de pior taxa de distor\u00e7\u00e3o idade-s\u00e9rie [&hellip;]","og_url":"https:\/\/blogdobispo.com.br\/?p=2762","og_site_name":"Blog do Bispo","article_published_time":"2024-02-28T14:24:01+00:00","og_image":[{"url":"https:\/\/blogdobispo.com.br\/wp-content\/uploads\/2024\/02\/5905ccb4-4d39-4c48-9594-b7953e99cb57-1-1024x689.jpg","type":"","width":"","height":""}],"author":"Jefferson Sterfeno","twitter_card":"summary_large_image","twitter_misc":{"Escrito por":"Jefferson Sterfeno","Est. tempo de leitura":"1 minuto"},"schema":{"@context":"https:\/\/schema.org","@graph":[{"@type":"Article","@id":"https:\/\/blogdobispo.com.br\/?p=2762#article","isPartOf":{"@id":"https:\/\/blogdobispo.com.br\/?p=2762"},"author":{"name":"Jefferson Sterfeno","@id":"https:\/\/blogdobispo.com.br\/#\/schema\/person\/e2209cc0e6cea5c5233d033e997b373f"},"headline":"Vereador Kleber Fernandes (Republicanos) denuncia alarmantes dados do Censo da Educa\u00e7\u00e3o na CMN","datePublished":"2024-02-28T14:24:01+00:00","mainEntityOfPage":{"@id":"https:\/\/blogdobispo.com.br\/?p=2762"},"wordCount":289,"commentCount":0,"publisher":{"@id":"https:\/\/blogdobispo.com.br\/#organization"},"image":{"@id":"https:\/\/blogdobispo.com.br\/?p=2762#primaryimage"},"thumbnailUrl":"https:\/\/blogdobispo.com.br\/wp-content\/uploads\/2024\/02\/5905ccb4-4d39-4c48-9594-b7953e99cb57-1-1024x689.jpg","articleSection":["diversos"],"inLanguage":"pt-BR","potentialAction":[{"@type":"CommentAction","name":"Comment","target":["https:\/\/blogdobispo.com.br\/?p=2762#respond"]}]},{"@type":"WebPage","@id":"https:\/\/blogdobispo.com.br\/?p=2762","url":"https:\/\/blogdobispo.com.br\/?p=2762","name":"Vereador Kleber Fernandes (Republicanos) denuncia alarmantes dados do Censo da Educa\u00e7\u00e3o na CMN - Blog do Bispo","isPartOf":{"@id":"https:\/\/blogdobispo.com.br\/#website"},"primaryImageOfPage":{"@id":"https:\/\/blogdobispo.com.br\/?p=2762#primaryimage"},"image":{"@id":"https:\/\/blogdobispo.com.br\/?p=2762#primaryimage"},"thumbnailUrl":"https:\/\/blogdobispo.com.br\/wp-content\/uploads\/2024\/02\/5905ccb4-4d39-4c48-9594-b7953e99cb57-1-1024x689.jpg","datePublished":"2024-02-28T14:24:01+00:00","breadcrumb":{"@id":"https:\/\/blogdobispo.com.br\/?p=2762#breadcrumb"},"inLanguage":"pt-BR","potentialAction":[{"@type":"ReadAction","target":["https:\/\/blogdobispo.com.br\/?p=2762"]}]},{"@type":"ImageObject","inLanguage":"pt-BR","@id":"https:\/\/blogdobispo.com.br\/?p=2762#primaryimage","url":"https:\/\/blogdobispo.com.br\/wp-content\/uploads\/2024\/02\/5905ccb4-4d39-4c48-9594-b7953e99cb57-1-1024x689.jpg","contentUrl":"https:\/\/blogdobispo.com.br\/wp-content\/uploads\/2024\/02\/5905ccb4-4d39-4c48-9594-b7953e99cb57-1-1024x689.jpg"},{"@type":"BreadcrumbList","@id":"https:\/\/blogdobispo.com.br\/?p=2762#breadcrumb","itemListElement":[{"@type":"ListItem","position":1,"name":"In\u00edcio","item":"https:\/\/blogdobispo.com.br\/"},{"@type":"ListItem","position":2,"name":"Vereador Kleber Fernandes (Republicanos) denuncia alarmantes dados do Censo da Educa\u00e7\u00e3o na CMN"}]},{"@type":"WebSite","@id":"https:\/\/blogdobispo.com.br\/#website","url":"https:\/\/blogdobispo.com.br\/","name":"Blog do Bispo","description":"Comprometido apenas com o leitor","publisher":{"@id":"https:\/\/blogdobispo.com.br\/#organization"},"potentialAction":[{"@type":"SearchAction","target":{"@type":"EntryPoint","urlTemplate":"https:\/\/blogdobispo.com.br\/?s={search_term_string}"},"query-input":{"@type":"PropertyValueSpecification","valueRequired":true,"valueName":"search_term_string"}}],"inLanguage":"pt-BR"},{"@type":"Organization","@id":"https:\/\/blogdobispo.com.br\/#organization","name":"Blog do Bispo","url":"https:\/\/blogdobispo.com.br\/","logo":{"@type":"ImageObject","inLanguage":"pt-BR","@id":"https:\/\/blogdobispo.com.br\/#\/schema\/logo\/image\/","url":"http:\/\/blogdobispo.com.br\/wp-content\/uploads\/2023\/05\/cropped-headear.png","contentUrl":"http:\/\/blogdobispo.com.br\/wp-content\/uploads\/2023\/05\/cropped-headear.png","width":1500,"height":399,"caption":"Blog do Bispo"},"image":{"@id":"https:\/\/blogdobispo.com.br\/#\/schema\/logo\/image\/"}},{"@type":"Person","@id":"https:\/\/blogdobispo.com.br\/#\/schema\/person\/e2209cc0e6cea5c5233d033e997b373f","name":"Jefferson Sterfeno","image":{"@type":"ImageObject","inLanguage":"pt-BR","@id":"https:\/\/blogdobispo.com.br\/#\/schema\/person\/image\/","url":"https:\/\/secure.gravatar.com\/avatar\/0534e84764641168a677026b6d57a3f51dc7ac4db0b4f6186d9cb330d4ee1160?s=96&d=mm&r=g","contentUrl":"https:\/\/secure.gravatar.com\/avatar\/0534e84764641168a677026b6d57a3f51dc7ac4db0b4f6186d9cb330d4ee1160?s=96&d=mm&r=g","caption":"Jefferson Sterfeno"},"sameAs":["http:\/\/blogdobispo.com.br"],"url":"https:\/\/blogdobispo.com.br\/?author=1"}]}},"featured_image_urls":{"full":"","thumbnail":"","medium":"","medium_large":"","large":"","1536x1536":"","2048x2048":""},"author_info":{"display_name":"Jefferson Sterfeno","author_link":"https:\/\/blogdobispo.com.br\/?author=1"},"category_info":"<a href=\"https:\/\/blogdobispo.com.br\/?cat=1\" rel=\"category\">diversos<\/a>","tag_info":"diversos","comment_count":"0","jetpack_featured_media_url":"","jetpack_sharing_enabled":true,"_links":{"self":[{"href":"https:\/\/blogdobispo.com.br\/index.php?rest_route=\/wp\/v2\/posts\/2762","targetHints":{"allow":["GET"]}}],"collection":[{"href":"https:\/\/blogdobispo.com.br\/index.php?rest_route=\/wp\/v2\/posts"}],"about":[{"href":"https:\/\/blogdobispo.com.br\/index.php?rest_route=\/wp\/v2\/types\/post"}],"author":[{"embeddable":true,"href":"https:\/\/blogdobispo.com.br\/index.php?rest_route=\/wp\/v2\/users\/1"}],"replies":[{"embeddable":true,"href":"https:\/\/blogdobispo.com.br\/index.php?rest_route=%2Fwp%2Fv2%2Fcomments&post=2762"}],"version-history":[{"count":0,"href":"https:\/\/blogdobispo.com.br\/index.php?rest_route=\/wp\/v2\/posts\/2762\/revisions"}],"wp:attachment":[{"href":"https:\/\/blogdobispo.com.br\/index.php?rest_route=%2Fwp%2Fv2%2Fmedia&parent=2762"}],"wp:term":[{"taxonomy":"category","embeddable":true,"href":"https:\/\/blogdobispo.com.br\/index.php?rest_route=%2Fwp%2Fv2%2Fcategories&post=2762"},{"taxonomy":"post_tag","embeddable":true,"href":"https:\/\/blogdobispo.com.br\/index.php?rest_route=%2Fwp%2Fv2%2Ftags&post=2762"}],"curies":[{"name":"wp","href":"https:\/\/api.w.org\/{rel}","templated":true}]}}