{"id":2754,"date":"2024-02-27T02:10:32","date_gmt":"2024-02-27T02:10:32","guid":{"rendered":"https:\/\/blogdobispo.com.br\/?p=2754"},"modified":"2024-02-27T02:10:32","modified_gmt":"2024-02-27T02:10:32","slug":"tardezinha-de-cidade-nova-e-sucesso-de-publico","status":"publish","type":"post","link":"https:\/\/blogdobispo.com.br\/?p=2754","title":{"rendered":"Tardezinha de Cidade Nova \u00e9 sucesso de p\u00fablico"},"content":{"rendered":"\n<figure class=\"wp-block-image size-large\"><img data-recalc-dims=\"1\" fetchpriority=\"high\" decoding=\"async\" width=\"800\" height=\"600\" src=\"https:\/\/i0.wp.com\/blogdobispo.com.br\/wp-content\/uploads\/2024\/02\/4b47755c-0964-4190-82f1-3e060dfdb718-1-1024x768.jpg?resize=800%2C600&#038;ssl=1\" class=\"wp-image-2753\" srcset=\"https:\/\/i0.wp.com\/blogdobispo.com.br\/wp-content\/uploads\/2024\/02\/4b47755c-0964-4190-82f1-3e060dfdb718-1.jpg?resize=1024%2C768&amp;ssl=1 1024w, https:\/\/i0.wp.com\/blogdobispo.com.br\/wp-content\/uploads\/2024\/02\/4b47755c-0964-4190-82f1-3e060dfdb718-1.jpg?resize=300%2C225&amp;ssl=1 300w, https:\/\/i0.wp.com\/blogdobispo.com.br\/wp-content\/uploads\/2024\/02\/4b47755c-0964-4190-82f1-3e060dfdb718-1.jpg?resize=768%2C576&amp;ssl=1 768w, https:\/\/i0.wp.com\/blogdobispo.com.br\/wp-content\/uploads\/2024\/02\/4b47755c-0964-4190-82f1-3e060dfdb718-1.jpg?resize=1536%2C1152&amp;ssl=1 1536w, https:\/\/i0.wp.com\/blogdobispo.com.br\/wp-content\/uploads\/2024\/02\/4b47755c-0964-4190-82f1-3e060dfdb718-1.jpg?w=1600&amp;ssl=1 1600w\" sizes=\"(max-width: 800px) 100vw, 800px\" \/><\/figure>\n\n\n\n<p><\/p>\n\n\n\n<p>Mais de mil pessoas participaram do &#8220;Tardezinha de Cidade Nova&#8221;, evento Idealizado por Daniel Santiago e um grupo de moradores do bairro. A anima\u00e7\u00e3o ficou por conta dos shows de Pagode do Coxa, Pedro Luccas e JP Forrozado, nesse domingo (25), na Rua Augusto Calheiros. O evento foi realizado pela Prefeitura e o Mandato do Vereador Dickson Jr.<\/p>\n\n\n\n<p>A via lotada de fam\u00edlias e comerciantes da regi\u00e3o mostrou a import\u00e2ncia de eventos como este, destaca o edil. &#8220;Fiquei feliz demais com o sucesso da Tardezinha Cidade Nova. Esse evento n\u00e3o apenas levou alegria a dezenas e at\u00e9 centenas de pessoas de todas as idades, inclusive muitas crian\u00e7as com seus familiares, mas refor\u00e7ou a import\u00e2ncia da valoriza\u00e7\u00e3o dos m\u00fasicos locais, com shows de excelente qualidade&#8221;, disse Dickson.<\/p>\n\n\n\n<p>Daniel Santiago, por sua vez, enfatiza o impulsionamento da economia local. &#8220;Foi bonito demais ver moradores colocando suas bancas, vendendo seus caldos, churrasquinhos e conquistando renda extra t\u00e3o necess\u00e1ria. Ficamos orgulhosos de colaborar com eventos dessa natureza, que validam o direito a lazer de comunidades que tanto necessitam deste tipo de iniciativa, al\u00e9m, claro, de investimentos estruturantes&#8221;.<\/p>\n","protected":false},"excerpt":{"rendered":"<p>Mais de mil pessoas participaram do &#8220;Tardezinha de Cidade Nova&#8221;, evento Idealizado por Daniel Santiago e um grupo de moradores do bairro. A anima\u00e7\u00e3o ficou por conta dos shows de Pagode do Coxa, Pedro Luccas e JP Forrozado, nesse domingo (25), na Rua Augusto Calheiros. O evento foi realizado pela Prefeitura e o Mandato do [&hellip;]<\/p>\n","protected":false},"author":1,"featured_media":0,"comment_status":"open","ping_status":"open","sticky":false,"template":"","format":"standard","meta":{"cybocfi_hide_featured_image":"","_jetpack_memberships_contains_paid_content":false,"footnotes":""},"categories":[1],"tags":[],"class_list":["post-2754","post","type-post","status-publish","format-standard","hentry","category-diversos"],"yoast_head":"<!-- This site is optimized with the Yoast SEO plugin v25.6 - https:\/\/yoast.com\/wordpress\/plugins\/seo\/ -->\n<title>Tardezinha de Cidade Nova \u00e9 sucesso de p\u00fablico - Blog do Bispo<\/title>\n<meta name=\"robots\" content=\"index, follow, max-snippet:-1, max-image-preview:large, max-video-preview:-1\" \/>\n<link rel=\"canonical\" href=\"https:\/\/blogdobispo.com.br\/?p=2754\" \/>\n<meta property=\"og:locale\" content=\"pt_BR\" \/>\n<meta property=\"og:type\" content=\"article\" \/>\n<meta property=\"og:title\" content=\"Tardezinha de Cidade Nova \u00e9 sucesso de p\u00fablico - Blog do Bispo\" \/>\n<meta property=\"og:description\" content=\"Mais de mil pessoas participaram do &#8220;Tardezinha de Cidade Nova&#8221;, evento Idealizado por Daniel Santiago e um grupo de moradores do bairro. A anima\u00e7\u00e3o ficou por conta dos shows de Pagode do Coxa, Pedro Luccas e JP Forrozado, nesse domingo (25), na Rua Augusto Calheiros. O evento foi realizado pela Prefeitura e o Mandato do [&hellip;]\" \/>\n<meta property=\"og:url\" content=\"https:\/\/blogdobispo.com.br\/?p=2754\" \/>\n<meta property=\"og:site_name\" content=\"Blog do Bispo\" \/>\n<meta property=\"article:published_time\" content=\"2024-02-27T02:10:32+00:00\" \/>\n<meta property=\"og:image\" content=\"https:\/\/blogdobispo.com.br\/wp-content\/uploads\/2024\/02\/4b47755c-0964-4190-82f1-3e060dfdb718-1-1024x768.jpg\" \/>\n<meta name=\"author\" content=\"Jefferson Sterfeno\" \/>\n<meta name=\"twitter:card\" content=\"summary_large_image\" \/>\n<meta name=\"twitter:label1\" content=\"Escrito por\" \/>\n\t<meta name=\"twitter:data1\" content=\"Jefferson Sterfeno\" \/>\n\t<meta name=\"twitter:label2\" content=\"Est. tempo de leitura\" \/>\n\t<meta name=\"twitter:data2\" content=\"1 minuto\" \/>\n<script type=\"application\/ld+json\" class=\"yoast-schema-graph\">{\"@context\":\"https:\/\/schema.org\",\"@graph\":[{\"@type\":\"Article\",\"@id\":\"https:\/\/blogdobispo.com.br\/?p=2754#article\",\"isPartOf\":{\"@id\":\"https:\/\/blogdobispo.com.br\/?p=2754\"},\"author\":{\"name\":\"Jefferson Sterfeno\",\"@id\":\"https:\/\/blogdobispo.com.br\/#\/schema\/person\/e2209cc0e6cea5c5233d033e997b373f\"},\"headline\":\"Tardezinha de Cidade Nova \u00e9 sucesso de p\u00fablico\",\"datePublished\":\"2024-02-27T02:10:32+00:00\",\"mainEntityOfPage\":{\"@id\":\"https:\/\/blogdobispo.com.br\/?p=2754\"},\"wordCount\":203,\"commentCount\":0,\"publisher\":{\"@id\":\"https:\/\/blogdobispo.com.br\/#organization\"},\"image\":{\"@id\":\"https:\/\/blogdobispo.com.br\/?p=2754#primaryimage\"},\"thumbnailUrl\":\"https:\/\/blogdobispo.com.br\/wp-content\/uploads\/2024\/02\/4b47755c-0964-4190-82f1-3e060dfdb718-1-1024x768.jpg\",\"articleSection\":[\"diversos\"],\"inLanguage\":\"pt-BR\",\"potentialAction\":[{\"@type\":\"CommentAction\",\"name\":\"Comment\",\"target\":[\"https:\/\/blogdobispo.com.br\/?p=2754#respond\"]}]},{\"@type\":\"WebPage\",\"@id\":\"https:\/\/blogdobispo.com.br\/?p=2754\",\"url\":\"https:\/\/blogdobispo.com.br\/?p=2754\",\"name\":\"Tardezinha de Cidade Nova \u00e9 sucesso de p\u00fablico - Blog do Bispo\",\"isPartOf\":{\"@id\":\"https:\/\/blogdobispo.com.br\/#website\"},\"primaryImageOfPage\":{\"@id\":\"https:\/\/blogdobispo.com.br\/?p=2754#primaryimage\"},\"image\":{\"@id\":\"https:\/\/blogdobispo.com.br\/?p=2754#primaryimage\"},\"thumbnailUrl\":\"https:\/\/blogdobispo.com.br\/wp-content\/uploads\/2024\/02\/4b47755c-0964-4190-82f1-3e060dfdb718-1-1024x768.jpg\",\"datePublished\":\"2024-02-27T02:10:32+00:00\",\"breadcrumb\":{\"@id\":\"https:\/\/blogdobispo.com.br\/?p=2754#breadcrumb\"},\"inLanguage\":\"pt-BR\",\"potentialAction\":[{\"@type\":\"ReadAction\",\"target\":[\"https:\/\/blogdobispo.com.br\/?p=2754\"]}]},{\"@type\":\"ImageObject\",\"inLanguage\":\"pt-BR\",\"@id\":\"https:\/\/blogdobispo.com.br\/?p=2754#primaryimage\",\"url\":\"https:\/\/blogdobispo.com.br\/wp-content\/uploads\/2024\/02\/4b47755c-0964-4190-82f1-3e060dfdb718-1-1024x768.jpg\",\"contentUrl\":\"https:\/\/blogdobispo.com.br\/wp-content\/uploads\/2024\/02\/4b47755c-0964-4190-82f1-3e060dfdb718-1-1024x768.jpg\"},{\"@type\":\"BreadcrumbList\",\"@id\":\"https:\/\/blogdobispo.com.br\/?p=2754#breadcrumb\",\"itemListElement\":[{\"@type\":\"ListItem\",\"position\":1,\"name\":\"In\u00edcio\",\"item\":\"https:\/\/blogdobispo.com.br\/\"},{\"@type\":\"ListItem\",\"position\":2,\"name\":\"Tardezinha de Cidade Nova \u00e9 sucesso de p\u00fablico\"}]},{\"@type\":\"WebSite\",\"@id\":\"https:\/\/blogdobispo.com.br\/#website\",\"url\":\"https:\/\/blogdobispo.com.br\/\",\"name\":\"Blog do Bispo\",\"description\":\"Comprometido apenas com o leitor\",\"publisher\":{\"@id\":\"https:\/\/blogdobispo.com.br\/#organization\"},\"potentialAction\":[{\"@type\":\"SearchAction\",\"target\":{\"@type\":\"EntryPoint\",\"urlTemplate\":\"https:\/\/blogdobispo.com.br\/?s={search_term_string}\"},\"query-input\":{\"@type\":\"PropertyValueSpecification\",\"valueRequired\":true,\"valueName\":\"search_term_string\"}}],\"inLanguage\":\"pt-BR\"},{\"@type\":\"Organization\",\"@id\":\"https:\/\/blogdobispo.com.br\/#organization\",\"name\":\"Blog do Bispo\",\"url\":\"https:\/\/blogdobispo.com.br\/\",\"logo\":{\"@type\":\"ImageObject\",\"inLanguage\":\"pt-BR\",\"@id\":\"https:\/\/blogdobispo.com.br\/#\/schema\/logo\/image\/\",\"url\":\"http:\/\/blogdobispo.com.br\/wp-content\/uploads\/2023\/05\/cropped-headear.png\",\"contentUrl\":\"http:\/\/blogdobispo.com.br\/wp-content\/uploads\/2023\/05\/cropped-headear.png\",\"width\":1500,\"height\":399,\"caption\":\"Blog do Bispo\"},\"image\":{\"@id\":\"https:\/\/blogdobispo.com.br\/#\/schema\/logo\/image\/\"}},{\"@type\":\"Person\",\"@id\":\"https:\/\/blogdobispo.com.br\/#\/schema\/person\/e2209cc0e6cea5c5233d033e997b373f\",\"name\":\"Jefferson Sterfeno\",\"image\":{\"@type\":\"ImageObject\",\"inLanguage\":\"pt-BR\",\"@id\":\"https:\/\/blogdobispo.com.br\/#\/schema\/person\/image\/\",\"url\":\"https:\/\/secure.gravatar.com\/avatar\/0534e84764641168a677026b6d57a3f51dc7ac4db0b4f6186d9cb330d4ee1160?s=96&d=mm&r=g\",\"contentUrl\":\"https:\/\/secure.gravatar.com\/avatar\/0534e84764641168a677026b6d57a3f51dc7ac4db0b4f6186d9cb330d4ee1160?s=96&d=mm&r=g\",\"caption\":\"Jefferson Sterfeno\"},\"sameAs\":[\"http:\/\/blogdobispo.com.br\"],\"url\":\"https:\/\/blogdobispo.com.br\/?author=1\"}]}<\/script>\n<!-- \/ Yoast SEO plugin. -->","yoast_head_json":{"title":"Tardezinha de Cidade Nova \u00e9 sucesso de p\u00fablico - Blog do Bispo","robots":{"index":"index","follow":"follow","max-snippet":"max-snippet:-1","max-image-preview":"max-image-preview:large","max-video-preview":"max-video-preview:-1"},"canonical":"https:\/\/blogdobispo.com.br\/?p=2754","og_locale":"pt_BR","og_type":"article","og_title":"Tardezinha de Cidade Nova \u00e9 sucesso de p\u00fablico - Blog do Bispo","og_description":"Mais de mil pessoas participaram do &#8220;Tardezinha de Cidade Nova&#8221;, evento Idealizado por Daniel Santiago e um grupo de moradores do bairro. A anima\u00e7\u00e3o ficou por conta dos shows de Pagode do Coxa, Pedro Luccas e JP Forrozado, nesse domingo (25), na Rua Augusto Calheiros. O evento foi realizado pela Prefeitura e o Mandato do [&hellip;]","og_url":"https:\/\/blogdobispo.com.br\/?p=2754","og_site_name":"Blog do Bispo","article_published_time":"2024-02-27T02:10:32+00:00","og_image":[{"url":"https:\/\/blogdobispo.com.br\/wp-content\/uploads\/2024\/02\/4b47755c-0964-4190-82f1-3e060dfdb718-1-1024x768.jpg","type":"","width":"","height":""}],"author":"Jefferson Sterfeno","twitter_card":"summary_large_image","twitter_misc":{"Escrito por":"Jefferson Sterfeno","Est. tempo de leitura":"1 minuto"},"schema":{"@context":"https:\/\/schema.org","@graph":[{"@type":"Article","@id":"https:\/\/blogdobispo.com.br\/?p=2754#article","isPartOf":{"@id":"https:\/\/blogdobispo.com.br\/?p=2754"},"author":{"name":"Jefferson Sterfeno","@id":"https:\/\/blogdobispo.com.br\/#\/schema\/person\/e2209cc0e6cea5c5233d033e997b373f"},"headline":"Tardezinha de Cidade Nova \u00e9 sucesso de p\u00fablico","datePublished":"2024-02-27T02:10:32+00:00","mainEntityOfPage":{"@id":"https:\/\/blogdobispo.com.br\/?p=2754"},"wordCount":203,"commentCount":0,"publisher":{"@id":"https:\/\/blogdobispo.com.br\/#organization"},"image":{"@id":"https:\/\/blogdobispo.com.br\/?p=2754#primaryimage"},"thumbnailUrl":"https:\/\/blogdobispo.com.br\/wp-content\/uploads\/2024\/02\/4b47755c-0964-4190-82f1-3e060dfdb718-1-1024x768.jpg","articleSection":["diversos"],"inLanguage":"pt-BR","potentialAction":[{"@type":"CommentAction","name":"Comment","target":["https:\/\/blogdobispo.com.br\/?p=2754#respond"]}]},{"@type":"WebPage","@id":"https:\/\/blogdobispo.com.br\/?p=2754","url":"https:\/\/blogdobispo.com.br\/?p=2754","name":"Tardezinha de Cidade Nova \u00e9 sucesso de p\u00fablico - Blog do Bispo","isPartOf":{"@id":"https:\/\/blogdobispo.com.br\/#website"},"primaryImageOfPage":{"@id":"https:\/\/blogdobispo.com.br\/?p=2754#primaryimage"},"image":{"@id":"https:\/\/blogdobispo.com.br\/?p=2754#primaryimage"},"thumbnailUrl":"https:\/\/blogdobispo.com.br\/wp-content\/uploads\/2024\/02\/4b47755c-0964-4190-82f1-3e060dfdb718-1-1024x768.jpg","datePublished":"2024-02-27T02:10:32+00:00","breadcrumb":{"@id":"https:\/\/blogdobispo.com.br\/?p=2754#breadcrumb"},"inLanguage":"pt-BR","potentialAction":[{"@type":"ReadAction","target":["https:\/\/blogdobispo.com.br\/?p=2754"]}]},{"@type":"ImageObject","inLanguage":"pt-BR","@id":"https:\/\/blogdobispo.com.br\/?p=2754#primaryimage","url":"https:\/\/blogdobispo.com.br\/wp-content\/uploads\/2024\/02\/4b47755c-0964-4190-82f1-3e060dfdb718-1-1024x768.jpg","contentUrl":"https:\/\/blogdobispo.com.br\/wp-content\/uploads\/2024\/02\/4b47755c-0964-4190-82f1-3e060dfdb718-1-1024x768.jpg"},{"@type":"BreadcrumbList","@id":"https:\/\/blogdobispo.com.br\/?p=2754#breadcrumb","itemListElement":[{"@type":"ListItem","position":1,"name":"In\u00edcio","item":"https:\/\/blogdobispo.com.br\/"},{"@type":"ListItem","position":2,"name":"Tardezinha de Cidade Nova \u00e9 sucesso de p\u00fablico"}]},{"@type":"WebSite","@id":"https:\/\/blogdobispo.com.br\/#website","url":"https:\/\/blogdobispo.com.br\/","name":"Blog do Bispo","description":"Comprometido apenas com o leitor","publisher":{"@id":"https:\/\/blogdobispo.com.br\/#organization"},"potentialAction":[{"@type":"SearchAction","target":{"@type":"EntryPoint","urlTemplate":"https:\/\/blogdobispo.com.br\/?s={search_term_string}"},"query-input":{"@type":"PropertyValueSpecification","valueRequired":true,"valueName":"search_term_string"}}],"inLanguage":"pt-BR"},{"@type":"Organization","@id":"https:\/\/blogdobispo.com.br\/#organization","name":"Blog do Bispo","url":"https:\/\/blogdobispo.com.br\/","logo":{"@type":"ImageObject","inLanguage":"pt-BR","@id":"https:\/\/blogdobispo.com.br\/#\/schema\/logo\/image\/","url":"http:\/\/blogdobispo.com.br\/wp-content\/uploads\/2023\/05\/cropped-headear.png","contentUrl":"http:\/\/blogdobispo.com.br\/wp-content\/uploads\/2023\/05\/cropped-headear.png","width":1500,"height":399,"caption":"Blog do Bispo"},"image":{"@id":"https:\/\/blogdobispo.com.br\/#\/schema\/logo\/image\/"}},{"@type":"Person","@id":"https:\/\/blogdobispo.com.br\/#\/schema\/person\/e2209cc0e6cea5c5233d033e997b373f","name":"Jefferson Sterfeno","image":{"@type":"ImageObject","inLanguage":"pt-BR","@id":"https:\/\/blogdobispo.com.br\/#\/schema\/person\/image\/","url":"https:\/\/secure.gravatar.com\/avatar\/0534e84764641168a677026b6d57a3f51dc7ac4db0b4f6186d9cb330d4ee1160?s=96&d=mm&r=g","contentUrl":"https:\/\/secure.gravatar.com\/avatar\/0534e84764641168a677026b6d57a3f51dc7ac4db0b4f6186d9cb330d4ee1160?s=96&d=mm&r=g","caption":"Jefferson Sterfeno"},"sameAs":["http:\/\/blogdobispo.com.br"],"url":"https:\/\/blogdobispo.com.br\/?author=1"}]}},"featured_image_urls":{"full":"","thumbnail":"","medium":"","medium_large":"","large":"","1536x1536":"","2048x2048":""},"author_info":{"display_name":"Jefferson Sterfeno","author_link":"https:\/\/blogdobispo.com.br\/?author=1"},"category_info":"<a href=\"https:\/\/blogdobispo.com.br\/?cat=1\" rel=\"category\">diversos<\/a>","tag_info":"diversos","comment_count":"0","jetpack_featured_media_url":"","jetpack_sharing_enabled":true,"_links":{"self":[{"href":"https:\/\/blogdobispo.com.br\/index.php?rest_route=\/wp\/v2\/posts\/2754","targetHints":{"allow":["GET"]}}],"collection":[{"href":"https:\/\/blogdobispo.com.br\/index.php?rest_route=\/wp\/v2\/posts"}],"about":[{"href":"https:\/\/blogdobispo.com.br\/index.php?rest_route=\/wp\/v2\/types\/post"}],"author":[{"embeddable":true,"href":"https:\/\/blogdobispo.com.br\/index.php?rest_route=\/wp\/v2\/users\/1"}],"replies":[{"embeddable":true,"href":"https:\/\/blogdobispo.com.br\/index.php?rest_route=%2Fwp%2Fv2%2Fcomments&post=2754"}],"version-history":[{"count":0,"href":"https:\/\/blogdobispo.com.br\/index.php?rest_route=\/wp\/v2\/posts\/2754\/revisions"}],"wp:attachment":[{"href":"https:\/\/blogdobispo.com.br\/index.php?rest_route=%2Fwp%2Fv2%2Fmedia&parent=2754"}],"wp:term":[{"taxonomy":"category","embeddable":true,"href":"https:\/\/blogdobispo.com.br\/index.php?rest_route=%2Fwp%2Fv2%2Fcategories&post=2754"},{"taxonomy":"post_tag","embeddable":true,"href":"https:\/\/blogdobispo.com.br\/index.php?rest_route=%2Fwp%2Fv2%2Ftags&post=2754"}],"curies":[{"name":"wp","href":"https:\/\/api.w.org\/{rel}","templated":true}]}}