{"id":2752,"date":"2024-02-26T15:02:09","date_gmt":"2024-02-26T15:02:09","guid":{"rendered":"https:\/\/blogdobispo.com.br\/?p=2752"},"modified":"2024-02-26T15:02:09","modified_gmt":"2024-02-26T15:02:09","slug":"movimento-todos-pelo-chapadao-ministerio-publico-deve-ampliar-investigacoes-de-crimes-ambientais-em-tibau-do-sul-e-pipa","status":"publish","type":"post","link":"https:\/\/blogdobispo.com.br\/?p=2752","title":{"rendered":"Movimento Todos pelo Chapad\u00e3o: Minist\u00e9rio P\u00fablico deve ampliar investiga\u00e7\u00f5es de crimes ambientais em Tibau do Sul e Pipa"},"content":{"rendered":"\n<figure class=\"wp-block-image size-large\"><img data-recalc-dims=\"1\" fetchpriority=\"high\" decoding=\"async\" width=\"800\" height=\"530\" src=\"https:\/\/i0.wp.com\/blogdobispo.com.br\/wp-content\/uploads\/2024\/02\/ff411ecb-b8a9-4127-b062-388483fcef6a-1.jpg?resize=800%2C530&#038;ssl=1\" class=\"wp-image-2751\" srcset=\"https:\/\/i0.wp.com\/blogdobispo.com.br\/wp-content\/uploads\/2024\/02\/ff411ecb-b8a9-4127-b062-388483fcef6a-1.jpg?w=950&amp;ssl=1 950w, https:\/\/i0.wp.com\/blogdobispo.com.br\/wp-content\/uploads\/2024\/02\/ff411ecb-b8a9-4127-b062-388483fcef6a-1.jpg?resize=300%2C199&amp;ssl=1 300w, https:\/\/i0.wp.com\/blogdobispo.com.br\/wp-content\/uploads\/2024\/02\/ff411ecb-b8a9-4127-b062-388483fcef6a-1.jpg?resize=768%2C508&amp;ssl=1 768w\" sizes=\"(max-width: 800px) 100vw, 800px\" \/><\/figure>\n\n\n\n<p><\/p>\n\n\n\n<p>Cerca de 80% dos estabelecimentos comerciais da regi\u00e3o n\u00e3o possuem licen\u00e7a ambiental.<\/p>\n\n\n\n<p>O Minist\u00e9rio P\u00fablico do Rio Grande do Norte tem sido demandado nos \u00faltimos meses por alguns movimentos sociais denunciando irregularidades em Tibau do Sul e Pipa.<\/p>\n\n\n\n<p>A chegada de novos investidores do mercado imobili\u00e1rio voltados para a \u00e1rea de multipropriedade provocou a preocupa\u00e7\u00e3o entre os donos de hot\u00e9is e pousadas, que alegam perda de mercado, pois turistas podem trocar hospedagens na rede hoteleira pelos novos empreendimentos nas praias de Pipa e Tibau do Sul, no Rio Grande do Norte.<\/p>\n\n\n\n<p>Diante da amea\u00e7a, o movimento intitulado &#8220;Todos pelo Chapad\u00e3o&#8221;, que re\u00fane donos de pousadas, atraiu v\u00e1rias lideran\u00e7as pol\u00edticas e est\u00e3o acionando sistematicamente o Minist\u00e9rio P\u00fablico com den\u00fancias de supostos crimes ambientais praticados naquela regi\u00e3o por incorporadoras do segmento de multipropriedades.<\/p>\n\n\n\n<p>A Associa\u00e7\u00e3o dos Hoteleiros de Tibau do Sul e Pipa, ao que tudo indica, com o objetivo de proteger o mercado dos seus associados na regi\u00e3o, tamb\u00e9m tem prestado apoio ao movimento. Como argumento para barrar os novos empreendimentos, os l\u00edderes desses grupos acusam a pr\u00e1tica de infra\u00e7\u00f5es ambientais por parte das incorporadoras do segmento de multipropriedades.<\/p>\n\n\n\n<p>A guerra de narrativas e as sucessivas a\u00e7\u00f5es judiciais preocupam hoje corretores e empres\u00e1rios do setor imobili\u00e1rio que atuam na regi\u00e3o. Para eles, os l\u00edderes do Movimento intitulado &#8220;Todos pelo Chapad\u00e3o&#8221; e cabe\u00e7as da ASTHEP n\u00e3o contavam que a guerra na m\u00eddia atrairia a aten\u00e7\u00e3o do MP que vai investigar as irregularidades como um todo, pois muitos empreendimentos j\u00e1 conclu\u00eddos tamb\u00e9m passaram a estar na mira do MP, uma vez que os primeiros levantamentos apontam que 80% dos estabelecimentos comerciais da regi\u00e3o n\u00e3o possuem licen\u00e7a ambiental.<\/p>\n\n\n\n<p>O MP tem revelado que a institui\u00e7\u00e3o n\u00e3o tem lado e, uma vez acionada, vai apurar toda e qualquer irregularidade.<\/p>\n\n\n\n<p>Para a corretora Luciana Cavalcante de Oliveira, CRECI 2449, essa briga pode ser bastante prejudicial para Pipa e Tibau do Sul, pois se o Minist\u00e9rio P\u00fablico apertar o cerco poder\u00e1 inviabilizar mais de 50% dos hot\u00e9is e pousadas da regi\u00e3o que foram constru\u00eddas contrariando todas as normas ambientais.<\/p>\n\n\n\n<p>Para ela, essa guerra nas redes sociais s\u00f3 interessa aos pol\u00edticos. &#8220;Aprendi que empres\u00e1rio n\u00e3o briga, ele dialoga sempre e desse jeito a\u00ed todos est\u00e3o dando um tiro no pr\u00f3prio p\u00e9&#8221;, disse Luciana.<\/p>\n\n\n\n<p>A regi\u00e3o do chapad\u00e3o de Pipa engloba uma \u00c1rea de Preserva\u00e7\u00e3o Permanente que inclui a faixa de 100 metros a partir da borda das fal\u00e9sias, conforme previsto na legisla\u00e7\u00e3o do C\u00f3digo Florestal.<\/p>\n\n\n\n<p>Com cerca de 3.000 habitantes, a praia de Pipa enfrenta uma s\u00e9rie gargalos de infraestrutura, sobretudo na cobertura de saneamento b\u00e1sico. Na alta temporada, h\u00e1 casos de falta de \u00e1gua e instabilidade no fornecimento de energia.<\/p>\n\n\n\n<p>Vers\u00e3o da Prefeitura<\/p>\n\n\n\n<p>A Prefeitura de Tibau do Sul informou que os projetos Pipa Island Resort, da empresa Gav Resorts, e Okan Pipa Multi Residence, da Allimulti Incorporadora, est\u00e3o sendo erguidos em \u00e1reas privadas e atendem ao Plano Diretor do munic\u00edpio e \u00e0 legisla\u00e7\u00e3o ambiental.<\/p>\n\n\n\n<p>O que diz o IDEMA<\/p>\n\n\n\n<p>O Idema, \u00f3rg\u00e3o ambiental do Estado, disse que n\u00e3o haver\u00e1 ocupa\u00e7\u00e3o da \u00c1rea de Preserva\u00e7\u00e3o Permanente nos dois empreendimentos. O \u00f3rg\u00e3o tamb\u00e9m informou que est\u00e1 fiscalizando o cumprimento das condicionantes impostas na licen\u00e7a ambiental. At\u00e9 o momento, diz:n\u00e3o h\u00e1 infra\u00e7\u00f5es.<\/p>\n\n\n\n<p>O que dizem as incorporadoras<\/p>\n\n\n\n<p>Em nota, a GAV Resorts informou que o empreendimento Pipa Island Resort est\u00e1 sendo constru\u00eddo em \u00e1rea privada. &#8220;Os procedimentos de licenciamento e alvar\u00e1 tramitaram por cerca de tr\u00eas anos, mediante aprofundados estudos e adequa\u00e7\u00f5es, e atenderam todas as exig\u00eancias dos \u00f3rg\u00e3os competentes&#8221;, disse a empresa.<\/p>\n\n\n\n<p>Com dez anos de atua\u00e7\u00e3o no segmento multipropriedade, a GAV Resorts possui tr\u00eas empreendimentos em opera\u00e7\u00e3o no Par\u00e1 e outros nove em constru\u00e7\u00e3o nos estados de Alagoas, Par\u00e1, Goi\u00e1s, Pernambuco, Rio Grande do Sul e Cear\u00e1.<\/p>\n\n\n\n<p>A empresa Allimulti Incorporadora, respons\u00e1vel pelo Okan Pipa Multi Residence, disse em nota que vem cumprindo com todas as exig\u00eancias ambientais previstas no Plano Diretor do munic\u00edpio e \u00e0 legisla\u00e7\u00e3o ambiental e que tem colaborado com os \u00f3rg\u00e3os de fiscaliza\u00e7\u00e3o, visando \u00e0 perfeita observ\u00e2ncia da legisla\u00e7\u00e3o ambiental.<\/p>\n","protected":false},"excerpt":{"rendered":"<p>Cerca de 80% dos estabelecimentos comerciais da regi\u00e3o n\u00e3o possuem licen\u00e7a ambiental. O Minist\u00e9rio P\u00fablico do Rio Grande do Norte tem sido demandado nos \u00faltimos meses por alguns movimentos sociais denunciando irregularidades em Tibau do Sul e Pipa. A chegada de novos investidores do mercado imobili\u00e1rio voltados para a \u00e1rea de multipropriedade provocou a preocupa\u00e7\u00e3o [&hellip;]<\/p>\n","protected":false},"author":1,"featured_media":0,"comment_status":"open","ping_status":"open","sticky":false,"template":"","format":"standard","meta":{"cybocfi_hide_featured_image":"","_jetpack_memberships_contains_paid_content":false,"footnotes":""},"categories":[1],"tags":[],"class_list":["post-2752","post","type-post","status-publish","format-standard","hentry","category-diversos"],"yoast_head":"<!-- This site is optimized with the Yoast SEO plugin v25.6 - https:\/\/yoast.com\/wordpress\/plugins\/seo\/ -->\n<title>Movimento Todos pelo Chapad\u00e3o: Minist\u00e9rio P\u00fablico deve ampliar investiga\u00e7\u00f5es de crimes ambientais em Tibau do Sul e Pipa - Blog do Bispo<\/title>\n<meta name=\"robots\" content=\"index, follow, max-snippet:-1, max-image-preview:large, max-video-preview:-1\" \/>\n<link rel=\"canonical\" href=\"https:\/\/blogdobispo.com.br\/?p=2752\" \/>\n<meta property=\"og:locale\" content=\"pt_BR\" \/>\n<meta property=\"og:type\" content=\"article\" \/>\n<meta property=\"og:title\" content=\"Movimento Todos pelo Chapad\u00e3o: Minist\u00e9rio P\u00fablico deve ampliar investiga\u00e7\u00f5es de crimes ambientais em Tibau do Sul e Pipa - Blog do Bispo\" \/>\n<meta property=\"og:description\" content=\"Cerca de 80% dos estabelecimentos comerciais da regi\u00e3o n\u00e3o possuem licen\u00e7a ambiental. O Minist\u00e9rio P\u00fablico do Rio Grande do Norte tem sido demandado nos \u00faltimos meses por alguns movimentos sociais denunciando irregularidades em Tibau do Sul e Pipa. A chegada de novos investidores do mercado imobili\u00e1rio voltados para a \u00e1rea de multipropriedade provocou a preocupa\u00e7\u00e3o [&hellip;]\" \/>\n<meta property=\"og:url\" content=\"https:\/\/blogdobispo.com.br\/?p=2752\" \/>\n<meta property=\"og:site_name\" content=\"Blog do Bispo\" \/>\n<meta property=\"article:published_time\" content=\"2024-02-26T15:02:09+00:00\" \/>\n<meta property=\"og:image\" content=\"https:\/\/blogdobispo.com.br\/wp-content\/uploads\/2024\/02\/ff411ecb-b8a9-4127-b062-388483fcef6a-1.jpg\" \/>\n<meta name=\"author\" content=\"Jefferson Sterfeno\" \/>\n<meta name=\"twitter:card\" content=\"summary_large_image\" \/>\n<meta name=\"twitter:label1\" content=\"Escrito por\" \/>\n\t<meta name=\"twitter:data1\" content=\"Jefferson Sterfeno\" \/>\n\t<meta name=\"twitter:label2\" content=\"Est. tempo de leitura\" \/>\n\t<meta name=\"twitter:data2\" content=\"4 minutos\" \/>\n<script type=\"application\/ld+json\" class=\"yoast-schema-graph\">{\"@context\":\"https:\/\/schema.org\",\"@graph\":[{\"@type\":\"Article\",\"@id\":\"https:\/\/blogdobispo.com.br\/?p=2752#article\",\"isPartOf\":{\"@id\":\"https:\/\/blogdobispo.com.br\/?p=2752\"},\"author\":{\"name\":\"Jefferson Sterfeno\",\"@id\":\"https:\/\/blogdobispo.com.br\/#\/schema\/person\/e2209cc0e6cea5c5233d033e997b373f\"},\"headline\":\"Movimento Todos pelo Chapad\u00e3o: Minist\u00e9rio P\u00fablico deve ampliar investiga\u00e7\u00f5es de crimes ambientais em Tibau do Sul e Pipa\",\"datePublished\":\"2024-02-26T15:02:09+00:00\",\"mainEntityOfPage\":{\"@id\":\"https:\/\/blogdobispo.com.br\/?p=2752\"},\"wordCount\":772,\"commentCount\":0,\"publisher\":{\"@id\":\"https:\/\/blogdobispo.com.br\/#organization\"},\"image\":{\"@id\":\"https:\/\/blogdobispo.com.br\/?p=2752#primaryimage\"},\"thumbnailUrl\":\"https:\/\/blogdobispo.com.br\/wp-content\/uploads\/2024\/02\/ff411ecb-b8a9-4127-b062-388483fcef6a-1.jpg\",\"articleSection\":[\"diversos\"],\"inLanguage\":\"pt-BR\",\"potentialAction\":[{\"@type\":\"CommentAction\",\"name\":\"Comment\",\"target\":[\"https:\/\/blogdobispo.com.br\/?p=2752#respond\"]}]},{\"@type\":\"WebPage\",\"@id\":\"https:\/\/blogdobispo.com.br\/?p=2752\",\"url\":\"https:\/\/blogdobispo.com.br\/?p=2752\",\"name\":\"Movimento Todos pelo Chapad\u00e3o: Minist\u00e9rio P\u00fablico deve ampliar investiga\u00e7\u00f5es de crimes ambientais em Tibau do Sul e Pipa - Blog do Bispo\",\"isPartOf\":{\"@id\":\"https:\/\/blogdobispo.com.br\/#website\"},\"primaryImageOfPage\":{\"@id\":\"https:\/\/blogdobispo.com.br\/?p=2752#primaryimage\"},\"image\":{\"@id\":\"https:\/\/blogdobispo.com.br\/?p=2752#primaryimage\"},\"thumbnailUrl\":\"https:\/\/blogdobispo.com.br\/wp-content\/uploads\/2024\/02\/ff411ecb-b8a9-4127-b062-388483fcef6a-1.jpg\",\"datePublished\":\"2024-02-26T15:02:09+00:00\",\"breadcrumb\":{\"@id\":\"https:\/\/blogdobispo.com.br\/?p=2752#breadcrumb\"},\"inLanguage\":\"pt-BR\",\"potentialAction\":[{\"@type\":\"ReadAction\",\"target\":[\"https:\/\/blogdobispo.com.br\/?p=2752\"]}]},{\"@type\":\"ImageObject\",\"inLanguage\":\"pt-BR\",\"@id\":\"https:\/\/blogdobispo.com.br\/?p=2752#primaryimage\",\"url\":\"https:\/\/blogdobispo.com.br\/wp-content\/uploads\/2024\/02\/ff411ecb-b8a9-4127-b062-388483fcef6a-1.jpg\",\"contentUrl\":\"https:\/\/blogdobispo.com.br\/wp-content\/uploads\/2024\/02\/ff411ecb-b8a9-4127-b062-388483fcef6a-1.jpg\"},{\"@type\":\"BreadcrumbList\",\"@id\":\"https:\/\/blogdobispo.com.br\/?p=2752#breadcrumb\",\"itemListElement\":[{\"@type\":\"ListItem\",\"position\":1,\"name\":\"In\u00edcio\",\"item\":\"https:\/\/blogdobispo.com.br\/\"},{\"@type\":\"ListItem\",\"position\":2,\"name\":\"Movimento Todos pelo Chapad\u00e3o: Minist\u00e9rio P\u00fablico deve ampliar investiga\u00e7\u00f5es de crimes ambientais em Tibau do Sul e Pipa\"}]},{\"@type\":\"WebSite\",\"@id\":\"https:\/\/blogdobispo.com.br\/#website\",\"url\":\"https:\/\/blogdobispo.com.br\/\",\"name\":\"Blog do Bispo\",\"description\":\"Comprometido apenas com o leitor\",\"publisher\":{\"@id\":\"https:\/\/blogdobispo.com.br\/#organization\"},\"potentialAction\":[{\"@type\":\"SearchAction\",\"target\":{\"@type\":\"EntryPoint\",\"urlTemplate\":\"https:\/\/blogdobispo.com.br\/?s={search_term_string}\"},\"query-input\":{\"@type\":\"PropertyValueSpecification\",\"valueRequired\":true,\"valueName\":\"search_term_string\"}}],\"inLanguage\":\"pt-BR\"},{\"@type\":\"Organization\",\"@id\":\"https:\/\/blogdobispo.com.br\/#organization\",\"name\":\"Blog do Bispo\",\"url\":\"https:\/\/blogdobispo.com.br\/\",\"logo\":{\"@type\":\"ImageObject\",\"inLanguage\":\"pt-BR\",\"@id\":\"https:\/\/blogdobispo.com.br\/#\/schema\/logo\/image\/\",\"url\":\"http:\/\/blogdobispo.com.br\/wp-content\/uploads\/2023\/05\/cropped-headear.png\",\"contentUrl\":\"http:\/\/blogdobispo.com.br\/wp-content\/uploads\/2023\/05\/cropped-headear.png\",\"width\":1500,\"height\":399,\"caption\":\"Blog do Bispo\"},\"image\":{\"@id\":\"https:\/\/blogdobispo.com.br\/#\/schema\/logo\/image\/\"}},{\"@type\":\"Person\",\"@id\":\"https:\/\/blogdobispo.com.br\/#\/schema\/person\/e2209cc0e6cea5c5233d033e997b373f\",\"name\":\"Jefferson Sterfeno\",\"image\":{\"@type\":\"ImageObject\",\"inLanguage\":\"pt-BR\",\"@id\":\"https:\/\/blogdobispo.com.br\/#\/schema\/person\/image\/\",\"url\":\"https:\/\/secure.gravatar.com\/avatar\/0534e84764641168a677026b6d57a3f51dc7ac4db0b4f6186d9cb330d4ee1160?s=96&d=mm&r=g\",\"contentUrl\":\"https:\/\/secure.gravatar.com\/avatar\/0534e84764641168a677026b6d57a3f51dc7ac4db0b4f6186d9cb330d4ee1160?s=96&d=mm&r=g\",\"caption\":\"Jefferson Sterfeno\"},\"sameAs\":[\"http:\/\/blogdobispo.com.br\"],\"url\":\"https:\/\/blogdobispo.com.br\/?author=1\"}]}<\/script>\n<!-- \/ Yoast SEO plugin. -->","yoast_head_json":{"title":"Movimento Todos pelo Chapad\u00e3o: Minist\u00e9rio P\u00fablico deve ampliar investiga\u00e7\u00f5es de crimes ambientais em Tibau do Sul e Pipa - Blog do Bispo","robots":{"index":"index","follow":"follow","max-snippet":"max-snippet:-1","max-image-preview":"max-image-preview:large","max-video-preview":"max-video-preview:-1"},"canonical":"https:\/\/blogdobispo.com.br\/?p=2752","og_locale":"pt_BR","og_type":"article","og_title":"Movimento Todos pelo Chapad\u00e3o: Minist\u00e9rio P\u00fablico deve ampliar investiga\u00e7\u00f5es de crimes ambientais em Tibau do Sul e Pipa - Blog do Bispo","og_description":"Cerca de 80% dos estabelecimentos comerciais da regi\u00e3o n\u00e3o possuem licen\u00e7a ambiental. O Minist\u00e9rio P\u00fablico do Rio Grande do Norte tem sido demandado nos \u00faltimos meses por alguns movimentos sociais denunciando irregularidades em Tibau do Sul e Pipa. A chegada de novos investidores do mercado imobili\u00e1rio voltados para a \u00e1rea de multipropriedade provocou a preocupa\u00e7\u00e3o [&hellip;]","og_url":"https:\/\/blogdobispo.com.br\/?p=2752","og_site_name":"Blog do Bispo","article_published_time":"2024-02-26T15:02:09+00:00","og_image":[{"url":"https:\/\/blogdobispo.com.br\/wp-content\/uploads\/2024\/02\/ff411ecb-b8a9-4127-b062-388483fcef6a-1.jpg","type":"","width":"","height":""}],"author":"Jefferson Sterfeno","twitter_card":"summary_large_image","twitter_misc":{"Escrito por":"Jefferson Sterfeno","Est. tempo de leitura":"4 minutos"},"schema":{"@context":"https:\/\/schema.org","@graph":[{"@type":"Article","@id":"https:\/\/blogdobispo.com.br\/?p=2752#article","isPartOf":{"@id":"https:\/\/blogdobispo.com.br\/?p=2752"},"author":{"name":"Jefferson Sterfeno","@id":"https:\/\/blogdobispo.com.br\/#\/schema\/person\/e2209cc0e6cea5c5233d033e997b373f"},"headline":"Movimento Todos pelo Chapad\u00e3o: Minist\u00e9rio P\u00fablico deve ampliar investiga\u00e7\u00f5es de crimes ambientais em Tibau do Sul e Pipa","datePublished":"2024-02-26T15:02:09+00:00","mainEntityOfPage":{"@id":"https:\/\/blogdobispo.com.br\/?p=2752"},"wordCount":772,"commentCount":0,"publisher":{"@id":"https:\/\/blogdobispo.com.br\/#organization"},"image":{"@id":"https:\/\/blogdobispo.com.br\/?p=2752#primaryimage"},"thumbnailUrl":"https:\/\/blogdobispo.com.br\/wp-content\/uploads\/2024\/02\/ff411ecb-b8a9-4127-b062-388483fcef6a-1.jpg","articleSection":["diversos"],"inLanguage":"pt-BR","potentialAction":[{"@type":"CommentAction","name":"Comment","target":["https:\/\/blogdobispo.com.br\/?p=2752#respond"]}]},{"@type":"WebPage","@id":"https:\/\/blogdobispo.com.br\/?p=2752","url":"https:\/\/blogdobispo.com.br\/?p=2752","name":"Movimento Todos pelo Chapad\u00e3o: Minist\u00e9rio P\u00fablico deve ampliar investiga\u00e7\u00f5es de crimes ambientais em Tibau do Sul e Pipa - Blog do Bispo","isPartOf":{"@id":"https:\/\/blogdobispo.com.br\/#website"},"primaryImageOfPage":{"@id":"https:\/\/blogdobispo.com.br\/?p=2752#primaryimage"},"image":{"@id":"https:\/\/blogdobispo.com.br\/?p=2752#primaryimage"},"thumbnailUrl":"https:\/\/blogdobispo.com.br\/wp-content\/uploads\/2024\/02\/ff411ecb-b8a9-4127-b062-388483fcef6a-1.jpg","datePublished":"2024-02-26T15:02:09+00:00","breadcrumb":{"@id":"https:\/\/blogdobispo.com.br\/?p=2752#breadcrumb"},"inLanguage":"pt-BR","potentialAction":[{"@type":"ReadAction","target":["https:\/\/blogdobispo.com.br\/?p=2752"]}]},{"@type":"ImageObject","inLanguage":"pt-BR","@id":"https:\/\/blogdobispo.com.br\/?p=2752#primaryimage","url":"https:\/\/blogdobispo.com.br\/wp-content\/uploads\/2024\/02\/ff411ecb-b8a9-4127-b062-388483fcef6a-1.jpg","contentUrl":"https:\/\/blogdobispo.com.br\/wp-content\/uploads\/2024\/02\/ff411ecb-b8a9-4127-b062-388483fcef6a-1.jpg"},{"@type":"BreadcrumbList","@id":"https:\/\/blogdobispo.com.br\/?p=2752#breadcrumb","itemListElement":[{"@type":"ListItem","position":1,"name":"In\u00edcio","item":"https:\/\/blogdobispo.com.br\/"},{"@type":"ListItem","position":2,"name":"Movimento Todos pelo Chapad\u00e3o: Minist\u00e9rio P\u00fablico deve ampliar investiga\u00e7\u00f5es de crimes ambientais em Tibau do Sul e Pipa"}]},{"@type":"WebSite","@id":"https:\/\/blogdobispo.com.br\/#website","url":"https:\/\/blogdobispo.com.br\/","name":"Blog do Bispo","description":"Comprometido apenas com o leitor","publisher":{"@id":"https:\/\/blogdobispo.com.br\/#organization"},"potentialAction":[{"@type":"SearchAction","target":{"@type":"EntryPoint","urlTemplate":"https:\/\/blogdobispo.com.br\/?s={search_term_string}"},"query-input":{"@type":"PropertyValueSpecification","valueRequired":true,"valueName":"search_term_string"}}],"inLanguage":"pt-BR"},{"@type":"Organization","@id":"https:\/\/blogdobispo.com.br\/#organization","name":"Blog do Bispo","url":"https:\/\/blogdobispo.com.br\/","logo":{"@type":"ImageObject","inLanguage":"pt-BR","@id":"https:\/\/blogdobispo.com.br\/#\/schema\/logo\/image\/","url":"http:\/\/blogdobispo.com.br\/wp-content\/uploads\/2023\/05\/cropped-headear.png","contentUrl":"http:\/\/blogdobispo.com.br\/wp-content\/uploads\/2023\/05\/cropped-headear.png","width":1500,"height":399,"caption":"Blog do Bispo"},"image":{"@id":"https:\/\/blogdobispo.com.br\/#\/schema\/logo\/image\/"}},{"@type":"Person","@id":"https:\/\/blogdobispo.com.br\/#\/schema\/person\/e2209cc0e6cea5c5233d033e997b373f","name":"Jefferson Sterfeno","image":{"@type":"ImageObject","inLanguage":"pt-BR","@id":"https:\/\/blogdobispo.com.br\/#\/schema\/person\/image\/","url":"https:\/\/secure.gravatar.com\/avatar\/0534e84764641168a677026b6d57a3f51dc7ac4db0b4f6186d9cb330d4ee1160?s=96&d=mm&r=g","contentUrl":"https:\/\/secure.gravatar.com\/avatar\/0534e84764641168a677026b6d57a3f51dc7ac4db0b4f6186d9cb330d4ee1160?s=96&d=mm&r=g","caption":"Jefferson Sterfeno"},"sameAs":["http:\/\/blogdobispo.com.br"],"url":"https:\/\/blogdobispo.com.br\/?author=1"}]}},"featured_image_urls":{"full":"","thumbnail":"","medium":"","medium_large":"","large":"","1536x1536":"","2048x2048":""},"author_info":{"display_name":"Jefferson Sterfeno","author_link":"https:\/\/blogdobispo.com.br\/?author=1"},"category_info":"<a href=\"https:\/\/blogdobispo.com.br\/?cat=1\" rel=\"category\">diversos<\/a>","tag_info":"diversos","comment_count":"0","jetpack_featured_media_url":"","jetpack_sharing_enabled":true,"_links":{"self":[{"href":"https:\/\/blogdobispo.com.br\/index.php?rest_route=\/wp\/v2\/posts\/2752","targetHints":{"allow":["GET"]}}],"collection":[{"href":"https:\/\/blogdobispo.com.br\/index.php?rest_route=\/wp\/v2\/posts"}],"about":[{"href":"https:\/\/blogdobispo.com.br\/index.php?rest_route=\/wp\/v2\/types\/post"}],"author":[{"embeddable":true,"href":"https:\/\/blogdobispo.com.br\/index.php?rest_route=\/wp\/v2\/users\/1"}],"replies":[{"embeddable":true,"href":"https:\/\/blogdobispo.com.br\/index.php?rest_route=%2Fwp%2Fv2%2Fcomments&post=2752"}],"version-history":[{"count":0,"href":"https:\/\/blogdobispo.com.br\/index.php?rest_route=\/wp\/v2\/posts\/2752\/revisions"}],"wp:attachment":[{"href":"https:\/\/blogdobispo.com.br\/index.php?rest_route=%2Fwp%2Fv2%2Fmedia&parent=2752"}],"wp:term":[{"taxonomy":"category","embeddable":true,"href":"https:\/\/blogdobispo.com.br\/index.php?rest_route=%2Fwp%2Fv2%2Fcategories&post=2752"},{"taxonomy":"post_tag","embeddable":true,"href":"https:\/\/blogdobispo.com.br\/index.php?rest_route=%2Fwp%2Fv2%2Ftags&post=2752"}],"curies":[{"name":"wp","href":"https:\/\/api.w.org\/{rel}","templated":true}]}}