{"id":2745,"date":"2024-02-24T13:10:13","date_gmt":"2024-02-24T13:10:13","guid":{"rendered":"https:\/\/blogdobispo.com.br\/?p=2745"},"modified":"2024-02-24T13:10:13","modified_gmt":"2024-02-24T13:10:13","slug":"irapoa-nobrega-recebe-medalha-homens-de-honra","status":"publish","type":"post","link":"https:\/\/blogdobispo.com.br\/?p=2745","title":{"rendered":"Irapo\u00e3 N\u00f3brega recebe Medalha Homens de Honra"},"content":{"rendered":"\n<p>O secret\u00e1rio da SEMSUR Natal Irapo\u00e3 N\u00f3brega foi agraciado com o Pr\u00eamio Homens de Honra, concedida pela Academia Brasileira de Ci\u00eancias, Arte, Hist\u00f3ria e Literatura. <\/p>\n\n\n\n<p>A Medalha foi entregue a Irapo\u00e3 pelos relevantes servi\u00e7os prestados \u00e0 sociedade, atrav\u00e9s de a\u00e7\u00f5es desenvolvidas pelo secret\u00e1rio.<\/p>\n\n\n\n<p>No Instagram, ele agradeceu a medalha:<\/p>\n\n\n\n<figure class=\"wp-block-image size-large\"><img data-recalc-dims=\"1\" fetchpriority=\"high\" decoding=\"async\" width=\"800\" height=\"609\" src=\"https:\/\/i0.wp.com\/blogdobispo.com.br\/wp-content\/uploads\/2024\/02\/img_5868-1.jpg?resize=800%2C609&#038;ssl=1\" class=\"wp-image-2744\" srcset=\"https:\/\/i0.wp.com\/blogdobispo.com.br\/wp-content\/uploads\/2024\/02\/img_5868-1.jpg?w=826&amp;ssl=1 826w, https:\/\/i0.wp.com\/blogdobispo.com.br\/wp-content\/uploads\/2024\/02\/img_5868-1.jpg?resize=300%2C228&amp;ssl=1 300w, https:\/\/i0.wp.com\/blogdobispo.com.br\/wp-content\/uploads\/2024\/02\/img_5868-1.jpg?resize=768%2C585&amp;ssl=1 768w\" sizes=\"(max-width: 800px) 100vw, 800px\" \/><\/figure>\n\n\n\n<p><\/p>\n\n\n\n<p>\u201cRecebi na noite de ontem (23), a Medalha Homens de Honra, concedida pela Academia Brasileira de Ci\u00eancias, Arte, Hist\u00f3ria e Literatura. A outorga foi entreque \u00e0 diversas personalidades de destaque da nossa cidade, incluindo o nosso prefeito, @alvarodiasrn, e os secret\u00e1rios municipais. Me sinto muito honrado e agradecido pelo reconhecimento. Isso significa que o bom trabalho, esfor\u00e7o e dedica\u00e7\u00e3o do dia-a-dia est\u00e3o sendo reconhecidos. Obrigado, mais uma vez, a Abrasci pela homenagem.\u201d<\/p>\n\n\n\n<p>A Sociedade Brasileira de Ci\u00eancias, Arte, Hist\u00f3ria e Literatura desempenha um papel crucial na promo\u00e7\u00e3o e preserva\u00e7\u00e3o do patrim\u00f4nio cultural do Brasil. Fundada com o prop\u00f3sito de integrar diferentes \u00e1reas do conhecimento, a institui\u00e7\u00e3o tem fomentado a pesquisa cient\u00edfica, a express\u00e3o art\u00edstica, a investiga\u00e7\u00e3o hist\u00f3rica e a produ\u00e7\u00e3o liter\u00e1ria. Seus eventos e publica\u00e7\u00f5es t\u00eam contribu\u00eddo para a dissemina\u00e7\u00e3o de ideias inovadoras e a valoriza\u00e7\u00e3o da diversidade cultural brasileira. Atrav\u00e9s de projetos educacionais, a sociedade busca inspirar novas gera\u00e7\u00f5es a se envolverem com o desenvolvimento intelectual e cultural do pa\u00eds. Com uma abordagem interdisciplinar, essa sociedade desempenha um papel vital na constru\u00e7\u00e3o de uma identidade nacional rica e multifacetada, fortalecendo os la\u00e7os entre passado, presente e futuro.<\/p>\n\n\n\n<p>Irapo\u00e3 est\u00e1 de sa\u00edda da secretaria, quando assumir\u00e1 a pr\u00e9-candidatura a vereador de Natal. <\/p>\n","protected":false},"excerpt":{"rendered":"<p>O secret\u00e1rio da SEMSUR Natal Irapo\u00e3 N\u00f3brega foi agraciado com o Pr\u00eamio Homens de Honra, concedida pela Academia Brasileira de Ci\u00eancias, Arte, Hist\u00f3ria e Literatura. A Medalha foi entregue a Irapo\u00e3 pelos relevantes servi\u00e7os prestados \u00e0 sociedade, atrav\u00e9s de a\u00e7\u00f5es desenvolvidas pelo secret\u00e1rio. No Instagram, ele agradeceu a medalha: \u201cRecebi na noite de ontem (23), [&hellip;]<\/p>\n","protected":false},"author":1,"featured_media":0,"comment_status":"open","ping_status":"open","sticky":false,"template":"","format":"standard","meta":{"cybocfi_hide_featured_image":"","_jetpack_memberships_contains_paid_content":false,"footnotes":""},"categories":[1],"tags":[],"class_list":["post-2745","post","type-post","status-publish","format-standard","hentry","category-diversos"],"yoast_head":"<!-- This site is optimized with the Yoast SEO plugin v25.6 - https:\/\/yoast.com\/wordpress\/plugins\/seo\/ -->\n<title>Irapo\u00e3 N\u00f3brega recebe Medalha Homens de Honra - Blog do Bispo<\/title>\n<meta name=\"robots\" content=\"index, follow, max-snippet:-1, max-image-preview:large, max-video-preview:-1\" \/>\n<link rel=\"canonical\" href=\"https:\/\/blogdobispo.com.br\/?p=2745\" \/>\n<meta property=\"og:locale\" content=\"pt_BR\" \/>\n<meta property=\"og:type\" content=\"article\" \/>\n<meta property=\"og:title\" content=\"Irapo\u00e3 N\u00f3brega recebe Medalha Homens de Honra - Blog do Bispo\" \/>\n<meta property=\"og:description\" content=\"O secret\u00e1rio da SEMSUR Natal Irapo\u00e3 N\u00f3brega foi agraciado com o Pr\u00eamio Homens de Honra, concedida pela Academia Brasileira de Ci\u00eancias, Arte, Hist\u00f3ria e Literatura. A Medalha foi entregue a Irapo\u00e3 pelos relevantes servi\u00e7os prestados \u00e0 sociedade, atrav\u00e9s de a\u00e7\u00f5es desenvolvidas pelo secret\u00e1rio. No Instagram, ele agradeceu a medalha: \u201cRecebi na noite de ontem (23), [&hellip;]\" \/>\n<meta property=\"og:url\" content=\"https:\/\/blogdobispo.com.br\/?p=2745\" \/>\n<meta property=\"og:site_name\" content=\"Blog do Bispo\" \/>\n<meta property=\"article:published_time\" content=\"2024-02-24T13:10:13+00:00\" \/>\n<meta property=\"og:image\" content=\"https:\/\/blogdobispo.com.br\/wp-content\/uploads\/2024\/02\/img_5868-1.jpg\" \/>\n<meta name=\"author\" content=\"Jefferson Sterfeno\" \/>\n<meta name=\"twitter:card\" content=\"summary_large_image\" \/>\n<meta name=\"twitter:label1\" content=\"Escrito por\" \/>\n\t<meta name=\"twitter:data1\" content=\"Jefferson Sterfeno\" \/>\n\t<meta name=\"twitter:label2\" content=\"Est. tempo de leitura\" \/>\n\t<meta name=\"twitter:data2\" content=\"1 minuto\" \/>\n<script type=\"application\/ld+json\" class=\"yoast-schema-graph\">{\"@context\":\"https:\/\/schema.org\",\"@graph\":[{\"@type\":\"Article\",\"@id\":\"https:\/\/blogdobispo.com.br\/?p=2745#article\",\"isPartOf\":{\"@id\":\"https:\/\/blogdobispo.com.br\/?p=2745\"},\"author\":{\"name\":\"Jefferson Sterfeno\",\"@id\":\"https:\/\/blogdobispo.com.br\/#\/schema\/person\/e2209cc0e6cea5c5233d033e997b373f\"},\"headline\":\"Irapo\u00e3 N\u00f3brega recebe Medalha Homens de Honra\",\"datePublished\":\"2024-02-24T13:10:13+00:00\",\"mainEntityOfPage\":{\"@id\":\"https:\/\/blogdobispo.com.br\/?p=2745\"},\"wordCount\":297,\"commentCount\":0,\"publisher\":{\"@id\":\"https:\/\/blogdobispo.com.br\/#organization\"},\"image\":{\"@id\":\"https:\/\/blogdobispo.com.br\/?p=2745#primaryimage\"},\"thumbnailUrl\":\"https:\/\/blogdobispo.com.br\/wp-content\/uploads\/2024\/02\/img_5868-1.jpg\",\"articleSection\":[\"diversos\"],\"inLanguage\":\"pt-BR\",\"potentialAction\":[{\"@type\":\"CommentAction\",\"name\":\"Comment\",\"target\":[\"https:\/\/blogdobispo.com.br\/?p=2745#respond\"]}]},{\"@type\":\"WebPage\",\"@id\":\"https:\/\/blogdobispo.com.br\/?p=2745\",\"url\":\"https:\/\/blogdobispo.com.br\/?p=2745\",\"name\":\"Irapo\u00e3 N\u00f3brega recebe Medalha Homens de Honra - Blog do Bispo\",\"isPartOf\":{\"@id\":\"https:\/\/blogdobispo.com.br\/#website\"},\"primaryImageOfPage\":{\"@id\":\"https:\/\/blogdobispo.com.br\/?p=2745#primaryimage\"},\"image\":{\"@id\":\"https:\/\/blogdobispo.com.br\/?p=2745#primaryimage\"},\"thumbnailUrl\":\"https:\/\/blogdobispo.com.br\/wp-content\/uploads\/2024\/02\/img_5868-1.jpg\",\"datePublished\":\"2024-02-24T13:10:13+00:00\",\"breadcrumb\":{\"@id\":\"https:\/\/blogdobispo.com.br\/?p=2745#breadcrumb\"},\"inLanguage\":\"pt-BR\",\"potentialAction\":[{\"@type\":\"ReadAction\",\"target\":[\"https:\/\/blogdobispo.com.br\/?p=2745\"]}]},{\"@type\":\"ImageObject\",\"inLanguage\":\"pt-BR\",\"@id\":\"https:\/\/blogdobispo.com.br\/?p=2745#primaryimage\",\"url\":\"https:\/\/blogdobispo.com.br\/wp-content\/uploads\/2024\/02\/img_5868-1.jpg\",\"contentUrl\":\"https:\/\/blogdobispo.com.br\/wp-content\/uploads\/2024\/02\/img_5868-1.jpg\"},{\"@type\":\"BreadcrumbList\",\"@id\":\"https:\/\/blogdobispo.com.br\/?p=2745#breadcrumb\",\"itemListElement\":[{\"@type\":\"ListItem\",\"position\":1,\"name\":\"In\u00edcio\",\"item\":\"https:\/\/blogdobispo.com.br\/\"},{\"@type\":\"ListItem\",\"position\":2,\"name\":\"Irapo\u00e3 N\u00f3brega recebe Medalha Homens de Honra\"}]},{\"@type\":\"WebSite\",\"@id\":\"https:\/\/blogdobispo.com.br\/#website\",\"url\":\"https:\/\/blogdobispo.com.br\/\",\"name\":\"Blog do Bispo\",\"description\":\"Comprometido apenas com o leitor\",\"publisher\":{\"@id\":\"https:\/\/blogdobispo.com.br\/#organization\"},\"potentialAction\":[{\"@type\":\"SearchAction\",\"target\":{\"@type\":\"EntryPoint\",\"urlTemplate\":\"https:\/\/blogdobispo.com.br\/?s={search_term_string}\"},\"query-input\":{\"@type\":\"PropertyValueSpecification\",\"valueRequired\":true,\"valueName\":\"search_term_string\"}}],\"inLanguage\":\"pt-BR\"},{\"@type\":\"Organization\",\"@id\":\"https:\/\/blogdobispo.com.br\/#organization\",\"name\":\"Blog do Bispo\",\"url\":\"https:\/\/blogdobispo.com.br\/\",\"logo\":{\"@type\":\"ImageObject\",\"inLanguage\":\"pt-BR\",\"@id\":\"https:\/\/blogdobispo.com.br\/#\/schema\/logo\/image\/\",\"url\":\"http:\/\/blogdobispo.com.br\/wp-content\/uploads\/2023\/05\/cropped-headear.png\",\"contentUrl\":\"http:\/\/blogdobispo.com.br\/wp-content\/uploads\/2023\/05\/cropped-headear.png\",\"width\":1500,\"height\":399,\"caption\":\"Blog do Bispo\"},\"image\":{\"@id\":\"https:\/\/blogdobispo.com.br\/#\/schema\/logo\/image\/\"}},{\"@type\":\"Person\",\"@id\":\"https:\/\/blogdobispo.com.br\/#\/schema\/person\/e2209cc0e6cea5c5233d033e997b373f\",\"name\":\"Jefferson Sterfeno\",\"image\":{\"@type\":\"ImageObject\",\"inLanguage\":\"pt-BR\",\"@id\":\"https:\/\/blogdobispo.com.br\/#\/schema\/person\/image\/\",\"url\":\"https:\/\/secure.gravatar.com\/avatar\/0534e84764641168a677026b6d57a3f51dc7ac4db0b4f6186d9cb330d4ee1160?s=96&d=mm&r=g\",\"contentUrl\":\"https:\/\/secure.gravatar.com\/avatar\/0534e84764641168a677026b6d57a3f51dc7ac4db0b4f6186d9cb330d4ee1160?s=96&d=mm&r=g\",\"caption\":\"Jefferson Sterfeno\"},\"sameAs\":[\"http:\/\/blogdobispo.com.br\"],\"url\":\"https:\/\/blogdobispo.com.br\/?author=1\"}]}<\/script>\n<!-- \/ Yoast SEO plugin. -->","yoast_head_json":{"title":"Irapo\u00e3 N\u00f3brega recebe Medalha Homens de Honra - Blog do Bispo","robots":{"index":"index","follow":"follow","max-snippet":"max-snippet:-1","max-image-preview":"max-image-preview:large","max-video-preview":"max-video-preview:-1"},"canonical":"https:\/\/blogdobispo.com.br\/?p=2745","og_locale":"pt_BR","og_type":"article","og_title":"Irapo\u00e3 N\u00f3brega recebe Medalha Homens de Honra - Blog do Bispo","og_description":"O secret\u00e1rio da SEMSUR Natal Irapo\u00e3 N\u00f3brega foi agraciado com o Pr\u00eamio Homens de Honra, concedida pela Academia Brasileira de Ci\u00eancias, Arte, Hist\u00f3ria e Literatura. A Medalha foi entregue a Irapo\u00e3 pelos relevantes servi\u00e7os prestados \u00e0 sociedade, atrav\u00e9s de a\u00e7\u00f5es desenvolvidas pelo secret\u00e1rio. No Instagram, ele agradeceu a medalha: \u201cRecebi na noite de ontem (23), [&hellip;]","og_url":"https:\/\/blogdobispo.com.br\/?p=2745","og_site_name":"Blog do Bispo","article_published_time":"2024-02-24T13:10:13+00:00","og_image":[{"url":"https:\/\/blogdobispo.com.br\/wp-content\/uploads\/2024\/02\/img_5868-1.jpg","type":"","width":"","height":""}],"author":"Jefferson Sterfeno","twitter_card":"summary_large_image","twitter_misc":{"Escrito por":"Jefferson Sterfeno","Est. tempo de leitura":"1 minuto"},"schema":{"@context":"https:\/\/schema.org","@graph":[{"@type":"Article","@id":"https:\/\/blogdobispo.com.br\/?p=2745#article","isPartOf":{"@id":"https:\/\/blogdobispo.com.br\/?p=2745"},"author":{"name":"Jefferson Sterfeno","@id":"https:\/\/blogdobispo.com.br\/#\/schema\/person\/e2209cc0e6cea5c5233d033e997b373f"},"headline":"Irapo\u00e3 N\u00f3brega recebe Medalha Homens de Honra","datePublished":"2024-02-24T13:10:13+00:00","mainEntityOfPage":{"@id":"https:\/\/blogdobispo.com.br\/?p=2745"},"wordCount":297,"commentCount":0,"publisher":{"@id":"https:\/\/blogdobispo.com.br\/#organization"},"image":{"@id":"https:\/\/blogdobispo.com.br\/?p=2745#primaryimage"},"thumbnailUrl":"https:\/\/blogdobispo.com.br\/wp-content\/uploads\/2024\/02\/img_5868-1.jpg","articleSection":["diversos"],"inLanguage":"pt-BR","potentialAction":[{"@type":"CommentAction","name":"Comment","target":["https:\/\/blogdobispo.com.br\/?p=2745#respond"]}]},{"@type":"WebPage","@id":"https:\/\/blogdobispo.com.br\/?p=2745","url":"https:\/\/blogdobispo.com.br\/?p=2745","name":"Irapo\u00e3 N\u00f3brega recebe Medalha Homens de Honra - Blog do Bispo","isPartOf":{"@id":"https:\/\/blogdobispo.com.br\/#website"},"primaryImageOfPage":{"@id":"https:\/\/blogdobispo.com.br\/?p=2745#primaryimage"},"image":{"@id":"https:\/\/blogdobispo.com.br\/?p=2745#primaryimage"},"thumbnailUrl":"https:\/\/blogdobispo.com.br\/wp-content\/uploads\/2024\/02\/img_5868-1.jpg","datePublished":"2024-02-24T13:10:13+00:00","breadcrumb":{"@id":"https:\/\/blogdobispo.com.br\/?p=2745#breadcrumb"},"inLanguage":"pt-BR","potentialAction":[{"@type":"ReadAction","target":["https:\/\/blogdobispo.com.br\/?p=2745"]}]},{"@type":"ImageObject","inLanguage":"pt-BR","@id":"https:\/\/blogdobispo.com.br\/?p=2745#primaryimage","url":"https:\/\/blogdobispo.com.br\/wp-content\/uploads\/2024\/02\/img_5868-1.jpg","contentUrl":"https:\/\/blogdobispo.com.br\/wp-content\/uploads\/2024\/02\/img_5868-1.jpg"},{"@type":"BreadcrumbList","@id":"https:\/\/blogdobispo.com.br\/?p=2745#breadcrumb","itemListElement":[{"@type":"ListItem","position":1,"name":"In\u00edcio","item":"https:\/\/blogdobispo.com.br\/"},{"@type":"ListItem","position":2,"name":"Irapo\u00e3 N\u00f3brega recebe Medalha Homens de Honra"}]},{"@type":"WebSite","@id":"https:\/\/blogdobispo.com.br\/#website","url":"https:\/\/blogdobispo.com.br\/","name":"Blog do Bispo","description":"Comprometido apenas com o leitor","publisher":{"@id":"https:\/\/blogdobispo.com.br\/#organization"},"potentialAction":[{"@type":"SearchAction","target":{"@type":"EntryPoint","urlTemplate":"https:\/\/blogdobispo.com.br\/?s={search_term_string}"},"query-input":{"@type":"PropertyValueSpecification","valueRequired":true,"valueName":"search_term_string"}}],"inLanguage":"pt-BR"},{"@type":"Organization","@id":"https:\/\/blogdobispo.com.br\/#organization","name":"Blog do Bispo","url":"https:\/\/blogdobispo.com.br\/","logo":{"@type":"ImageObject","inLanguage":"pt-BR","@id":"https:\/\/blogdobispo.com.br\/#\/schema\/logo\/image\/","url":"http:\/\/blogdobispo.com.br\/wp-content\/uploads\/2023\/05\/cropped-headear.png","contentUrl":"http:\/\/blogdobispo.com.br\/wp-content\/uploads\/2023\/05\/cropped-headear.png","width":1500,"height":399,"caption":"Blog do Bispo"},"image":{"@id":"https:\/\/blogdobispo.com.br\/#\/schema\/logo\/image\/"}},{"@type":"Person","@id":"https:\/\/blogdobispo.com.br\/#\/schema\/person\/e2209cc0e6cea5c5233d033e997b373f","name":"Jefferson Sterfeno","image":{"@type":"ImageObject","inLanguage":"pt-BR","@id":"https:\/\/blogdobispo.com.br\/#\/schema\/person\/image\/","url":"https:\/\/secure.gravatar.com\/avatar\/0534e84764641168a677026b6d57a3f51dc7ac4db0b4f6186d9cb330d4ee1160?s=96&d=mm&r=g","contentUrl":"https:\/\/secure.gravatar.com\/avatar\/0534e84764641168a677026b6d57a3f51dc7ac4db0b4f6186d9cb330d4ee1160?s=96&d=mm&r=g","caption":"Jefferson Sterfeno"},"sameAs":["http:\/\/blogdobispo.com.br"],"url":"https:\/\/blogdobispo.com.br\/?author=1"}]}},"featured_image_urls":{"full":"","thumbnail":"","medium":"","medium_large":"","large":"","1536x1536":"","2048x2048":""},"author_info":{"display_name":"Jefferson Sterfeno","author_link":"https:\/\/blogdobispo.com.br\/?author=1"},"category_info":"<a href=\"https:\/\/blogdobispo.com.br\/?cat=1\" rel=\"category\">diversos<\/a>","tag_info":"diversos","comment_count":"0","jetpack_featured_media_url":"","jetpack_sharing_enabled":true,"_links":{"self":[{"href":"https:\/\/blogdobispo.com.br\/index.php?rest_route=\/wp\/v2\/posts\/2745","targetHints":{"allow":["GET"]}}],"collection":[{"href":"https:\/\/blogdobispo.com.br\/index.php?rest_route=\/wp\/v2\/posts"}],"about":[{"href":"https:\/\/blogdobispo.com.br\/index.php?rest_route=\/wp\/v2\/types\/post"}],"author":[{"embeddable":true,"href":"https:\/\/blogdobispo.com.br\/index.php?rest_route=\/wp\/v2\/users\/1"}],"replies":[{"embeddable":true,"href":"https:\/\/blogdobispo.com.br\/index.php?rest_route=%2Fwp%2Fv2%2Fcomments&post=2745"}],"version-history":[{"count":0,"href":"https:\/\/blogdobispo.com.br\/index.php?rest_route=\/wp\/v2\/posts\/2745\/revisions"}],"wp:attachment":[{"href":"https:\/\/blogdobispo.com.br\/index.php?rest_route=%2Fwp%2Fv2%2Fmedia&parent=2745"}],"wp:term":[{"taxonomy":"category","embeddable":true,"href":"https:\/\/blogdobispo.com.br\/index.php?rest_route=%2Fwp%2Fv2%2Fcategories&post=2745"},{"taxonomy":"post_tag","embeddable":true,"href":"https:\/\/blogdobispo.com.br\/index.php?rest_route=%2Fwp%2Fv2%2Ftags&post=2745"}],"curies":[{"name":"wp","href":"https:\/\/api.w.org\/{rel}","templated":true}]}}