{"id":2735,"date":"2024-02-23T15:17:17","date_gmt":"2024-02-23T15:17:17","guid":{"rendered":"https:\/\/blogdobispo.com.br\/?p=2735"},"modified":"2024-02-23T15:17:17","modified_gmt":"2024-02-23T15:17:17","slug":"projeto-pilote-seguro-e-lancado-na-assembleia-legislativa-do-rn","status":"publish","type":"post","link":"https:\/\/blogdobispo.com.br\/?p=2735","title":{"rendered":"Projeto Pilote Seguro \u00e9 lan\u00e7ado na Assembleia Legislativa do RN"},"content":{"rendered":"\n<figure class=\"wp-block-image size-large\"><img data-recalc-dims=\"1\" fetchpriority=\"high\" decoding=\"async\" width=\"300\" height=\"199\" src=\"https:\/\/i0.wp.com\/blogdobispo.com.br\/wp-content\/uploads\/2024\/02\/14b73676-3171-455a-9e2e-0addf27baf9e-2-1-300x199.jpg?resize=300%2C199&#038;ssl=1\" class=\"wp-image-2734\" srcset=\"https:\/\/i0.wp.com\/blogdobispo.com.br\/wp-content\/uploads\/2024\/02\/14b73676-3171-455a-9e2e-0addf27baf9e-2-1.jpg?resize=300%2C199&amp;ssl=1 300w, https:\/\/i0.wp.com\/blogdobispo.com.br\/wp-content\/uploads\/2024\/02\/14b73676-3171-455a-9e2e-0addf27baf9e-2-1.jpg?resize=768%2C511&amp;ssl=1 768w, https:\/\/i0.wp.com\/blogdobispo.com.br\/wp-content\/uploads\/2024\/02\/14b73676-3171-455a-9e2e-0addf27baf9e-2-1.jpg?w=988&amp;ssl=1 988w\" sizes=\"(max-width: 300px) 100vw, 300px\" \/><\/figure>\n\n\n\n<figure class=\"wp-block-image size-large\"><img data-recalc-dims=\"1\" decoding=\"async\" width=\"800\" height=\"532\" src=\"https:\/\/i0.wp.com\/blogdobispo.com.br\/wp-content\/uploads\/2024\/02\/14b73676-3171-455a-9e2e-0addf27baf9e-3-1.jpg?resize=800%2C532&#038;ssl=1\" class=\"wp-image-2733\" srcset=\"https:\/\/i0.wp.com\/blogdobispo.com.br\/wp-content\/uploads\/2024\/02\/14b73676-3171-455a-9e2e-0addf27baf9e-3-1.jpg?w=988&amp;ssl=1 988w, https:\/\/i0.wp.com\/blogdobispo.com.br\/wp-content\/uploads\/2024\/02\/14b73676-3171-455a-9e2e-0addf27baf9e-3-1.jpg?resize=300%2C199&amp;ssl=1 300w, https:\/\/i0.wp.com\/blogdobispo.com.br\/wp-content\/uploads\/2024\/02\/14b73676-3171-455a-9e2e-0addf27baf9e-3-1.jpg?resize=768%2C511&amp;ssl=1 768w\" sizes=\"(max-width: 800px) 100vw, 800px\" \/><\/figure>\n\n\n\n<p><\/p>\n\n\n\n<p>A Assembleia Legislativa do Rio Grande do Norte sediou nesta sexta-feira (23) o lan\u00e7amento do Projeto Pilote Seguro. A iniciativa \u00e9 fruto de uma lei criada pelo deputado estadual Coronel Azevedo (PL), e ter\u00e1 certifica\u00e7\u00e3o formal para ajudar motociclistas a influ\u00edrem na melhoria da seguran\u00e7a e na busca pela redu\u00e7\u00e3o de acidentes no tr\u00e2nsito. O projeto foi materializado gra\u00e7as \u00e0 uni\u00e3o de esfor\u00e7os da UFERSA conjuntamente com os mandatos de Azevedo e do deputado federal General Gir\u00e3o (PL), tamb\u00e9m presente \u00e0 solenidade de lan\u00e7amento, ao lado do senador Rog\u00e9rio Marinho (PL).<br \/>\u201cN\u00f3s criamos a Lei do projeto Pilote Seguro por sabermos dos efeitos negativos que os acidentes de tr\u00e2nsito envolvendo motociclistas provocam na sociedade. Todas as vezes que um motociclista \u00e9 acidentado, ele se transforma em paciente e passa a sofrer em um hospital, gerando custos para a sa\u00fade p\u00fablica, para a previd\u00eancia social e tamb\u00e9m para as fam\u00edlias. Os dados s\u00e3o alarmantes. S\u00e3o muitas pessoas que ficam afastadas do mercado de trabalho ou at\u00e9 morrem por acidente de motocicletas. \u00c9 um problema que precisa ser encarado pela sociedade\u201d, disse Coronel Azevedo.<br \/>O projeto consiste em um curso online, totalmente gratuito, com cinco m\u00f3dulos de aulas ministradas de forma simples e direta para que os motociclistas possam praticar pilotagem segura. As aulas foram criadas pela Universidade Federal do Semi-\u00c1rido (UFERSA) e transformadas em aplicativo que pode ser acessado pelo celular tanto no formato Android quanto para Iphone.<br \/>O estado do Rio Grande do Norte conta com um elevado n\u00famero de atendimentos prestados a v\u00edtimas de acidentes de moto. Segundo dados analisados entre janeiro e outubro de 2023, o maior hospital p\u00fablico do RN, o Walfredo Gurgel, apresentou uma alta de 12,72% do n\u00famero de atendimento a v\u00edtimas de acidentes de moto em rela\u00e7\u00e3o a 2022. Os n\u00fameros mostram que a m\u00e9dia de acidentes com moto no Estado chegam a 700 por m\u00eas.<br \/>O Projeto Pilote Seguro foi viabilizado a partir de recursos de emenda parlamentar destinada pelo deputado general Gir\u00e3o. \u201cEstamos falando de salvar vidas. N\u00f3s precisamos fazer com que as pessoas tenham consci\u00eancia. A disciplina consciente precisa existir, e usar o capacete demonstra consci\u00eancia. Eu gostaria que esse projeto ganhasse o mundo, chegasse nas igrejas, nas casas. Porque este \u00e9 um projeto educativo, que busca salvar vidas\u201d, disse.<br \/>J\u00e1 o senador Rog\u00e9rio Marinho, criticou a falta de a\u00e7\u00e3o do Governo do Estado para enfrentar o problema. \u201cA trauma ortopedia est\u00e1 colapsada por ocorr\u00eancia de acidentes com motocicletas. S\u00e3o n\u00fameros t\u00e3o superlativos que nos espanta o fato do governo permanecer inerte nesta situa\u00e7\u00e3o\u201d, disse. O l\u00edder da oposi\u00e7\u00e3o no Senado afirmou que os problemas poderiam ser amenizados se os motociclistas tivessem acesso a informa\u00e7\u00f5es, que ser\u00e1 poss\u00edvel agora por meio do Pilote Seguro. \u201cA\u00e7\u00f5es como essas precisam ser respaldadas e terem continuidade nos pr\u00f3ximos anos\u201d, completou.<br \/>Com um aspecto inovador o curso aborda temas essenciais de seguran\u00e7a no tr\u00e2nsito e dire\u00e7\u00e3o defensiva, permitindo acesso a qualquer hora do dia, sem custos e sem a necessidade de deslocamento a um estabelecimento f\u00edsico. O aplicativo est\u00e1 dispon\u00edvel de forma gratuita nas lojas de aplicativos da Play Store e Apple Store e ao t\u00e9rmino do curso o participante ir\u00e1 receber um certificado digital da UFERSA.<\/p>\n\n\n\n<p>Nessa sua primeira edi\u00e7\u00e3o, o Pilote Seguro ir\u00e1 contemplar ainda 17 munic\u00edpios do Rio Grande do Norte com 1.000 capacetes personalizados de f\u00e1brica, al\u00e9m da participa\u00e7\u00e3o em duas oficinas especialmente elaboradas para auxiliar a promover uma condu\u00e7\u00e3o segura ao pilotar a motocicleta. Para participar do programa ou ter acesso a outras informa\u00e7\u00f5es acesse piloteseguro.com.br.<\/p>\n","protected":false},"excerpt":{"rendered":"<p>A Assembleia Legislativa do Rio Grande do Norte sediou nesta sexta-feira (23) o lan\u00e7amento do Projeto Pilote Seguro. A iniciativa \u00e9 fruto de uma lei criada pelo deputado estadual Coronel Azevedo (PL), e ter\u00e1 certifica\u00e7\u00e3o formal para ajudar motociclistas a influ\u00edrem na melhoria da seguran\u00e7a e na busca pela redu\u00e7\u00e3o de acidentes no tr\u00e2nsito. O [&hellip;]<\/p>\n","protected":false},"author":1,"featured_media":0,"comment_status":"open","ping_status":"open","sticky":false,"template":"","format":"standard","meta":{"cybocfi_hide_featured_image":"","_jetpack_memberships_contains_paid_content":false,"footnotes":""},"categories":[1],"tags":[],"class_list":["post-2735","post","type-post","status-publish","format-standard","hentry","category-diversos"],"yoast_head":"<!-- This site is optimized with the Yoast SEO plugin v25.6 - https:\/\/yoast.com\/wordpress\/plugins\/seo\/ -->\n<title>Projeto Pilote Seguro \u00e9 lan\u00e7ado na Assembleia Legislativa do RN - Blog do Bispo<\/title>\n<meta name=\"robots\" content=\"index, follow, max-snippet:-1, max-image-preview:large, max-video-preview:-1\" \/>\n<link rel=\"canonical\" href=\"https:\/\/blogdobispo.com.br\/?p=2735\" \/>\n<meta property=\"og:locale\" content=\"pt_BR\" \/>\n<meta property=\"og:type\" content=\"article\" \/>\n<meta property=\"og:title\" content=\"Projeto Pilote Seguro \u00e9 lan\u00e7ado na Assembleia Legislativa do RN - Blog do Bispo\" \/>\n<meta property=\"og:description\" content=\"A Assembleia Legislativa do Rio Grande do Norte sediou nesta sexta-feira (23) o lan\u00e7amento do Projeto Pilote Seguro. A iniciativa \u00e9 fruto de uma lei criada pelo deputado estadual Coronel Azevedo (PL), e ter\u00e1 certifica\u00e7\u00e3o formal para ajudar motociclistas a influ\u00edrem na melhoria da seguran\u00e7a e na busca pela redu\u00e7\u00e3o de acidentes no tr\u00e2nsito. O [&hellip;]\" \/>\n<meta property=\"og:url\" content=\"https:\/\/blogdobispo.com.br\/?p=2735\" \/>\n<meta property=\"og:site_name\" content=\"Blog do Bispo\" \/>\n<meta property=\"article:published_time\" content=\"2024-02-23T15:17:17+00:00\" \/>\n<meta property=\"og:image\" content=\"https:\/\/blogdobispo.com.br\/wp-content\/uploads\/2024\/02\/14b73676-3171-455a-9e2e-0addf27baf9e-2-1-300x199.jpg\" \/>\n<meta name=\"author\" content=\"Jefferson Sterfeno\" \/>\n<meta name=\"twitter:card\" content=\"summary_large_image\" \/>\n<meta name=\"twitter:label1\" content=\"Escrito por\" \/>\n\t<meta name=\"twitter:data1\" content=\"Jefferson Sterfeno\" \/>\n\t<meta name=\"twitter:label2\" content=\"Est. tempo de leitura\" \/>\n\t<meta name=\"twitter:data2\" content=\"3 minutos\" \/>\n<script type=\"application\/ld+json\" class=\"yoast-schema-graph\">{\"@context\":\"https:\/\/schema.org\",\"@graph\":[{\"@type\":\"Article\",\"@id\":\"https:\/\/blogdobispo.com.br\/?p=2735#article\",\"isPartOf\":{\"@id\":\"https:\/\/blogdobispo.com.br\/?p=2735\"},\"author\":{\"name\":\"Jefferson Sterfeno\",\"@id\":\"https:\/\/blogdobispo.com.br\/#\/schema\/person\/e2209cc0e6cea5c5233d033e997b373f\"},\"headline\":\"Projeto Pilote Seguro \u00e9 lan\u00e7ado na Assembleia Legislativa do RN\",\"datePublished\":\"2024-02-23T15:17:17+00:00\",\"mainEntityOfPage\":{\"@id\":\"https:\/\/blogdobispo.com.br\/?p=2735\"},\"wordCount\":648,\"commentCount\":0,\"publisher\":{\"@id\":\"https:\/\/blogdobispo.com.br\/#organization\"},\"image\":{\"@id\":\"https:\/\/blogdobispo.com.br\/?p=2735#primaryimage\"},\"thumbnailUrl\":\"https:\/\/blogdobispo.com.br\/wp-content\/uploads\/2024\/02\/14b73676-3171-455a-9e2e-0addf27baf9e-2-1-300x199.jpg\",\"articleSection\":[\"diversos\"],\"inLanguage\":\"pt-BR\",\"potentialAction\":[{\"@type\":\"CommentAction\",\"name\":\"Comment\",\"target\":[\"https:\/\/blogdobispo.com.br\/?p=2735#respond\"]}]},{\"@type\":\"WebPage\",\"@id\":\"https:\/\/blogdobispo.com.br\/?p=2735\",\"url\":\"https:\/\/blogdobispo.com.br\/?p=2735\",\"name\":\"Projeto Pilote Seguro \u00e9 lan\u00e7ado na Assembleia Legislativa do RN - Blog do Bispo\",\"isPartOf\":{\"@id\":\"https:\/\/blogdobispo.com.br\/#website\"},\"primaryImageOfPage\":{\"@id\":\"https:\/\/blogdobispo.com.br\/?p=2735#primaryimage\"},\"image\":{\"@id\":\"https:\/\/blogdobispo.com.br\/?p=2735#primaryimage\"},\"thumbnailUrl\":\"https:\/\/blogdobispo.com.br\/wp-content\/uploads\/2024\/02\/14b73676-3171-455a-9e2e-0addf27baf9e-2-1-300x199.jpg\",\"datePublished\":\"2024-02-23T15:17:17+00:00\",\"breadcrumb\":{\"@id\":\"https:\/\/blogdobispo.com.br\/?p=2735#breadcrumb\"},\"inLanguage\":\"pt-BR\",\"potentialAction\":[{\"@type\":\"ReadAction\",\"target\":[\"https:\/\/blogdobispo.com.br\/?p=2735\"]}]},{\"@type\":\"ImageObject\",\"inLanguage\":\"pt-BR\",\"@id\":\"https:\/\/blogdobispo.com.br\/?p=2735#primaryimage\",\"url\":\"https:\/\/blogdobispo.com.br\/wp-content\/uploads\/2024\/02\/14b73676-3171-455a-9e2e-0addf27baf9e-2-1-300x199.jpg\",\"contentUrl\":\"https:\/\/blogdobispo.com.br\/wp-content\/uploads\/2024\/02\/14b73676-3171-455a-9e2e-0addf27baf9e-2-1-300x199.jpg\"},{\"@type\":\"BreadcrumbList\",\"@id\":\"https:\/\/blogdobispo.com.br\/?p=2735#breadcrumb\",\"itemListElement\":[{\"@type\":\"ListItem\",\"position\":1,\"name\":\"In\u00edcio\",\"item\":\"https:\/\/blogdobispo.com.br\/\"},{\"@type\":\"ListItem\",\"position\":2,\"name\":\"Projeto Pilote Seguro \u00e9 lan\u00e7ado na Assembleia Legislativa do RN\"}]},{\"@type\":\"WebSite\",\"@id\":\"https:\/\/blogdobispo.com.br\/#website\",\"url\":\"https:\/\/blogdobispo.com.br\/\",\"name\":\"Blog do Bispo\",\"description\":\"Comprometido apenas com o leitor\",\"publisher\":{\"@id\":\"https:\/\/blogdobispo.com.br\/#organization\"},\"potentialAction\":[{\"@type\":\"SearchAction\",\"target\":{\"@type\":\"EntryPoint\",\"urlTemplate\":\"https:\/\/blogdobispo.com.br\/?s={search_term_string}\"},\"query-input\":{\"@type\":\"PropertyValueSpecification\",\"valueRequired\":true,\"valueName\":\"search_term_string\"}}],\"inLanguage\":\"pt-BR\"},{\"@type\":\"Organization\",\"@id\":\"https:\/\/blogdobispo.com.br\/#organization\",\"name\":\"Blog do Bispo\",\"url\":\"https:\/\/blogdobispo.com.br\/\",\"logo\":{\"@type\":\"ImageObject\",\"inLanguage\":\"pt-BR\",\"@id\":\"https:\/\/blogdobispo.com.br\/#\/schema\/logo\/image\/\",\"url\":\"http:\/\/blogdobispo.com.br\/wp-content\/uploads\/2023\/05\/cropped-headear.png\",\"contentUrl\":\"http:\/\/blogdobispo.com.br\/wp-content\/uploads\/2023\/05\/cropped-headear.png\",\"width\":1500,\"height\":399,\"caption\":\"Blog do Bispo\"},\"image\":{\"@id\":\"https:\/\/blogdobispo.com.br\/#\/schema\/logo\/image\/\"}},{\"@type\":\"Person\",\"@id\":\"https:\/\/blogdobispo.com.br\/#\/schema\/person\/e2209cc0e6cea5c5233d033e997b373f\",\"name\":\"Jefferson Sterfeno\",\"image\":{\"@type\":\"ImageObject\",\"inLanguage\":\"pt-BR\",\"@id\":\"https:\/\/blogdobispo.com.br\/#\/schema\/person\/image\/\",\"url\":\"https:\/\/secure.gravatar.com\/avatar\/0534e84764641168a677026b6d57a3f51dc7ac4db0b4f6186d9cb330d4ee1160?s=96&d=mm&r=g\",\"contentUrl\":\"https:\/\/secure.gravatar.com\/avatar\/0534e84764641168a677026b6d57a3f51dc7ac4db0b4f6186d9cb330d4ee1160?s=96&d=mm&r=g\",\"caption\":\"Jefferson Sterfeno\"},\"sameAs\":[\"http:\/\/blogdobispo.com.br\"],\"url\":\"https:\/\/blogdobispo.com.br\/?author=1\"}]}<\/script>\n<!-- \/ Yoast SEO plugin. -->","yoast_head_json":{"title":"Projeto Pilote Seguro \u00e9 lan\u00e7ado na Assembleia Legislativa do RN - Blog do Bispo","robots":{"index":"index","follow":"follow","max-snippet":"max-snippet:-1","max-image-preview":"max-image-preview:large","max-video-preview":"max-video-preview:-1"},"canonical":"https:\/\/blogdobispo.com.br\/?p=2735","og_locale":"pt_BR","og_type":"article","og_title":"Projeto Pilote Seguro \u00e9 lan\u00e7ado na Assembleia Legislativa do RN - Blog do Bispo","og_description":"A Assembleia Legislativa do Rio Grande do Norte sediou nesta sexta-feira (23) o lan\u00e7amento do Projeto Pilote Seguro. A iniciativa \u00e9 fruto de uma lei criada pelo deputado estadual Coronel Azevedo (PL), e ter\u00e1 certifica\u00e7\u00e3o formal para ajudar motociclistas a influ\u00edrem na melhoria da seguran\u00e7a e na busca pela redu\u00e7\u00e3o de acidentes no tr\u00e2nsito. O [&hellip;]","og_url":"https:\/\/blogdobispo.com.br\/?p=2735","og_site_name":"Blog do Bispo","article_published_time":"2024-02-23T15:17:17+00:00","og_image":[{"url":"https:\/\/blogdobispo.com.br\/wp-content\/uploads\/2024\/02\/14b73676-3171-455a-9e2e-0addf27baf9e-2-1-300x199.jpg","type":"","width":"","height":""}],"author":"Jefferson Sterfeno","twitter_card":"summary_large_image","twitter_misc":{"Escrito por":"Jefferson Sterfeno","Est. tempo de leitura":"3 minutos"},"schema":{"@context":"https:\/\/schema.org","@graph":[{"@type":"Article","@id":"https:\/\/blogdobispo.com.br\/?p=2735#article","isPartOf":{"@id":"https:\/\/blogdobispo.com.br\/?p=2735"},"author":{"name":"Jefferson Sterfeno","@id":"https:\/\/blogdobispo.com.br\/#\/schema\/person\/e2209cc0e6cea5c5233d033e997b373f"},"headline":"Projeto Pilote Seguro \u00e9 lan\u00e7ado na Assembleia Legislativa do RN","datePublished":"2024-02-23T15:17:17+00:00","mainEntityOfPage":{"@id":"https:\/\/blogdobispo.com.br\/?p=2735"},"wordCount":648,"commentCount":0,"publisher":{"@id":"https:\/\/blogdobispo.com.br\/#organization"},"image":{"@id":"https:\/\/blogdobispo.com.br\/?p=2735#primaryimage"},"thumbnailUrl":"https:\/\/blogdobispo.com.br\/wp-content\/uploads\/2024\/02\/14b73676-3171-455a-9e2e-0addf27baf9e-2-1-300x199.jpg","articleSection":["diversos"],"inLanguage":"pt-BR","potentialAction":[{"@type":"CommentAction","name":"Comment","target":["https:\/\/blogdobispo.com.br\/?p=2735#respond"]}]},{"@type":"WebPage","@id":"https:\/\/blogdobispo.com.br\/?p=2735","url":"https:\/\/blogdobispo.com.br\/?p=2735","name":"Projeto Pilote Seguro \u00e9 lan\u00e7ado na Assembleia Legislativa do RN - Blog do Bispo","isPartOf":{"@id":"https:\/\/blogdobispo.com.br\/#website"},"primaryImageOfPage":{"@id":"https:\/\/blogdobispo.com.br\/?p=2735#primaryimage"},"image":{"@id":"https:\/\/blogdobispo.com.br\/?p=2735#primaryimage"},"thumbnailUrl":"https:\/\/blogdobispo.com.br\/wp-content\/uploads\/2024\/02\/14b73676-3171-455a-9e2e-0addf27baf9e-2-1-300x199.jpg","datePublished":"2024-02-23T15:17:17+00:00","breadcrumb":{"@id":"https:\/\/blogdobispo.com.br\/?p=2735#breadcrumb"},"inLanguage":"pt-BR","potentialAction":[{"@type":"ReadAction","target":["https:\/\/blogdobispo.com.br\/?p=2735"]}]},{"@type":"ImageObject","inLanguage":"pt-BR","@id":"https:\/\/blogdobispo.com.br\/?p=2735#primaryimage","url":"https:\/\/blogdobispo.com.br\/wp-content\/uploads\/2024\/02\/14b73676-3171-455a-9e2e-0addf27baf9e-2-1-300x199.jpg","contentUrl":"https:\/\/blogdobispo.com.br\/wp-content\/uploads\/2024\/02\/14b73676-3171-455a-9e2e-0addf27baf9e-2-1-300x199.jpg"},{"@type":"BreadcrumbList","@id":"https:\/\/blogdobispo.com.br\/?p=2735#breadcrumb","itemListElement":[{"@type":"ListItem","position":1,"name":"In\u00edcio","item":"https:\/\/blogdobispo.com.br\/"},{"@type":"ListItem","position":2,"name":"Projeto Pilote Seguro \u00e9 lan\u00e7ado na Assembleia Legislativa do RN"}]},{"@type":"WebSite","@id":"https:\/\/blogdobispo.com.br\/#website","url":"https:\/\/blogdobispo.com.br\/","name":"Blog do Bispo","description":"Comprometido apenas com o leitor","publisher":{"@id":"https:\/\/blogdobispo.com.br\/#organization"},"potentialAction":[{"@type":"SearchAction","target":{"@type":"EntryPoint","urlTemplate":"https:\/\/blogdobispo.com.br\/?s={search_term_string}"},"query-input":{"@type":"PropertyValueSpecification","valueRequired":true,"valueName":"search_term_string"}}],"inLanguage":"pt-BR"},{"@type":"Organization","@id":"https:\/\/blogdobispo.com.br\/#organization","name":"Blog do Bispo","url":"https:\/\/blogdobispo.com.br\/","logo":{"@type":"ImageObject","inLanguage":"pt-BR","@id":"https:\/\/blogdobispo.com.br\/#\/schema\/logo\/image\/","url":"http:\/\/blogdobispo.com.br\/wp-content\/uploads\/2023\/05\/cropped-headear.png","contentUrl":"http:\/\/blogdobispo.com.br\/wp-content\/uploads\/2023\/05\/cropped-headear.png","width":1500,"height":399,"caption":"Blog do Bispo"},"image":{"@id":"https:\/\/blogdobispo.com.br\/#\/schema\/logo\/image\/"}},{"@type":"Person","@id":"https:\/\/blogdobispo.com.br\/#\/schema\/person\/e2209cc0e6cea5c5233d033e997b373f","name":"Jefferson Sterfeno","image":{"@type":"ImageObject","inLanguage":"pt-BR","@id":"https:\/\/blogdobispo.com.br\/#\/schema\/person\/image\/","url":"https:\/\/secure.gravatar.com\/avatar\/0534e84764641168a677026b6d57a3f51dc7ac4db0b4f6186d9cb330d4ee1160?s=96&d=mm&r=g","contentUrl":"https:\/\/secure.gravatar.com\/avatar\/0534e84764641168a677026b6d57a3f51dc7ac4db0b4f6186d9cb330d4ee1160?s=96&d=mm&r=g","caption":"Jefferson Sterfeno"},"sameAs":["http:\/\/blogdobispo.com.br"],"url":"https:\/\/blogdobispo.com.br\/?author=1"}]}},"featured_image_urls":{"full":"","thumbnail":"","medium":"","medium_large":"","large":"","1536x1536":"","2048x2048":""},"author_info":{"display_name":"Jefferson Sterfeno","author_link":"https:\/\/blogdobispo.com.br\/?author=1"},"category_info":"<a href=\"https:\/\/blogdobispo.com.br\/?cat=1\" rel=\"category\">diversos<\/a>","tag_info":"diversos","comment_count":"0","jetpack_featured_media_url":"","jetpack_sharing_enabled":true,"_links":{"self":[{"href":"https:\/\/blogdobispo.com.br\/index.php?rest_route=\/wp\/v2\/posts\/2735","targetHints":{"allow":["GET"]}}],"collection":[{"href":"https:\/\/blogdobispo.com.br\/index.php?rest_route=\/wp\/v2\/posts"}],"about":[{"href":"https:\/\/blogdobispo.com.br\/index.php?rest_route=\/wp\/v2\/types\/post"}],"author":[{"embeddable":true,"href":"https:\/\/blogdobispo.com.br\/index.php?rest_route=\/wp\/v2\/users\/1"}],"replies":[{"embeddable":true,"href":"https:\/\/blogdobispo.com.br\/index.php?rest_route=%2Fwp%2Fv2%2Fcomments&post=2735"}],"version-history":[{"count":0,"href":"https:\/\/blogdobispo.com.br\/index.php?rest_route=\/wp\/v2\/posts\/2735\/revisions"}],"wp:attachment":[{"href":"https:\/\/blogdobispo.com.br\/index.php?rest_route=%2Fwp%2Fv2%2Fmedia&parent=2735"}],"wp:term":[{"taxonomy":"category","embeddable":true,"href":"https:\/\/blogdobispo.com.br\/index.php?rest_route=%2Fwp%2Fv2%2Fcategories&post=2735"},{"taxonomy":"post_tag","embeddable":true,"href":"https:\/\/blogdobispo.com.br\/index.php?rest_route=%2Fwp%2Fv2%2Ftags&post=2735"}],"curies":[{"name":"wp","href":"https:\/\/api.w.org\/{rel}","templated":true}]}}