{"id":2730,"date":"2024-02-23T05:02:16","date_gmt":"2024-02-23T05:02:16","guid":{"rendered":"https:\/\/blogdobispo.com.br\/?p=2730"},"modified":"2024-03-04T14:39:26","modified_gmt":"2024-03-04T14:39:26","slug":"tulio-gadelha-cumpre-agenda-no-rn-ao-lado-de-eribaldo-medeiros","status":"publish","type":"post","link":"https:\/\/blogdobispo.com.br\/?p=2730","title":{"rendered":"T\u00falio Gadelha cumpre agenda no RN ao lado de Eribaldo Medeiros"},"content":{"rendered":"\n<p>O Deputado Federal por Pernambuco T\u00falio Gadelha-REDE esteve em Natal nesta quinta-feira (22) cumprindo diversos compromissos ao lado do Vereador Eribaldo Medeiros-REDE<\/p>\n\n\n\n<p>O primeiro compromisso do dia foi no gabinete da Presid\u00eancia da Assembleia Legislativa ao lado de Ezequiel Ferreira- PSDB e o encontro teve como objetivo abordar a\u00e7\u00f5es realizadas no Estado e discutir a conjuntura pol\u00edtica regional.<\/p>\n\n\n\n<p>&#8220;Viemos conhecer as boas iniciativas que a ALRN tem realizado a favor da popula\u00e7\u00e3o do Rio Grande do Norte e que s\u00e3o bons exemplos para levarmos tamb\u00e9m para Pernambuco ou at\u00e9 mesmo para a C\u00e2mara Federal&#8221;, disse o parlamentar ap\u00f3s o encontro.<\/p>\n\n\n\n<p>Ezequiel colocou o Legislativo potiguar \u00e0 disposi\u00e7\u00e3o do deputado e do povo pernambucano. &#8220;A Assembleia do RN tem realizado um trabalho que tem virado refer\u00eancia para diversas Casas Legislativas pelo pa\u00eds e estamos dispostos a colaborar com os demais Estados que tenham interesse em conhecer o trabalho realizado por nossos servidores&#8221;, disse.<\/p>\n\n\n\n<p>O segundo compromisso do dia foi na C\u00e2mara Municipal, onde se reuniu com correligion\u00e1rios da REDE Sustentabilidade no gabinete do vereador Eribaldo. T\u00falio foi apresentado a diversas lideran\u00e7as e agradeceu o apoio e para parabenizou pelo crescimento do partido no Estado.<\/p>\n\n\n\n<p>Logo em seguida se encontrou com o Presidente da C\u00e2mara de Natal, vereador Eriko Jacome- MDB, onde foram abordados v\u00e1rios temas como moradia, novo plano diretor e a\u00e7\u00f5es de sustentabilidade para Natal. O encontro contou com a presen\u00e7a de outros vereadores na sala da Presid\u00eancia. <\/p>\n\n\n\n<p>Logo em seguida, Eribaldo apresentou o Plen\u00e1rio da C\u00e2mara, onde T\u00falio conheceu aos demais vereadores.<\/p>\n\n\n\n<p>A agenda encerrou com uma entrevista \u00e0 r\u00e1dio Natalense, Eribaldo agradeceu a presen\u00e7a de T\u00falio e valorizou a forma como o Partido enxerga as pol\u00edticas p\u00fablicas de sustentabilidade.<\/p>\n\n\n\n<p>Durante todo o dia o encontro foi intermediado por Jo\u00e3o Gentil, do Elo Estadual do Partido.<\/p>\n\n\n\n<p>T\u00falio Gadelha \u00e9 um advogado e pol\u00edtico brasileiro, nascido em Recife, Pernambuco. Ele ganhou destaque na cena pol\u00edtica como deputado federal, sendo conhecido por sua atua\u00e7\u00e3o na defesa dos direitos sociais e pela postura jovem e moderna. T\u00falio \u00e9 filiado ao REDE Sustentabilidade, e al\u00e9m de sua carreira pol\u00edtica, tamb\u00e9m \u00e9 reconhecido por sua vida pessoal, sendo casado com a jornalista F\u00e1tima Bernardes. Sua trajet\u00f3ria inclui iniciativas em prol da educa\u00e7\u00e3o e da cultura, refletindo seu comprometimento com o desenvolvimento social. Gadelha busca constantemente promover mudan\u00e7as positivas em seu estado e no pa\u00eds, tornando-se uma figura influente na pol\u00edtica brasileira contempor\u00e2nea.<\/p>\n\n\n\n<figure class=\"wp-block-image size-large\"><img data-recalc-dims=\"1\" fetchpriority=\"high\" decoding=\"async\" width=\"768\" height=\"1024\" src=\"https:\/\/i0.wp.com\/blogdobispo.com.br\/wp-content\/uploads\/2024\/02\/img_5813-768x1024.jpg?resize=768%2C1024&#038;ssl=1\" alt=\"\" class=\"wp-image-2729\" srcset=\"https:\/\/i0.wp.com\/blogdobispo.com.br\/wp-content\/uploads\/2024\/02\/img_5813.jpg?resize=768%2C1024&amp;ssl=1 768w, https:\/\/i0.wp.com\/blogdobispo.com.br\/wp-content\/uploads\/2024\/02\/img_5813.jpg?resize=225%2C300&amp;ssl=1 225w, https:\/\/i0.wp.com\/blogdobispo.com.br\/wp-content\/uploads\/2024\/02\/img_5813.jpg?resize=1152%2C1536&amp;ssl=1 1152w, https:\/\/i0.wp.com\/blogdobispo.com.br\/wp-content\/uploads\/2024\/02\/img_5813.jpg?resize=1024%2C1365&amp;ssl=1 1024w, https:\/\/i0.wp.com\/blogdobispo.com.br\/wp-content\/uploads\/2024\/02\/img_5813.jpg?w=1500&amp;ssl=1 1500w\" sizes=\"(max-width: 768px) 100vw, 768px\" \/><\/figure>\n","protected":false},"excerpt":{"rendered":"<p>O Deputado Federal por Pernambuco T\u00falio Gadelha-REDE esteve em Natal nesta quinta-feira (22) cumprindo diversos compromissos ao lado do Vereador Eribaldo Medeiros-REDE O primeiro compromisso do dia foi no gabinete da Presid\u00eancia da Assembleia Legislativa ao lado de Ezequiel Ferreira- PSDB e o encontro teve como objetivo abordar a\u00e7\u00f5es realizadas no Estado e discutir a [&hellip;]<\/p>\n","protected":false},"author":1,"featured_media":0,"comment_status":"open","ping_status":"open","sticky":false,"template":"","format":"standard","meta":{"cybocfi_hide_featured_image":"","_jetpack_memberships_contains_paid_content":false,"footnotes":""},"categories":[1],"tags":[],"class_list":["post-2730","post","type-post","status-publish","format-standard","hentry","category-diversos"],"yoast_head":"<!-- This site is optimized with the Yoast SEO plugin v25.6 - https:\/\/yoast.com\/wordpress\/plugins\/seo\/ -->\n<title>T\u00falio Gadelha cumpre agenda no RN ao lado de Eribaldo Medeiros - Blog do Bispo<\/title>\n<meta name=\"robots\" content=\"index, follow, max-snippet:-1, max-image-preview:large, max-video-preview:-1\" \/>\n<link rel=\"canonical\" href=\"https:\/\/blogdobispo.com.br\/?p=2730\" \/>\n<meta property=\"og:locale\" content=\"pt_BR\" \/>\n<meta property=\"og:type\" content=\"article\" \/>\n<meta property=\"og:title\" content=\"T\u00falio Gadelha cumpre agenda no RN ao lado de Eribaldo Medeiros - Blog do Bispo\" \/>\n<meta property=\"og:description\" content=\"O Deputado Federal por Pernambuco T\u00falio Gadelha-REDE esteve em Natal nesta quinta-feira (22) cumprindo diversos compromissos ao lado do Vereador Eribaldo Medeiros-REDE O primeiro compromisso do dia foi no gabinete da Presid\u00eancia da Assembleia Legislativa ao lado de Ezequiel Ferreira- PSDB e o encontro teve como objetivo abordar a\u00e7\u00f5es realizadas no Estado e discutir a [&hellip;]\" \/>\n<meta property=\"og:url\" content=\"https:\/\/blogdobispo.com.br\/?p=2730\" \/>\n<meta property=\"og:site_name\" content=\"Blog do Bispo\" \/>\n<meta property=\"article:published_time\" content=\"2024-02-23T05:02:16+00:00\" \/>\n<meta property=\"article:modified_time\" content=\"2024-03-04T14:39:26+00:00\" \/>\n<meta property=\"og:image\" content=\"https:\/\/blogdobispo.com.br\/wp-content\/uploads\/2024\/02\/img_5813-768x1024.jpg\" \/>\n<meta name=\"author\" content=\"Jefferson Sterfeno\" \/>\n<meta name=\"twitter:card\" content=\"summary_large_image\" \/>\n<meta name=\"twitter:label1\" content=\"Escrito por\" \/>\n\t<meta name=\"twitter:data1\" content=\"Jefferson Sterfeno\" \/>\n\t<meta name=\"twitter:label2\" content=\"Est. tempo de leitura\" \/>\n\t<meta name=\"twitter:data2\" content=\"2 minutos\" \/>\n<script type=\"application\/ld+json\" class=\"yoast-schema-graph\">{\"@context\":\"https:\/\/schema.org\",\"@graph\":[{\"@type\":\"Article\",\"@id\":\"https:\/\/blogdobispo.com.br\/?p=2730#article\",\"isPartOf\":{\"@id\":\"https:\/\/blogdobispo.com.br\/?p=2730\"},\"author\":{\"name\":\"Jefferson Sterfeno\",\"@id\":\"https:\/\/blogdobispo.com.br\/#\/schema\/person\/e2209cc0e6cea5c5233d033e997b373f\"},\"headline\":\"T\u00falio Gadelha cumpre agenda no RN ao lado de Eribaldo Medeiros\",\"datePublished\":\"2024-02-23T05:02:16+00:00\",\"dateModified\":\"2024-03-04T14:39:26+00:00\",\"mainEntityOfPage\":{\"@id\":\"https:\/\/blogdobispo.com.br\/?p=2730\"},\"wordCount\":449,\"commentCount\":0,\"publisher\":{\"@id\":\"https:\/\/blogdobispo.com.br\/#organization\"},\"image\":{\"@id\":\"https:\/\/blogdobispo.com.br\/?p=2730#primaryimage\"},\"thumbnailUrl\":\"https:\/\/blogdobispo.com.br\/wp-content\/uploads\/2024\/02\/img_5813-768x1024.jpg\",\"articleSection\":[\"diversos\"],\"inLanguage\":\"pt-BR\",\"potentialAction\":[{\"@type\":\"CommentAction\",\"name\":\"Comment\",\"target\":[\"https:\/\/blogdobispo.com.br\/?p=2730#respond\"]}]},{\"@type\":\"WebPage\",\"@id\":\"https:\/\/blogdobispo.com.br\/?p=2730\",\"url\":\"https:\/\/blogdobispo.com.br\/?p=2730\",\"name\":\"T\u00falio Gadelha cumpre agenda no RN ao lado de Eribaldo Medeiros - Blog do Bispo\",\"isPartOf\":{\"@id\":\"https:\/\/blogdobispo.com.br\/#website\"},\"primaryImageOfPage\":{\"@id\":\"https:\/\/blogdobispo.com.br\/?p=2730#primaryimage\"},\"image\":{\"@id\":\"https:\/\/blogdobispo.com.br\/?p=2730#primaryimage\"},\"thumbnailUrl\":\"https:\/\/blogdobispo.com.br\/wp-content\/uploads\/2024\/02\/img_5813-768x1024.jpg\",\"datePublished\":\"2024-02-23T05:02:16+00:00\",\"dateModified\":\"2024-03-04T14:39:26+00:00\",\"breadcrumb\":{\"@id\":\"https:\/\/blogdobispo.com.br\/?p=2730#breadcrumb\"},\"inLanguage\":\"pt-BR\",\"potentialAction\":[{\"@type\":\"ReadAction\",\"target\":[\"https:\/\/blogdobispo.com.br\/?p=2730\"]}]},{\"@type\":\"ImageObject\",\"inLanguage\":\"pt-BR\",\"@id\":\"https:\/\/blogdobispo.com.br\/?p=2730#primaryimage\",\"url\":\"https:\/\/blogdobispo.com.br\/wp-content\/uploads\/2024\/02\/img_5813-768x1024.jpg\",\"contentUrl\":\"https:\/\/blogdobispo.com.br\/wp-content\/uploads\/2024\/02\/img_5813-768x1024.jpg\"},{\"@type\":\"BreadcrumbList\",\"@id\":\"https:\/\/blogdobispo.com.br\/?p=2730#breadcrumb\",\"itemListElement\":[{\"@type\":\"ListItem\",\"position\":1,\"name\":\"In\u00edcio\",\"item\":\"https:\/\/blogdobispo.com.br\/\"},{\"@type\":\"ListItem\",\"position\":2,\"name\":\"T\u00falio Gadelha cumpre agenda no RN ao lado de Eribaldo Medeiros\"}]},{\"@type\":\"WebSite\",\"@id\":\"https:\/\/blogdobispo.com.br\/#website\",\"url\":\"https:\/\/blogdobispo.com.br\/\",\"name\":\"Blog do Bispo\",\"description\":\"Comprometido apenas com o leitor\",\"publisher\":{\"@id\":\"https:\/\/blogdobispo.com.br\/#organization\"},\"potentialAction\":[{\"@type\":\"SearchAction\",\"target\":{\"@type\":\"EntryPoint\",\"urlTemplate\":\"https:\/\/blogdobispo.com.br\/?s={search_term_string}\"},\"query-input\":{\"@type\":\"PropertyValueSpecification\",\"valueRequired\":true,\"valueName\":\"search_term_string\"}}],\"inLanguage\":\"pt-BR\"},{\"@type\":\"Organization\",\"@id\":\"https:\/\/blogdobispo.com.br\/#organization\",\"name\":\"Blog do Bispo\",\"url\":\"https:\/\/blogdobispo.com.br\/\",\"logo\":{\"@type\":\"ImageObject\",\"inLanguage\":\"pt-BR\",\"@id\":\"https:\/\/blogdobispo.com.br\/#\/schema\/logo\/image\/\",\"url\":\"http:\/\/blogdobispo.com.br\/wp-content\/uploads\/2023\/05\/cropped-headear.png\",\"contentUrl\":\"http:\/\/blogdobispo.com.br\/wp-content\/uploads\/2023\/05\/cropped-headear.png\",\"width\":1500,\"height\":399,\"caption\":\"Blog do Bispo\"},\"image\":{\"@id\":\"https:\/\/blogdobispo.com.br\/#\/schema\/logo\/image\/\"}},{\"@type\":\"Person\",\"@id\":\"https:\/\/blogdobispo.com.br\/#\/schema\/person\/e2209cc0e6cea5c5233d033e997b373f\",\"name\":\"Jefferson Sterfeno\",\"image\":{\"@type\":\"ImageObject\",\"inLanguage\":\"pt-BR\",\"@id\":\"https:\/\/blogdobispo.com.br\/#\/schema\/person\/image\/\",\"url\":\"https:\/\/secure.gravatar.com\/avatar\/0534e84764641168a677026b6d57a3f51dc7ac4db0b4f6186d9cb330d4ee1160?s=96&d=mm&r=g\",\"contentUrl\":\"https:\/\/secure.gravatar.com\/avatar\/0534e84764641168a677026b6d57a3f51dc7ac4db0b4f6186d9cb330d4ee1160?s=96&d=mm&r=g\",\"caption\":\"Jefferson Sterfeno\"},\"sameAs\":[\"http:\/\/blogdobispo.com.br\"],\"url\":\"https:\/\/blogdobispo.com.br\/?author=1\"}]}<\/script>\n<!-- \/ Yoast SEO plugin. -->","yoast_head_json":{"title":"T\u00falio Gadelha cumpre agenda no RN ao lado de Eribaldo Medeiros - Blog do Bispo","robots":{"index":"index","follow":"follow","max-snippet":"max-snippet:-1","max-image-preview":"max-image-preview:large","max-video-preview":"max-video-preview:-1"},"canonical":"https:\/\/blogdobispo.com.br\/?p=2730","og_locale":"pt_BR","og_type":"article","og_title":"T\u00falio Gadelha cumpre agenda no RN ao lado de Eribaldo Medeiros - Blog do Bispo","og_description":"O Deputado Federal por Pernambuco T\u00falio Gadelha-REDE esteve em Natal nesta quinta-feira (22) cumprindo diversos compromissos ao lado do Vereador Eribaldo Medeiros-REDE O primeiro compromisso do dia foi no gabinete da Presid\u00eancia da Assembleia Legislativa ao lado de Ezequiel Ferreira- PSDB e o encontro teve como objetivo abordar a\u00e7\u00f5es realizadas no Estado e discutir a [&hellip;]","og_url":"https:\/\/blogdobispo.com.br\/?p=2730","og_site_name":"Blog do Bispo","article_published_time":"2024-02-23T05:02:16+00:00","article_modified_time":"2024-03-04T14:39:26+00:00","og_image":[{"url":"https:\/\/blogdobispo.com.br\/wp-content\/uploads\/2024\/02\/img_5813-768x1024.jpg","type":"","width":"","height":""}],"author":"Jefferson Sterfeno","twitter_card":"summary_large_image","twitter_misc":{"Escrito por":"Jefferson Sterfeno","Est. tempo de leitura":"2 minutos"},"schema":{"@context":"https:\/\/schema.org","@graph":[{"@type":"Article","@id":"https:\/\/blogdobispo.com.br\/?p=2730#article","isPartOf":{"@id":"https:\/\/blogdobispo.com.br\/?p=2730"},"author":{"name":"Jefferson Sterfeno","@id":"https:\/\/blogdobispo.com.br\/#\/schema\/person\/e2209cc0e6cea5c5233d033e997b373f"},"headline":"T\u00falio Gadelha cumpre agenda no RN ao lado de Eribaldo Medeiros","datePublished":"2024-02-23T05:02:16+00:00","dateModified":"2024-03-04T14:39:26+00:00","mainEntityOfPage":{"@id":"https:\/\/blogdobispo.com.br\/?p=2730"},"wordCount":449,"commentCount":0,"publisher":{"@id":"https:\/\/blogdobispo.com.br\/#organization"},"image":{"@id":"https:\/\/blogdobispo.com.br\/?p=2730#primaryimage"},"thumbnailUrl":"https:\/\/blogdobispo.com.br\/wp-content\/uploads\/2024\/02\/img_5813-768x1024.jpg","articleSection":["diversos"],"inLanguage":"pt-BR","potentialAction":[{"@type":"CommentAction","name":"Comment","target":["https:\/\/blogdobispo.com.br\/?p=2730#respond"]}]},{"@type":"WebPage","@id":"https:\/\/blogdobispo.com.br\/?p=2730","url":"https:\/\/blogdobispo.com.br\/?p=2730","name":"T\u00falio Gadelha cumpre agenda no RN ao lado de Eribaldo Medeiros - Blog do Bispo","isPartOf":{"@id":"https:\/\/blogdobispo.com.br\/#website"},"primaryImageOfPage":{"@id":"https:\/\/blogdobispo.com.br\/?p=2730#primaryimage"},"image":{"@id":"https:\/\/blogdobispo.com.br\/?p=2730#primaryimage"},"thumbnailUrl":"https:\/\/blogdobispo.com.br\/wp-content\/uploads\/2024\/02\/img_5813-768x1024.jpg","datePublished":"2024-02-23T05:02:16+00:00","dateModified":"2024-03-04T14:39:26+00:00","breadcrumb":{"@id":"https:\/\/blogdobispo.com.br\/?p=2730#breadcrumb"},"inLanguage":"pt-BR","potentialAction":[{"@type":"ReadAction","target":["https:\/\/blogdobispo.com.br\/?p=2730"]}]},{"@type":"ImageObject","inLanguage":"pt-BR","@id":"https:\/\/blogdobispo.com.br\/?p=2730#primaryimage","url":"https:\/\/blogdobispo.com.br\/wp-content\/uploads\/2024\/02\/img_5813-768x1024.jpg","contentUrl":"https:\/\/blogdobispo.com.br\/wp-content\/uploads\/2024\/02\/img_5813-768x1024.jpg"},{"@type":"BreadcrumbList","@id":"https:\/\/blogdobispo.com.br\/?p=2730#breadcrumb","itemListElement":[{"@type":"ListItem","position":1,"name":"In\u00edcio","item":"https:\/\/blogdobispo.com.br\/"},{"@type":"ListItem","position":2,"name":"T\u00falio Gadelha cumpre agenda no RN ao lado de Eribaldo Medeiros"}]},{"@type":"WebSite","@id":"https:\/\/blogdobispo.com.br\/#website","url":"https:\/\/blogdobispo.com.br\/","name":"Blog do Bispo","description":"Comprometido apenas com o leitor","publisher":{"@id":"https:\/\/blogdobispo.com.br\/#organization"},"potentialAction":[{"@type":"SearchAction","target":{"@type":"EntryPoint","urlTemplate":"https:\/\/blogdobispo.com.br\/?s={search_term_string}"},"query-input":{"@type":"PropertyValueSpecification","valueRequired":true,"valueName":"search_term_string"}}],"inLanguage":"pt-BR"},{"@type":"Organization","@id":"https:\/\/blogdobispo.com.br\/#organization","name":"Blog do Bispo","url":"https:\/\/blogdobispo.com.br\/","logo":{"@type":"ImageObject","inLanguage":"pt-BR","@id":"https:\/\/blogdobispo.com.br\/#\/schema\/logo\/image\/","url":"http:\/\/blogdobispo.com.br\/wp-content\/uploads\/2023\/05\/cropped-headear.png","contentUrl":"http:\/\/blogdobispo.com.br\/wp-content\/uploads\/2023\/05\/cropped-headear.png","width":1500,"height":399,"caption":"Blog do Bispo"},"image":{"@id":"https:\/\/blogdobispo.com.br\/#\/schema\/logo\/image\/"}},{"@type":"Person","@id":"https:\/\/blogdobispo.com.br\/#\/schema\/person\/e2209cc0e6cea5c5233d033e997b373f","name":"Jefferson Sterfeno","image":{"@type":"ImageObject","inLanguage":"pt-BR","@id":"https:\/\/blogdobispo.com.br\/#\/schema\/person\/image\/","url":"https:\/\/secure.gravatar.com\/avatar\/0534e84764641168a677026b6d57a3f51dc7ac4db0b4f6186d9cb330d4ee1160?s=96&d=mm&r=g","contentUrl":"https:\/\/secure.gravatar.com\/avatar\/0534e84764641168a677026b6d57a3f51dc7ac4db0b4f6186d9cb330d4ee1160?s=96&d=mm&r=g","caption":"Jefferson Sterfeno"},"sameAs":["http:\/\/blogdobispo.com.br"],"url":"https:\/\/blogdobispo.com.br\/?author=1"}]}},"featured_image_urls":{"full":"","thumbnail":"","medium":"","medium_large":"","large":"","1536x1536":"","2048x2048":""},"author_info":{"display_name":"Jefferson Sterfeno","author_link":"https:\/\/blogdobispo.com.br\/?author=1"},"category_info":"<a href=\"https:\/\/blogdobispo.com.br\/?cat=1\" rel=\"category\">diversos<\/a>","tag_info":"diversos","comment_count":"0","jetpack_featured_media_url":"","jetpack_sharing_enabled":true,"_links":{"self":[{"href":"https:\/\/blogdobispo.com.br\/index.php?rest_route=\/wp\/v2\/posts\/2730","targetHints":{"allow":["GET"]}}],"collection":[{"href":"https:\/\/blogdobispo.com.br\/index.php?rest_route=\/wp\/v2\/posts"}],"about":[{"href":"https:\/\/blogdobispo.com.br\/index.php?rest_route=\/wp\/v2\/types\/post"}],"author":[{"embeddable":true,"href":"https:\/\/blogdobispo.com.br\/index.php?rest_route=\/wp\/v2\/users\/1"}],"replies":[{"embeddable":true,"href":"https:\/\/blogdobispo.com.br\/index.php?rest_route=%2Fwp%2Fv2%2Fcomments&post=2730"}],"version-history":[{"count":2,"href":"https:\/\/blogdobispo.com.br\/index.php?rest_route=\/wp\/v2\/posts\/2730\/revisions"}],"predecessor-version":[{"id":2732,"href":"https:\/\/blogdobispo.com.br\/index.php?rest_route=\/wp\/v2\/posts\/2730\/revisions\/2732"}],"wp:attachment":[{"href":"https:\/\/blogdobispo.com.br\/index.php?rest_route=%2Fwp%2Fv2%2Fmedia&parent=2730"}],"wp:term":[{"taxonomy":"category","embeddable":true,"href":"https:\/\/blogdobispo.com.br\/index.php?rest_route=%2Fwp%2Fv2%2Fcategories&post=2730"},{"taxonomy":"post_tag","embeddable":true,"href":"https:\/\/blogdobispo.com.br\/index.php?rest_route=%2Fwp%2Fv2%2Ftags&post=2730"}],"curies":[{"name":"wp","href":"https:\/\/api.w.org\/{rel}","templated":true}]}}