{"id":2726,"date":"2024-02-22T15:37:23","date_gmt":"2024-02-22T15:37:23","guid":{"rendered":"https:\/\/blogdobispo.com.br\/?p=2726"},"modified":"2024-02-22T15:37:23","modified_gmt":"2024-02-22T15:37:23","slug":"camila-araujo-e-eleita-presidente-da-comissao-de-defesa-do-consumidor","status":"publish","type":"post","link":"https:\/\/blogdobispo.com.br\/?p=2726","title":{"rendered":"Camila Ara\u00fajo \u00e9 eleita presidente da Comiss\u00e3o de Defesa do Consumidor"},"content":{"rendered":"\n<figure class=\"wp-block-image size-large\"><img data-recalc-dims=\"1\" fetchpriority=\"high\" decoding=\"async\" width=\"800\" height=\"542\" src=\"https:\/\/i0.wp.com\/blogdobispo.com.br\/wp-content\/uploads\/2024\/02\/a0f85b0f-e9ca-47f4-a5b4-8d256a1d1b95-1-1024x694.jpg?resize=800%2C542&#038;ssl=1\" class=\"wp-image-2725\" srcset=\"https:\/\/i0.wp.com\/blogdobispo.com.br\/wp-content\/uploads\/2024\/02\/a0f85b0f-e9ca-47f4-a5b4-8d256a1d1b95-1.jpg?resize=1024%2C694&amp;ssl=1 1024w, https:\/\/i0.wp.com\/blogdobispo.com.br\/wp-content\/uploads\/2024\/02\/a0f85b0f-e9ca-47f4-a5b4-8d256a1d1b95-1.jpg?resize=300%2C203&amp;ssl=1 300w, https:\/\/i0.wp.com\/blogdobispo.com.br\/wp-content\/uploads\/2024\/02\/a0f85b0f-e9ca-47f4-a5b4-8d256a1d1b95-1.jpg?resize=768%2C520&amp;ssl=1 768w, https:\/\/i0.wp.com\/blogdobispo.com.br\/wp-content\/uploads\/2024\/02\/a0f85b0f-e9ca-47f4-a5b4-8d256a1d1b95-1.jpg?resize=1536%2C1041&amp;ssl=1 1536w, https:\/\/i0.wp.com\/blogdobispo.com.br\/wp-content\/uploads\/2024\/02\/a0f85b0f-e9ca-47f4-a5b4-8d256a1d1b95-1.jpg?w=1600&amp;ssl=1 1600w\" sizes=\"(max-width: 800px) 100vw, 800px\" \/><\/figure>\n\n\n\n<p><\/p>\n\n\n\n<p>A vereadora Camila Ara\u00fajo foi eleita, pela segunda vez, presente da Comiss\u00e3o de Defesa do Consumidor da C\u00e2mara Municipal de Natal. Ela estar\u00e1 \u00e0 frente dos trabalhos da comiss\u00e3o em 2024, assim como aconteceu em 2021.<\/p>\n\n\n\n<p>Camila integra a Comiss\u00e3o desde o seu primeiro ano de mandato, quando, j\u00e1 na condi\u00e7\u00e3o de presidente, desempenhou um trabalho que recebeu amplo destaque na cidade, principalmente em virtude das fiscaliza\u00e7\u00f5es envolvendo os pre\u00e7os dos combust\u00edveis e a venda casada de material escolar.<\/p>\n\n\n\n<p>\u201cFico feliz em receber a confian\u00e7a dos meus colegas vereadores para estar novamente na presid\u00eancia dessa comiss\u00e3o, que \u00e9 de interesse de todo cidad\u00e3o. Todos n\u00f3s somos consumidores e nosso trabalho aqui \u00e9 prezar pela transpar\u00eancia nas rela\u00e7\u00f5es de consumo e pelo respeito aos direitos do consumidor natalense\u201d, comenta a vereadora.<\/p>\n\n\n\n<p>Este ano as reuni\u00f5es da comiss\u00e3o acontecer\u00e3o \u00e0s quintas-feiras, sempre de forma alternada: uma semana em plen\u00e1rio e na outra em fiscaliza\u00e7\u00f5es externas.<\/p>\n","protected":false},"excerpt":{"rendered":"<p>A vereadora Camila Ara\u00fajo foi eleita, pela segunda vez, presente da Comiss\u00e3o de Defesa do Consumidor da C\u00e2mara Municipal de Natal. Ela estar\u00e1 \u00e0 frente dos trabalhos da comiss\u00e3o em 2024, assim como aconteceu em 2021. Camila integra a Comiss\u00e3o desde o seu primeiro ano de mandato, quando, j\u00e1 na condi\u00e7\u00e3o de presidente, desempenhou um [&hellip;]<\/p>\n","protected":false},"author":1,"featured_media":0,"comment_status":"open","ping_status":"open","sticky":false,"template":"","format":"standard","meta":{"cybocfi_hide_featured_image":"","_jetpack_memberships_contains_paid_content":false,"footnotes":""},"categories":[1],"tags":[],"class_list":["post-2726","post","type-post","status-publish","format-standard","hentry","category-diversos"],"yoast_head":"<!-- This site is optimized with the Yoast SEO plugin v25.6 - https:\/\/yoast.com\/wordpress\/plugins\/seo\/ -->\n<title>Camila Ara\u00fajo \u00e9 eleita presidente da Comiss\u00e3o de Defesa do Consumidor - Blog do Bispo<\/title>\n<meta name=\"robots\" content=\"index, follow, max-snippet:-1, max-image-preview:large, max-video-preview:-1\" \/>\n<link rel=\"canonical\" href=\"https:\/\/blogdobispo.com.br\/?p=2726\" \/>\n<meta property=\"og:locale\" content=\"pt_BR\" \/>\n<meta property=\"og:type\" content=\"article\" \/>\n<meta property=\"og:title\" content=\"Camila Ara\u00fajo \u00e9 eleita presidente da Comiss\u00e3o de Defesa do Consumidor - Blog do Bispo\" \/>\n<meta property=\"og:description\" content=\"A vereadora Camila Ara\u00fajo foi eleita, pela segunda vez, presente da Comiss\u00e3o de Defesa do Consumidor da C\u00e2mara Municipal de Natal. Ela estar\u00e1 \u00e0 frente dos trabalhos da comiss\u00e3o em 2024, assim como aconteceu em 2021. Camila integra a Comiss\u00e3o desde o seu primeiro ano de mandato, quando, j\u00e1 na condi\u00e7\u00e3o de presidente, desempenhou um [&hellip;]\" \/>\n<meta property=\"og:url\" content=\"https:\/\/blogdobispo.com.br\/?p=2726\" \/>\n<meta property=\"og:site_name\" content=\"Blog do Bispo\" \/>\n<meta property=\"article:published_time\" content=\"2024-02-22T15:37:23+00:00\" \/>\n<meta property=\"og:image\" content=\"https:\/\/blogdobispo.com.br\/wp-content\/uploads\/2024\/02\/a0f85b0f-e9ca-47f4-a5b4-8d256a1d1b95-1-1024x694.jpg\" \/>\n<meta name=\"author\" content=\"Jefferson Sterfeno\" \/>\n<meta name=\"twitter:card\" content=\"summary_large_image\" \/>\n<meta name=\"twitter:label1\" content=\"Escrito por\" \/>\n\t<meta name=\"twitter:data1\" content=\"Jefferson Sterfeno\" \/>\n\t<meta name=\"twitter:label2\" content=\"Est. tempo de leitura\" \/>\n\t<meta name=\"twitter:data2\" content=\"1 minuto\" \/>\n<script type=\"application\/ld+json\" class=\"yoast-schema-graph\">{\"@context\":\"https:\/\/schema.org\",\"@graph\":[{\"@type\":\"Article\",\"@id\":\"https:\/\/blogdobispo.com.br\/?p=2726#article\",\"isPartOf\":{\"@id\":\"https:\/\/blogdobispo.com.br\/?p=2726\"},\"author\":{\"name\":\"Jefferson Sterfeno\",\"@id\":\"https:\/\/blogdobispo.com.br\/#\/schema\/person\/e2209cc0e6cea5c5233d033e997b373f\"},\"headline\":\"Camila Ara\u00fajo \u00e9 eleita presidente da Comiss\u00e3o de Defesa do Consumidor\",\"datePublished\":\"2024-02-22T15:37:23+00:00\",\"mainEntityOfPage\":{\"@id\":\"https:\/\/blogdobispo.com.br\/?p=2726\"},\"wordCount\":181,\"commentCount\":0,\"publisher\":{\"@id\":\"https:\/\/blogdobispo.com.br\/#organization\"},\"image\":{\"@id\":\"https:\/\/blogdobispo.com.br\/?p=2726#primaryimage\"},\"thumbnailUrl\":\"https:\/\/blogdobispo.com.br\/wp-content\/uploads\/2024\/02\/a0f85b0f-e9ca-47f4-a5b4-8d256a1d1b95-1-1024x694.jpg\",\"articleSection\":[\"diversos\"],\"inLanguage\":\"pt-BR\",\"potentialAction\":[{\"@type\":\"CommentAction\",\"name\":\"Comment\",\"target\":[\"https:\/\/blogdobispo.com.br\/?p=2726#respond\"]}]},{\"@type\":\"WebPage\",\"@id\":\"https:\/\/blogdobispo.com.br\/?p=2726\",\"url\":\"https:\/\/blogdobispo.com.br\/?p=2726\",\"name\":\"Camila Ara\u00fajo \u00e9 eleita presidente da Comiss\u00e3o de Defesa do Consumidor - Blog do Bispo\",\"isPartOf\":{\"@id\":\"https:\/\/blogdobispo.com.br\/#website\"},\"primaryImageOfPage\":{\"@id\":\"https:\/\/blogdobispo.com.br\/?p=2726#primaryimage\"},\"image\":{\"@id\":\"https:\/\/blogdobispo.com.br\/?p=2726#primaryimage\"},\"thumbnailUrl\":\"https:\/\/blogdobispo.com.br\/wp-content\/uploads\/2024\/02\/a0f85b0f-e9ca-47f4-a5b4-8d256a1d1b95-1-1024x694.jpg\",\"datePublished\":\"2024-02-22T15:37:23+00:00\",\"breadcrumb\":{\"@id\":\"https:\/\/blogdobispo.com.br\/?p=2726#breadcrumb\"},\"inLanguage\":\"pt-BR\",\"potentialAction\":[{\"@type\":\"ReadAction\",\"target\":[\"https:\/\/blogdobispo.com.br\/?p=2726\"]}]},{\"@type\":\"ImageObject\",\"inLanguage\":\"pt-BR\",\"@id\":\"https:\/\/blogdobispo.com.br\/?p=2726#primaryimage\",\"url\":\"https:\/\/blogdobispo.com.br\/wp-content\/uploads\/2024\/02\/a0f85b0f-e9ca-47f4-a5b4-8d256a1d1b95-1-1024x694.jpg\",\"contentUrl\":\"https:\/\/blogdobispo.com.br\/wp-content\/uploads\/2024\/02\/a0f85b0f-e9ca-47f4-a5b4-8d256a1d1b95-1-1024x694.jpg\"},{\"@type\":\"BreadcrumbList\",\"@id\":\"https:\/\/blogdobispo.com.br\/?p=2726#breadcrumb\",\"itemListElement\":[{\"@type\":\"ListItem\",\"position\":1,\"name\":\"In\u00edcio\",\"item\":\"https:\/\/blogdobispo.com.br\/\"},{\"@type\":\"ListItem\",\"position\":2,\"name\":\"Camila Ara\u00fajo \u00e9 eleita presidente da Comiss\u00e3o de Defesa do Consumidor\"}]},{\"@type\":\"WebSite\",\"@id\":\"https:\/\/blogdobispo.com.br\/#website\",\"url\":\"https:\/\/blogdobispo.com.br\/\",\"name\":\"Blog do Bispo\",\"description\":\"Comprometido apenas com o leitor\",\"publisher\":{\"@id\":\"https:\/\/blogdobispo.com.br\/#organization\"},\"potentialAction\":[{\"@type\":\"SearchAction\",\"target\":{\"@type\":\"EntryPoint\",\"urlTemplate\":\"https:\/\/blogdobispo.com.br\/?s={search_term_string}\"},\"query-input\":{\"@type\":\"PropertyValueSpecification\",\"valueRequired\":true,\"valueName\":\"search_term_string\"}}],\"inLanguage\":\"pt-BR\"},{\"@type\":\"Organization\",\"@id\":\"https:\/\/blogdobispo.com.br\/#organization\",\"name\":\"Blog do Bispo\",\"url\":\"https:\/\/blogdobispo.com.br\/\",\"logo\":{\"@type\":\"ImageObject\",\"inLanguage\":\"pt-BR\",\"@id\":\"https:\/\/blogdobispo.com.br\/#\/schema\/logo\/image\/\",\"url\":\"http:\/\/blogdobispo.com.br\/wp-content\/uploads\/2023\/05\/cropped-headear.png\",\"contentUrl\":\"http:\/\/blogdobispo.com.br\/wp-content\/uploads\/2023\/05\/cropped-headear.png\",\"width\":1500,\"height\":399,\"caption\":\"Blog do Bispo\"},\"image\":{\"@id\":\"https:\/\/blogdobispo.com.br\/#\/schema\/logo\/image\/\"}},{\"@type\":\"Person\",\"@id\":\"https:\/\/blogdobispo.com.br\/#\/schema\/person\/e2209cc0e6cea5c5233d033e997b373f\",\"name\":\"Jefferson Sterfeno\",\"image\":{\"@type\":\"ImageObject\",\"inLanguage\":\"pt-BR\",\"@id\":\"https:\/\/blogdobispo.com.br\/#\/schema\/person\/image\/\",\"url\":\"https:\/\/secure.gravatar.com\/avatar\/0534e84764641168a677026b6d57a3f51dc7ac4db0b4f6186d9cb330d4ee1160?s=96&d=mm&r=g\",\"contentUrl\":\"https:\/\/secure.gravatar.com\/avatar\/0534e84764641168a677026b6d57a3f51dc7ac4db0b4f6186d9cb330d4ee1160?s=96&d=mm&r=g\",\"caption\":\"Jefferson Sterfeno\"},\"sameAs\":[\"http:\/\/blogdobispo.com.br\"],\"url\":\"https:\/\/blogdobispo.com.br\/?author=1\"}]}<\/script>\n<!-- \/ Yoast SEO plugin. -->","yoast_head_json":{"title":"Camila Ara\u00fajo \u00e9 eleita presidente da Comiss\u00e3o de Defesa do Consumidor - Blog do Bispo","robots":{"index":"index","follow":"follow","max-snippet":"max-snippet:-1","max-image-preview":"max-image-preview:large","max-video-preview":"max-video-preview:-1"},"canonical":"https:\/\/blogdobispo.com.br\/?p=2726","og_locale":"pt_BR","og_type":"article","og_title":"Camila Ara\u00fajo \u00e9 eleita presidente da Comiss\u00e3o de Defesa do Consumidor - Blog do Bispo","og_description":"A vereadora Camila Ara\u00fajo foi eleita, pela segunda vez, presente da Comiss\u00e3o de Defesa do Consumidor da C\u00e2mara Municipal de Natal. Ela estar\u00e1 \u00e0 frente dos trabalhos da comiss\u00e3o em 2024, assim como aconteceu em 2021. Camila integra a Comiss\u00e3o desde o seu primeiro ano de mandato, quando, j\u00e1 na condi\u00e7\u00e3o de presidente, desempenhou um [&hellip;]","og_url":"https:\/\/blogdobispo.com.br\/?p=2726","og_site_name":"Blog do Bispo","article_published_time":"2024-02-22T15:37:23+00:00","og_image":[{"url":"https:\/\/blogdobispo.com.br\/wp-content\/uploads\/2024\/02\/a0f85b0f-e9ca-47f4-a5b4-8d256a1d1b95-1-1024x694.jpg","type":"","width":"","height":""}],"author":"Jefferson Sterfeno","twitter_card":"summary_large_image","twitter_misc":{"Escrito por":"Jefferson Sterfeno","Est. tempo de leitura":"1 minuto"},"schema":{"@context":"https:\/\/schema.org","@graph":[{"@type":"Article","@id":"https:\/\/blogdobispo.com.br\/?p=2726#article","isPartOf":{"@id":"https:\/\/blogdobispo.com.br\/?p=2726"},"author":{"name":"Jefferson Sterfeno","@id":"https:\/\/blogdobispo.com.br\/#\/schema\/person\/e2209cc0e6cea5c5233d033e997b373f"},"headline":"Camila Ara\u00fajo \u00e9 eleita presidente da Comiss\u00e3o de Defesa do Consumidor","datePublished":"2024-02-22T15:37:23+00:00","mainEntityOfPage":{"@id":"https:\/\/blogdobispo.com.br\/?p=2726"},"wordCount":181,"commentCount":0,"publisher":{"@id":"https:\/\/blogdobispo.com.br\/#organization"},"image":{"@id":"https:\/\/blogdobispo.com.br\/?p=2726#primaryimage"},"thumbnailUrl":"https:\/\/blogdobispo.com.br\/wp-content\/uploads\/2024\/02\/a0f85b0f-e9ca-47f4-a5b4-8d256a1d1b95-1-1024x694.jpg","articleSection":["diversos"],"inLanguage":"pt-BR","potentialAction":[{"@type":"CommentAction","name":"Comment","target":["https:\/\/blogdobispo.com.br\/?p=2726#respond"]}]},{"@type":"WebPage","@id":"https:\/\/blogdobispo.com.br\/?p=2726","url":"https:\/\/blogdobispo.com.br\/?p=2726","name":"Camila Ara\u00fajo \u00e9 eleita presidente da Comiss\u00e3o de Defesa do Consumidor - Blog do Bispo","isPartOf":{"@id":"https:\/\/blogdobispo.com.br\/#website"},"primaryImageOfPage":{"@id":"https:\/\/blogdobispo.com.br\/?p=2726#primaryimage"},"image":{"@id":"https:\/\/blogdobispo.com.br\/?p=2726#primaryimage"},"thumbnailUrl":"https:\/\/blogdobispo.com.br\/wp-content\/uploads\/2024\/02\/a0f85b0f-e9ca-47f4-a5b4-8d256a1d1b95-1-1024x694.jpg","datePublished":"2024-02-22T15:37:23+00:00","breadcrumb":{"@id":"https:\/\/blogdobispo.com.br\/?p=2726#breadcrumb"},"inLanguage":"pt-BR","potentialAction":[{"@type":"ReadAction","target":["https:\/\/blogdobispo.com.br\/?p=2726"]}]},{"@type":"ImageObject","inLanguage":"pt-BR","@id":"https:\/\/blogdobispo.com.br\/?p=2726#primaryimage","url":"https:\/\/blogdobispo.com.br\/wp-content\/uploads\/2024\/02\/a0f85b0f-e9ca-47f4-a5b4-8d256a1d1b95-1-1024x694.jpg","contentUrl":"https:\/\/blogdobispo.com.br\/wp-content\/uploads\/2024\/02\/a0f85b0f-e9ca-47f4-a5b4-8d256a1d1b95-1-1024x694.jpg"},{"@type":"BreadcrumbList","@id":"https:\/\/blogdobispo.com.br\/?p=2726#breadcrumb","itemListElement":[{"@type":"ListItem","position":1,"name":"In\u00edcio","item":"https:\/\/blogdobispo.com.br\/"},{"@type":"ListItem","position":2,"name":"Camila Ara\u00fajo \u00e9 eleita presidente da Comiss\u00e3o de Defesa do Consumidor"}]},{"@type":"WebSite","@id":"https:\/\/blogdobispo.com.br\/#website","url":"https:\/\/blogdobispo.com.br\/","name":"Blog do Bispo","description":"Comprometido apenas com o leitor","publisher":{"@id":"https:\/\/blogdobispo.com.br\/#organization"},"potentialAction":[{"@type":"SearchAction","target":{"@type":"EntryPoint","urlTemplate":"https:\/\/blogdobispo.com.br\/?s={search_term_string}"},"query-input":{"@type":"PropertyValueSpecification","valueRequired":true,"valueName":"search_term_string"}}],"inLanguage":"pt-BR"},{"@type":"Organization","@id":"https:\/\/blogdobispo.com.br\/#organization","name":"Blog do Bispo","url":"https:\/\/blogdobispo.com.br\/","logo":{"@type":"ImageObject","inLanguage":"pt-BR","@id":"https:\/\/blogdobispo.com.br\/#\/schema\/logo\/image\/","url":"http:\/\/blogdobispo.com.br\/wp-content\/uploads\/2023\/05\/cropped-headear.png","contentUrl":"http:\/\/blogdobispo.com.br\/wp-content\/uploads\/2023\/05\/cropped-headear.png","width":1500,"height":399,"caption":"Blog do Bispo"},"image":{"@id":"https:\/\/blogdobispo.com.br\/#\/schema\/logo\/image\/"}},{"@type":"Person","@id":"https:\/\/blogdobispo.com.br\/#\/schema\/person\/e2209cc0e6cea5c5233d033e997b373f","name":"Jefferson Sterfeno","image":{"@type":"ImageObject","inLanguage":"pt-BR","@id":"https:\/\/blogdobispo.com.br\/#\/schema\/person\/image\/","url":"https:\/\/secure.gravatar.com\/avatar\/0534e84764641168a677026b6d57a3f51dc7ac4db0b4f6186d9cb330d4ee1160?s=96&d=mm&r=g","contentUrl":"https:\/\/secure.gravatar.com\/avatar\/0534e84764641168a677026b6d57a3f51dc7ac4db0b4f6186d9cb330d4ee1160?s=96&d=mm&r=g","caption":"Jefferson Sterfeno"},"sameAs":["http:\/\/blogdobispo.com.br"],"url":"https:\/\/blogdobispo.com.br\/?author=1"}]}},"featured_image_urls":{"full":"","thumbnail":"","medium":"","medium_large":"","large":"","1536x1536":"","2048x2048":""},"author_info":{"display_name":"Jefferson Sterfeno","author_link":"https:\/\/blogdobispo.com.br\/?author=1"},"category_info":"<a href=\"https:\/\/blogdobispo.com.br\/?cat=1\" rel=\"category\">diversos<\/a>","tag_info":"diversos","comment_count":"0","jetpack_featured_media_url":"","jetpack_sharing_enabled":true,"_links":{"self":[{"href":"https:\/\/blogdobispo.com.br\/index.php?rest_route=\/wp\/v2\/posts\/2726","targetHints":{"allow":["GET"]}}],"collection":[{"href":"https:\/\/blogdobispo.com.br\/index.php?rest_route=\/wp\/v2\/posts"}],"about":[{"href":"https:\/\/blogdobispo.com.br\/index.php?rest_route=\/wp\/v2\/types\/post"}],"author":[{"embeddable":true,"href":"https:\/\/blogdobispo.com.br\/index.php?rest_route=\/wp\/v2\/users\/1"}],"replies":[{"embeddable":true,"href":"https:\/\/blogdobispo.com.br\/index.php?rest_route=%2Fwp%2Fv2%2Fcomments&post=2726"}],"version-history":[{"count":0,"href":"https:\/\/blogdobispo.com.br\/index.php?rest_route=\/wp\/v2\/posts\/2726\/revisions"}],"wp:attachment":[{"href":"https:\/\/blogdobispo.com.br\/index.php?rest_route=%2Fwp%2Fv2%2Fmedia&parent=2726"}],"wp:term":[{"taxonomy":"category","embeddable":true,"href":"https:\/\/blogdobispo.com.br\/index.php?rest_route=%2Fwp%2Fv2%2Fcategories&post=2726"},{"taxonomy":"post_tag","embeddable":true,"href":"https:\/\/blogdobispo.com.br\/index.php?rest_route=%2Fwp%2Fv2%2Ftags&post=2726"}],"curies":[{"name":"wp","href":"https:\/\/api.w.org\/{rel}","templated":true}]}}