{"id":2722,"date":"2024-02-22T11:59:34","date_gmt":"2024-02-22T11:59:34","guid":{"rendered":"https:\/\/blogdobispo.com.br\/?p=2722"},"modified":"2024-02-22T11:59:34","modified_gmt":"2024-02-22T11:59:34","slug":"vereador-kleber-fernandes-se-filia-ao-republicanos-em-ato-neste-domingo-25","status":"publish","type":"post","link":"https:\/\/blogdobispo.com.br\/?p=2722","title":{"rendered":"Vereador Kleber Fernandes se filia ao Republicanos em ato neste domingo (25)"},"content":{"rendered":"\n<figure class=\"wp-block-image size-large\"><img data-recalc-dims=\"1\" fetchpriority=\"high\" decoding=\"async\" width=\"800\" height=\"544\" src=\"https:\/\/i0.wp.com\/blogdobispo.com.br\/wp-content\/uploads\/2024\/02\/9e16f56c-3fdf-4688-bddf-7a3328dd332a-1-1024x696.jpg?resize=800%2C544&#038;ssl=1\" class=\"wp-image-2721\" srcset=\"https:\/\/i0.wp.com\/blogdobispo.com.br\/wp-content\/uploads\/2024\/02\/9e16f56c-3fdf-4688-bddf-7a3328dd332a-1.jpg?resize=1024%2C696&amp;ssl=1 1024w, https:\/\/i0.wp.com\/blogdobispo.com.br\/wp-content\/uploads\/2024\/02\/9e16f56c-3fdf-4688-bddf-7a3328dd332a-1.jpg?resize=300%2C204&amp;ssl=1 300w, https:\/\/i0.wp.com\/blogdobispo.com.br\/wp-content\/uploads\/2024\/02\/9e16f56c-3fdf-4688-bddf-7a3328dd332a-1.jpg?resize=768%2C522&amp;ssl=1 768w, https:\/\/i0.wp.com\/blogdobispo.com.br\/wp-content\/uploads\/2024\/02\/9e16f56c-3fdf-4688-bddf-7a3328dd332a-1.jpg?resize=1536%2C1044&amp;ssl=1 1536w, https:\/\/i0.wp.com\/blogdobispo.com.br\/wp-content\/uploads\/2024\/02\/9e16f56c-3fdf-4688-bddf-7a3328dd332a-1.jpg?w=1600&amp;ssl=1 1600w\" sizes=\"(max-width: 800px) 100vw, 800px\" \/><\/figure>\n\n\n\n<p><\/p>\n\n\n\n<p>O vereador Kleber Fernandes est\u00e1 de mudan\u00e7a de partido. Ele aproveitar\u00e1 a janela partid\u00e1ria e ir\u00e1 se filiar ao Republicanos. &#8220;Estou muito feliz e preparado para me filiar ao Republicanos, partido que hoje representa meus ideiais e demonstra preocupa\u00e7\u00e3o com os principais anseios da popula\u00e7\u00e3o&#8221;, disse o parlamentar, que deixar\u00e1 o PSDB.<\/p>\n\n\n\n<p>O ato de filia\u00e7\u00e3o acontecer\u00e1 no pr\u00f3ximo domingo (25), no Versailles Recep\u00e7\u00f5es, \u00e0s 16h, onde ocorrer\u00e1 mobiliza\u00e7\u00e3o de pessoas dos diret\u00f3rios municipais do interior do Estado, em um grande ato de filia\u00e7\u00e3o de diversas lideran\u00e7as do RN. \u201cA expectativa dos organizadores \u00e9 que o evento re\u00fana cerca de tr\u00eas mil pessoas\u201d, explicou Kleber.<\/p>\n\n\n\n<p>O evento contar\u00e1 com a participa\u00e7\u00e3o do presidente nacional do partido, Marcos Pereira, do deputado federal Hugo Mota, l\u00edder do Republicanos na C\u00e2mara dos Deputados, al\u00e9m do prefeito de Natal, \u00c1lvaro Dias, presidente estadual da sigla, como tamb\u00e9m, de amigos e correligion\u00e1rios.<\/p>\n\n\n\n<p><em>O que?<\/em> Ato de filia\u00e7\u00e3o ao Republicanos<br><em>Quando?<\/em> Domingo, dia 25<br><em>Onde?<\/em> No Versailles Recep\u00e7\u00f5es<br><em>Hor\u00e1rio?<\/em> 16h<\/p>\n","protected":false},"excerpt":{"rendered":"<p>O vereador Kleber Fernandes est\u00e1 de mudan\u00e7a de partido. Ele aproveitar\u00e1 a janela partid\u00e1ria e ir\u00e1 se filiar ao Republicanos. &#8220;Estou muito feliz e preparado para me filiar ao Republicanos, partido que hoje representa meus ideiais e demonstra preocupa\u00e7\u00e3o com os principais anseios da popula\u00e7\u00e3o&#8221;, disse o parlamentar, que deixar\u00e1 o PSDB. O ato de [&hellip;]<\/p>\n","protected":false},"author":1,"featured_media":0,"comment_status":"open","ping_status":"open","sticky":false,"template":"","format":"standard","meta":{"cybocfi_hide_featured_image":"","_jetpack_memberships_contains_paid_content":false,"footnotes":""},"categories":[1],"tags":[],"class_list":["post-2722","post","type-post","status-publish","format-standard","hentry","category-diversos"],"yoast_head":"<!-- This site is optimized with the Yoast SEO plugin v25.6 - https:\/\/yoast.com\/wordpress\/plugins\/seo\/ -->\n<title>Vereador Kleber Fernandes se filia ao Republicanos em ato neste domingo (25) - Blog do Bispo<\/title>\n<meta name=\"robots\" content=\"index, follow, max-snippet:-1, max-image-preview:large, max-video-preview:-1\" \/>\n<link rel=\"canonical\" href=\"https:\/\/blogdobispo.com.br\/?p=2722\" \/>\n<meta property=\"og:locale\" content=\"pt_BR\" \/>\n<meta property=\"og:type\" content=\"article\" \/>\n<meta property=\"og:title\" content=\"Vereador Kleber Fernandes se filia ao Republicanos em ato neste domingo (25) - Blog do Bispo\" \/>\n<meta property=\"og:description\" content=\"O vereador Kleber Fernandes est\u00e1 de mudan\u00e7a de partido. Ele aproveitar\u00e1 a janela partid\u00e1ria e ir\u00e1 se filiar ao Republicanos. &#8220;Estou muito feliz e preparado para me filiar ao Republicanos, partido que hoje representa meus ideiais e demonstra preocupa\u00e7\u00e3o com os principais anseios da popula\u00e7\u00e3o&#8221;, disse o parlamentar, que deixar\u00e1 o PSDB. O ato de [&hellip;]\" \/>\n<meta property=\"og:url\" content=\"https:\/\/blogdobispo.com.br\/?p=2722\" \/>\n<meta property=\"og:site_name\" content=\"Blog do Bispo\" \/>\n<meta property=\"article:published_time\" content=\"2024-02-22T11:59:34+00:00\" \/>\n<meta property=\"og:image\" content=\"https:\/\/blogdobispo.com.br\/wp-content\/uploads\/2024\/02\/9e16f56c-3fdf-4688-bddf-7a3328dd332a-1-1024x696.jpg\" \/>\n<meta name=\"author\" content=\"Jefferson Sterfeno\" \/>\n<meta name=\"twitter:card\" content=\"summary_large_image\" \/>\n<meta name=\"twitter:label1\" content=\"Escrito por\" \/>\n\t<meta name=\"twitter:data1\" content=\"Jefferson Sterfeno\" \/>\n\t<meta name=\"twitter:label2\" content=\"Est. tempo de leitura\" \/>\n\t<meta name=\"twitter:data2\" content=\"1 minuto\" \/>\n<script type=\"application\/ld+json\" class=\"yoast-schema-graph\">{\"@context\":\"https:\/\/schema.org\",\"@graph\":[{\"@type\":\"Article\",\"@id\":\"https:\/\/blogdobispo.com.br\/?p=2722#article\",\"isPartOf\":{\"@id\":\"https:\/\/blogdobispo.com.br\/?p=2722\"},\"author\":{\"name\":\"Jefferson Sterfeno\",\"@id\":\"https:\/\/blogdobispo.com.br\/#\/schema\/person\/e2209cc0e6cea5c5233d033e997b373f\"},\"headline\":\"Vereador Kleber Fernandes se filia ao Republicanos em ato neste domingo (25)\",\"datePublished\":\"2024-02-22T11:59:34+00:00\",\"mainEntityOfPage\":{\"@id\":\"https:\/\/blogdobispo.com.br\/?p=2722\"},\"wordCount\":194,\"commentCount\":0,\"publisher\":{\"@id\":\"https:\/\/blogdobispo.com.br\/#organization\"},\"image\":{\"@id\":\"https:\/\/blogdobispo.com.br\/?p=2722#primaryimage\"},\"thumbnailUrl\":\"https:\/\/blogdobispo.com.br\/wp-content\/uploads\/2024\/02\/9e16f56c-3fdf-4688-bddf-7a3328dd332a-1-1024x696.jpg\",\"articleSection\":[\"diversos\"],\"inLanguage\":\"pt-BR\",\"potentialAction\":[{\"@type\":\"CommentAction\",\"name\":\"Comment\",\"target\":[\"https:\/\/blogdobispo.com.br\/?p=2722#respond\"]}]},{\"@type\":\"WebPage\",\"@id\":\"https:\/\/blogdobispo.com.br\/?p=2722\",\"url\":\"https:\/\/blogdobispo.com.br\/?p=2722\",\"name\":\"Vereador Kleber Fernandes se filia ao Republicanos em ato neste domingo (25) - Blog do Bispo\",\"isPartOf\":{\"@id\":\"https:\/\/blogdobispo.com.br\/#website\"},\"primaryImageOfPage\":{\"@id\":\"https:\/\/blogdobispo.com.br\/?p=2722#primaryimage\"},\"image\":{\"@id\":\"https:\/\/blogdobispo.com.br\/?p=2722#primaryimage\"},\"thumbnailUrl\":\"https:\/\/blogdobispo.com.br\/wp-content\/uploads\/2024\/02\/9e16f56c-3fdf-4688-bddf-7a3328dd332a-1-1024x696.jpg\",\"datePublished\":\"2024-02-22T11:59:34+00:00\",\"breadcrumb\":{\"@id\":\"https:\/\/blogdobispo.com.br\/?p=2722#breadcrumb\"},\"inLanguage\":\"pt-BR\",\"potentialAction\":[{\"@type\":\"ReadAction\",\"target\":[\"https:\/\/blogdobispo.com.br\/?p=2722\"]}]},{\"@type\":\"ImageObject\",\"inLanguage\":\"pt-BR\",\"@id\":\"https:\/\/blogdobispo.com.br\/?p=2722#primaryimage\",\"url\":\"https:\/\/blogdobispo.com.br\/wp-content\/uploads\/2024\/02\/9e16f56c-3fdf-4688-bddf-7a3328dd332a-1-1024x696.jpg\",\"contentUrl\":\"https:\/\/blogdobispo.com.br\/wp-content\/uploads\/2024\/02\/9e16f56c-3fdf-4688-bddf-7a3328dd332a-1-1024x696.jpg\"},{\"@type\":\"BreadcrumbList\",\"@id\":\"https:\/\/blogdobispo.com.br\/?p=2722#breadcrumb\",\"itemListElement\":[{\"@type\":\"ListItem\",\"position\":1,\"name\":\"In\u00edcio\",\"item\":\"https:\/\/blogdobispo.com.br\/\"},{\"@type\":\"ListItem\",\"position\":2,\"name\":\"Vereador Kleber Fernandes se filia ao Republicanos em ato neste domingo (25)\"}]},{\"@type\":\"WebSite\",\"@id\":\"https:\/\/blogdobispo.com.br\/#website\",\"url\":\"https:\/\/blogdobispo.com.br\/\",\"name\":\"Blog do Bispo\",\"description\":\"Comprometido apenas com o leitor\",\"publisher\":{\"@id\":\"https:\/\/blogdobispo.com.br\/#organization\"},\"potentialAction\":[{\"@type\":\"SearchAction\",\"target\":{\"@type\":\"EntryPoint\",\"urlTemplate\":\"https:\/\/blogdobispo.com.br\/?s={search_term_string}\"},\"query-input\":{\"@type\":\"PropertyValueSpecification\",\"valueRequired\":true,\"valueName\":\"search_term_string\"}}],\"inLanguage\":\"pt-BR\"},{\"@type\":\"Organization\",\"@id\":\"https:\/\/blogdobispo.com.br\/#organization\",\"name\":\"Blog do Bispo\",\"url\":\"https:\/\/blogdobispo.com.br\/\",\"logo\":{\"@type\":\"ImageObject\",\"inLanguage\":\"pt-BR\",\"@id\":\"https:\/\/blogdobispo.com.br\/#\/schema\/logo\/image\/\",\"url\":\"http:\/\/blogdobispo.com.br\/wp-content\/uploads\/2023\/05\/cropped-headear.png\",\"contentUrl\":\"http:\/\/blogdobispo.com.br\/wp-content\/uploads\/2023\/05\/cropped-headear.png\",\"width\":1500,\"height\":399,\"caption\":\"Blog do Bispo\"},\"image\":{\"@id\":\"https:\/\/blogdobispo.com.br\/#\/schema\/logo\/image\/\"}},{\"@type\":\"Person\",\"@id\":\"https:\/\/blogdobispo.com.br\/#\/schema\/person\/e2209cc0e6cea5c5233d033e997b373f\",\"name\":\"Jefferson Sterfeno\",\"image\":{\"@type\":\"ImageObject\",\"inLanguage\":\"pt-BR\",\"@id\":\"https:\/\/blogdobispo.com.br\/#\/schema\/person\/image\/\",\"url\":\"https:\/\/secure.gravatar.com\/avatar\/0534e84764641168a677026b6d57a3f51dc7ac4db0b4f6186d9cb330d4ee1160?s=96&d=mm&r=g\",\"contentUrl\":\"https:\/\/secure.gravatar.com\/avatar\/0534e84764641168a677026b6d57a3f51dc7ac4db0b4f6186d9cb330d4ee1160?s=96&d=mm&r=g\",\"caption\":\"Jefferson Sterfeno\"},\"sameAs\":[\"http:\/\/blogdobispo.com.br\"],\"url\":\"https:\/\/blogdobispo.com.br\/?author=1\"}]}<\/script>\n<!-- \/ Yoast SEO plugin. -->","yoast_head_json":{"title":"Vereador Kleber Fernandes se filia ao Republicanos em ato neste domingo (25) - Blog do Bispo","robots":{"index":"index","follow":"follow","max-snippet":"max-snippet:-1","max-image-preview":"max-image-preview:large","max-video-preview":"max-video-preview:-1"},"canonical":"https:\/\/blogdobispo.com.br\/?p=2722","og_locale":"pt_BR","og_type":"article","og_title":"Vereador Kleber Fernandes se filia ao Republicanos em ato neste domingo (25) - Blog do Bispo","og_description":"O vereador Kleber Fernandes est\u00e1 de mudan\u00e7a de partido. Ele aproveitar\u00e1 a janela partid\u00e1ria e ir\u00e1 se filiar ao Republicanos. &#8220;Estou muito feliz e preparado para me filiar ao Republicanos, partido que hoje representa meus ideiais e demonstra preocupa\u00e7\u00e3o com os principais anseios da popula\u00e7\u00e3o&#8221;, disse o parlamentar, que deixar\u00e1 o PSDB. O ato de [&hellip;]","og_url":"https:\/\/blogdobispo.com.br\/?p=2722","og_site_name":"Blog do Bispo","article_published_time":"2024-02-22T11:59:34+00:00","og_image":[{"url":"https:\/\/blogdobispo.com.br\/wp-content\/uploads\/2024\/02\/9e16f56c-3fdf-4688-bddf-7a3328dd332a-1-1024x696.jpg","type":"","width":"","height":""}],"author":"Jefferson Sterfeno","twitter_card":"summary_large_image","twitter_misc":{"Escrito por":"Jefferson Sterfeno","Est. tempo de leitura":"1 minuto"},"schema":{"@context":"https:\/\/schema.org","@graph":[{"@type":"Article","@id":"https:\/\/blogdobispo.com.br\/?p=2722#article","isPartOf":{"@id":"https:\/\/blogdobispo.com.br\/?p=2722"},"author":{"name":"Jefferson Sterfeno","@id":"https:\/\/blogdobispo.com.br\/#\/schema\/person\/e2209cc0e6cea5c5233d033e997b373f"},"headline":"Vereador Kleber Fernandes se filia ao Republicanos em ato neste domingo (25)","datePublished":"2024-02-22T11:59:34+00:00","mainEntityOfPage":{"@id":"https:\/\/blogdobispo.com.br\/?p=2722"},"wordCount":194,"commentCount":0,"publisher":{"@id":"https:\/\/blogdobispo.com.br\/#organization"},"image":{"@id":"https:\/\/blogdobispo.com.br\/?p=2722#primaryimage"},"thumbnailUrl":"https:\/\/blogdobispo.com.br\/wp-content\/uploads\/2024\/02\/9e16f56c-3fdf-4688-bddf-7a3328dd332a-1-1024x696.jpg","articleSection":["diversos"],"inLanguage":"pt-BR","potentialAction":[{"@type":"CommentAction","name":"Comment","target":["https:\/\/blogdobispo.com.br\/?p=2722#respond"]}]},{"@type":"WebPage","@id":"https:\/\/blogdobispo.com.br\/?p=2722","url":"https:\/\/blogdobispo.com.br\/?p=2722","name":"Vereador Kleber Fernandes se filia ao Republicanos em ato neste domingo (25) - Blog do Bispo","isPartOf":{"@id":"https:\/\/blogdobispo.com.br\/#website"},"primaryImageOfPage":{"@id":"https:\/\/blogdobispo.com.br\/?p=2722#primaryimage"},"image":{"@id":"https:\/\/blogdobispo.com.br\/?p=2722#primaryimage"},"thumbnailUrl":"https:\/\/blogdobispo.com.br\/wp-content\/uploads\/2024\/02\/9e16f56c-3fdf-4688-bddf-7a3328dd332a-1-1024x696.jpg","datePublished":"2024-02-22T11:59:34+00:00","breadcrumb":{"@id":"https:\/\/blogdobispo.com.br\/?p=2722#breadcrumb"},"inLanguage":"pt-BR","potentialAction":[{"@type":"ReadAction","target":["https:\/\/blogdobispo.com.br\/?p=2722"]}]},{"@type":"ImageObject","inLanguage":"pt-BR","@id":"https:\/\/blogdobispo.com.br\/?p=2722#primaryimage","url":"https:\/\/blogdobispo.com.br\/wp-content\/uploads\/2024\/02\/9e16f56c-3fdf-4688-bddf-7a3328dd332a-1-1024x696.jpg","contentUrl":"https:\/\/blogdobispo.com.br\/wp-content\/uploads\/2024\/02\/9e16f56c-3fdf-4688-bddf-7a3328dd332a-1-1024x696.jpg"},{"@type":"BreadcrumbList","@id":"https:\/\/blogdobispo.com.br\/?p=2722#breadcrumb","itemListElement":[{"@type":"ListItem","position":1,"name":"In\u00edcio","item":"https:\/\/blogdobispo.com.br\/"},{"@type":"ListItem","position":2,"name":"Vereador Kleber Fernandes se filia ao Republicanos em ato neste domingo (25)"}]},{"@type":"WebSite","@id":"https:\/\/blogdobispo.com.br\/#website","url":"https:\/\/blogdobispo.com.br\/","name":"Blog do Bispo","description":"Comprometido apenas com o leitor","publisher":{"@id":"https:\/\/blogdobispo.com.br\/#organization"},"potentialAction":[{"@type":"SearchAction","target":{"@type":"EntryPoint","urlTemplate":"https:\/\/blogdobispo.com.br\/?s={search_term_string}"},"query-input":{"@type":"PropertyValueSpecification","valueRequired":true,"valueName":"search_term_string"}}],"inLanguage":"pt-BR"},{"@type":"Organization","@id":"https:\/\/blogdobispo.com.br\/#organization","name":"Blog do Bispo","url":"https:\/\/blogdobispo.com.br\/","logo":{"@type":"ImageObject","inLanguage":"pt-BR","@id":"https:\/\/blogdobispo.com.br\/#\/schema\/logo\/image\/","url":"http:\/\/blogdobispo.com.br\/wp-content\/uploads\/2023\/05\/cropped-headear.png","contentUrl":"http:\/\/blogdobispo.com.br\/wp-content\/uploads\/2023\/05\/cropped-headear.png","width":1500,"height":399,"caption":"Blog do Bispo"},"image":{"@id":"https:\/\/blogdobispo.com.br\/#\/schema\/logo\/image\/"}},{"@type":"Person","@id":"https:\/\/blogdobispo.com.br\/#\/schema\/person\/e2209cc0e6cea5c5233d033e997b373f","name":"Jefferson Sterfeno","image":{"@type":"ImageObject","inLanguage":"pt-BR","@id":"https:\/\/blogdobispo.com.br\/#\/schema\/person\/image\/","url":"https:\/\/secure.gravatar.com\/avatar\/0534e84764641168a677026b6d57a3f51dc7ac4db0b4f6186d9cb330d4ee1160?s=96&d=mm&r=g","contentUrl":"https:\/\/secure.gravatar.com\/avatar\/0534e84764641168a677026b6d57a3f51dc7ac4db0b4f6186d9cb330d4ee1160?s=96&d=mm&r=g","caption":"Jefferson Sterfeno"},"sameAs":["http:\/\/blogdobispo.com.br"],"url":"https:\/\/blogdobispo.com.br\/?author=1"}]}},"featured_image_urls":{"full":"","thumbnail":"","medium":"","medium_large":"","large":"","1536x1536":"","2048x2048":""},"author_info":{"display_name":"Jefferson Sterfeno","author_link":"https:\/\/blogdobispo.com.br\/?author=1"},"category_info":"<a href=\"https:\/\/blogdobispo.com.br\/?cat=1\" rel=\"category\">diversos<\/a>","tag_info":"diversos","comment_count":"0","jetpack_featured_media_url":"","jetpack_sharing_enabled":true,"_links":{"self":[{"href":"https:\/\/blogdobispo.com.br\/index.php?rest_route=\/wp\/v2\/posts\/2722","targetHints":{"allow":["GET"]}}],"collection":[{"href":"https:\/\/blogdobispo.com.br\/index.php?rest_route=\/wp\/v2\/posts"}],"about":[{"href":"https:\/\/blogdobispo.com.br\/index.php?rest_route=\/wp\/v2\/types\/post"}],"author":[{"embeddable":true,"href":"https:\/\/blogdobispo.com.br\/index.php?rest_route=\/wp\/v2\/users\/1"}],"replies":[{"embeddable":true,"href":"https:\/\/blogdobispo.com.br\/index.php?rest_route=%2Fwp%2Fv2%2Fcomments&post=2722"}],"version-history":[{"count":0,"href":"https:\/\/blogdobispo.com.br\/index.php?rest_route=\/wp\/v2\/posts\/2722\/revisions"}],"wp:attachment":[{"href":"https:\/\/blogdobispo.com.br\/index.php?rest_route=%2Fwp%2Fv2%2Fmedia&parent=2722"}],"wp:term":[{"taxonomy":"category","embeddable":true,"href":"https:\/\/blogdobispo.com.br\/index.php?rest_route=%2Fwp%2Fv2%2Fcategories&post=2722"},{"taxonomy":"post_tag","embeddable":true,"href":"https:\/\/blogdobispo.com.br\/index.php?rest_route=%2Fwp%2Fv2%2Ftags&post=2722"}],"curies":[{"name":"wp","href":"https:\/\/api.w.org\/{rel}","templated":true}]}}