{"id":2718,"date":"2024-02-21T19:28:40","date_gmt":"2024-02-21T19:28:40","guid":{"rendered":"https:\/\/blogdobispo.com.br\/?p=2718"},"modified":"2024-02-21T19:28:40","modified_gmt":"2024-02-21T19:28:40","slug":"equipe-do-censo-previdenciario-2024-realiza-atendimentos-em-domicilio","status":"publish","type":"post","link":"https:\/\/blogdobispo.com.br\/?p=2718","title":{"rendered":"Equipe do Censo Previdenci\u00e1rio 2024 realiza&nbsp;atendimentos em domic\u00edlio"},"content":{"rendered":"\n<figure class=\"wp-block-image size-large\"><img data-recalc-dims=\"1\" fetchpriority=\"high\" decoding=\"async\" width=\"800\" height=\"533\" src=\"https:\/\/i0.wp.com\/blogdobispo.com.br\/wp-content\/uploads\/2024\/02\/censo-previdenciario-com-atendimento-domiciliar-foto-alex-regis-1024x682.jpg?resize=800%2C533&#038;ssl=1\" class=\"wp-image-2717\" srcset=\"https:\/\/i0.wp.com\/blogdobispo.com.br\/wp-content\/uploads\/2024\/02\/censo-previdenciario-com-atendimento-domiciliar-foto-alex-regis.jpg?resize=1024%2C682&amp;ssl=1 1024w, https:\/\/i0.wp.com\/blogdobispo.com.br\/wp-content\/uploads\/2024\/02\/censo-previdenciario-com-atendimento-domiciliar-foto-alex-regis.jpg?resize=300%2C200&amp;ssl=1 300w, https:\/\/i0.wp.com\/blogdobispo.com.br\/wp-content\/uploads\/2024\/02\/censo-previdenciario-com-atendimento-domiciliar-foto-alex-regis.jpg?resize=768%2C512&amp;ssl=1 768w, https:\/\/i0.wp.com\/blogdobispo.com.br\/wp-content\/uploads\/2024\/02\/censo-previdenciario-com-atendimento-domiciliar-foto-alex-regis.jpg?resize=1536%2C1023&amp;ssl=1 1536w, https:\/\/i0.wp.com\/blogdobispo.com.br\/wp-content\/uploads\/2024\/02\/censo-previdenciario-com-atendimento-domiciliar-foto-alex-regis.jpg?w=1600&amp;ssl=1 1600w\" sizes=\"(max-width: 800px) 100vw, 800px\" \/><\/figure>\n\n\n\n<p>Uma equipe do Censo Previdenci\u00e1rio 2024, da Prefeitura de Natal, est\u00e1&nbsp;realizando atendimentos a servidores municipais incapazes de se deslocarem&nbsp;at\u00e9 os postos de atendimento do recenseamento, na zona Leste da capital. &nbsp;<\/p>\n\n\n\n<p>O atendimento domiciliar visa favorecer os servidores e segurados&nbsp;impossibilitados por motivo de doen\u00e7a de se deslocarem de seus lares para&nbsp;realizar o censo de forma presencial, at\u00e9 sexta-feira (23), nos polos de&nbsp;atendimento do censo na Secretaria Municipal de Administra\u00e7\u00e3o (Semad), na&nbsp;Cidade Alta; sede do NatalPrev, no bairro Petr\u00f3polis; Centro Municipal de&nbsp;Refer\u00eancia em Educa\u00e7\u00e3o (Cemure), no bairro de Nazar\u00e9, zona Oeste; Gin\u00e1sio&nbsp;N\u00e9lio Dias, na zona Norte, e na &nbsp;Secretaria Municipal de Sa\u00fade (SMS), no&nbsp;bairro Petr\u00f3polis.&nbsp;<\/p>\n\n\n\n<p>O primeiro recenseamento em domic\u00edlio desta ter\u00e7a-feira (20) foi feito no&nbsp;condom\u00ednio Ch\u00e1cara 402. L\u00e1 mora o servidor Luiz Alberto Bezerra Ferreira de&nbsp;Souza, de 72 anos, lotado na Secretaria Municipal de Meio Ambiente e&nbsp;Urbanismo. Seu Luiz Alberto ingressou na Prefeitura em 1\u00ba de maio de 1985,&nbsp;por meio do antigo Iplanat. De licen\u00e7a-pr\u00eamio, conta que deu entrada na&nbsp;aposentadoria em 09 de novembro de 2023.&nbsp;<\/p>\n\n\n\n<p>O engenheiro civil e ex-chefe da Fiscaliza\u00e7\u00e3o Urban\u00edstica da Semurb agendou&nbsp;o recenseamento em domic\u00edlio por estar impossibilitado de se locomover. Ele&nbsp;\u00e9 doente renal cr\u00f4nico e est\u00e1 com um problema na perna que dificulta a sua&nbsp;mobilidade. &#8220;Fa\u00e7o hemodi\u00e1lise tr\u00eas vezes por semana durante quatro horas.&nbsp;Do contr\u00e1rio, morreria. A hemodi\u00e1lise mudou a minha vida&#8221;, observa o&nbsp;servidor. &nbsp;&nbsp;<\/p>\n\n\n\n<p>Outro recenseamento ocorreu na rua Jaguarari, no bairro Barro Vermelho,&nbsp;onde mora a aposentada Maria da Concei\u00e7\u00e3o de Morais Rodrigues, de 65&nbsp;anos, ex-servidora da Secretaria Municipal de Tributa\u00e7\u00e3o. Com dificuldade de&nbsp;se locomover por conta de um problema na perna, a irm\u00e3 de dona Maria da&nbsp;Concei\u00e7\u00e3o foi quem agendou o seu recenseamento: \u201cComecei a fazer pilates,&nbsp;mas deixei. Aqui na rua tem duas academias\u201d.&nbsp;<\/p>\n\n\n\n<p>Ela conta que trabalhou durante 35 anos na Semut, antiga Secretaria&nbsp;Municipal de Finan\u00e7as: \u201cIngressei na Prefeitura em 12 de maio de 1982. Eu&nbsp;gostava do meu trabalho. Conhecia todo mundo na Tributa\u00e7\u00e3o e muita gente&nbsp;na Prefeitura. Eu gostava de l\u00e1. Sa\u00eda da secretaria \u00e0 noite. O trabalho&nbsp;acrescentou muito para mim em termos de conhecimento. A vida de&nbsp;<\/p>\n\n\n\n<hr class=\"wp-block-separator has-alpha-channel-opacity\"\/>\n\n\n\n<p>2 \/ 2<\/p>\n\n\n\n<p>aposentada n\u00e3o estou gostando muito n\u00e3o. Sinto falta das amizades. Vou&nbsp;perguntar se ainda me querem de volta ao emprego\u201d, brinca.&nbsp;<\/p>\n\n\n\n<p>A equipe tamb\u00e9m se deslocou at\u00e9 o Hospital S\u00e3o Lucas, no bairro do Tirol,&nbsp;para fazer o censo da servidora municipal Maria de F\u00e1tima do Nascimento,&nbsp;que est\u00e1 internada na Unidade de Terapia Intensiva (UTI). Ela tamb\u00e9m&nbsp;apresenta quadro renal.&nbsp;<\/p>\n\n\n\n<p>De acordo com a recenseadora Ana Karina da Costa, os primeiros&nbsp;atendimentos foram realizados na \u00faltima sexta-feira (16). Ela ressaltou que o&nbsp;sistema \u00e9 pr\u00e1tico e as pessoas recebem a equipe com cortesia. \u201c\u00c9 um trabalho&nbsp;prazeroso. As pessoas que eu recenseei realmente n\u00e3o t\u00eam condi\u00e7\u00f5es de se&nbsp;deslocar at\u00e9 os postos de atendimento\u201d, comentou. &nbsp;A equipe de&nbsp;recenseamento, que conta com uma assistente social do Natalprev, Rose Silva&nbsp;de Oliveira Mendon\u00e7a, ainda fez mais dois atendimentos em domic\u00edlio. Um no&nbsp;bairro do Alecrim e o outro em M\u00e3e Luiza.&nbsp;<\/p>\n\n\n\n<p>O Censo do servidor p\u00fablico municipal, em Natal, vai ser realizado at\u00e9 esta&nbsp;sexta-feira (23), assim como o atendimento domiciliar, mas as duas formas&nbsp;t\u00eam que ser previamente agendadas. &nbsp;<br><\/p>\n","protected":false},"excerpt":{"rendered":"<p>Uma equipe do Censo Previdenci\u00e1rio 2024, da Prefeitura de Natal, est\u00e1&nbsp;realizando atendimentos a servidores municipais incapazes de se deslocarem&nbsp;at\u00e9 os postos de atendimento do recenseamento, na zona Leste da capital. &nbsp; O atendimento domiciliar visa favorecer os servidores e segurados&nbsp;impossibilitados por motivo de doen\u00e7a de se deslocarem de seus lares para&nbsp;realizar o censo de forma [&hellip;]<\/p>\n","protected":false},"author":1,"featured_media":0,"comment_status":"open","ping_status":"open","sticky":false,"template":"","format":"standard","meta":{"cybocfi_hide_featured_image":"","_jetpack_memberships_contains_paid_content":false,"footnotes":""},"categories":[1],"tags":[],"class_list":["post-2718","post","type-post","status-publish","format-standard","hentry","category-diversos"],"yoast_head":"<!-- This site is optimized with the Yoast SEO plugin v25.6 - https:\/\/yoast.com\/wordpress\/plugins\/seo\/ -->\n<title>Equipe do Censo Previdenci\u00e1rio 2024 realiza&nbsp;atendimentos em domic\u00edlio - Blog do Bispo<\/title>\n<meta name=\"robots\" content=\"index, follow, max-snippet:-1, max-image-preview:large, max-video-preview:-1\" \/>\n<link rel=\"canonical\" href=\"https:\/\/blogdobispo.com.br\/?p=2718\" \/>\n<meta property=\"og:locale\" content=\"pt_BR\" \/>\n<meta property=\"og:type\" content=\"article\" \/>\n<meta property=\"og:title\" content=\"Equipe do Censo Previdenci\u00e1rio 2024 realiza&nbsp;atendimentos em domic\u00edlio - Blog do Bispo\" \/>\n<meta property=\"og:description\" content=\"Uma equipe do Censo Previdenci\u00e1rio 2024, da Prefeitura de Natal, est\u00e1&nbsp;realizando atendimentos a servidores municipais incapazes de se deslocarem&nbsp;at\u00e9 os postos de atendimento do recenseamento, na zona Leste da capital. &nbsp; O atendimento domiciliar visa favorecer os servidores e segurados&nbsp;impossibilitados por motivo de doen\u00e7a de se deslocarem de seus lares para&nbsp;realizar o censo de forma [&hellip;]\" \/>\n<meta property=\"og:url\" content=\"https:\/\/blogdobispo.com.br\/?p=2718\" \/>\n<meta property=\"og:site_name\" content=\"Blog do Bispo\" \/>\n<meta property=\"article:published_time\" content=\"2024-02-21T19:28:40+00:00\" \/>\n<meta property=\"og:image\" content=\"https:\/\/blogdobispo.com.br\/wp-content\/uploads\/2024\/02\/censo-previdenciario-com-atendimento-domiciliar-foto-alex-regis-1024x682.jpg\" \/>\n<meta name=\"author\" content=\"Jefferson Sterfeno\" \/>\n<meta name=\"twitter:card\" content=\"summary_large_image\" \/>\n<meta name=\"twitter:label1\" content=\"Escrito por\" \/>\n\t<meta name=\"twitter:data1\" content=\"Jefferson Sterfeno\" \/>\n\t<meta name=\"twitter:label2\" content=\"Est. tempo de leitura\" \/>\n\t<meta name=\"twitter:data2\" content=\"3 minutos\" \/>\n<script type=\"application\/ld+json\" class=\"yoast-schema-graph\">{\"@context\":\"https:\/\/schema.org\",\"@graph\":[{\"@type\":\"Article\",\"@id\":\"https:\/\/blogdobispo.com.br\/?p=2718#article\",\"isPartOf\":{\"@id\":\"https:\/\/blogdobispo.com.br\/?p=2718\"},\"author\":{\"name\":\"Jefferson Sterfeno\",\"@id\":\"https:\/\/blogdobispo.com.br\/#\/schema\/person\/e2209cc0e6cea5c5233d033e997b373f\"},\"headline\":\"Equipe do Censo Previdenci\u00e1rio 2024 realiza&nbsp;atendimentos em domic\u00edlio\",\"datePublished\":\"2024-02-21T19:28:40+00:00\",\"mainEntityOfPage\":{\"@id\":\"https:\/\/blogdobispo.com.br\/?p=2718\"},\"wordCount\":636,\"commentCount\":0,\"publisher\":{\"@id\":\"https:\/\/blogdobispo.com.br\/#organization\"},\"image\":{\"@id\":\"https:\/\/blogdobispo.com.br\/?p=2718#primaryimage\"},\"thumbnailUrl\":\"https:\/\/blogdobispo.com.br\/wp-content\/uploads\/2024\/02\/censo-previdenciario-com-atendimento-domiciliar-foto-alex-regis-1024x682.jpg\",\"articleSection\":[\"diversos\"],\"inLanguage\":\"pt-BR\",\"potentialAction\":[{\"@type\":\"CommentAction\",\"name\":\"Comment\",\"target\":[\"https:\/\/blogdobispo.com.br\/?p=2718#respond\"]}]},{\"@type\":\"WebPage\",\"@id\":\"https:\/\/blogdobispo.com.br\/?p=2718\",\"url\":\"https:\/\/blogdobispo.com.br\/?p=2718\",\"name\":\"Equipe do Censo Previdenci\u00e1rio 2024 realiza&nbsp;atendimentos em domic\u00edlio - Blog do Bispo\",\"isPartOf\":{\"@id\":\"https:\/\/blogdobispo.com.br\/#website\"},\"primaryImageOfPage\":{\"@id\":\"https:\/\/blogdobispo.com.br\/?p=2718#primaryimage\"},\"image\":{\"@id\":\"https:\/\/blogdobispo.com.br\/?p=2718#primaryimage\"},\"thumbnailUrl\":\"https:\/\/blogdobispo.com.br\/wp-content\/uploads\/2024\/02\/censo-previdenciario-com-atendimento-domiciliar-foto-alex-regis-1024x682.jpg\",\"datePublished\":\"2024-02-21T19:28:40+00:00\",\"breadcrumb\":{\"@id\":\"https:\/\/blogdobispo.com.br\/?p=2718#breadcrumb\"},\"inLanguage\":\"pt-BR\",\"potentialAction\":[{\"@type\":\"ReadAction\",\"target\":[\"https:\/\/blogdobispo.com.br\/?p=2718\"]}]},{\"@type\":\"ImageObject\",\"inLanguage\":\"pt-BR\",\"@id\":\"https:\/\/blogdobispo.com.br\/?p=2718#primaryimage\",\"url\":\"https:\/\/blogdobispo.com.br\/wp-content\/uploads\/2024\/02\/censo-previdenciario-com-atendimento-domiciliar-foto-alex-regis-1024x682.jpg\",\"contentUrl\":\"https:\/\/blogdobispo.com.br\/wp-content\/uploads\/2024\/02\/censo-previdenciario-com-atendimento-domiciliar-foto-alex-regis-1024x682.jpg\"},{\"@type\":\"BreadcrumbList\",\"@id\":\"https:\/\/blogdobispo.com.br\/?p=2718#breadcrumb\",\"itemListElement\":[{\"@type\":\"ListItem\",\"position\":1,\"name\":\"In\u00edcio\",\"item\":\"https:\/\/blogdobispo.com.br\/\"},{\"@type\":\"ListItem\",\"position\":2,\"name\":\"Equipe do Censo Previdenci\u00e1rio 2024 realiza&nbsp;atendimentos em domic\u00edlio\"}]},{\"@type\":\"WebSite\",\"@id\":\"https:\/\/blogdobispo.com.br\/#website\",\"url\":\"https:\/\/blogdobispo.com.br\/\",\"name\":\"Blog do Bispo\",\"description\":\"Comprometido apenas com o leitor\",\"publisher\":{\"@id\":\"https:\/\/blogdobispo.com.br\/#organization\"},\"potentialAction\":[{\"@type\":\"SearchAction\",\"target\":{\"@type\":\"EntryPoint\",\"urlTemplate\":\"https:\/\/blogdobispo.com.br\/?s={search_term_string}\"},\"query-input\":{\"@type\":\"PropertyValueSpecification\",\"valueRequired\":true,\"valueName\":\"search_term_string\"}}],\"inLanguage\":\"pt-BR\"},{\"@type\":\"Organization\",\"@id\":\"https:\/\/blogdobispo.com.br\/#organization\",\"name\":\"Blog do Bispo\",\"url\":\"https:\/\/blogdobispo.com.br\/\",\"logo\":{\"@type\":\"ImageObject\",\"inLanguage\":\"pt-BR\",\"@id\":\"https:\/\/blogdobispo.com.br\/#\/schema\/logo\/image\/\",\"url\":\"http:\/\/blogdobispo.com.br\/wp-content\/uploads\/2023\/05\/cropped-headear.png\",\"contentUrl\":\"http:\/\/blogdobispo.com.br\/wp-content\/uploads\/2023\/05\/cropped-headear.png\",\"width\":1500,\"height\":399,\"caption\":\"Blog do Bispo\"},\"image\":{\"@id\":\"https:\/\/blogdobispo.com.br\/#\/schema\/logo\/image\/\"}},{\"@type\":\"Person\",\"@id\":\"https:\/\/blogdobispo.com.br\/#\/schema\/person\/e2209cc0e6cea5c5233d033e997b373f\",\"name\":\"Jefferson Sterfeno\",\"image\":{\"@type\":\"ImageObject\",\"inLanguage\":\"pt-BR\",\"@id\":\"https:\/\/blogdobispo.com.br\/#\/schema\/person\/image\/\",\"url\":\"https:\/\/secure.gravatar.com\/avatar\/0534e84764641168a677026b6d57a3f51dc7ac4db0b4f6186d9cb330d4ee1160?s=96&d=mm&r=g\",\"contentUrl\":\"https:\/\/secure.gravatar.com\/avatar\/0534e84764641168a677026b6d57a3f51dc7ac4db0b4f6186d9cb330d4ee1160?s=96&d=mm&r=g\",\"caption\":\"Jefferson Sterfeno\"},\"sameAs\":[\"http:\/\/blogdobispo.com.br\"],\"url\":\"https:\/\/blogdobispo.com.br\/?author=1\"}]}<\/script>\n<!-- \/ Yoast SEO plugin. -->","yoast_head_json":{"title":"Equipe do Censo Previdenci\u00e1rio 2024 realiza&nbsp;atendimentos em domic\u00edlio - Blog do Bispo","robots":{"index":"index","follow":"follow","max-snippet":"max-snippet:-1","max-image-preview":"max-image-preview:large","max-video-preview":"max-video-preview:-1"},"canonical":"https:\/\/blogdobispo.com.br\/?p=2718","og_locale":"pt_BR","og_type":"article","og_title":"Equipe do Censo Previdenci\u00e1rio 2024 realiza&nbsp;atendimentos em domic\u00edlio - Blog do Bispo","og_description":"Uma equipe do Censo Previdenci\u00e1rio 2024, da Prefeitura de Natal, est\u00e1&nbsp;realizando atendimentos a servidores municipais incapazes de se deslocarem&nbsp;at\u00e9 os postos de atendimento do recenseamento, na zona Leste da capital. &nbsp; O atendimento domiciliar visa favorecer os servidores e segurados&nbsp;impossibilitados por motivo de doen\u00e7a de se deslocarem de seus lares para&nbsp;realizar o censo de forma [&hellip;]","og_url":"https:\/\/blogdobispo.com.br\/?p=2718","og_site_name":"Blog do Bispo","article_published_time":"2024-02-21T19:28:40+00:00","og_image":[{"url":"https:\/\/blogdobispo.com.br\/wp-content\/uploads\/2024\/02\/censo-previdenciario-com-atendimento-domiciliar-foto-alex-regis-1024x682.jpg","type":"","width":"","height":""}],"author":"Jefferson Sterfeno","twitter_card":"summary_large_image","twitter_misc":{"Escrito por":"Jefferson Sterfeno","Est. tempo de leitura":"3 minutos"},"schema":{"@context":"https:\/\/schema.org","@graph":[{"@type":"Article","@id":"https:\/\/blogdobispo.com.br\/?p=2718#article","isPartOf":{"@id":"https:\/\/blogdobispo.com.br\/?p=2718"},"author":{"name":"Jefferson Sterfeno","@id":"https:\/\/blogdobispo.com.br\/#\/schema\/person\/e2209cc0e6cea5c5233d033e997b373f"},"headline":"Equipe do Censo Previdenci\u00e1rio 2024 realiza&nbsp;atendimentos em domic\u00edlio","datePublished":"2024-02-21T19:28:40+00:00","mainEntityOfPage":{"@id":"https:\/\/blogdobispo.com.br\/?p=2718"},"wordCount":636,"commentCount":0,"publisher":{"@id":"https:\/\/blogdobispo.com.br\/#organization"},"image":{"@id":"https:\/\/blogdobispo.com.br\/?p=2718#primaryimage"},"thumbnailUrl":"https:\/\/blogdobispo.com.br\/wp-content\/uploads\/2024\/02\/censo-previdenciario-com-atendimento-domiciliar-foto-alex-regis-1024x682.jpg","articleSection":["diversos"],"inLanguage":"pt-BR","potentialAction":[{"@type":"CommentAction","name":"Comment","target":["https:\/\/blogdobispo.com.br\/?p=2718#respond"]}]},{"@type":"WebPage","@id":"https:\/\/blogdobispo.com.br\/?p=2718","url":"https:\/\/blogdobispo.com.br\/?p=2718","name":"Equipe do Censo Previdenci\u00e1rio 2024 realiza&nbsp;atendimentos em domic\u00edlio - Blog do Bispo","isPartOf":{"@id":"https:\/\/blogdobispo.com.br\/#website"},"primaryImageOfPage":{"@id":"https:\/\/blogdobispo.com.br\/?p=2718#primaryimage"},"image":{"@id":"https:\/\/blogdobispo.com.br\/?p=2718#primaryimage"},"thumbnailUrl":"https:\/\/blogdobispo.com.br\/wp-content\/uploads\/2024\/02\/censo-previdenciario-com-atendimento-domiciliar-foto-alex-regis-1024x682.jpg","datePublished":"2024-02-21T19:28:40+00:00","breadcrumb":{"@id":"https:\/\/blogdobispo.com.br\/?p=2718#breadcrumb"},"inLanguage":"pt-BR","potentialAction":[{"@type":"ReadAction","target":["https:\/\/blogdobispo.com.br\/?p=2718"]}]},{"@type":"ImageObject","inLanguage":"pt-BR","@id":"https:\/\/blogdobispo.com.br\/?p=2718#primaryimage","url":"https:\/\/blogdobispo.com.br\/wp-content\/uploads\/2024\/02\/censo-previdenciario-com-atendimento-domiciliar-foto-alex-regis-1024x682.jpg","contentUrl":"https:\/\/blogdobispo.com.br\/wp-content\/uploads\/2024\/02\/censo-previdenciario-com-atendimento-domiciliar-foto-alex-regis-1024x682.jpg"},{"@type":"BreadcrumbList","@id":"https:\/\/blogdobispo.com.br\/?p=2718#breadcrumb","itemListElement":[{"@type":"ListItem","position":1,"name":"In\u00edcio","item":"https:\/\/blogdobispo.com.br\/"},{"@type":"ListItem","position":2,"name":"Equipe do Censo Previdenci\u00e1rio 2024 realiza&nbsp;atendimentos em domic\u00edlio"}]},{"@type":"WebSite","@id":"https:\/\/blogdobispo.com.br\/#website","url":"https:\/\/blogdobispo.com.br\/","name":"Blog do Bispo","description":"Comprometido apenas com o leitor","publisher":{"@id":"https:\/\/blogdobispo.com.br\/#organization"},"potentialAction":[{"@type":"SearchAction","target":{"@type":"EntryPoint","urlTemplate":"https:\/\/blogdobispo.com.br\/?s={search_term_string}"},"query-input":{"@type":"PropertyValueSpecification","valueRequired":true,"valueName":"search_term_string"}}],"inLanguage":"pt-BR"},{"@type":"Organization","@id":"https:\/\/blogdobispo.com.br\/#organization","name":"Blog do Bispo","url":"https:\/\/blogdobispo.com.br\/","logo":{"@type":"ImageObject","inLanguage":"pt-BR","@id":"https:\/\/blogdobispo.com.br\/#\/schema\/logo\/image\/","url":"http:\/\/blogdobispo.com.br\/wp-content\/uploads\/2023\/05\/cropped-headear.png","contentUrl":"http:\/\/blogdobispo.com.br\/wp-content\/uploads\/2023\/05\/cropped-headear.png","width":1500,"height":399,"caption":"Blog do Bispo"},"image":{"@id":"https:\/\/blogdobispo.com.br\/#\/schema\/logo\/image\/"}},{"@type":"Person","@id":"https:\/\/blogdobispo.com.br\/#\/schema\/person\/e2209cc0e6cea5c5233d033e997b373f","name":"Jefferson Sterfeno","image":{"@type":"ImageObject","inLanguage":"pt-BR","@id":"https:\/\/blogdobispo.com.br\/#\/schema\/person\/image\/","url":"https:\/\/secure.gravatar.com\/avatar\/0534e84764641168a677026b6d57a3f51dc7ac4db0b4f6186d9cb330d4ee1160?s=96&d=mm&r=g","contentUrl":"https:\/\/secure.gravatar.com\/avatar\/0534e84764641168a677026b6d57a3f51dc7ac4db0b4f6186d9cb330d4ee1160?s=96&d=mm&r=g","caption":"Jefferson Sterfeno"},"sameAs":["http:\/\/blogdobispo.com.br"],"url":"https:\/\/blogdobispo.com.br\/?author=1"}]}},"featured_image_urls":{"full":"","thumbnail":"","medium":"","medium_large":"","large":"","1536x1536":"","2048x2048":""},"author_info":{"display_name":"Jefferson Sterfeno","author_link":"https:\/\/blogdobispo.com.br\/?author=1"},"category_info":"<a href=\"https:\/\/blogdobispo.com.br\/?cat=1\" rel=\"category\">diversos<\/a>","tag_info":"diversos","comment_count":"0","jetpack_featured_media_url":"","jetpack_sharing_enabled":true,"_links":{"self":[{"href":"https:\/\/blogdobispo.com.br\/index.php?rest_route=\/wp\/v2\/posts\/2718","targetHints":{"allow":["GET"]}}],"collection":[{"href":"https:\/\/blogdobispo.com.br\/index.php?rest_route=\/wp\/v2\/posts"}],"about":[{"href":"https:\/\/blogdobispo.com.br\/index.php?rest_route=\/wp\/v2\/types\/post"}],"author":[{"embeddable":true,"href":"https:\/\/blogdobispo.com.br\/index.php?rest_route=\/wp\/v2\/users\/1"}],"replies":[{"embeddable":true,"href":"https:\/\/blogdobispo.com.br\/index.php?rest_route=%2Fwp%2Fv2%2Fcomments&post=2718"}],"version-history":[{"count":0,"href":"https:\/\/blogdobispo.com.br\/index.php?rest_route=\/wp\/v2\/posts\/2718\/revisions"}],"wp:attachment":[{"href":"https:\/\/blogdobispo.com.br\/index.php?rest_route=%2Fwp%2Fv2%2Fmedia&parent=2718"}],"wp:term":[{"taxonomy":"category","embeddable":true,"href":"https:\/\/blogdobispo.com.br\/index.php?rest_route=%2Fwp%2Fv2%2Fcategories&post=2718"},{"taxonomy":"post_tag","embeddable":true,"href":"https:\/\/blogdobispo.com.br\/index.php?rest_route=%2Fwp%2Fv2%2Ftags&post=2718"}],"curies":[{"name":"wp","href":"https:\/\/api.w.org\/{rel}","templated":true}]}}