{"id":2690,"date":"2024-02-17T02:29:44","date_gmt":"2024-02-17T02:29:44","guid":{"rendered":"https:\/\/blogdobispo.com.br\/?p=2690"},"modified":"2024-02-17T02:36:19","modified_gmt":"2024-02-17T02:36:19","slug":"nominata-que-tem-medo-de-voto-ta-fadado-ao-fracasso","status":"publish","type":"post","link":"https:\/\/blogdobispo.com.br\/?p=2690","title":{"rendered":"Nominata que tem medo de voto t\u00e1 fadado ao fracasso"},"content":{"rendered":"\n<p>Estamos chegando na reta final de defini\u00e7\u00f5es, e muitos nomes com peso eleitoral est\u00e3o sendo dispensados de nominatas, tudo isso pelo medo do voto. <\/p>\n\n\n\n<p>Nas \u00faltimas elei\u00e7\u00f5es pudemos acompanhar diversos grupos que n\u00e3o elegeram nenhum vereador por medo de ter algu\u00e9m com grande vota\u00e7\u00e3o. E para 2024 dificultou j\u00e1 que a regra para eleger o primeiro, continua 10% direto e 20% para a sobra. <\/p>\n\n\n\n<p><\/p>\n\n\n\n<p>Informa\u00e7\u00f5es que chegam nos bastidores d\u00e3o conta que um importante grupo proeminente estar\u00e1 sendo esvaziado nos pr\u00f3ximos dias, tudo isso devido ao medo que o \u201cdono da nominata\u201d tem em candidatos com vota\u00e7\u00f5es expressivas. <\/p>\n\n\n\n<p>J\u00e1 \u00e9 consenso entre os pr\u00e9 candidatos que o barco est\u00e1 afundando antes do tempo, o efeito manada acontecer\u00e1 bem antes do previsto.<\/p>\n\n\n\n<p>Bem feito para o l\u00edder, j\u00e1 mostrou ser covarde em diversas oportunidades. <\/p>\n\n\n\n<p>Quem tem medo de voto, n\u00e3o se candidate. <\/p>\n","protected":false},"excerpt":{"rendered":"<p>Estamos chegando na reta final de defini\u00e7\u00f5es, e muitos nomes com peso eleitoral est\u00e3o sendo dispensados de nominatas, tudo isso pelo medo do voto. Nas \u00faltimas elei\u00e7\u00f5es pudemos acompanhar diversos grupos que n\u00e3o elegeram nenhum vereador por medo de ter algu\u00e9m com grande vota\u00e7\u00e3o. E para 2024 dificultou j\u00e1 que a regra para eleger o [&hellip;]<\/p>\n","protected":false},"author":1,"featured_media":0,"comment_status":"open","ping_status":"open","sticky":false,"template":"","format":"standard","meta":{"cybocfi_hide_featured_image":"","_jetpack_memberships_contains_paid_content":false,"footnotes":""},"categories":[1],"tags":[],"class_list":["post-2690","post","type-post","status-publish","format-standard","hentry","category-diversos"],"yoast_head":"<!-- This site is optimized with the Yoast SEO plugin v25.6 - https:\/\/yoast.com\/wordpress\/plugins\/seo\/ -->\n<title>Nominata que tem medo de voto t\u00e1 fadado ao fracasso - Blog do Bispo<\/title>\n<meta name=\"robots\" content=\"index, follow, max-snippet:-1, max-image-preview:large, max-video-preview:-1\" \/>\n<link rel=\"canonical\" href=\"https:\/\/blogdobispo.com.br\/?p=2690\" \/>\n<meta property=\"og:locale\" content=\"pt_BR\" \/>\n<meta property=\"og:type\" content=\"article\" \/>\n<meta property=\"og:title\" content=\"Nominata que tem medo de voto t\u00e1 fadado ao fracasso - Blog do Bispo\" \/>\n<meta property=\"og:description\" content=\"Estamos chegando na reta final de defini\u00e7\u00f5es, e muitos nomes com peso eleitoral est\u00e3o sendo dispensados de nominatas, tudo isso pelo medo do voto. Nas \u00faltimas elei\u00e7\u00f5es pudemos acompanhar diversos grupos que n\u00e3o elegeram nenhum vereador por medo de ter algu\u00e9m com grande vota\u00e7\u00e3o. E para 2024 dificultou j\u00e1 que a regra para eleger o [&hellip;]\" \/>\n<meta property=\"og:url\" content=\"https:\/\/blogdobispo.com.br\/?p=2690\" \/>\n<meta property=\"og:site_name\" content=\"Blog do Bispo\" \/>\n<meta property=\"article:published_time\" content=\"2024-02-17T02:29:44+00:00\" \/>\n<meta property=\"article:modified_time\" content=\"2024-02-17T02:36:19+00:00\" \/>\n<meta name=\"author\" content=\"Jefferson Sterfeno\" \/>\n<meta name=\"twitter:card\" content=\"summary_large_image\" \/>\n<meta name=\"twitter:label1\" content=\"Escrito por\" \/>\n\t<meta name=\"twitter:data1\" content=\"Jefferson Sterfeno\" \/>\n\t<meta name=\"twitter:label2\" content=\"Est. tempo de leitura\" \/>\n\t<meta name=\"twitter:data2\" content=\"1 minuto\" \/>\n<script type=\"application\/ld+json\" class=\"yoast-schema-graph\">{\"@context\":\"https:\/\/schema.org\",\"@graph\":[{\"@type\":\"Article\",\"@id\":\"https:\/\/blogdobispo.com.br\/?p=2690#article\",\"isPartOf\":{\"@id\":\"https:\/\/blogdobispo.com.br\/?p=2690\"},\"author\":{\"name\":\"Jefferson Sterfeno\",\"@id\":\"https:\/\/blogdobispo.com.br\/#\/schema\/person\/e2209cc0e6cea5c5233d033e997b373f\"},\"headline\":\"Nominata que tem medo de voto t\u00e1 fadado ao fracasso\",\"datePublished\":\"2024-02-17T02:29:44+00:00\",\"dateModified\":\"2024-02-17T02:36:19+00:00\",\"mainEntityOfPage\":{\"@id\":\"https:\/\/blogdobispo.com.br\/?p=2690\"},\"wordCount\":159,\"commentCount\":0,\"publisher\":{\"@id\":\"https:\/\/blogdobispo.com.br\/#organization\"},\"articleSection\":[\"diversos\"],\"inLanguage\":\"pt-BR\",\"potentialAction\":[{\"@type\":\"CommentAction\",\"name\":\"Comment\",\"target\":[\"https:\/\/blogdobispo.com.br\/?p=2690#respond\"]}]},{\"@type\":\"WebPage\",\"@id\":\"https:\/\/blogdobispo.com.br\/?p=2690\",\"url\":\"https:\/\/blogdobispo.com.br\/?p=2690\",\"name\":\"Nominata que tem medo de voto t\u00e1 fadado ao fracasso - Blog do Bispo\",\"isPartOf\":{\"@id\":\"https:\/\/blogdobispo.com.br\/#website\"},\"datePublished\":\"2024-02-17T02:29:44+00:00\",\"dateModified\":\"2024-02-17T02:36:19+00:00\",\"breadcrumb\":{\"@id\":\"https:\/\/blogdobispo.com.br\/?p=2690#breadcrumb\"},\"inLanguage\":\"pt-BR\",\"potentialAction\":[{\"@type\":\"ReadAction\",\"target\":[\"https:\/\/blogdobispo.com.br\/?p=2690\"]}]},{\"@type\":\"BreadcrumbList\",\"@id\":\"https:\/\/blogdobispo.com.br\/?p=2690#breadcrumb\",\"itemListElement\":[{\"@type\":\"ListItem\",\"position\":1,\"name\":\"In\u00edcio\",\"item\":\"https:\/\/blogdobispo.com.br\/\"},{\"@type\":\"ListItem\",\"position\":2,\"name\":\"Nominata que tem medo de voto t\u00e1 fadado ao fracasso\"}]},{\"@type\":\"WebSite\",\"@id\":\"https:\/\/blogdobispo.com.br\/#website\",\"url\":\"https:\/\/blogdobispo.com.br\/\",\"name\":\"Blog do Bispo\",\"description\":\"Comprometido apenas com o leitor\",\"publisher\":{\"@id\":\"https:\/\/blogdobispo.com.br\/#organization\"},\"potentialAction\":[{\"@type\":\"SearchAction\",\"target\":{\"@type\":\"EntryPoint\",\"urlTemplate\":\"https:\/\/blogdobispo.com.br\/?s={search_term_string}\"},\"query-input\":{\"@type\":\"PropertyValueSpecification\",\"valueRequired\":true,\"valueName\":\"search_term_string\"}}],\"inLanguage\":\"pt-BR\"},{\"@type\":\"Organization\",\"@id\":\"https:\/\/blogdobispo.com.br\/#organization\",\"name\":\"Blog do Bispo\",\"url\":\"https:\/\/blogdobispo.com.br\/\",\"logo\":{\"@type\":\"ImageObject\",\"inLanguage\":\"pt-BR\",\"@id\":\"https:\/\/blogdobispo.com.br\/#\/schema\/logo\/image\/\",\"url\":\"http:\/\/blogdobispo.com.br\/wp-content\/uploads\/2023\/05\/cropped-headear.png\",\"contentUrl\":\"http:\/\/blogdobispo.com.br\/wp-content\/uploads\/2023\/05\/cropped-headear.png\",\"width\":1500,\"height\":399,\"caption\":\"Blog do Bispo\"},\"image\":{\"@id\":\"https:\/\/blogdobispo.com.br\/#\/schema\/logo\/image\/\"}},{\"@type\":\"Person\",\"@id\":\"https:\/\/blogdobispo.com.br\/#\/schema\/person\/e2209cc0e6cea5c5233d033e997b373f\",\"name\":\"Jefferson Sterfeno\",\"image\":{\"@type\":\"ImageObject\",\"inLanguage\":\"pt-BR\",\"@id\":\"https:\/\/blogdobispo.com.br\/#\/schema\/person\/image\/\",\"url\":\"https:\/\/secure.gravatar.com\/avatar\/0534e84764641168a677026b6d57a3f51dc7ac4db0b4f6186d9cb330d4ee1160?s=96&d=mm&r=g\",\"contentUrl\":\"https:\/\/secure.gravatar.com\/avatar\/0534e84764641168a677026b6d57a3f51dc7ac4db0b4f6186d9cb330d4ee1160?s=96&d=mm&r=g\",\"caption\":\"Jefferson Sterfeno\"},\"sameAs\":[\"http:\/\/blogdobispo.com.br\"],\"url\":\"https:\/\/blogdobispo.com.br\/?author=1\"}]}<\/script>\n<!-- \/ Yoast SEO plugin. -->","yoast_head_json":{"title":"Nominata que tem medo de voto t\u00e1 fadado ao fracasso - Blog do Bispo","robots":{"index":"index","follow":"follow","max-snippet":"max-snippet:-1","max-image-preview":"max-image-preview:large","max-video-preview":"max-video-preview:-1"},"canonical":"https:\/\/blogdobispo.com.br\/?p=2690","og_locale":"pt_BR","og_type":"article","og_title":"Nominata que tem medo de voto t\u00e1 fadado ao fracasso - Blog do Bispo","og_description":"Estamos chegando na reta final de defini\u00e7\u00f5es, e muitos nomes com peso eleitoral est\u00e3o sendo dispensados de nominatas, tudo isso pelo medo do voto. Nas \u00faltimas elei\u00e7\u00f5es pudemos acompanhar diversos grupos que n\u00e3o elegeram nenhum vereador por medo de ter algu\u00e9m com grande vota\u00e7\u00e3o. E para 2024 dificultou j\u00e1 que a regra para eleger o [&hellip;]","og_url":"https:\/\/blogdobispo.com.br\/?p=2690","og_site_name":"Blog do Bispo","article_published_time":"2024-02-17T02:29:44+00:00","article_modified_time":"2024-02-17T02:36:19+00:00","author":"Jefferson Sterfeno","twitter_card":"summary_large_image","twitter_misc":{"Escrito por":"Jefferson Sterfeno","Est. tempo de leitura":"1 minuto"},"schema":{"@context":"https:\/\/schema.org","@graph":[{"@type":"Article","@id":"https:\/\/blogdobispo.com.br\/?p=2690#article","isPartOf":{"@id":"https:\/\/blogdobispo.com.br\/?p=2690"},"author":{"name":"Jefferson Sterfeno","@id":"https:\/\/blogdobispo.com.br\/#\/schema\/person\/e2209cc0e6cea5c5233d033e997b373f"},"headline":"Nominata que tem medo de voto t\u00e1 fadado ao fracasso","datePublished":"2024-02-17T02:29:44+00:00","dateModified":"2024-02-17T02:36:19+00:00","mainEntityOfPage":{"@id":"https:\/\/blogdobispo.com.br\/?p=2690"},"wordCount":159,"commentCount":0,"publisher":{"@id":"https:\/\/blogdobispo.com.br\/#organization"},"articleSection":["diversos"],"inLanguage":"pt-BR","potentialAction":[{"@type":"CommentAction","name":"Comment","target":["https:\/\/blogdobispo.com.br\/?p=2690#respond"]}]},{"@type":"WebPage","@id":"https:\/\/blogdobispo.com.br\/?p=2690","url":"https:\/\/blogdobispo.com.br\/?p=2690","name":"Nominata que tem medo de voto t\u00e1 fadado ao fracasso - Blog do Bispo","isPartOf":{"@id":"https:\/\/blogdobispo.com.br\/#website"},"datePublished":"2024-02-17T02:29:44+00:00","dateModified":"2024-02-17T02:36:19+00:00","breadcrumb":{"@id":"https:\/\/blogdobispo.com.br\/?p=2690#breadcrumb"},"inLanguage":"pt-BR","potentialAction":[{"@type":"ReadAction","target":["https:\/\/blogdobispo.com.br\/?p=2690"]}]},{"@type":"BreadcrumbList","@id":"https:\/\/blogdobispo.com.br\/?p=2690#breadcrumb","itemListElement":[{"@type":"ListItem","position":1,"name":"In\u00edcio","item":"https:\/\/blogdobispo.com.br\/"},{"@type":"ListItem","position":2,"name":"Nominata que tem medo de voto t\u00e1 fadado ao fracasso"}]},{"@type":"WebSite","@id":"https:\/\/blogdobispo.com.br\/#website","url":"https:\/\/blogdobispo.com.br\/","name":"Blog do Bispo","description":"Comprometido apenas com o leitor","publisher":{"@id":"https:\/\/blogdobispo.com.br\/#organization"},"potentialAction":[{"@type":"SearchAction","target":{"@type":"EntryPoint","urlTemplate":"https:\/\/blogdobispo.com.br\/?s={search_term_string}"},"query-input":{"@type":"PropertyValueSpecification","valueRequired":true,"valueName":"search_term_string"}}],"inLanguage":"pt-BR"},{"@type":"Organization","@id":"https:\/\/blogdobispo.com.br\/#organization","name":"Blog do Bispo","url":"https:\/\/blogdobispo.com.br\/","logo":{"@type":"ImageObject","inLanguage":"pt-BR","@id":"https:\/\/blogdobispo.com.br\/#\/schema\/logo\/image\/","url":"http:\/\/blogdobispo.com.br\/wp-content\/uploads\/2023\/05\/cropped-headear.png","contentUrl":"http:\/\/blogdobispo.com.br\/wp-content\/uploads\/2023\/05\/cropped-headear.png","width":1500,"height":399,"caption":"Blog do Bispo"},"image":{"@id":"https:\/\/blogdobispo.com.br\/#\/schema\/logo\/image\/"}},{"@type":"Person","@id":"https:\/\/blogdobispo.com.br\/#\/schema\/person\/e2209cc0e6cea5c5233d033e997b373f","name":"Jefferson Sterfeno","image":{"@type":"ImageObject","inLanguage":"pt-BR","@id":"https:\/\/blogdobispo.com.br\/#\/schema\/person\/image\/","url":"https:\/\/secure.gravatar.com\/avatar\/0534e84764641168a677026b6d57a3f51dc7ac4db0b4f6186d9cb330d4ee1160?s=96&d=mm&r=g","contentUrl":"https:\/\/secure.gravatar.com\/avatar\/0534e84764641168a677026b6d57a3f51dc7ac4db0b4f6186d9cb330d4ee1160?s=96&d=mm&r=g","caption":"Jefferson Sterfeno"},"sameAs":["http:\/\/blogdobispo.com.br"],"url":"https:\/\/blogdobispo.com.br\/?author=1"}]}},"featured_image_urls":{"full":"","thumbnail":"","medium":"","medium_large":"","large":"","1536x1536":"","2048x2048":""},"author_info":{"display_name":"Jefferson Sterfeno","author_link":"https:\/\/blogdobispo.com.br\/?author=1"},"category_info":"<a href=\"https:\/\/blogdobispo.com.br\/?cat=1\" rel=\"category\">diversos<\/a>","tag_info":"diversos","comment_count":"0","jetpack_featured_media_url":"","jetpack_sharing_enabled":true,"_links":{"self":[{"href":"https:\/\/blogdobispo.com.br\/index.php?rest_route=\/wp\/v2\/posts\/2690","targetHints":{"allow":["GET"]}}],"collection":[{"href":"https:\/\/blogdobispo.com.br\/index.php?rest_route=\/wp\/v2\/posts"}],"about":[{"href":"https:\/\/blogdobispo.com.br\/index.php?rest_route=\/wp\/v2\/types\/post"}],"author":[{"embeddable":true,"href":"https:\/\/blogdobispo.com.br\/index.php?rest_route=\/wp\/v2\/users\/1"}],"replies":[{"embeddable":true,"href":"https:\/\/blogdobispo.com.br\/index.php?rest_route=%2Fwp%2Fv2%2Fcomments&post=2690"}],"version-history":[{"count":2,"href":"https:\/\/blogdobispo.com.br\/index.php?rest_route=\/wp\/v2\/posts\/2690\/revisions"}],"predecessor-version":[{"id":2692,"href":"https:\/\/blogdobispo.com.br\/index.php?rest_route=\/wp\/v2\/posts\/2690\/revisions\/2692"}],"wp:attachment":[{"href":"https:\/\/blogdobispo.com.br\/index.php?rest_route=%2Fwp%2Fv2%2Fmedia&parent=2690"}],"wp:term":[{"taxonomy":"category","embeddable":true,"href":"https:\/\/blogdobispo.com.br\/index.php?rest_route=%2Fwp%2Fv2%2Fcategories&post=2690"},{"taxonomy":"post_tag","embeddable":true,"href":"https:\/\/blogdobispo.com.br\/index.php?rest_route=%2Fwp%2Fv2%2Ftags&post=2690"}],"curies":[{"name":"wp","href":"https:\/\/api.w.org\/{rel}","templated":true}]}}