{"id":2634,"date":"2024-02-03T03:06:59","date_gmt":"2024-02-03T03:06:59","guid":{"rendered":"https:\/\/blogdobispo.com.br\/?p=2634"},"modified":"2024-02-03T03:06:59","modified_gmt":"2024-02-03T03:06:59","slug":"igapo-sera-beneficiado-pelo-participa-natal-nos-bairros-neste-sabado-03","status":"publish","type":"post","link":"https:\/\/blogdobispo.com.br\/?p=2634","title":{"rendered":"Igap\u00f3 ser\u00e1 beneficiado pelo Participa Natal nos Bairros neste s\u00e1bado (03)"},"content":{"rendered":"\n<figure class=\"wp-block-image size-large\"><img data-recalc-dims=\"1\" fetchpriority=\"high\" decoding=\"async\" width=\"800\" height=\"534\" src=\"https:\/\/i0.wp.com\/blogdobispo.com.br\/wp-content\/uploads\/2024\/02\/participa-natal-no-loteamento-alianca-zn-foto-frankie-marcone-1024x683.jpg?resize=800%2C534&#038;ssl=1\" class=\"wp-image-2633\" srcset=\"https:\/\/i0.wp.com\/blogdobispo.com.br\/wp-content\/uploads\/2024\/02\/participa-natal-no-loteamento-alianca-zn-foto-frankie-marcone.jpg?resize=1024%2C683&amp;ssl=1 1024w, https:\/\/i0.wp.com\/blogdobispo.com.br\/wp-content\/uploads\/2024\/02\/participa-natal-no-loteamento-alianca-zn-foto-frankie-marcone.jpg?resize=300%2C200&amp;ssl=1 300w, https:\/\/i0.wp.com\/blogdobispo.com.br\/wp-content\/uploads\/2024\/02\/participa-natal-no-loteamento-alianca-zn-foto-frankie-marcone.jpg?resize=768%2C512&amp;ssl=1 768w, https:\/\/i0.wp.com\/blogdobispo.com.br\/wp-content\/uploads\/2024\/02\/participa-natal-no-loteamento-alianca-zn-foto-frankie-marcone.jpg?resize=1536%2C1024&amp;ssl=1 1536w, https:\/\/i0.wp.com\/blogdobispo.com.br\/wp-content\/uploads\/2024\/02\/participa-natal-no-loteamento-alianca-zn-foto-frankie-marcone.jpg?w=1599&amp;ssl=1 1599w\" sizes=\"(max-width: 800px) 100vw, 800px\" \/><\/figure>\n\n\n\n<p>A popula\u00e7\u00e3o de Igap\u00f3 e das localidades vizinhas poder\u00e1 dispor, no&nbsp;pr\u00f3ximo s\u00e1bado, dia 03 de fevereiro, das 8h \u00e0s 12h30, dos servi\u00e7os que a&nbsp;Prefeitura do Natal vai oferecer na Escola Municipal Irm\u00e3 Arc\u00e2ngela,&nbsp;localizada na rua Rua S\u00e3o Pedro, 188. \u00c9 o Participa Natal nos Bairros, que&nbsp;mais uma vez chega \u00e0 Zona Norte da cidade com o apoio de 15 parceiros,&nbsp;atualmente, e ofertando mais de 100 tipos de servi\u00e7os nas \u00e1reas de&nbsp;educa\u00e7\u00e3o, lazer, sa\u00fade, assist\u00eancia social, servi\u00e7os urbanos e trabalho e&nbsp;renda. &nbsp;<\/p>\n\n\n\n<p>S\u00e3o atendimentos m\u00e9dicos e odontol\u00f3gico, vacina\u00e7\u00e3o, testes r\u00e1pidos,&nbsp;vacina\u00e7\u00e3o para c\u00e3es e gatos, teste de vis\u00e3o, distribui\u00e7\u00e3o de preservativos&nbsp;e exames de mamografia, atendimento do Cadastro \u00danico, atendimento&nbsp;jur\u00eddico, inscri\u00e7\u00f5es no Programa Minha Casa, Minha Vida, consulta ao&nbsp;SPC\/SERASA e emiss\u00e3o de cart\u00e3o de estacionamento para pessoas idosas&nbsp;e pessoas com defici\u00eancia. Com o Participa, a crian\u00e7ada ainda pode se&nbsp;divertir com atividades de cultura e lazer, oficinas de leitura e desenho,&nbsp;exposi\u00e7\u00f5es art\u00edsticas e apresenta\u00e7\u00f5es musicais.&nbsp;<\/p>\n\n\n\n<p>O Participa Natal nos Bairros \u00e9 uma a\u00e7\u00e3o social e de cidadania da&nbsp;Prefeitura do Natal, que envolve todas as secretarias municipais e cerca&nbsp;de 15 parceiros, entre institui\u00e7\u00f5es p\u00fablicas e privadas, al\u00e9m de empresas.&nbsp;Acontece sempre aos s\u00e1bados, com a Prefeitura coordenando uma&nbsp;esp\u00e9cie de mutir\u00e3o de servi\u00e7os nas depend\u00eancias de uma escola&nbsp;municipal.&nbsp;<\/p>\n\n\n\n<p>\u201cPara a gente \u00e9 uma satisfa\u00e7\u00e3o muito grande reunir as secretarias&nbsp;municipais, juntar os nossos parceiros para poder prover uma manh\u00e3 de&nbsp;cidadania, oferecendo \u00e0 comunidade oportunidades de servi\u00e7os que,&nbsp;muitas vezes, tem car\u00eancia nessas comunidades, seja na sa\u00fade,&nbsp;educa\u00e7\u00e3o, assist\u00eancia, cultura, esporte ou lazer, al\u00e9m de fortalecer o&nbsp;di\u00e1logo democr\u00e1tico entre o poder p\u00fablico e a popula\u00e7\u00e3o\u201d, disse o&nbsp;prefeito \u00c1lvaro Dias. &nbsp;<\/p>\n\n\n\n<p>A realiza\u00e7\u00e3o do Participa Natal nos Bairros \u00e9 precedida de uma reuni\u00e3o&nbsp;para alinhamento. Em Igap\u00f3 ser\u00e1 na pr\u00f3xima quinta-feira (01.02), a&nbsp;partir das 19h30. O encontro \u00e9 aberto aos moradores da Zona Norte,&nbsp;que podem questionar sobre a\u00e7\u00f5es da Prefeitura diretamente aos&nbsp;secret\u00e1rios municipais presentes. &nbsp;<\/p>\n\n\n\n<hr class=\"wp-block-separator has-alpha-channel-opacity\"\/>\n\n\n\n<p>2 \/ 2<\/p>\n\n\n\n<p>\u201cEsse \u00e9, tamb\u00e9m, um momento de escuta e mobiliza\u00e7\u00e3o, e muito&nbsp;importante, porque \u00e9 nele que a gente consegue diagnosticar, atrav\u00e9s&nbsp;dos moradores e das diversas lideran\u00e7as, os anseios das comunidades; \u00e9&nbsp;uma oportunidade de sentir as necessidades das comunidades e levar&nbsp;isso para dentro da gest\u00e3o, para que se possa trabalhar projetos e&nbsp;melhorias dos servi\u00e7os p\u00fablicos que cotidianamente s\u00e3o ofertados pela&nbsp;Prefeitura do Natal. Por isso, sempre fazemos um apelo para que as&nbsp;pessoas participem n\u00e3o apenas do dia da oferta de servi\u00e7os, mas deste&nbsp;momento de discuss\u00e3o\u201d, ressaltou Joanna Guerra, secret\u00e1ria de&nbsp;Planejamento e coordenadora do Participa Natal.&nbsp;<\/p>\n\n\n\n<p>Confira todos os servi\u00e7os envolvidos em <a href=\"http:\/\/www.natal.rn.gov.br\/\" target=\"_blank\" rel=\"noreferrer noopener\">www.natal.rn.gov.br<\/a>. <\/p>\n","protected":false},"excerpt":{"rendered":"<p>A popula\u00e7\u00e3o de Igap\u00f3 e das localidades vizinhas poder\u00e1 dispor, no&nbsp;pr\u00f3ximo s\u00e1bado, dia 03 de fevereiro, das 8h \u00e0s 12h30, dos servi\u00e7os que a&nbsp;Prefeitura do Natal vai oferecer na Escola Municipal Irm\u00e3 Arc\u00e2ngela,&nbsp;localizada na rua Rua S\u00e3o Pedro, 188. \u00c9 o Participa Natal nos Bairros, que&nbsp;mais uma vez chega \u00e0 Zona Norte da cidade com [&hellip;]<\/p>\n","protected":false},"author":1,"featured_media":0,"comment_status":"open","ping_status":"open","sticky":false,"template":"","format":"standard","meta":{"cybocfi_hide_featured_image":"","_jetpack_memberships_contains_paid_content":false,"footnotes":""},"categories":[1],"tags":[],"class_list":["post-2634","post","type-post","status-publish","format-standard","hentry","category-diversos"],"yoast_head":"<!-- This site is optimized with the Yoast SEO plugin v25.6 - https:\/\/yoast.com\/wordpress\/plugins\/seo\/ -->\n<title>Igap\u00f3 ser\u00e1 beneficiado pelo Participa Natal nos Bairros neste s\u00e1bado (03) - Blog do Bispo<\/title>\n<meta name=\"robots\" content=\"index, follow, max-snippet:-1, max-image-preview:large, max-video-preview:-1\" \/>\n<link rel=\"canonical\" href=\"https:\/\/blogdobispo.com.br\/?p=2634\" \/>\n<meta property=\"og:locale\" content=\"pt_BR\" \/>\n<meta property=\"og:type\" content=\"article\" \/>\n<meta property=\"og:title\" content=\"Igap\u00f3 ser\u00e1 beneficiado pelo Participa Natal nos Bairros neste s\u00e1bado (03) - Blog do Bispo\" \/>\n<meta property=\"og:description\" content=\"A popula\u00e7\u00e3o de Igap\u00f3 e das localidades vizinhas poder\u00e1 dispor, no&nbsp;pr\u00f3ximo s\u00e1bado, dia 03 de fevereiro, das 8h \u00e0s 12h30, dos servi\u00e7os que a&nbsp;Prefeitura do Natal vai oferecer na Escola Municipal Irm\u00e3 Arc\u00e2ngela,&nbsp;localizada na rua Rua S\u00e3o Pedro, 188. \u00c9 o Participa Natal nos Bairros, que&nbsp;mais uma vez chega \u00e0 Zona Norte da cidade com [&hellip;]\" \/>\n<meta property=\"og:url\" content=\"https:\/\/blogdobispo.com.br\/?p=2634\" \/>\n<meta property=\"og:site_name\" content=\"Blog do Bispo\" \/>\n<meta property=\"article:published_time\" content=\"2024-02-03T03:06:59+00:00\" \/>\n<meta property=\"og:image\" content=\"https:\/\/blogdobispo.com.br\/wp-content\/uploads\/2024\/02\/participa-natal-no-loteamento-alianca-zn-foto-frankie-marcone-1024x683.jpg\" \/>\n<meta name=\"author\" content=\"Jefferson Sterfeno\" \/>\n<meta name=\"twitter:card\" content=\"summary_large_image\" \/>\n<meta name=\"twitter:label1\" content=\"Escrito por\" \/>\n\t<meta name=\"twitter:data1\" content=\"Jefferson Sterfeno\" \/>\n\t<meta name=\"twitter:label2\" content=\"Est. tempo de leitura\" \/>\n\t<meta name=\"twitter:data2\" content=\"3 minutos\" \/>\n<script type=\"application\/ld+json\" class=\"yoast-schema-graph\">{\"@context\":\"https:\/\/schema.org\",\"@graph\":[{\"@type\":\"Article\",\"@id\":\"https:\/\/blogdobispo.com.br\/?p=2634#article\",\"isPartOf\":{\"@id\":\"https:\/\/blogdobispo.com.br\/?p=2634\"},\"author\":{\"name\":\"Jefferson Sterfeno\",\"@id\":\"https:\/\/blogdobispo.com.br\/#\/schema\/person\/e2209cc0e6cea5c5233d033e997b373f\"},\"headline\":\"Igap\u00f3 ser\u00e1 beneficiado pelo Participa Natal nos Bairros neste s\u00e1bado (03)\",\"datePublished\":\"2024-02-03T03:06:59+00:00\",\"mainEntityOfPage\":{\"@id\":\"https:\/\/blogdobispo.com.br\/?p=2634\"},\"wordCount\":547,\"commentCount\":0,\"publisher\":{\"@id\":\"https:\/\/blogdobispo.com.br\/#organization\"},\"image\":{\"@id\":\"https:\/\/blogdobispo.com.br\/?p=2634#primaryimage\"},\"thumbnailUrl\":\"https:\/\/blogdobispo.com.br\/wp-content\/uploads\/2024\/02\/participa-natal-no-loteamento-alianca-zn-foto-frankie-marcone-1024x683.jpg\",\"articleSection\":[\"diversos\"],\"inLanguage\":\"pt-BR\",\"potentialAction\":[{\"@type\":\"CommentAction\",\"name\":\"Comment\",\"target\":[\"https:\/\/blogdobispo.com.br\/?p=2634#respond\"]}]},{\"@type\":\"WebPage\",\"@id\":\"https:\/\/blogdobispo.com.br\/?p=2634\",\"url\":\"https:\/\/blogdobispo.com.br\/?p=2634\",\"name\":\"Igap\u00f3 ser\u00e1 beneficiado pelo Participa Natal nos Bairros neste s\u00e1bado (03) - Blog do Bispo\",\"isPartOf\":{\"@id\":\"https:\/\/blogdobispo.com.br\/#website\"},\"primaryImageOfPage\":{\"@id\":\"https:\/\/blogdobispo.com.br\/?p=2634#primaryimage\"},\"image\":{\"@id\":\"https:\/\/blogdobispo.com.br\/?p=2634#primaryimage\"},\"thumbnailUrl\":\"https:\/\/blogdobispo.com.br\/wp-content\/uploads\/2024\/02\/participa-natal-no-loteamento-alianca-zn-foto-frankie-marcone-1024x683.jpg\",\"datePublished\":\"2024-02-03T03:06:59+00:00\",\"breadcrumb\":{\"@id\":\"https:\/\/blogdobispo.com.br\/?p=2634#breadcrumb\"},\"inLanguage\":\"pt-BR\",\"potentialAction\":[{\"@type\":\"ReadAction\",\"target\":[\"https:\/\/blogdobispo.com.br\/?p=2634\"]}]},{\"@type\":\"ImageObject\",\"inLanguage\":\"pt-BR\",\"@id\":\"https:\/\/blogdobispo.com.br\/?p=2634#primaryimage\",\"url\":\"https:\/\/blogdobispo.com.br\/wp-content\/uploads\/2024\/02\/participa-natal-no-loteamento-alianca-zn-foto-frankie-marcone-1024x683.jpg\",\"contentUrl\":\"https:\/\/blogdobispo.com.br\/wp-content\/uploads\/2024\/02\/participa-natal-no-loteamento-alianca-zn-foto-frankie-marcone-1024x683.jpg\"},{\"@type\":\"BreadcrumbList\",\"@id\":\"https:\/\/blogdobispo.com.br\/?p=2634#breadcrumb\",\"itemListElement\":[{\"@type\":\"ListItem\",\"position\":1,\"name\":\"In\u00edcio\",\"item\":\"https:\/\/blogdobispo.com.br\/\"},{\"@type\":\"ListItem\",\"position\":2,\"name\":\"Igap\u00f3 ser\u00e1 beneficiado pelo Participa Natal nos Bairros neste s\u00e1bado (03)\"}]},{\"@type\":\"WebSite\",\"@id\":\"https:\/\/blogdobispo.com.br\/#website\",\"url\":\"https:\/\/blogdobispo.com.br\/\",\"name\":\"Blog do Bispo\",\"description\":\"Comprometido apenas com o leitor\",\"publisher\":{\"@id\":\"https:\/\/blogdobispo.com.br\/#organization\"},\"potentialAction\":[{\"@type\":\"SearchAction\",\"target\":{\"@type\":\"EntryPoint\",\"urlTemplate\":\"https:\/\/blogdobispo.com.br\/?s={search_term_string}\"},\"query-input\":{\"@type\":\"PropertyValueSpecification\",\"valueRequired\":true,\"valueName\":\"search_term_string\"}}],\"inLanguage\":\"pt-BR\"},{\"@type\":\"Organization\",\"@id\":\"https:\/\/blogdobispo.com.br\/#organization\",\"name\":\"Blog do Bispo\",\"url\":\"https:\/\/blogdobispo.com.br\/\",\"logo\":{\"@type\":\"ImageObject\",\"inLanguage\":\"pt-BR\",\"@id\":\"https:\/\/blogdobispo.com.br\/#\/schema\/logo\/image\/\",\"url\":\"http:\/\/blogdobispo.com.br\/wp-content\/uploads\/2023\/05\/cropped-headear.png\",\"contentUrl\":\"http:\/\/blogdobispo.com.br\/wp-content\/uploads\/2023\/05\/cropped-headear.png\",\"width\":1500,\"height\":399,\"caption\":\"Blog do Bispo\"},\"image\":{\"@id\":\"https:\/\/blogdobispo.com.br\/#\/schema\/logo\/image\/\"}},{\"@type\":\"Person\",\"@id\":\"https:\/\/blogdobispo.com.br\/#\/schema\/person\/e2209cc0e6cea5c5233d033e997b373f\",\"name\":\"Jefferson Sterfeno\",\"image\":{\"@type\":\"ImageObject\",\"inLanguage\":\"pt-BR\",\"@id\":\"https:\/\/blogdobispo.com.br\/#\/schema\/person\/image\/\",\"url\":\"https:\/\/secure.gravatar.com\/avatar\/0534e84764641168a677026b6d57a3f51dc7ac4db0b4f6186d9cb330d4ee1160?s=96&d=mm&r=g\",\"contentUrl\":\"https:\/\/secure.gravatar.com\/avatar\/0534e84764641168a677026b6d57a3f51dc7ac4db0b4f6186d9cb330d4ee1160?s=96&d=mm&r=g\",\"caption\":\"Jefferson Sterfeno\"},\"sameAs\":[\"http:\/\/blogdobispo.com.br\"],\"url\":\"https:\/\/blogdobispo.com.br\/?author=1\"}]}<\/script>\n<!-- \/ Yoast SEO plugin. -->","yoast_head_json":{"title":"Igap\u00f3 ser\u00e1 beneficiado pelo Participa Natal nos Bairros neste s\u00e1bado (03) - Blog do Bispo","robots":{"index":"index","follow":"follow","max-snippet":"max-snippet:-1","max-image-preview":"max-image-preview:large","max-video-preview":"max-video-preview:-1"},"canonical":"https:\/\/blogdobispo.com.br\/?p=2634","og_locale":"pt_BR","og_type":"article","og_title":"Igap\u00f3 ser\u00e1 beneficiado pelo Participa Natal nos Bairros neste s\u00e1bado (03) - Blog do Bispo","og_description":"A popula\u00e7\u00e3o de Igap\u00f3 e das localidades vizinhas poder\u00e1 dispor, no&nbsp;pr\u00f3ximo s\u00e1bado, dia 03 de fevereiro, das 8h \u00e0s 12h30, dos servi\u00e7os que a&nbsp;Prefeitura do Natal vai oferecer na Escola Municipal Irm\u00e3 Arc\u00e2ngela,&nbsp;localizada na rua Rua S\u00e3o Pedro, 188. \u00c9 o Participa Natal nos Bairros, que&nbsp;mais uma vez chega \u00e0 Zona Norte da cidade com [&hellip;]","og_url":"https:\/\/blogdobispo.com.br\/?p=2634","og_site_name":"Blog do Bispo","article_published_time":"2024-02-03T03:06:59+00:00","og_image":[{"url":"https:\/\/blogdobispo.com.br\/wp-content\/uploads\/2024\/02\/participa-natal-no-loteamento-alianca-zn-foto-frankie-marcone-1024x683.jpg","type":"","width":"","height":""}],"author":"Jefferson Sterfeno","twitter_card":"summary_large_image","twitter_misc":{"Escrito por":"Jefferson Sterfeno","Est. tempo de leitura":"3 minutos"},"schema":{"@context":"https:\/\/schema.org","@graph":[{"@type":"Article","@id":"https:\/\/blogdobispo.com.br\/?p=2634#article","isPartOf":{"@id":"https:\/\/blogdobispo.com.br\/?p=2634"},"author":{"name":"Jefferson Sterfeno","@id":"https:\/\/blogdobispo.com.br\/#\/schema\/person\/e2209cc0e6cea5c5233d033e997b373f"},"headline":"Igap\u00f3 ser\u00e1 beneficiado pelo Participa Natal nos Bairros neste s\u00e1bado (03)","datePublished":"2024-02-03T03:06:59+00:00","mainEntityOfPage":{"@id":"https:\/\/blogdobispo.com.br\/?p=2634"},"wordCount":547,"commentCount":0,"publisher":{"@id":"https:\/\/blogdobispo.com.br\/#organization"},"image":{"@id":"https:\/\/blogdobispo.com.br\/?p=2634#primaryimage"},"thumbnailUrl":"https:\/\/blogdobispo.com.br\/wp-content\/uploads\/2024\/02\/participa-natal-no-loteamento-alianca-zn-foto-frankie-marcone-1024x683.jpg","articleSection":["diversos"],"inLanguage":"pt-BR","potentialAction":[{"@type":"CommentAction","name":"Comment","target":["https:\/\/blogdobispo.com.br\/?p=2634#respond"]}]},{"@type":"WebPage","@id":"https:\/\/blogdobispo.com.br\/?p=2634","url":"https:\/\/blogdobispo.com.br\/?p=2634","name":"Igap\u00f3 ser\u00e1 beneficiado pelo Participa Natal nos Bairros neste s\u00e1bado (03) - Blog do Bispo","isPartOf":{"@id":"https:\/\/blogdobispo.com.br\/#website"},"primaryImageOfPage":{"@id":"https:\/\/blogdobispo.com.br\/?p=2634#primaryimage"},"image":{"@id":"https:\/\/blogdobispo.com.br\/?p=2634#primaryimage"},"thumbnailUrl":"https:\/\/blogdobispo.com.br\/wp-content\/uploads\/2024\/02\/participa-natal-no-loteamento-alianca-zn-foto-frankie-marcone-1024x683.jpg","datePublished":"2024-02-03T03:06:59+00:00","breadcrumb":{"@id":"https:\/\/blogdobispo.com.br\/?p=2634#breadcrumb"},"inLanguage":"pt-BR","potentialAction":[{"@type":"ReadAction","target":["https:\/\/blogdobispo.com.br\/?p=2634"]}]},{"@type":"ImageObject","inLanguage":"pt-BR","@id":"https:\/\/blogdobispo.com.br\/?p=2634#primaryimage","url":"https:\/\/blogdobispo.com.br\/wp-content\/uploads\/2024\/02\/participa-natal-no-loteamento-alianca-zn-foto-frankie-marcone-1024x683.jpg","contentUrl":"https:\/\/blogdobispo.com.br\/wp-content\/uploads\/2024\/02\/participa-natal-no-loteamento-alianca-zn-foto-frankie-marcone-1024x683.jpg"},{"@type":"BreadcrumbList","@id":"https:\/\/blogdobispo.com.br\/?p=2634#breadcrumb","itemListElement":[{"@type":"ListItem","position":1,"name":"In\u00edcio","item":"https:\/\/blogdobispo.com.br\/"},{"@type":"ListItem","position":2,"name":"Igap\u00f3 ser\u00e1 beneficiado pelo Participa Natal nos Bairros neste s\u00e1bado (03)"}]},{"@type":"WebSite","@id":"https:\/\/blogdobispo.com.br\/#website","url":"https:\/\/blogdobispo.com.br\/","name":"Blog do Bispo","description":"Comprometido apenas com o leitor","publisher":{"@id":"https:\/\/blogdobispo.com.br\/#organization"},"potentialAction":[{"@type":"SearchAction","target":{"@type":"EntryPoint","urlTemplate":"https:\/\/blogdobispo.com.br\/?s={search_term_string}"},"query-input":{"@type":"PropertyValueSpecification","valueRequired":true,"valueName":"search_term_string"}}],"inLanguage":"pt-BR"},{"@type":"Organization","@id":"https:\/\/blogdobispo.com.br\/#organization","name":"Blog do Bispo","url":"https:\/\/blogdobispo.com.br\/","logo":{"@type":"ImageObject","inLanguage":"pt-BR","@id":"https:\/\/blogdobispo.com.br\/#\/schema\/logo\/image\/","url":"http:\/\/blogdobispo.com.br\/wp-content\/uploads\/2023\/05\/cropped-headear.png","contentUrl":"http:\/\/blogdobispo.com.br\/wp-content\/uploads\/2023\/05\/cropped-headear.png","width":1500,"height":399,"caption":"Blog do Bispo"},"image":{"@id":"https:\/\/blogdobispo.com.br\/#\/schema\/logo\/image\/"}},{"@type":"Person","@id":"https:\/\/blogdobispo.com.br\/#\/schema\/person\/e2209cc0e6cea5c5233d033e997b373f","name":"Jefferson Sterfeno","image":{"@type":"ImageObject","inLanguage":"pt-BR","@id":"https:\/\/blogdobispo.com.br\/#\/schema\/person\/image\/","url":"https:\/\/secure.gravatar.com\/avatar\/0534e84764641168a677026b6d57a3f51dc7ac4db0b4f6186d9cb330d4ee1160?s=96&d=mm&r=g","contentUrl":"https:\/\/secure.gravatar.com\/avatar\/0534e84764641168a677026b6d57a3f51dc7ac4db0b4f6186d9cb330d4ee1160?s=96&d=mm&r=g","caption":"Jefferson Sterfeno"},"sameAs":["http:\/\/blogdobispo.com.br"],"url":"https:\/\/blogdobispo.com.br\/?author=1"}]}},"featured_image_urls":{"full":"","thumbnail":"","medium":"","medium_large":"","large":"","1536x1536":"","2048x2048":""},"author_info":{"display_name":"Jefferson Sterfeno","author_link":"https:\/\/blogdobispo.com.br\/?author=1"},"category_info":"<a href=\"https:\/\/blogdobispo.com.br\/?cat=1\" rel=\"category\">diversos<\/a>","tag_info":"diversos","comment_count":"0","jetpack_featured_media_url":"","jetpack_sharing_enabled":true,"_links":{"self":[{"href":"https:\/\/blogdobispo.com.br\/index.php?rest_route=\/wp\/v2\/posts\/2634","targetHints":{"allow":["GET"]}}],"collection":[{"href":"https:\/\/blogdobispo.com.br\/index.php?rest_route=\/wp\/v2\/posts"}],"about":[{"href":"https:\/\/blogdobispo.com.br\/index.php?rest_route=\/wp\/v2\/types\/post"}],"author":[{"embeddable":true,"href":"https:\/\/blogdobispo.com.br\/index.php?rest_route=\/wp\/v2\/users\/1"}],"replies":[{"embeddable":true,"href":"https:\/\/blogdobispo.com.br\/index.php?rest_route=%2Fwp%2Fv2%2Fcomments&post=2634"}],"version-history":[{"count":0,"href":"https:\/\/blogdobispo.com.br\/index.php?rest_route=\/wp\/v2\/posts\/2634\/revisions"}],"wp:attachment":[{"href":"https:\/\/blogdobispo.com.br\/index.php?rest_route=%2Fwp%2Fv2%2Fmedia&parent=2634"}],"wp:term":[{"taxonomy":"category","embeddable":true,"href":"https:\/\/blogdobispo.com.br\/index.php?rest_route=%2Fwp%2Fv2%2Fcategories&post=2634"},{"taxonomy":"post_tag","embeddable":true,"href":"https:\/\/blogdobispo.com.br\/index.php?rest_route=%2Fwp%2Fv2%2Ftags&post=2634"}],"curies":[{"name":"wp","href":"https:\/\/api.w.org\/{rel}","templated":true}]}}