{"id":2620,"date":"2024-02-02T15:18:52","date_gmt":"2024-02-02T15:18:52","guid":{"rendered":"https:\/\/blogdobispo.com.br\/?p=2620"},"modified":"2024-02-02T15:18:52","modified_gmt":"2024-02-02T15:18:52","slug":"polos-petropolis-e-ponta-negra-terao-area-para-pessoas-com-deficiencia-no-carnaval-2024","status":"publish","type":"post","link":"https:\/\/blogdobispo.com.br\/?p=2620","title":{"rendered":"Polos Petr\u00f3polis e Ponta Negra ter\u00e3o \u00e1rea para Pessoas com Defici\u00eancia no Carnaval 2024"},"content":{"rendered":"\n<figure class=\"wp-block-image size-large\"><img data-recalc-dims=\"1\" fetchpriority=\"high\" decoding=\"async\" width=\"800\" height=\"534\" src=\"https:\/\/i0.wp.com\/blogdobispo.com.br\/wp-content\/uploads\/2024\/02\/tradutor-de-libras-em-show-foto-joana-lima.jpg?resize=800%2C534&#038;ssl=1\" class=\"wp-image-2619\" srcset=\"https:\/\/i0.wp.com\/blogdobispo.com.br\/wp-content\/uploads\/2024\/02\/tradutor-de-libras-em-show-foto-joana-lima.jpg?w=1000&amp;ssl=1 1000w, https:\/\/i0.wp.com\/blogdobispo.com.br\/wp-content\/uploads\/2024\/02\/tradutor-de-libras-em-show-foto-joana-lima.jpg?resize=300%2C200&amp;ssl=1 300w, https:\/\/i0.wp.com\/blogdobispo.com.br\/wp-content\/uploads\/2024\/02\/tradutor-de-libras-em-show-foto-joana-lima.jpg?resize=768%2C512&amp;ssl=1 768w\" sizes=\"(max-width: 800px) 100vw, 800px\" \/><\/figure>\n\n\n\n<p>Uma das novidades do Carnaval 2024, promovido pela Prefeitura de&nbsp;Natal, por meio da Secult\/Funcarte, ser\u00e1 a disponibiliza\u00e7\u00e3o de duas \u00e1reas&nbsp;para Pessoas com Defici\u00eancia (PcD) nos Polos Petr\u00f3polis e Ponta Negra.&nbsp;As \u00e1reas ter\u00e3o a dimens\u00e3o de 6m x 14m e ficar\u00e3o em frente ao palco dos&nbsp;shows, chamado de front stage. Ser\u00e3o disponibilizadas 50 vagas para&nbsp;Pessoas com Defici\u00eancia mais um acompanhante, totalizando 100&nbsp;pessoas. O credenciamento pode ser feito pelo aplicativo Natal Digital, a&nbsp;exemplo do S\u00e3o Jo\u00e3o e do Natal em Natal.&nbsp;<\/p>\n\n\n\n<p>No entendimento do coordenador de Estrutura da Funcarte, Irlan&nbsp;Albano, as Pessoas com Defici\u00eancia ter\u00e3o uma vis\u00e3o privilegiada do palco&nbsp;dos shows. Ele informa que a \u00e1rea PcD em cada polo ter\u00e1 sinaliza\u00e7\u00e3o e&nbsp;seguran\u00e7a exclusiva. \u201c\u00c9 importante que as Pessoas com Defici\u00eancia&nbsp;procurem fazer logo o credenciamento, porque s\u00e3o apenas 50 vagas e&nbsp;no dia do evento cheguem cedo ao local e se acomodem bem, uma vez&nbsp;que a expectativa de p\u00fablico \u00e9 alta para os polos do Carnaval 2024\u201d,&nbsp;lembra Albano.&nbsp;<\/p>\n\n\n\n<p>Para al\u00e9m da \u00e1rea para Pessoas com Defici\u00eancia, o palco do p\u00f3lo Ponta&nbsp;Negra contar\u00e1 com uma rampa acess\u00edvel para o m\u00fasico Herbert Viana,&nbsp;da banda Paralamas do Sucesso. Irlan Albano informa, ainda, que os&nbsp;outros p\u00f3los n\u00e3o contar\u00e3o com \u00e1rea PcD por raz\u00f5es t\u00e9cnicas:&nbsp;\u201cInfelizmente, nos outros p\u00f3los do Carnaval n\u00e3o ser\u00e1 poss\u00edvel termos&nbsp;\u00e1rea PcD pela localiza\u00e7\u00e3o do palco. Alguns terrenos t\u00eam desn\u00edvel ou&nbsp;ficam na areia da praia, como o palco Bui\u00fa, na praia da Redinha\u201d.&nbsp;<\/p>\n\n\n\n<p>Outro servi\u00e7o que ser\u00e1 disponibilizado pela Prefeitura \u00e9 a contrata\u00e7\u00e3o de tradutores-int\u00e9rpretes de libras para o p\u00fablico com defici\u00eancia auditiva em todos os palcos do Carnaval 2024. Com isso, a Prefeitura aposta firmemente na pol\u00edtica de inclus\u00e3o social com o objetivo de favorecer as Pessoas com Defici\u00eancia. <\/p>\n","protected":false},"excerpt":{"rendered":"<p>Uma das novidades do Carnaval 2024, promovido pela Prefeitura de&nbsp;Natal, por meio da Secult\/Funcarte, ser\u00e1 a disponibiliza\u00e7\u00e3o de duas \u00e1reas&nbsp;para Pessoas com Defici\u00eancia (PcD) nos Polos Petr\u00f3polis e Ponta Negra.&nbsp;As \u00e1reas ter\u00e3o a dimens\u00e3o de 6m x 14m e ficar\u00e3o em frente ao palco dos&nbsp;shows, chamado de front stage. Ser\u00e3o disponibilizadas 50 vagas para&nbsp;Pessoas com [&hellip;]<\/p>\n","protected":false},"author":1,"featured_media":0,"comment_status":"open","ping_status":"open","sticky":false,"template":"","format":"standard","meta":{"cybocfi_hide_featured_image":"","_jetpack_memberships_contains_paid_content":false,"footnotes":""},"categories":[1],"tags":[],"class_list":["post-2620","post","type-post","status-publish","format-standard","hentry","category-diversos"],"yoast_head":"<!-- This site is optimized with the Yoast SEO plugin v25.6 - https:\/\/yoast.com\/wordpress\/plugins\/seo\/ -->\n<title>Polos Petr\u00f3polis e Ponta Negra ter\u00e3o \u00e1rea para Pessoas com Defici\u00eancia no Carnaval 2024 - Blog do Bispo<\/title>\n<meta name=\"robots\" content=\"index, follow, max-snippet:-1, max-image-preview:large, max-video-preview:-1\" \/>\n<link rel=\"canonical\" href=\"https:\/\/blogdobispo.com.br\/?p=2620\" \/>\n<meta property=\"og:locale\" content=\"pt_BR\" \/>\n<meta property=\"og:type\" content=\"article\" \/>\n<meta property=\"og:title\" content=\"Polos Petr\u00f3polis e Ponta Negra ter\u00e3o \u00e1rea para Pessoas com Defici\u00eancia no Carnaval 2024 - Blog do Bispo\" \/>\n<meta property=\"og:description\" content=\"Uma das novidades do Carnaval 2024, promovido pela Prefeitura de&nbsp;Natal, por meio da Secult\/Funcarte, ser\u00e1 a disponibiliza\u00e7\u00e3o de duas \u00e1reas&nbsp;para Pessoas com Defici\u00eancia (PcD) nos Polos Petr\u00f3polis e Ponta Negra.&nbsp;As \u00e1reas ter\u00e3o a dimens\u00e3o de 6m x 14m e ficar\u00e3o em frente ao palco dos&nbsp;shows, chamado de front stage. Ser\u00e3o disponibilizadas 50 vagas para&nbsp;Pessoas com [&hellip;]\" \/>\n<meta property=\"og:url\" content=\"https:\/\/blogdobispo.com.br\/?p=2620\" \/>\n<meta property=\"og:site_name\" content=\"Blog do Bispo\" \/>\n<meta property=\"article:published_time\" content=\"2024-02-02T15:18:52+00:00\" \/>\n<meta property=\"og:image\" content=\"https:\/\/blogdobispo.com.br\/wp-content\/uploads\/2024\/02\/tradutor-de-libras-em-show-foto-joana-lima.jpg\" \/>\n<meta name=\"author\" content=\"Jefferson Sterfeno\" \/>\n<meta name=\"twitter:card\" content=\"summary_large_image\" \/>\n<meta name=\"twitter:label1\" content=\"Escrito por\" \/>\n\t<meta name=\"twitter:data1\" content=\"Jefferson Sterfeno\" \/>\n\t<meta name=\"twitter:label2\" content=\"Est. tempo de leitura\" \/>\n\t<meta name=\"twitter:data2\" content=\"2 minutos\" \/>\n<script type=\"application\/ld+json\" class=\"yoast-schema-graph\">{\"@context\":\"https:\/\/schema.org\",\"@graph\":[{\"@type\":\"Article\",\"@id\":\"https:\/\/blogdobispo.com.br\/?p=2620#article\",\"isPartOf\":{\"@id\":\"https:\/\/blogdobispo.com.br\/?p=2620\"},\"author\":{\"name\":\"Jefferson Sterfeno\",\"@id\":\"https:\/\/blogdobispo.com.br\/#\/schema\/person\/e2209cc0e6cea5c5233d033e997b373f\"},\"headline\":\"Polos Petr\u00f3polis e Ponta Negra ter\u00e3o \u00e1rea para Pessoas com Defici\u00eancia no Carnaval 2024\",\"datePublished\":\"2024-02-02T15:18:52+00:00\",\"mainEntityOfPage\":{\"@id\":\"https:\/\/blogdobispo.com.br\/?p=2620\"},\"wordCount\":368,\"commentCount\":0,\"publisher\":{\"@id\":\"https:\/\/blogdobispo.com.br\/#organization\"},\"image\":{\"@id\":\"https:\/\/blogdobispo.com.br\/?p=2620#primaryimage\"},\"thumbnailUrl\":\"https:\/\/blogdobispo.com.br\/wp-content\/uploads\/2024\/02\/tradutor-de-libras-em-show-foto-joana-lima.jpg\",\"articleSection\":[\"diversos\"],\"inLanguage\":\"pt-BR\",\"potentialAction\":[{\"@type\":\"CommentAction\",\"name\":\"Comment\",\"target\":[\"https:\/\/blogdobispo.com.br\/?p=2620#respond\"]}]},{\"@type\":\"WebPage\",\"@id\":\"https:\/\/blogdobispo.com.br\/?p=2620\",\"url\":\"https:\/\/blogdobispo.com.br\/?p=2620\",\"name\":\"Polos Petr\u00f3polis e Ponta Negra ter\u00e3o \u00e1rea para Pessoas com Defici\u00eancia no Carnaval 2024 - Blog do Bispo\",\"isPartOf\":{\"@id\":\"https:\/\/blogdobispo.com.br\/#website\"},\"primaryImageOfPage\":{\"@id\":\"https:\/\/blogdobispo.com.br\/?p=2620#primaryimage\"},\"image\":{\"@id\":\"https:\/\/blogdobispo.com.br\/?p=2620#primaryimage\"},\"thumbnailUrl\":\"https:\/\/blogdobispo.com.br\/wp-content\/uploads\/2024\/02\/tradutor-de-libras-em-show-foto-joana-lima.jpg\",\"datePublished\":\"2024-02-02T15:18:52+00:00\",\"breadcrumb\":{\"@id\":\"https:\/\/blogdobispo.com.br\/?p=2620#breadcrumb\"},\"inLanguage\":\"pt-BR\",\"potentialAction\":[{\"@type\":\"ReadAction\",\"target\":[\"https:\/\/blogdobispo.com.br\/?p=2620\"]}]},{\"@type\":\"ImageObject\",\"inLanguage\":\"pt-BR\",\"@id\":\"https:\/\/blogdobispo.com.br\/?p=2620#primaryimage\",\"url\":\"https:\/\/blogdobispo.com.br\/wp-content\/uploads\/2024\/02\/tradutor-de-libras-em-show-foto-joana-lima.jpg\",\"contentUrl\":\"https:\/\/blogdobispo.com.br\/wp-content\/uploads\/2024\/02\/tradutor-de-libras-em-show-foto-joana-lima.jpg\"},{\"@type\":\"BreadcrumbList\",\"@id\":\"https:\/\/blogdobispo.com.br\/?p=2620#breadcrumb\",\"itemListElement\":[{\"@type\":\"ListItem\",\"position\":1,\"name\":\"In\u00edcio\",\"item\":\"https:\/\/blogdobispo.com.br\/\"},{\"@type\":\"ListItem\",\"position\":2,\"name\":\"Polos Petr\u00f3polis e Ponta Negra ter\u00e3o \u00e1rea para Pessoas com Defici\u00eancia no Carnaval 2024\"}]},{\"@type\":\"WebSite\",\"@id\":\"https:\/\/blogdobispo.com.br\/#website\",\"url\":\"https:\/\/blogdobispo.com.br\/\",\"name\":\"Blog do Bispo\",\"description\":\"Comprometido apenas com o leitor\",\"publisher\":{\"@id\":\"https:\/\/blogdobispo.com.br\/#organization\"},\"potentialAction\":[{\"@type\":\"SearchAction\",\"target\":{\"@type\":\"EntryPoint\",\"urlTemplate\":\"https:\/\/blogdobispo.com.br\/?s={search_term_string}\"},\"query-input\":{\"@type\":\"PropertyValueSpecification\",\"valueRequired\":true,\"valueName\":\"search_term_string\"}}],\"inLanguage\":\"pt-BR\"},{\"@type\":\"Organization\",\"@id\":\"https:\/\/blogdobispo.com.br\/#organization\",\"name\":\"Blog do Bispo\",\"url\":\"https:\/\/blogdobispo.com.br\/\",\"logo\":{\"@type\":\"ImageObject\",\"inLanguage\":\"pt-BR\",\"@id\":\"https:\/\/blogdobispo.com.br\/#\/schema\/logo\/image\/\",\"url\":\"http:\/\/blogdobispo.com.br\/wp-content\/uploads\/2023\/05\/cropped-headear.png\",\"contentUrl\":\"http:\/\/blogdobispo.com.br\/wp-content\/uploads\/2023\/05\/cropped-headear.png\",\"width\":1500,\"height\":399,\"caption\":\"Blog do Bispo\"},\"image\":{\"@id\":\"https:\/\/blogdobispo.com.br\/#\/schema\/logo\/image\/\"}},{\"@type\":\"Person\",\"@id\":\"https:\/\/blogdobispo.com.br\/#\/schema\/person\/e2209cc0e6cea5c5233d033e997b373f\",\"name\":\"Jefferson Sterfeno\",\"image\":{\"@type\":\"ImageObject\",\"inLanguage\":\"pt-BR\",\"@id\":\"https:\/\/blogdobispo.com.br\/#\/schema\/person\/image\/\",\"url\":\"https:\/\/secure.gravatar.com\/avatar\/0534e84764641168a677026b6d57a3f51dc7ac4db0b4f6186d9cb330d4ee1160?s=96&d=mm&r=g\",\"contentUrl\":\"https:\/\/secure.gravatar.com\/avatar\/0534e84764641168a677026b6d57a3f51dc7ac4db0b4f6186d9cb330d4ee1160?s=96&d=mm&r=g\",\"caption\":\"Jefferson Sterfeno\"},\"sameAs\":[\"http:\/\/blogdobispo.com.br\"],\"url\":\"https:\/\/blogdobispo.com.br\/?author=1\"}]}<\/script>\n<!-- \/ Yoast SEO plugin. -->","yoast_head_json":{"title":"Polos Petr\u00f3polis e Ponta Negra ter\u00e3o \u00e1rea para Pessoas com Defici\u00eancia no Carnaval 2024 - Blog do Bispo","robots":{"index":"index","follow":"follow","max-snippet":"max-snippet:-1","max-image-preview":"max-image-preview:large","max-video-preview":"max-video-preview:-1"},"canonical":"https:\/\/blogdobispo.com.br\/?p=2620","og_locale":"pt_BR","og_type":"article","og_title":"Polos Petr\u00f3polis e Ponta Negra ter\u00e3o \u00e1rea para Pessoas com Defici\u00eancia no Carnaval 2024 - Blog do Bispo","og_description":"Uma das novidades do Carnaval 2024, promovido pela Prefeitura de&nbsp;Natal, por meio da Secult\/Funcarte, ser\u00e1 a disponibiliza\u00e7\u00e3o de duas \u00e1reas&nbsp;para Pessoas com Defici\u00eancia (PcD) nos Polos Petr\u00f3polis e Ponta Negra.&nbsp;As \u00e1reas ter\u00e3o a dimens\u00e3o de 6m x 14m e ficar\u00e3o em frente ao palco dos&nbsp;shows, chamado de front stage. Ser\u00e3o disponibilizadas 50 vagas para&nbsp;Pessoas com [&hellip;]","og_url":"https:\/\/blogdobispo.com.br\/?p=2620","og_site_name":"Blog do Bispo","article_published_time":"2024-02-02T15:18:52+00:00","og_image":[{"url":"https:\/\/blogdobispo.com.br\/wp-content\/uploads\/2024\/02\/tradutor-de-libras-em-show-foto-joana-lima.jpg","type":"","width":"","height":""}],"author":"Jefferson Sterfeno","twitter_card":"summary_large_image","twitter_misc":{"Escrito por":"Jefferson Sterfeno","Est. tempo de leitura":"2 minutos"},"schema":{"@context":"https:\/\/schema.org","@graph":[{"@type":"Article","@id":"https:\/\/blogdobispo.com.br\/?p=2620#article","isPartOf":{"@id":"https:\/\/blogdobispo.com.br\/?p=2620"},"author":{"name":"Jefferson Sterfeno","@id":"https:\/\/blogdobispo.com.br\/#\/schema\/person\/e2209cc0e6cea5c5233d033e997b373f"},"headline":"Polos Petr\u00f3polis e Ponta Negra ter\u00e3o \u00e1rea para Pessoas com Defici\u00eancia no Carnaval 2024","datePublished":"2024-02-02T15:18:52+00:00","mainEntityOfPage":{"@id":"https:\/\/blogdobispo.com.br\/?p=2620"},"wordCount":368,"commentCount":0,"publisher":{"@id":"https:\/\/blogdobispo.com.br\/#organization"},"image":{"@id":"https:\/\/blogdobispo.com.br\/?p=2620#primaryimage"},"thumbnailUrl":"https:\/\/blogdobispo.com.br\/wp-content\/uploads\/2024\/02\/tradutor-de-libras-em-show-foto-joana-lima.jpg","articleSection":["diversos"],"inLanguage":"pt-BR","potentialAction":[{"@type":"CommentAction","name":"Comment","target":["https:\/\/blogdobispo.com.br\/?p=2620#respond"]}]},{"@type":"WebPage","@id":"https:\/\/blogdobispo.com.br\/?p=2620","url":"https:\/\/blogdobispo.com.br\/?p=2620","name":"Polos Petr\u00f3polis e Ponta Negra ter\u00e3o \u00e1rea para Pessoas com Defici\u00eancia no Carnaval 2024 - Blog do Bispo","isPartOf":{"@id":"https:\/\/blogdobispo.com.br\/#website"},"primaryImageOfPage":{"@id":"https:\/\/blogdobispo.com.br\/?p=2620#primaryimage"},"image":{"@id":"https:\/\/blogdobispo.com.br\/?p=2620#primaryimage"},"thumbnailUrl":"https:\/\/blogdobispo.com.br\/wp-content\/uploads\/2024\/02\/tradutor-de-libras-em-show-foto-joana-lima.jpg","datePublished":"2024-02-02T15:18:52+00:00","breadcrumb":{"@id":"https:\/\/blogdobispo.com.br\/?p=2620#breadcrumb"},"inLanguage":"pt-BR","potentialAction":[{"@type":"ReadAction","target":["https:\/\/blogdobispo.com.br\/?p=2620"]}]},{"@type":"ImageObject","inLanguage":"pt-BR","@id":"https:\/\/blogdobispo.com.br\/?p=2620#primaryimage","url":"https:\/\/blogdobispo.com.br\/wp-content\/uploads\/2024\/02\/tradutor-de-libras-em-show-foto-joana-lima.jpg","contentUrl":"https:\/\/blogdobispo.com.br\/wp-content\/uploads\/2024\/02\/tradutor-de-libras-em-show-foto-joana-lima.jpg"},{"@type":"BreadcrumbList","@id":"https:\/\/blogdobispo.com.br\/?p=2620#breadcrumb","itemListElement":[{"@type":"ListItem","position":1,"name":"In\u00edcio","item":"https:\/\/blogdobispo.com.br\/"},{"@type":"ListItem","position":2,"name":"Polos Petr\u00f3polis e Ponta Negra ter\u00e3o \u00e1rea para Pessoas com Defici\u00eancia no Carnaval 2024"}]},{"@type":"WebSite","@id":"https:\/\/blogdobispo.com.br\/#website","url":"https:\/\/blogdobispo.com.br\/","name":"Blog do Bispo","description":"Comprometido apenas com o leitor","publisher":{"@id":"https:\/\/blogdobispo.com.br\/#organization"},"potentialAction":[{"@type":"SearchAction","target":{"@type":"EntryPoint","urlTemplate":"https:\/\/blogdobispo.com.br\/?s={search_term_string}"},"query-input":{"@type":"PropertyValueSpecification","valueRequired":true,"valueName":"search_term_string"}}],"inLanguage":"pt-BR"},{"@type":"Organization","@id":"https:\/\/blogdobispo.com.br\/#organization","name":"Blog do Bispo","url":"https:\/\/blogdobispo.com.br\/","logo":{"@type":"ImageObject","inLanguage":"pt-BR","@id":"https:\/\/blogdobispo.com.br\/#\/schema\/logo\/image\/","url":"http:\/\/blogdobispo.com.br\/wp-content\/uploads\/2023\/05\/cropped-headear.png","contentUrl":"http:\/\/blogdobispo.com.br\/wp-content\/uploads\/2023\/05\/cropped-headear.png","width":1500,"height":399,"caption":"Blog do Bispo"},"image":{"@id":"https:\/\/blogdobispo.com.br\/#\/schema\/logo\/image\/"}},{"@type":"Person","@id":"https:\/\/blogdobispo.com.br\/#\/schema\/person\/e2209cc0e6cea5c5233d033e997b373f","name":"Jefferson Sterfeno","image":{"@type":"ImageObject","inLanguage":"pt-BR","@id":"https:\/\/blogdobispo.com.br\/#\/schema\/person\/image\/","url":"https:\/\/secure.gravatar.com\/avatar\/0534e84764641168a677026b6d57a3f51dc7ac4db0b4f6186d9cb330d4ee1160?s=96&d=mm&r=g","contentUrl":"https:\/\/secure.gravatar.com\/avatar\/0534e84764641168a677026b6d57a3f51dc7ac4db0b4f6186d9cb330d4ee1160?s=96&d=mm&r=g","caption":"Jefferson Sterfeno"},"sameAs":["http:\/\/blogdobispo.com.br"],"url":"https:\/\/blogdobispo.com.br\/?author=1"}]}},"featured_image_urls":{"full":"","thumbnail":"","medium":"","medium_large":"","large":"","1536x1536":"","2048x2048":""},"author_info":{"display_name":"Jefferson Sterfeno","author_link":"https:\/\/blogdobispo.com.br\/?author=1"},"category_info":"<a href=\"https:\/\/blogdobispo.com.br\/?cat=1\" rel=\"category\">diversos<\/a>","tag_info":"diversos","comment_count":"0","jetpack_featured_media_url":"","jetpack_sharing_enabled":true,"_links":{"self":[{"href":"https:\/\/blogdobispo.com.br\/index.php?rest_route=\/wp\/v2\/posts\/2620","targetHints":{"allow":["GET"]}}],"collection":[{"href":"https:\/\/blogdobispo.com.br\/index.php?rest_route=\/wp\/v2\/posts"}],"about":[{"href":"https:\/\/blogdobispo.com.br\/index.php?rest_route=\/wp\/v2\/types\/post"}],"author":[{"embeddable":true,"href":"https:\/\/blogdobispo.com.br\/index.php?rest_route=\/wp\/v2\/users\/1"}],"replies":[{"embeddable":true,"href":"https:\/\/blogdobispo.com.br\/index.php?rest_route=%2Fwp%2Fv2%2Fcomments&post=2620"}],"version-history":[{"count":0,"href":"https:\/\/blogdobispo.com.br\/index.php?rest_route=\/wp\/v2\/posts\/2620\/revisions"}],"wp:attachment":[{"href":"https:\/\/blogdobispo.com.br\/index.php?rest_route=%2Fwp%2Fv2%2Fmedia&parent=2620"}],"wp:term":[{"taxonomy":"category","embeddable":true,"href":"https:\/\/blogdobispo.com.br\/index.php?rest_route=%2Fwp%2Fv2%2Fcategories&post=2620"},{"taxonomy":"post_tag","embeddable":true,"href":"https:\/\/blogdobispo.com.br\/index.php?rest_route=%2Fwp%2Fv2%2Ftags&post=2620"}],"curies":[{"name":"wp","href":"https:\/\/api.w.org\/{rel}","templated":true}]}}