{"id":2614,"date":"2024-02-01T21:56:35","date_gmt":"2024-02-01T21:56:35","guid":{"rendered":"https:\/\/blogdobispo.com.br\/?p=2614"},"modified":"2024-02-01T21:56:35","modified_gmt":"2024-02-01T21:56:35","slug":"emidio-junior-confirma-raquel-barbosa-pre-candidata-a-vice-prefeita","status":"publish","type":"post","link":"https:\/\/blogdobispo.com.br\/?p=2614","title":{"rendered":"Em\u00eddio J\u00fanior confirma Raquel Barbosa pr\u00e9-candidata a vice-prefeita"},"content":{"rendered":"\n<p>A secret\u00e1ria de Assist\u00eancia Social, Raquel Barbosa, foi anunciada como pr\u00e9-candidata a vice-prefeita na chapa encabe\u00e7ada pelo prefeito de Maca\u00edba Em\u00eddio J\u00fanior. A defini\u00e7\u00e3o ocorreu de maneira consensual e foi oficializada na noite desta quarta-feira (31) durante encontro com a bancada de vereadores, secret\u00e1rios municipais e deputado estadual Kl\u00e9ber Rodrigues.<\/p>\n\n\n\n<p>O prefeito Em\u00eddio J\u00fanior, que liderou o processo de decis\u00e3o, destacou que a escolha foi tomada ap\u00f3s ouvir todo o grupo pol\u00edtico. \u201cQuem tem palavra tem vida \u00fatil na pol\u00edtica. Conversamos com todos e, de forma consensual, hoje a gente anuncia o nome da secret\u00e1ria Raquel Barbosa como pr\u00e9-candidata a vice-prefeita, para a gente seguir rumo a uma Maca\u00edba cada vez melhor, desenvolvida para o nosso povo. A gente v\u00ea no semblante de cada um o comprisso m\u00fatuo, porque o que a gente j\u00e1 fez muito e vai, se Deus quiser, fazer ainda mais. N\u00f3s somos uma fam\u00edlia e vamos seguir unidos\u201d, afirmou Em\u00eddio J\u00fanior.<\/p>\n\n\n\n<p>Estiveram presentes os vereadores pre \u00c9rika Em\u00eddio, Zeca da Pesca, Jailson Brito, Cacau, Alu\u00edzio S\u00edlvio, Aroldo da Sa\u00fade, Igor Targino, Dadaia Ribeiro, Aroldo da Sa\u00fade, Rita Oliveira, Ana Catarina, Socorro Nogueira, Jefferson Stanley e Tafarel Freitas. N\u00e3o estiveram presentes por estarem em atendimento m\u00e9dico os vereadores Denilson Gadelha e Ismarleide Duarte.<\/p>\n\n\n\n<p>Raquel Barbosa \u00e9 empres\u00e1ria, advogada na \u00e1rea de fam\u00edlia, bacharelanda em Teologia e atualmente presidente do Conselho da Mulher de Maca\u00edba. Sua adolesc\u00eancia e in\u00edcio da vida profissional foi no Vilar, em Maca\u00edba, trabalhando no f\u00f3rum da cidade. Tamb\u00e9m \u00e9 idealizadora do projeto Dandara juntamente com o deputado Kl\u00e9ber Rodrigues, que percorre o RN, levando sa\u00fade , assist\u00eancia jur\u00eddica e servi\u00e7os.<\/p>\n\n\n\n<figure class=\"wp-block-image size-large\"><img data-recalc-dims=\"1\" fetchpriority=\"high\" decoding=\"async\" width=\"800\" height=\"532\" src=\"https:\/\/i0.wp.com\/blogdobispo.com.br\/wp-content\/uploads\/2024\/02\/img_5430-1.jpg?resize=800%2C532&#038;ssl=1\" class=\"wp-image-2613\" srcset=\"https:\/\/i0.wp.com\/blogdobispo.com.br\/wp-content\/uploads\/2024\/02\/img_5430-1.jpg?w=810&amp;ssl=1 810w, https:\/\/i0.wp.com\/blogdobispo.com.br\/wp-content\/uploads\/2024\/02\/img_5430-1.jpg?resize=300%2C200&amp;ssl=1 300w, https:\/\/i0.wp.com\/blogdobispo.com.br\/wp-content\/uploads\/2024\/02\/img_5430-1.jpg?resize=768%2C511&amp;ssl=1 768w\" sizes=\"(max-width: 800px) 100vw, 800px\" \/><\/figure>\n","protected":false},"excerpt":{"rendered":"<p>A secret\u00e1ria de Assist\u00eancia Social, Raquel Barbosa, foi anunciada como pr\u00e9-candidata a vice-prefeita na chapa encabe\u00e7ada pelo prefeito de Maca\u00edba Em\u00eddio J\u00fanior. A defini\u00e7\u00e3o ocorreu de maneira consensual e foi oficializada na noite desta quarta-feira (31) durante encontro com a bancada de vereadores, secret\u00e1rios municipais e deputado estadual Kl\u00e9ber Rodrigues. O prefeito Em\u00eddio J\u00fanior, que [&hellip;]<\/p>\n","protected":false},"author":1,"featured_media":0,"comment_status":"open","ping_status":"open","sticky":false,"template":"","format":"standard","meta":{"cybocfi_hide_featured_image":"","_jetpack_memberships_contains_paid_content":false,"footnotes":""},"categories":[1],"tags":[],"class_list":["post-2614","post","type-post","status-publish","format-standard","hentry","category-diversos"],"yoast_head":"<!-- This site is optimized with the Yoast SEO plugin v25.6 - https:\/\/yoast.com\/wordpress\/plugins\/seo\/ -->\n<title>Em\u00eddio J\u00fanior confirma Raquel Barbosa pr\u00e9-candidata a vice-prefeita - Blog do Bispo<\/title>\n<meta name=\"robots\" content=\"index, follow, max-snippet:-1, max-image-preview:large, max-video-preview:-1\" \/>\n<link rel=\"canonical\" href=\"https:\/\/blogdobispo.com.br\/?p=2614\" \/>\n<meta property=\"og:locale\" content=\"pt_BR\" \/>\n<meta property=\"og:type\" content=\"article\" \/>\n<meta property=\"og:title\" content=\"Em\u00eddio J\u00fanior confirma Raquel Barbosa pr\u00e9-candidata a vice-prefeita - Blog do Bispo\" \/>\n<meta property=\"og:description\" content=\"A secret\u00e1ria de Assist\u00eancia Social, Raquel Barbosa, foi anunciada como pr\u00e9-candidata a vice-prefeita na chapa encabe\u00e7ada pelo prefeito de Maca\u00edba Em\u00eddio J\u00fanior. A defini\u00e7\u00e3o ocorreu de maneira consensual e foi oficializada na noite desta quarta-feira (31) durante encontro com a bancada de vereadores, secret\u00e1rios municipais e deputado estadual Kl\u00e9ber Rodrigues. O prefeito Em\u00eddio J\u00fanior, que [&hellip;]\" \/>\n<meta property=\"og:url\" content=\"https:\/\/blogdobispo.com.br\/?p=2614\" \/>\n<meta property=\"og:site_name\" content=\"Blog do Bispo\" \/>\n<meta property=\"article:published_time\" content=\"2024-02-01T21:56:35+00:00\" \/>\n<meta property=\"og:image\" content=\"https:\/\/blogdobispo.com.br\/wp-content\/uploads\/2024\/02\/img_5430-1.jpg\" \/>\n<meta name=\"author\" content=\"Jefferson Sterfeno\" \/>\n<meta name=\"twitter:card\" content=\"summary_large_image\" \/>\n<meta name=\"twitter:label1\" content=\"Escrito por\" \/>\n\t<meta name=\"twitter:data1\" content=\"Jefferson Sterfeno\" \/>\n\t<meta name=\"twitter:label2\" content=\"Est. tempo de leitura\" \/>\n\t<meta name=\"twitter:data2\" content=\"2 minutos\" \/>\n<script type=\"application\/ld+json\" class=\"yoast-schema-graph\">{\"@context\":\"https:\/\/schema.org\",\"@graph\":[{\"@type\":\"Article\",\"@id\":\"https:\/\/blogdobispo.com.br\/?p=2614#article\",\"isPartOf\":{\"@id\":\"https:\/\/blogdobispo.com.br\/?p=2614\"},\"author\":{\"name\":\"Jefferson Sterfeno\",\"@id\":\"https:\/\/blogdobispo.com.br\/#\/schema\/person\/e2209cc0e6cea5c5233d033e997b373f\"},\"headline\":\"Em\u00eddio J\u00fanior confirma Raquel Barbosa pr\u00e9-candidata a vice-prefeita\",\"datePublished\":\"2024-02-01T21:56:35+00:00\",\"mainEntityOfPage\":{\"@id\":\"https:\/\/blogdobispo.com.br\/?p=2614\"},\"wordCount\":318,\"commentCount\":0,\"publisher\":{\"@id\":\"https:\/\/blogdobispo.com.br\/#organization\"},\"image\":{\"@id\":\"https:\/\/blogdobispo.com.br\/?p=2614#primaryimage\"},\"thumbnailUrl\":\"https:\/\/blogdobispo.com.br\/wp-content\/uploads\/2024\/02\/img_5430-1.jpg\",\"articleSection\":[\"diversos\"],\"inLanguage\":\"pt-BR\",\"potentialAction\":[{\"@type\":\"CommentAction\",\"name\":\"Comment\",\"target\":[\"https:\/\/blogdobispo.com.br\/?p=2614#respond\"]}]},{\"@type\":\"WebPage\",\"@id\":\"https:\/\/blogdobispo.com.br\/?p=2614\",\"url\":\"https:\/\/blogdobispo.com.br\/?p=2614\",\"name\":\"Em\u00eddio J\u00fanior confirma Raquel Barbosa pr\u00e9-candidata a vice-prefeita - Blog do Bispo\",\"isPartOf\":{\"@id\":\"https:\/\/blogdobispo.com.br\/#website\"},\"primaryImageOfPage\":{\"@id\":\"https:\/\/blogdobispo.com.br\/?p=2614#primaryimage\"},\"image\":{\"@id\":\"https:\/\/blogdobispo.com.br\/?p=2614#primaryimage\"},\"thumbnailUrl\":\"https:\/\/blogdobispo.com.br\/wp-content\/uploads\/2024\/02\/img_5430-1.jpg\",\"datePublished\":\"2024-02-01T21:56:35+00:00\",\"breadcrumb\":{\"@id\":\"https:\/\/blogdobispo.com.br\/?p=2614#breadcrumb\"},\"inLanguage\":\"pt-BR\",\"potentialAction\":[{\"@type\":\"ReadAction\",\"target\":[\"https:\/\/blogdobispo.com.br\/?p=2614\"]}]},{\"@type\":\"ImageObject\",\"inLanguage\":\"pt-BR\",\"@id\":\"https:\/\/blogdobispo.com.br\/?p=2614#primaryimage\",\"url\":\"https:\/\/blogdobispo.com.br\/wp-content\/uploads\/2024\/02\/img_5430-1.jpg\",\"contentUrl\":\"https:\/\/blogdobispo.com.br\/wp-content\/uploads\/2024\/02\/img_5430-1.jpg\"},{\"@type\":\"BreadcrumbList\",\"@id\":\"https:\/\/blogdobispo.com.br\/?p=2614#breadcrumb\",\"itemListElement\":[{\"@type\":\"ListItem\",\"position\":1,\"name\":\"In\u00edcio\",\"item\":\"https:\/\/blogdobispo.com.br\/\"},{\"@type\":\"ListItem\",\"position\":2,\"name\":\"Em\u00eddio J\u00fanior confirma Raquel Barbosa pr\u00e9-candidata a vice-prefeita\"}]},{\"@type\":\"WebSite\",\"@id\":\"https:\/\/blogdobispo.com.br\/#website\",\"url\":\"https:\/\/blogdobispo.com.br\/\",\"name\":\"Blog do Bispo\",\"description\":\"Comprometido apenas com o leitor\",\"publisher\":{\"@id\":\"https:\/\/blogdobispo.com.br\/#organization\"},\"potentialAction\":[{\"@type\":\"SearchAction\",\"target\":{\"@type\":\"EntryPoint\",\"urlTemplate\":\"https:\/\/blogdobispo.com.br\/?s={search_term_string}\"},\"query-input\":{\"@type\":\"PropertyValueSpecification\",\"valueRequired\":true,\"valueName\":\"search_term_string\"}}],\"inLanguage\":\"pt-BR\"},{\"@type\":\"Organization\",\"@id\":\"https:\/\/blogdobispo.com.br\/#organization\",\"name\":\"Blog do Bispo\",\"url\":\"https:\/\/blogdobispo.com.br\/\",\"logo\":{\"@type\":\"ImageObject\",\"inLanguage\":\"pt-BR\",\"@id\":\"https:\/\/blogdobispo.com.br\/#\/schema\/logo\/image\/\",\"url\":\"http:\/\/blogdobispo.com.br\/wp-content\/uploads\/2023\/05\/cropped-headear.png\",\"contentUrl\":\"http:\/\/blogdobispo.com.br\/wp-content\/uploads\/2023\/05\/cropped-headear.png\",\"width\":1500,\"height\":399,\"caption\":\"Blog do Bispo\"},\"image\":{\"@id\":\"https:\/\/blogdobispo.com.br\/#\/schema\/logo\/image\/\"}},{\"@type\":\"Person\",\"@id\":\"https:\/\/blogdobispo.com.br\/#\/schema\/person\/e2209cc0e6cea5c5233d033e997b373f\",\"name\":\"Jefferson Sterfeno\",\"image\":{\"@type\":\"ImageObject\",\"inLanguage\":\"pt-BR\",\"@id\":\"https:\/\/blogdobispo.com.br\/#\/schema\/person\/image\/\",\"url\":\"https:\/\/secure.gravatar.com\/avatar\/0534e84764641168a677026b6d57a3f51dc7ac4db0b4f6186d9cb330d4ee1160?s=96&d=mm&r=g\",\"contentUrl\":\"https:\/\/secure.gravatar.com\/avatar\/0534e84764641168a677026b6d57a3f51dc7ac4db0b4f6186d9cb330d4ee1160?s=96&d=mm&r=g\",\"caption\":\"Jefferson Sterfeno\"},\"sameAs\":[\"http:\/\/blogdobispo.com.br\"],\"url\":\"https:\/\/blogdobispo.com.br\/?author=1\"}]}<\/script>\n<!-- \/ Yoast SEO plugin. -->","yoast_head_json":{"title":"Em\u00eddio J\u00fanior confirma Raquel Barbosa pr\u00e9-candidata a vice-prefeita - Blog do Bispo","robots":{"index":"index","follow":"follow","max-snippet":"max-snippet:-1","max-image-preview":"max-image-preview:large","max-video-preview":"max-video-preview:-1"},"canonical":"https:\/\/blogdobispo.com.br\/?p=2614","og_locale":"pt_BR","og_type":"article","og_title":"Em\u00eddio J\u00fanior confirma Raquel Barbosa pr\u00e9-candidata a vice-prefeita - Blog do Bispo","og_description":"A secret\u00e1ria de Assist\u00eancia Social, Raquel Barbosa, foi anunciada como pr\u00e9-candidata a vice-prefeita na chapa encabe\u00e7ada pelo prefeito de Maca\u00edba Em\u00eddio J\u00fanior. A defini\u00e7\u00e3o ocorreu de maneira consensual e foi oficializada na noite desta quarta-feira (31) durante encontro com a bancada de vereadores, secret\u00e1rios municipais e deputado estadual Kl\u00e9ber Rodrigues. O prefeito Em\u00eddio J\u00fanior, que [&hellip;]","og_url":"https:\/\/blogdobispo.com.br\/?p=2614","og_site_name":"Blog do Bispo","article_published_time":"2024-02-01T21:56:35+00:00","og_image":[{"url":"https:\/\/blogdobispo.com.br\/wp-content\/uploads\/2024\/02\/img_5430-1.jpg","type":"","width":"","height":""}],"author":"Jefferson Sterfeno","twitter_card":"summary_large_image","twitter_misc":{"Escrito por":"Jefferson Sterfeno","Est. tempo de leitura":"2 minutos"},"schema":{"@context":"https:\/\/schema.org","@graph":[{"@type":"Article","@id":"https:\/\/blogdobispo.com.br\/?p=2614#article","isPartOf":{"@id":"https:\/\/blogdobispo.com.br\/?p=2614"},"author":{"name":"Jefferson Sterfeno","@id":"https:\/\/blogdobispo.com.br\/#\/schema\/person\/e2209cc0e6cea5c5233d033e997b373f"},"headline":"Em\u00eddio J\u00fanior confirma Raquel Barbosa pr\u00e9-candidata a vice-prefeita","datePublished":"2024-02-01T21:56:35+00:00","mainEntityOfPage":{"@id":"https:\/\/blogdobispo.com.br\/?p=2614"},"wordCount":318,"commentCount":0,"publisher":{"@id":"https:\/\/blogdobispo.com.br\/#organization"},"image":{"@id":"https:\/\/blogdobispo.com.br\/?p=2614#primaryimage"},"thumbnailUrl":"https:\/\/blogdobispo.com.br\/wp-content\/uploads\/2024\/02\/img_5430-1.jpg","articleSection":["diversos"],"inLanguage":"pt-BR","potentialAction":[{"@type":"CommentAction","name":"Comment","target":["https:\/\/blogdobispo.com.br\/?p=2614#respond"]}]},{"@type":"WebPage","@id":"https:\/\/blogdobispo.com.br\/?p=2614","url":"https:\/\/blogdobispo.com.br\/?p=2614","name":"Em\u00eddio J\u00fanior confirma Raquel Barbosa pr\u00e9-candidata a vice-prefeita - Blog do Bispo","isPartOf":{"@id":"https:\/\/blogdobispo.com.br\/#website"},"primaryImageOfPage":{"@id":"https:\/\/blogdobispo.com.br\/?p=2614#primaryimage"},"image":{"@id":"https:\/\/blogdobispo.com.br\/?p=2614#primaryimage"},"thumbnailUrl":"https:\/\/blogdobispo.com.br\/wp-content\/uploads\/2024\/02\/img_5430-1.jpg","datePublished":"2024-02-01T21:56:35+00:00","breadcrumb":{"@id":"https:\/\/blogdobispo.com.br\/?p=2614#breadcrumb"},"inLanguage":"pt-BR","potentialAction":[{"@type":"ReadAction","target":["https:\/\/blogdobispo.com.br\/?p=2614"]}]},{"@type":"ImageObject","inLanguage":"pt-BR","@id":"https:\/\/blogdobispo.com.br\/?p=2614#primaryimage","url":"https:\/\/blogdobispo.com.br\/wp-content\/uploads\/2024\/02\/img_5430-1.jpg","contentUrl":"https:\/\/blogdobispo.com.br\/wp-content\/uploads\/2024\/02\/img_5430-1.jpg"},{"@type":"BreadcrumbList","@id":"https:\/\/blogdobispo.com.br\/?p=2614#breadcrumb","itemListElement":[{"@type":"ListItem","position":1,"name":"In\u00edcio","item":"https:\/\/blogdobispo.com.br\/"},{"@type":"ListItem","position":2,"name":"Em\u00eddio J\u00fanior confirma Raquel Barbosa pr\u00e9-candidata a vice-prefeita"}]},{"@type":"WebSite","@id":"https:\/\/blogdobispo.com.br\/#website","url":"https:\/\/blogdobispo.com.br\/","name":"Blog do Bispo","description":"Comprometido apenas com o leitor","publisher":{"@id":"https:\/\/blogdobispo.com.br\/#organization"},"potentialAction":[{"@type":"SearchAction","target":{"@type":"EntryPoint","urlTemplate":"https:\/\/blogdobispo.com.br\/?s={search_term_string}"},"query-input":{"@type":"PropertyValueSpecification","valueRequired":true,"valueName":"search_term_string"}}],"inLanguage":"pt-BR"},{"@type":"Organization","@id":"https:\/\/blogdobispo.com.br\/#organization","name":"Blog do Bispo","url":"https:\/\/blogdobispo.com.br\/","logo":{"@type":"ImageObject","inLanguage":"pt-BR","@id":"https:\/\/blogdobispo.com.br\/#\/schema\/logo\/image\/","url":"http:\/\/blogdobispo.com.br\/wp-content\/uploads\/2023\/05\/cropped-headear.png","contentUrl":"http:\/\/blogdobispo.com.br\/wp-content\/uploads\/2023\/05\/cropped-headear.png","width":1500,"height":399,"caption":"Blog do Bispo"},"image":{"@id":"https:\/\/blogdobispo.com.br\/#\/schema\/logo\/image\/"}},{"@type":"Person","@id":"https:\/\/blogdobispo.com.br\/#\/schema\/person\/e2209cc0e6cea5c5233d033e997b373f","name":"Jefferson Sterfeno","image":{"@type":"ImageObject","inLanguage":"pt-BR","@id":"https:\/\/blogdobispo.com.br\/#\/schema\/person\/image\/","url":"https:\/\/secure.gravatar.com\/avatar\/0534e84764641168a677026b6d57a3f51dc7ac4db0b4f6186d9cb330d4ee1160?s=96&d=mm&r=g","contentUrl":"https:\/\/secure.gravatar.com\/avatar\/0534e84764641168a677026b6d57a3f51dc7ac4db0b4f6186d9cb330d4ee1160?s=96&d=mm&r=g","caption":"Jefferson Sterfeno"},"sameAs":["http:\/\/blogdobispo.com.br"],"url":"https:\/\/blogdobispo.com.br\/?author=1"}]}},"featured_image_urls":{"full":"","thumbnail":"","medium":"","medium_large":"","large":"","1536x1536":"","2048x2048":""},"author_info":{"display_name":"Jefferson Sterfeno","author_link":"https:\/\/blogdobispo.com.br\/?author=1"},"category_info":"<a href=\"https:\/\/blogdobispo.com.br\/?cat=1\" rel=\"category\">diversos<\/a>","tag_info":"diversos","comment_count":"0","jetpack_featured_media_url":"","jetpack_sharing_enabled":true,"_links":{"self":[{"href":"https:\/\/blogdobispo.com.br\/index.php?rest_route=\/wp\/v2\/posts\/2614","targetHints":{"allow":["GET"]}}],"collection":[{"href":"https:\/\/blogdobispo.com.br\/index.php?rest_route=\/wp\/v2\/posts"}],"about":[{"href":"https:\/\/blogdobispo.com.br\/index.php?rest_route=\/wp\/v2\/types\/post"}],"author":[{"embeddable":true,"href":"https:\/\/blogdobispo.com.br\/index.php?rest_route=\/wp\/v2\/users\/1"}],"replies":[{"embeddable":true,"href":"https:\/\/blogdobispo.com.br\/index.php?rest_route=%2Fwp%2Fv2%2Fcomments&post=2614"}],"version-history":[{"count":0,"href":"https:\/\/blogdobispo.com.br\/index.php?rest_route=\/wp\/v2\/posts\/2614\/revisions"}],"wp:attachment":[{"href":"https:\/\/blogdobispo.com.br\/index.php?rest_route=%2Fwp%2Fv2%2Fmedia&parent=2614"}],"wp:term":[{"taxonomy":"category","embeddable":true,"href":"https:\/\/blogdobispo.com.br\/index.php?rest_route=%2Fwp%2Fv2%2Fcategories&post=2614"},{"taxonomy":"post_tag","embeddable":true,"href":"https:\/\/blogdobispo.com.br\/index.php?rest_route=%2Fwp%2Fv2%2Ftags&post=2614"}],"curies":[{"name":"wp","href":"https:\/\/api.w.org\/{rel}","templated":true}]}}