{"id":2608,"date":"2024-01-31T11:25:15","date_gmt":"2024-01-31T11:25:15","guid":{"rendered":"https:\/\/blogdobispo.com.br\/?p=2608"},"modified":"2024-01-31T11:25:15","modified_gmt":"2024-01-31T11:25:15","slug":"eribaldo-medeiros-destina-recursos-para-o-centro-nautico-potengy","status":"publish","type":"post","link":"https:\/\/blogdobispo.com.br\/?p=2608","title":{"rendered":"Eribaldo Medeiros destina recursos para o Centro N\u00e1utico Potengy"},"content":{"rendered":"\n<figure class=\"wp-block-image size-large\"><img data-recalc-dims=\"1\" fetchpriority=\"high\" decoding=\"async\" width=\"768\" height=\"1024\" src=\"https:\/\/i0.wp.com\/blogdobispo.com.br\/wp-content\/uploads\/2024\/01\/83ae7978-8762-48dc-a9c5-0e8b709a4044-1-768x1024.jpg?resize=768%2C1024&#038;ssl=1\" class=\"wp-image-2607\" srcset=\"https:\/\/i0.wp.com\/blogdobispo.com.br\/wp-content\/uploads\/2024\/01\/83ae7978-8762-48dc-a9c5-0e8b709a4044-1.jpg?resize=768%2C1024&amp;ssl=1 768w, https:\/\/i0.wp.com\/blogdobispo.com.br\/wp-content\/uploads\/2024\/01\/83ae7978-8762-48dc-a9c5-0e8b709a4044-1.jpg?resize=225%2C300&amp;ssl=1 225w, https:\/\/i0.wp.com\/blogdobispo.com.br\/wp-content\/uploads\/2024\/01\/83ae7978-8762-48dc-a9c5-0e8b709a4044-1.jpg?resize=1152%2C1536&amp;ssl=1 1152w, https:\/\/i0.wp.com\/blogdobispo.com.br\/wp-content\/uploads\/2024\/01\/83ae7978-8762-48dc-a9c5-0e8b709a4044-1.jpg?resize=1024%2C1365&amp;ssl=1 1024w, https:\/\/i0.wp.com\/blogdobispo.com.br\/wp-content\/uploads\/2024\/01\/83ae7978-8762-48dc-a9c5-0e8b709a4044-1.jpg?w=1200&amp;ssl=1 1200w\" sizes=\"(max-width: 768px) 100vw, 768px\" \/><\/figure>\n\n\n\n<p>O Centro N\u00e1utico Potengy \u00e9 uma instala\u00e7\u00e3o dedicada \u00e0 pr\u00e1tica de esportes n\u00e1uticos localizada \u00e0s margens do Rio Potengi. Com uma infraestrutura moderna, oferece oportunidades para atividades como remo, vela e canoagem. Seu ambiente prop\u00edcio e instrutores qualificados tornam o local ideal para iniciantes e experientes explorarem as \u00e1guas. Al\u00e9m das atividades esportivas, o centro tamb\u00e9m promove eventos e competi\u00e7\u00f5es, contribuindo para a promo\u00e7\u00e3o do esporte na regi\u00e3o. Com uma vista deslumbrante, \u00e9 um espa\u00e7o que atrai tanto amantes de esportes n\u00e1uticos quanto aqueles que buscam desfrutar de momentos relaxantes \u00e0 beira do rio. O Centro N\u00e1utico Potengi desempenha um papel importante no fomento do turismo e lazer na \u00e1rea, proporcionando uma experi\u00eancia \u00fanica aos visitantes.<\/p>\n\n\n\n<p><\/p>\n\n\n\n<p>Na manh\u00e3 de ontem (30), o mandato do vereador Eribaldo Medeiros entregou aos diretores do Centro N\u00e1utico Potengy uma emenda parlamentar pra garantir a compra de equipamentos e ajudar no projeto social pra crian\u00e7as e adolescentes que o clube desenvolve pra nossa sociedade natalense.<\/p>\n\n\n\n<p>\u201cSabemos que o esporte traz muitos benef\u00edcios para quem o pratica. Al\u00e9m de fazer bem para o corpo e a mente, a pr\u00e1tica facilita a socializa\u00e7\u00e3o, ajuda na disciplina, aumenta a autoconfian\u00e7a, melhora a concentra\u00e7\u00e3o, ensina a exercer a lideran\u00e7a e a lidar com a competitividade de forma positiva (aprender com a vit\u00f3ria e com a derrota), entre tantos outros benef\u00edcios.<\/p>\n\n\n\n<p>Investir no esporte \u00e9 investir diretamente no futuro de nosso pa\u00eds. Que nossas crian\u00e7as e jovens possam crescer com sa\u00fade, bem-estar e, principalmente, no caminho do bem\u201d disse o vereador no ato da entrega da emenda. <\/p>\n\n\n\n<p><\/p>\n","protected":false},"excerpt":{"rendered":"<p>O Centro N\u00e1utico Potengy \u00e9 uma instala\u00e7\u00e3o dedicada \u00e0 pr\u00e1tica de esportes n\u00e1uticos localizada \u00e0s margens do Rio Potengi. Com uma infraestrutura moderna, oferece oportunidades para atividades como remo, vela e canoagem. Seu ambiente prop\u00edcio e instrutores qualificados tornam o local ideal para iniciantes e experientes explorarem as \u00e1guas. Al\u00e9m das atividades esportivas, o centro [&hellip;]<\/p>\n","protected":false},"author":1,"featured_media":0,"comment_status":"open","ping_status":"open","sticky":false,"template":"","format":"standard","meta":{"cybocfi_hide_featured_image":"","_jetpack_memberships_contains_paid_content":false,"footnotes":""},"categories":[1],"tags":[],"class_list":["post-2608","post","type-post","status-publish","format-standard","hentry","category-diversos"],"yoast_head":"<!-- This site is optimized with the Yoast SEO plugin v25.6 - https:\/\/yoast.com\/wordpress\/plugins\/seo\/ -->\n<title>Eribaldo Medeiros destina recursos para o Centro N\u00e1utico Potengy - Blog do Bispo<\/title>\n<meta name=\"robots\" content=\"index, follow, max-snippet:-1, max-image-preview:large, max-video-preview:-1\" \/>\n<link rel=\"canonical\" href=\"https:\/\/blogdobispo.com.br\/?p=2608\" \/>\n<meta property=\"og:locale\" content=\"pt_BR\" \/>\n<meta property=\"og:type\" content=\"article\" \/>\n<meta property=\"og:title\" content=\"Eribaldo Medeiros destina recursos para o Centro N\u00e1utico Potengy - Blog do Bispo\" \/>\n<meta property=\"og:description\" content=\"O Centro N\u00e1utico Potengy \u00e9 uma instala\u00e7\u00e3o dedicada \u00e0 pr\u00e1tica de esportes n\u00e1uticos localizada \u00e0s margens do Rio Potengi. Com uma infraestrutura moderna, oferece oportunidades para atividades como remo, vela e canoagem. Seu ambiente prop\u00edcio e instrutores qualificados tornam o local ideal para iniciantes e experientes explorarem as \u00e1guas. Al\u00e9m das atividades esportivas, o centro [&hellip;]\" \/>\n<meta property=\"og:url\" content=\"https:\/\/blogdobispo.com.br\/?p=2608\" \/>\n<meta property=\"og:site_name\" content=\"Blog do Bispo\" \/>\n<meta property=\"article:published_time\" content=\"2024-01-31T11:25:15+00:00\" \/>\n<meta property=\"og:image\" content=\"https:\/\/blogdobispo.com.br\/wp-content\/uploads\/2024\/01\/83ae7978-8762-48dc-a9c5-0e8b709a4044-1-768x1024.jpg\" \/>\n<meta name=\"author\" content=\"Jefferson Sterfeno\" \/>\n<meta name=\"twitter:card\" content=\"summary_large_image\" \/>\n<meta name=\"twitter:label1\" content=\"Escrito por\" \/>\n\t<meta name=\"twitter:data1\" content=\"Jefferson Sterfeno\" \/>\n\t<meta name=\"twitter:label2\" content=\"Est. tempo de leitura\" \/>\n\t<meta name=\"twitter:data2\" content=\"1 minuto\" \/>\n<script type=\"application\/ld+json\" class=\"yoast-schema-graph\">{\"@context\":\"https:\/\/schema.org\",\"@graph\":[{\"@type\":\"Article\",\"@id\":\"https:\/\/blogdobispo.com.br\/?p=2608#article\",\"isPartOf\":{\"@id\":\"https:\/\/blogdobispo.com.br\/?p=2608\"},\"author\":{\"name\":\"Jefferson Sterfeno\",\"@id\":\"https:\/\/blogdobispo.com.br\/#\/schema\/person\/e2209cc0e6cea5c5233d033e997b373f\"},\"headline\":\"Eribaldo Medeiros destina recursos para o Centro N\u00e1utico Potengy\",\"datePublished\":\"2024-01-31T11:25:15+00:00\",\"mainEntityOfPage\":{\"@id\":\"https:\/\/blogdobispo.com.br\/?p=2608\"},\"wordCount\":289,\"commentCount\":0,\"publisher\":{\"@id\":\"https:\/\/blogdobispo.com.br\/#organization\"},\"image\":{\"@id\":\"https:\/\/blogdobispo.com.br\/?p=2608#primaryimage\"},\"thumbnailUrl\":\"https:\/\/blogdobispo.com.br\/wp-content\/uploads\/2024\/01\/83ae7978-8762-48dc-a9c5-0e8b709a4044-1-768x1024.jpg\",\"articleSection\":[\"diversos\"],\"inLanguage\":\"pt-BR\",\"potentialAction\":[{\"@type\":\"CommentAction\",\"name\":\"Comment\",\"target\":[\"https:\/\/blogdobispo.com.br\/?p=2608#respond\"]}]},{\"@type\":\"WebPage\",\"@id\":\"https:\/\/blogdobispo.com.br\/?p=2608\",\"url\":\"https:\/\/blogdobispo.com.br\/?p=2608\",\"name\":\"Eribaldo Medeiros destina recursos para o Centro N\u00e1utico Potengy - Blog do Bispo\",\"isPartOf\":{\"@id\":\"https:\/\/blogdobispo.com.br\/#website\"},\"primaryImageOfPage\":{\"@id\":\"https:\/\/blogdobispo.com.br\/?p=2608#primaryimage\"},\"image\":{\"@id\":\"https:\/\/blogdobispo.com.br\/?p=2608#primaryimage\"},\"thumbnailUrl\":\"https:\/\/blogdobispo.com.br\/wp-content\/uploads\/2024\/01\/83ae7978-8762-48dc-a9c5-0e8b709a4044-1-768x1024.jpg\",\"datePublished\":\"2024-01-31T11:25:15+00:00\",\"breadcrumb\":{\"@id\":\"https:\/\/blogdobispo.com.br\/?p=2608#breadcrumb\"},\"inLanguage\":\"pt-BR\",\"potentialAction\":[{\"@type\":\"ReadAction\",\"target\":[\"https:\/\/blogdobispo.com.br\/?p=2608\"]}]},{\"@type\":\"ImageObject\",\"inLanguage\":\"pt-BR\",\"@id\":\"https:\/\/blogdobispo.com.br\/?p=2608#primaryimage\",\"url\":\"https:\/\/blogdobispo.com.br\/wp-content\/uploads\/2024\/01\/83ae7978-8762-48dc-a9c5-0e8b709a4044-1-768x1024.jpg\",\"contentUrl\":\"https:\/\/blogdobispo.com.br\/wp-content\/uploads\/2024\/01\/83ae7978-8762-48dc-a9c5-0e8b709a4044-1-768x1024.jpg\"},{\"@type\":\"BreadcrumbList\",\"@id\":\"https:\/\/blogdobispo.com.br\/?p=2608#breadcrumb\",\"itemListElement\":[{\"@type\":\"ListItem\",\"position\":1,\"name\":\"In\u00edcio\",\"item\":\"https:\/\/blogdobispo.com.br\/\"},{\"@type\":\"ListItem\",\"position\":2,\"name\":\"Eribaldo Medeiros destina recursos para o Centro N\u00e1utico Potengy\"}]},{\"@type\":\"WebSite\",\"@id\":\"https:\/\/blogdobispo.com.br\/#website\",\"url\":\"https:\/\/blogdobispo.com.br\/\",\"name\":\"Blog do Bispo\",\"description\":\"Comprometido apenas com o leitor\",\"publisher\":{\"@id\":\"https:\/\/blogdobispo.com.br\/#organization\"},\"potentialAction\":[{\"@type\":\"SearchAction\",\"target\":{\"@type\":\"EntryPoint\",\"urlTemplate\":\"https:\/\/blogdobispo.com.br\/?s={search_term_string}\"},\"query-input\":{\"@type\":\"PropertyValueSpecification\",\"valueRequired\":true,\"valueName\":\"search_term_string\"}}],\"inLanguage\":\"pt-BR\"},{\"@type\":\"Organization\",\"@id\":\"https:\/\/blogdobispo.com.br\/#organization\",\"name\":\"Blog do Bispo\",\"url\":\"https:\/\/blogdobispo.com.br\/\",\"logo\":{\"@type\":\"ImageObject\",\"inLanguage\":\"pt-BR\",\"@id\":\"https:\/\/blogdobispo.com.br\/#\/schema\/logo\/image\/\",\"url\":\"http:\/\/blogdobispo.com.br\/wp-content\/uploads\/2023\/05\/cropped-headear.png\",\"contentUrl\":\"http:\/\/blogdobispo.com.br\/wp-content\/uploads\/2023\/05\/cropped-headear.png\",\"width\":1500,\"height\":399,\"caption\":\"Blog do Bispo\"},\"image\":{\"@id\":\"https:\/\/blogdobispo.com.br\/#\/schema\/logo\/image\/\"}},{\"@type\":\"Person\",\"@id\":\"https:\/\/blogdobispo.com.br\/#\/schema\/person\/e2209cc0e6cea5c5233d033e997b373f\",\"name\":\"Jefferson Sterfeno\",\"image\":{\"@type\":\"ImageObject\",\"inLanguage\":\"pt-BR\",\"@id\":\"https:\/\/blogdobispo.com.br\/#\/schema\/person\/image\/\",\"url\":\"https:\/\/secure.gravatar.com\/avatar\/0534e84764641168a677026b6d57a3f51dc7ac4db0b4f6186d9cb330d4ee1160?s=96&d=mm&r=g\",\"contentUrl\":\"https:\/\/secure.gravatar.com\/avatar\/0534e84764641168a677026b6d57a3f51dc7ac4db0b4f6186d9cb330d4ee1160?s=96&d=mm&r=g\",\"caption\":\"Jefferson Sterfeno\"},\"sameAs\":[\"http:\/\/blogdobispo.com.br\"],\"url\":\"https:\/\/blogdobispo.com.br\/?author=1\"}]}<\/script>\n<!-- \/ Yoast SEO plugin. -->","yoast_head_json":{"title":"Eribaldo Medeiros destina recursos para o Centro N\u00e1utico Potengy - Blog do Bispo","robots":{"index":"index","follow":"follow","max-snippet":"max-snippet:-1","max-image-preview":"max-image-preview:large","max-video-preview":"max-video-preview:-1"},"canonical":"https:\/\/blogdobispo.com.br\/?p=2608","og_locale":"pt_BR","og_type":"article","og_title":"Eribaldo Medeiros destina recursos para o Centro N\u00e1utico Potengy - Blog do Bispo","og_description":"O Centro N\u00e1utico Potengy \u00e9 uma instala\u00e7\u00e3o dedicada \u00e0 pr\u00e1tica de esportes n\u00e1uticos localizada \u00e0s margens do Rio Potengi. Com uma infraestrutura moderna, oferece oportunidades para atividades como remo, vela e canoagem. Seu ambiente prop\u00edcio e instrutores qualificados tornam o local ideal para iniciantes e experientes explorarem as \u00e1guas. Al\u00e9m das atividades esportivas, o centro [&hellip;]","og_url":"https:\/\/blogdobispo.com.br\/?p=2608","og_site_name":"Blog do Bispo","article_published_time":"2024-01-31T11:25:15+00:00","og_image":[{"url":"https:\/\/blogdobispo.com.br\/wp-content\/uploads\/2024\/01\/83ae7978-8762-48dc-a9c5-0e8b709a4044-1-768x1024.jpg","type":"","width":"","height":""}],"author":"Jefferson Sterfeno","twitter_card":"summary_large_image","twitter_misc":{"Escrito por":"Jefferson Sterfeno","Est. tempo de leitura":"1 minuto"},"schema":{"@context":"https:\/\/schema.org","@graph":[{"@type":"Article","@id":"https:\/\/blogdobispo.com.br\/?p=2608#article","isPartOf":{"@id":"https:\/\/blogdobispo.com.br\/?p=2608"},"author":{"name":"Jefferson Sterfeno","@id":"https:\/\/blogdobispo.com.br\/#\/schema\/person\/e2209cc0e6cea5c5233d033e997b373f"},"headline":"Eribaldo Medeiros destina recursos para o Centro N\u00e1utico Potengy","datePublished":"2024-01-31T11:25:15+00:00","mainEntityOfPage":{"@id":"https:\/\/blogdobispo.com.br\/?p=2608"},"wordCount":289,"commentCount":0,"publisher":{"@id":"https:\/\/blogdobispo.com.br\/#organization"},"image":{"@id":"https:\/\/blogdobispo.com.br\/?p=2608#primaryimage"},"thumbnailUrl":"https:\/\/blogdobispo.com.br\/wp-content\/uploads\/2024\/01\/83ae7978-8762-48dc-a9c5-0e8b709a4044-1-768x1024.jpg","articleSection":["diversos"],"inLanguage":"pt-BR","potentialAction":[{"@type":"CommentAction","name":"Comment","target":["https:\/\/blogdobispo.com.br\/?p=2608#respond"]}]},{"@type":"WebPage","@id":"https:\/\/blogdobispo.com.br\/?p=2608","url":"https:\/\/blogdobispo.com.br\/?p=2608","name":"Eribaldo Medeiros destina recursos para o Centro N\u00e1utico Potengy - Blog do Bispo","isPartOf":{"@id":"https:\/\/blogdobispo.com.br\/#website"},"primaryImageOfPage":{"@id":"https:\/\/blogdobispo.com.br\/?p=2608#primaryimage"},"image":{"@id":"https:\/\/blogdobispo.com.br\/?p=2608#primaryimage"},"thumbnailUrl":"https:\/\/blogdobispo.com.br\/wp-content\/uploads\/2024\/01\/83ae7978-8762-48dc-a9c5-0e8b709a4044-1-768x1024.jpg","datePublished":"2024-01-31T11:25:15+00:00","breadcrumb":{"@id":"https:\/\/blogdobispo.com.br\/?p=2608#breadcrumb"},"inLanguage":"pt-BR","potentialAction":[{"@type":"ReadAction","target":["https:\/\/blogdobispo.com.br\/?p=2608"]}]},{"@type":"ImageObject","inLanguage":"pt-BR","@id":"https:\/\/blogdobispo.com.br\/?p=2608#primaryimage","url":"https:\/\/blogdobispo.com.br\/wp-content\/uploads\/2024\/01\/83ae7978-8762-48dc-a9c5-0e8b709a4044-1-768x1024.jpg","contentUrl":"https:\/\/blogdobispo.com.br\/wp-content\/uploads\/2024\/01\/83ae7978-8762-48dc-a9c5-0e8b709a4044-1-768x1024.jpg"},{"@type":"BreadcrumbList","@id":"https:\/\/blogdobispo.com.br\/?p=2608#breadcrumb","itemListElement":[{"@type":"ListItem","position":1,"name":"In\u00edcio","item":"https:\/\/blogdobispo.com.br\/"},{"@type":"ListItem","position":2,"name":"Eribaldo Medeiros destina recursos para o Centro N\u00e1utico Potengy"}]},{"@type":"WebSite","@id":"https:\/\/blogdobispo.com.br\/#website","url":"https:\/\/blogdobispo.com.br\/","name":"Blog do Bispo","description":"Comprometido apenas com o leitor","publisher":{"@id":"https:\/\/blogdobispo.com.br\/#organization"},"potentialAction":[{"@type":"SearchAction","target":{"@type":"EntryPoint","urlTemplate":"https:\/\/blogdobispo.com.br\/?s={search_term_string}"},"query-input":{"@type":"PropertyValueSpecification","valueRequired":true,"valueName":"search_term_string"}}],"inLanguage":"pt-BR"},{"@type":"Organization","@id":"https:\/\/blogdobispo.com.br\/#organization","name":"Blog do Bispo","url":"https:\/\/blogdobispo.com.br\/","logo":{"@type":"ImageObject","inLanguage":"pt-BR","@id":"https:\/\/blogdobispo.com.br\/#\/schema\/logo\/image\/","url":"http:\/\/blogdobispo.com.br\/wp-content\/uploads\/2023\/05\/cropped-headear.png","contentUrl":"http:\/\/blogdobispo.com.br\/wp-content\/uploads\/2023\/05\/cropped-headear.png","width":1500,"height":399,"caption":"Blog do Bispo"},"image":{"@id":"https:\/\/blogdobispo.com.br\/#\/schema\/logo\/image\/"}},{"@type":"Person","@id":"https:\/\/blogdobispo.com.br\/#\/schema\/person\/e2209cc0e6cea5c5233d033e997b373f","name":"Jefferson Sterfeno","image":{"@type":"ImageObject","inLanguage":"pt-BR","@id":"https:\/\/blogdobispo.com.br\/#\/schema\/person\/image\/","url":"https:\/\/secure.gravatar.com\/avatar\/0534e84764641168a677026b6d57a3f51dc7ac4db0b4f6186d9cb330d4ee1160?s=96&d=mm&r=g","contentUrl":"https:\/\/secure.gravatar.com\/avatar\/0534e84764641168a677026b6d57a3f51dc7ac4db0b4f6186d9cb330d4ee1160?s=96&d=mm&r=g","caption":"Jefferson Sterfeno"},"sameAs":["http:\/\/blogdobispo.com.br"],"url":"https:\/\/blogdobispo.com.br\/?author=1"}]}},"featured_image_urls":{"full":"","thumbnail":"","medium":"","medium_large":"","large":"","1536x1536":"","2048x2048":""},"author_info":{"display_name":"Jefferson Sterfeno","author_link":"https:\/\/blogdobispo.com.br\/?author=1"},"category_info":"<a href=\"https:\/\/blogdobispo.com.br\/?cat=1\" rel=\"category\">diversos<\/a>","tag_info":"diversos","comment_count":"0","jetpack_featured_media_url":"","jetpack_sharing_enabled":true,"_links":{"self":[{"href":"https:\/\/blogdobispo.com.br\/index.php?rest_route=\/wp\/v2\/posts\/2608","targetHints":{"allow":["GET"]}}],"collection":[{"href":"https:\/\/blogdobispo.com.br\/index.php?rest_route=\/wp\/v2\/posts"}],"about":[{"href":"https:\/\/blogdobispo.com.br\/index.php?rest_route=\/wp\/v2\/types\/post"}],"author":[{"embeddable":true,"href":"https:\/\/blogdobispo.com.br\/index.php?rest_route=\/wp\/v2\/users\/1"}],"replies":[{"embeddable":true,"href":"https:\/\/blogdobispo.com.br\/index.php?rest_route=%2Fwp%2Fv2%2Fcomments&post=2608"}],"version-history":[{"count":0,"href":"https:\/\/blogdobispo.com.br\/index.php?rest_route=\/wp\/v2\/posts\/2608\/revisions"}],"wp:attachment":[{"href":"https:\/\/blogdobispo.com.br\/index.php?rest_route=%2Fwp%2Fv2%2Fmedia&parent=2608"}],"wp:term":[{"taxonomy":"category","embeddable":true,"href":"https:\/\/blogdobispo.com.br\/index.php?rest_route=%2Fwp%2Fv2%2Fcategories&post=2608"},{"taxonomy":"post_tag","embeddable":true,"href":"https:\/\/blogdobispo.com.br\/index.php?rest_route=%2Fwp%2Fv2%2Ftags&post=2608"}],"curies":[{"name":"wp","href":"https:\/\/api.w.org\/{rel}","templated":true}]}}