{"id":2589,"date":"2024-01-26T16:44:17","date_gmt":"2024-01-26T16:44:17","guid":{"rendered":"https:\/\/blogdobispo.com.br\/?p=2589"},"modified":"2024-01-26T16:44:17","modified_gmt":"2024-01-26T16:44:17","slug":"vereador-de-natal-se-destaca-em-defesa-das-questoes-ambientais","status":"publish","type":"post","link":"https:\/\/blogdobispo.com.br\/?p=2589","title":{"rendered":"Vereador de Natal se destaca em defesa das quest\u00f5es ambientais"},"content":{"rendered":"\n<p>O vereador de Natal Eribaldo Medeiros-REDE tem se destacado na defesa do meio ambiente atrav\u00e9s de v\u00e1rias a\u00e7\u00f5es do seu mandato. <\/p>\n\n\n\n<p>A mais recente foi a reforma da Pra\u00e7a do Carit\u00f3 nas Rocas. O mandato de Eribaldo reurbanizou a pra\u00e7a atrav\u00e9s de novo paisagismo, conserto dos bancos e pintura, transformando o espa\u00e7o p\u00fablico outrora abandonado. <\/p>\n\n\n\n<p>S\u00e3o diversas outras a\u00e7\u00f5es do vereador, como a retirada de pneus das ruas, e a reutiliza\u00e7\u00e3o para v\u00e1rios fins. Al\u00e9m do plantio de sementes, trazendo mais vida a Natal. <\/p>\n\n\n\n<p><\/p>\n\n\n\n<p>Natal, localizada no nordeste do Brasil, \u00e9 aben\u00e7oada por uma natureza exuberante, mas tamb\u00e9m enfrenta desafios ambientais. As praias paradis\u00edacas, como Ponta Negra e Genipabu, sofrem com a polui\u00e7\u00e3o costeira, exigindo medidas de preserva\u00e7\u00e3o urgentes.<\/p>\n\n\n\n<p>O vereador Eribaldo \u00e9 destaque atrav\u00e9s do seu discurso em favor do meio ambiente. <\/p>\n\n\n\n<hr class=\"wp-block-separator has-alpha-channel-opacity\"\/>\n\n\n\n<figure class=\"wp-block-image size-large\"><img data-recalc-dims=\"1\" fetchpriority=\"high\" decoding=\"async\" width=\"594\" height=\"1024\" src=\"https:\/\/i0.wp.com\/blogdobispo.com.br\/wp-content\/uploads\/2024\/01\/img_5367-1-594x1024.jpg?resize=594%2C1024&#038;ssl=1\" class=\"wp-image-2588\" srcset=\"https:\/\/i0.wp.com\/blogdobispo.com.br\/wp-content\/uploads\/2024\/01\/img_5367-1.jpg?resize=594%2C1024&amp;ssl=1 594w, https:\/\/i0.wp.com\/blogdobispo.com.br\/wp-content\/uploads\/2024\/01\/img_5367-1.jpg?resize=174%2C300&amp;ssl=1 174w, https:\/\/i0.wp.com\/blogdobispo.com.br\/wp-content\/uploads\/2024\/01\/img_5367-1.jpg?resize=768%2C1324&amp;ssl=1 768w, https:\/\/i0.wp.com\/blogdobispo.com.br\/wp-content\/uploads\/2024\/01\/img_5367-1.jpg?w=828&amp;ssl=1 828w\" sizes=\"(max-width: 594px) 100vw, 594px\" \/><\/figure>\n\n\n\n<p>A urbaniza\u00e7\u00e3o r\u00e1pida da cidade resultou em crescente press\u00e3o sobre os recursos naturais, levando ao desmatamento e comprometendo ecossistemas locais. A conscientiza\u00e7\u00e3o ambiental \u00e9 crucial para promover pr\u00e1ticas sustent\u00e1veis entre os habitantes de Natal.<\/p>\n\n\n\n<p>Programas de reciclagem e a promo\u00e7\u00e3o de energias renov\u00e1veis s\u00e3o iniciativas essenciais para mitigar os impactos negativos. Al\u00e9m disso, a preserva\u00e7\u00e3o das \u00e1reas verdes, como o Parque das Dunas, \u00e9 vital para manter o equil\u00edbrio ecol\u00f3gico na regi\u00e3o.<\/p>\n\n\n\n<p>A biodiversidade \u00fanica do litoral potiguar precisa ser protegida contra a expans\u00e3o desordenada. A educa\u00e7\u00e3o ambiental nas escolas e a participa\u00e7\u00e3o da comunidade s\u00e3o estrat\u00e9gias eficazes para assegurar um futuro mais sustent\u00e1vel para Natal e seu meio ambiente rico e delicado.<\/p>\n","protected":false},"excerpt":{"rendered":"<p>O vereador de Natal Eribaldo Medeiros-REDE tem se destacado na defesa do meio ambiente atrav\u00e9s de v\u00e1rias a\u00e7\u00f5es do seu mandato. A mais recente foi a reforma da Pra\u00e7a do Carit\u00f3 nas Rocas. O mandato de Eribaldo reurbanizou a pra\u00e7a atrav\u00e9s de novo paisagismo, conserto dos bancos e pintura, transformando o espa\u00e7o p\u00fablico outrora abandonado. [&hellip;]<\/p>\n","protected":false},"author":1,"featured_media":0,"comment_status":"open","ping_status":"open","sticky":false,"template":"","format":"standard","meta":{"cybocfi_hide_featured_image":"","_jetpack_memberships_contains_paid_content":false,"footnotes":""},"categories":[1],"tags":[],"class_list":["post-2589","post","type-post","status-publish","format-standard","hentry","category-diversos"],"yoast_head":"<!-- This site is optimized with the Yoast SEO plugin v25.6 - https:\/\/yoast.com\/wordpress\/plugins\/seo\/ -->\n<title>Vereador de Natal se destaca em defesa das quest\u00f5es ambientais - Blog do Bispo<\/title>\n<meta name=\"robots\" content=\"index, follow, max-snippet:-1, max-image-preview:large, max-video-preview:-1\" \/>\n<link rel=\"canonical\" href=\"https:\/\/blogdobispo.com.br\/?p=2589\" \/>\n<meta property=\"og:locale\" content=\"pt_BR\" \/>\n<meta property=\"og:type\" content=\"article\" \/>\n<meta property=\"og:title\" content=\"Vereador de Natal se destaca em defesa das quest\u00f5es ambientais - Blog do Bispo\" \/>\n<meta property=\"og:description\" content=\"O vereador de Natal Eribaldo Medeiros-REDE tem se destacado na defesa do meio ambiente atrav\u00e9s de v\u00e1rias a\u00e7\u00f5es do seu mandato. A mais recente foi a reforma da Pra\u00e7a do Carit\u00f3 nas Rocas. O mandato de Eribaldo reurbanizou a pra\u00e7a atrav\u00e9s de novo paisagismo, conserto dos bancos e pintura, transformando o espa\u00e7o p\u00fablico outrora abandonado. [&hellip;]\" \/>\n<meta property=\"og:url\" content=\"https:\/\/blogdobispo.com.br\/?p=2589\" \/>\n<meta property=\"og:site_name\" content=\"Blog do Bispo\" \/>\n<meta property=\"article:published_time\" content=\"2024-01-26T16:44:17+00:00\" \/>\n<meta property=\"og:image\" content=\"https:\/\/blogdobispo.com.br\/wp-content\/uploads\/2024\/01\/img_5367-1-594x1024.jpg\" \/>\n<meta name=\"author\" content=\"Jefferson Sterfeno\" \/>\n<meta name=\"twitter:card\" content=\"summary_large_image\" \/>\n<meta name=\"twitter:label1\" content=\"Escrito por\" \/>\n\t<meta name=\"twitter:data1\" content=\"Jefferson Sterfeno\" \/>\n\t<meta name=\"twitter:label2\" content=\"Est. tempo de leitura\" \/>\n\t<meta name=\"twitter:data2\" content=\"1 minuto\" \/>\n<script type=\"application\/ld+json\" class=\"yoast-schema-graph\">{\"@context\":\"https:\/\/schema.org\",\"@graph\":[{\"@type\":\"Article\",\"@id\":\"https:\/\/blogdobispo.com.br\/?p=2589#article\",\"isPartOf\":{\"@id\":\"https:\/\/blogdobispo.com.br\/?p=2589\"},\"author\":{\"name\":\"Jefferson Sterfeno\",\"@id\":\"https:\/\/blogdobispo.com.br\/#\/schema\/person\/e2209cc0e6cea5c5233d033e997b373f\"},\"headline\":\"Vereador de Natal se destaca em defesa das quest\u00f5es ambientais\",\"datePublished\":\"2024-01-26T16:44:17+00:00\",\"mainEntityOfPage\":{\"@id\":\"https:\/\/blogdobispo.com.br\/?p=2589\"},\"wordCount\":292,\"commentCount\":0,\"publisher\":{\"@id\":\"https:\/\/blogdobispo.com.br\/#organization\"},\"image\":{\"@id\":\"https:\/\/blogdobispo.com.br\/?p=2589#primaryimage\"},\"thumbnailUrl\":\"https:\/\/blogdobispo.com.br\/wp-content\/uploads\/2024\/01\/img_5367-1-594x1024.jpg\",\"articleSection\":[\"diversos\"],\"inLanguage\":\"pt-BR\",\"potentialAction\":[{\"@type\":\"CommentAction\",\"name\":\"Comment\",\"target\":[\"https:\/\/blogdobispo.com.br\/?p=2589#respond\"]}]},{\"@type\":\"WebPage\",\"@id\":\"https:\/\/blogdobispo.com.br\/?p=2589\",\"url\":\"https:\/\/blogdobispo.com.br\/?p=2589\",\"name\":\"Vereador de Natal se destaca em defesa das quest\u00f5es ambientais - Blog do Bispo\",\"isPartOf\":{\"@id\":\"https:\/\/blogdobispo.com.br\/#website\"},\"primaryImageOfPage\":{\"@id\":\"https:\/\/blogdobispo.com.br\/?p=2589#primaryimage\"},\"image\":{\"@id\":\"https:\/\/blogdobispo.com.br\/?p=2589#primaryimage\"},\"thumbnailUrl\":\"https:\/\/blogdobispo.com.br\/wp-content\/uploads\/2024\/01\/img_5367-1-594x1024.jpg\",\"datePublished\":\"2024-01-26T16:44:17+00:00\",\"breadcrumb\":{\"@id\":\"https:\/\/blogdobispo.com.br\/?p=2589#breadcrumb\"},\"inLanguage\":\"pt-BR\",\"potentialAction\":[{\"@type\":\"ReadAction\",\"target\":[\"https:\/\/blogdobispo.com.br\/?p=2589\"]}]},{\"@type\":\"ImageObject\",\"inLanguage\":\"pt-BR\",\"@id\":\"https:\/\/blogdobispo.com.br\/?p=2589#primaryimage\",\"url\":\"https:\/\/blogdobispo.com.br\/wp-content\/uploads\/2024\/01\/img_5367-1-594x1024.jpg\",\"contentUrl\":\"https:\/\/blogdobispo.com.br\/wp-content\/uploads\/2024\/01\/img_5367-1-594x1024.jpg\"},{\"@type\":\"BreadcrumbList\",\"@id\":\"https:\/\/blogdobispo.com.br\/?p=2589#breadcrumb\",\"itemListElement\":[{\"@type\":\"ListItem\",\"position\":1,\"name\":\"In\u00edcio\",\"item\":\"https:\/\/blogdobispo.com.br\/\"},{\"@type\":\"ListItem\",\"position\":2,\"name\":\"Vereador de Natal se destaca em defesa das quest\u00f5es ambientais\"}]},{\"@type\":\"WebSite\",\"@id\":\"https:\/\/blogdobispo.com.br\/#website\",\"url\":\"https:\/\/blogdobispo.com.br\/\",\"name\":\"Blog do Bispo\",\"description\":\"Comprometido apenas com o leitor\",\"publisher\":{\"@id\":\"https:\/\/blogdobispo.com.br\/#organization\"},\"potentialAction\":[{\"@type\":\"SearchAction\",\"target\":{\"@type\":\"EntryPoint\",\"urlTemplate\":\"https:\/\/blogdobispo.com.br\/?s={search_term_string}\"},\"query-input\":{\"@type\":\"PropertyValueSpecification\",\"valueRequired\":true,\"valueName\":\"search_term_string\"}}],\"inLanguage\":\"pt-BR\"},{\"@type\":\"Organization\",\"@id\":\"https:\/\/blogdobispo.com.br\/#organization\",\"name\":\"Blog do Bispo\",\"url\":\"https:\/\/blogdobispo.com.br\/\",\"logo\":{\"@type\":\"ImageObject\",\"inLanguage\":\"pt-BR\",\"@id\":\"https:\/\/blogdobispo.com.br\/#\/schema\/logo\/image\/\",\"url\":\"http:\/\/blogdobispo.com.br\/wp-content\/uploads\/2023\/05\/cropped-headear.png\",\"contentUrl\":\"http:\/\/blogdobispo.com.br\/wp-content\/uploads\/2023\/05\/cropped-headear.png\",\"width\":1500,\"height\":399,\"caption\":\"Blog do Bispo\"},\"image\":{\"@id\":\"https:\/\/blogdobispo.com.br\/#\/schema\/logo\/image\/\"}},{\"@type\":\"Person\",\"@id\":\"https:\/\/blogdobispo.com.br\/#\/schema\/person\/e2209cc0e6cea5c5233d033e997b373f\",\"name\":\"Jefferson Sterfeno\",\"image\":{\"@type\":\"ImageObject\",\"inLanguage\":\"pt-BR\",\"@id\":\"https:\/\/blogdobispo.com.br\/#\/schema\/person\/image\/\",\"url\":\"https:\/\/secure.gravatar.com\/avatar\/0534e84764641168a677026b6d57a3f51dc7ac4db0b4f6186d9cb330d4ee1160?s=96&d=mm&r=g\",\"contentUrl\":\"https:\/\/secure.gravatar.com\/avatar\/0534e84764641168a677026b6d57a3f51dc7ac4db0b4f6186d9cb330d4ee1160?s=96&d=mm&r=g\",\"caption\":\"Jefferson Sterfeno\"},\"sameAs\":[\"http:\/\/blogdobispo.com.br\"],\"url\":\"https:\/\/blogdobispo.com.br\/?author=1\"}]}<\/script>\n<!-- \/ Yoast SEO plugin. -->","yoast_head_json":{"title":"Vereador de Natal se destaca em defesa das quest\u00f5es ambientais - Blog do Bispo","robots":{"index":"index","follow":"follow","max-snippet":"max-snippet:-1","max-image-preview":"max-image-preview:large","max-video-preview":"max-video-preview:-1"},"canonical":"https:\/\/blogdobispo.com.br\/?p=2589","og_locale":"pt_BR","og_type":"article","og_title":"Vereador de Natal se destaca em defesa das quest\u00f5es ambientais - Blog do Bispo","og_description":"O vereador de Natal Eribaldo Medeiros-REDE tem se destacado na defesa do meio ambiente atrav\u00e9s de v\u00e1rias a\u00e7\u00f5es do seu mandato. A mais recente foi a reforma da Pra\u00e7a do Carit\u00f3 nas Rocas. O mandato de Eribaldo reurbanizou a pra\u00e7a atrav\u00e9s de novo paisagismo, conserto dos bancos e pintura, transformando o espa\u00e7o p\u00fablico outrora abandonado. [&hellip;]","og_url":"https:\/\/blogdobispo.com.br\/?p=2589","og_site_name":"Blog do Bispo","article_published_time":"2024-01-26T16:44:17+00:00","og_image":[{"url":"https:\/\/blogdobispo.com.br\/wp-content\/uploads\/2024\/01\/img_5367-1-594x1024.jpg","type":"","width":"","height":""}],"author":"Jefferson Sterfeno","twitter_card":"summary_large_image","twitter_misc":{"Escrito por":"Jefferson Sterfeno","Est. tempo de leitura":"1 minuto"},"schema":{"@context":"https:\/\/schema.org","@graph":[{"@type":"Article","@id":"https:\/\/blogdobispo.com.br\/?p=2589#article","isPartOf":{"@id":"https:\/\/blogdobispo.com.br\/?p=2589"},"author":{"name":"Jefferson Sterfeno","@id":"https:\/\/blogdobispo.com.br\/#\/schema\/person\/e2209cc0e6cea5c5233d033e997b373f"},"headline":"Vereador de Natal se destaca em defesa das quest\u00f5es ambientais","datePublished":"2024-01-26T16:44:17+00:00","mainEntityOfPage":{"@id":"https:\/\/blogdobispo.com.br\/?p=2589"},"wordCount":292,"commentCount":0,"publisher":{"@id":"https:\/\/blogdobispo.com.br\/#organization"},"image":{"@id":"https:\/\/blogdobispo.com.br\/?p=2589#primaryimage"},"thumbnailUrl":"https:\/\/blogdobispo.com.br\/wp-content\/uploads\/2024\/01\/img_5367-1-594x1024.jpg","articleSection":["diversos"],"inLanguage":"pt-BR","potentialAction":[{"@type":"CommentAction","name":"Comment","target":["https:\/\/blogdobispo.com.br\/?p=2589#respond"]}]},{"@type":"WebPage","@id":"https:\/\/blogdobispo.com.br\/?p=2589","url":"https:\/\/blogdobispo.com.br\/?p=2589","name":"Vereador de Natal se destaca em defesa das quest\u00f5es ambientais - Blog do Bispo","isPartOf":{"@id":"https:\/\/blogdobispo.com.br\/#website"},"primaryImageOfPage":{"@id":"https:\/\/blogdobispo.com.br\/?p=2589#primaryimage"},"image":{"@id":"https:\/\/blogdobispo.com.br\/?p=2589#primaryimage"},"thumbnailUrl":"https:\/\/blogdobispo.com.br\/wp-content\/uploads\/2024\/01\/img_5367-1-594x1024.jpg","datePublished":"2024-01-26T16:44:17+00:00","breadcrumb":{"@id":"https:\/\/blogdobispo.com.br\/?p=2589#breadcrumb"},"inLanguage":"pt-BR","potentialAction":[{"@type":"ReadAction","target":["https:\/\/blogdobispo.com.br\/?p=2589"]}]},{"@type":"ImageObject","inLanguage":"pt-BR","@id":"https:\/\/blogdobispo.com.br\/?p=2589#primaryimage","url":"https:\/\/blogdobispo.com.br\/wp-content\/uploads\/2024\/01\/img_5367-1-594x1024.jpg","contentUrl":"https:\/\/blogdobispo.com.br\/wp-content\/uploads\/2024\/01\/img_5367-1-594x1024.jpg"},{"@type":"BreadcrumbList","@id":"https:\/\/blogdobispo.com.br\/?p=2589#breadcrumb","itemListElement":[{"@type":"ListItem","position":1,"name":"In\u00edcio","item":"https:\/\/blogdobispo.com.br\/"},{"@type":"ListItem","position":2,"name":"Vereador de Natal se destaca em defesa das quest\u00f5es ambientais"}]},{"@type":"WebSite","@id":"https:\/\/blogdobispo.com.br\/#website","url":"https:\/\/blogdobispo.com.br\/","name":"Blog do Bispo","description":"Comprometido apenas com o leitor","publisher":{"@id":"https:\/\/blogdobispo.com.br\/#organization"},"potentialAction":[{"@type":"SearchAction","target":{"@type":"EntryPoint","urlTemplate":"https:\/\/blogdobispo.com.br\/?s={search_term_string}"},"query-input":{"@type":"PropertyValueSpecification","valueRequired":true,"valueName":"search_term_string"}}],"inLanguage":"pt-BR"},{"@type":"Organization","@id":"https:\/\/blogdobispo.com.br\/#organization","name":"Blog do Bispo","url":"https:\/\/blogdobispo.com.br\/","logo":{"@type":"ImageObject","inLanguage":"pt-BR","@id":"https:\/\/blogdobispo.com.br\/#\/schema\/logo\/image\/","url":"http:\/\/blogdobispo.com.br\/wp-content\/uploads\/2023\/05\/cropped-headear.png","contentUrl":"http:\/\/blogdobispo.com.br\/wp-content\/uploads\/2023\/05\/cropped-headear.png","width":1500,"height":399,"caption":"Blog do Bispo"},"image":{"@id":"https:\/\/blogdobispo.com.br\/#\/schema\/logo\/image\/"}},{"@type":"Person","@id":"https:\/\/blogdobispo.com.br\/#\/schema\/person\/e2209cc0e6cea5c5233d033e997b373f","name":"Jefferson Sterfeno","image":{"@type":"ImageObject","inLanguage":"pt-BR","@id":"https:\/\/blogdobispo.com.br\/#\/schema\/person\/image\/","url":"https:\/\/secure.gravatar.com\/avatar\/0534e84764641168a677026b6d57a3f51dc7ac4db0b4f6186d9cb330d4ee1160?s=96&d=mm&r=g","contentUrl":"https:\/\/secure.gravatar.com\/avatar\/0534e84764641168a677026b6d57a3f51dc7ac4db0b4f6186d9cb330d4ee1160?s=96&d=mm&r=g","caption":"Jefferson Sterfeno"},"sameAs":["http:\/\/blogdobispo.com.br"],"url":"https:\/\/blogdobispo.com.br\/?author=1"}]}},"featured_image_urls":{"full":"","thumbnail":"","medium":"","medium_large":"","large":"","1536x1536":"","2048x2048":""},"author_info":{"display_name":"Jefferson Sterfeno","author_link":"https:\/\/blogdobispo.com.br\/?author=1"},"category_info":"<a href=\"https:\/\/blogdobispo.com.br\/?cat=1\" rel=\"category\">diversos<\/a>","tag_info":"diversos","comment_count":"0","jetpack_featured_media_url":"","jetpack_sharing_enabled":true,"_links":{"self":[{"href":"https:\/\/blogdobispo.com.br\/index.php?rest_route=\/wp\/v2\/posts\/2589","targetHints":{"allow":["GET"]}}],"collection":[{"href":"https:\/\/blogdobispo.com.br\/index.php?rest_route=\/wp\/v2\/posts"}],"about":[{"href":"https:\/\/blogdobispo.com.br\/index.php?rest_route=\/wp\/v2\/types\/post"}],"author":[{"embeddable":true,"href":"https:\/\/blogdobispo.com.br\/index.php?rest_route=\/wp\/v2\/users\/1"}],"replies":[{"embeddable":true,"href":"https:\/\/blogdobispo.com.br\/index.php?rest_route=%2Fwp%2Fv2%2Fcomments&post=2589"}],"version-history":[{"count":0,"href":"https:\/\/blogdobispo.com.br\/index.php?rest_route=\/wp\/v2\/posts\/2589\/revisions"}],"wp:attachment":[{"href":"https:\/\/blogdobispo.com.br\/index.php?rest_route=%2Fwp%2Fv2%2Fmedia&parent=2589"}],"wp:term":[{"taxonomy":"category","embeddable":true,"href":"https:\/\/blogdobispo.com.br\/index.php?rest_route=%2Fwp%2Fv2%2Fcategories&post=2589"},{"taxonomy":"post_tag","embeddable":true,"href":"https:\/\/blogdobispo.com.br\/index.php?rest_route=%2Fwp%2Fv2%2Ftags&post=2589"}],"curies":[{"name":"wp","href":"https:\/\/api.w.org\/{rel}","templated":true}]}}