{"id":2554,"date":"2024-01-19T18:24:59","date_gmt":"2024-01-19T18:24:59","guid":{"rendered":"https:\/\/blogdobispo.com.br\/?p=2554"},"modified":"2024-01-19T18:25:30","modified_gmt":"2024-01-19T18:25:30","slug":"lei-que-proibe-uso-da-linguagem-neutra-em-escolas-de-natal-e-sancionada","status":"publish","type":"post","link":"https:\/\/blogdobispo.com.br\/?p=2554","title":{"rendered":"<em>Lei que pro\u00edbe uso da linguagem neutra em escolas de Natal \u00e9 sancionada<\/em>"},"content":{"rendered":"\n<figure class=\"wp-block-image size-large\"><img data-recalc-dims=\"1\" fetchpriority=\"high\" decoding=\"async\" width=\"723\" height=\"424\" src=\"https:\/\/i0.wp.com\/blogdobispo.com.br\/wp-content\/uploads\/2024\/01\/acfabbc2-bec1-4c33-9e37-a7a14aadf67b-1.jpg?resize=723%2C424&#038;ssl=1\" alt=\"\" class=\"wp-image-2553\" srcset=\"https:\/\/i0.wp.com\/blogdobispo.com.br\/wp-content\/uploads\/2024\/01\/acfabbc2-bec1-4c33-9e37-a7a14aadf67b-1.jpg?w=723&amp;ssl=1 723w, https:\/\/i0.wp.com\/blogdobispo.com.br\/wp-content\/uploads\/2024\/01\/acfabbc2-bec1-4c33-9e37-a7a14aadf67b-1.jpg?resize=300%2C176&amp;ssl=1 300w\" sizes=\"(max-width: 723px) 100vw, 723px\" \/><\/figure>\n\n\n\n<p><\/p>\n\n\n\n<p>Foi sancionada a lei de autoria do vereador Felipe Alves (Uni\u00e3o Brasil) que pro\u00edbe o uso da denominada linguagem neutra ou dialeto n\u00e3o bin\u00e1rio, ou de qualquer outra que descaracterize a norma culta da L\u00edngua Portuguesa,nas escolas p\u00fablicas e privadas no \u00e2mbito de Natal. A san\u00e7\u00e3o do prefeito \u00c1lvaro Dias foi publicada na edi\u00e7\u00e3o desta sexta-feira (19) do Di\u00e1rio Oficial do Munic\u00edpio.<\/p>\n\n\n\n<p>\u201cPrecisamos proteger nossas crian\u00e7as e sermos intransigentes quanto ao uso correto da l\u00edngua portuguesa, sobretudo no \u00e2mbito escolar. Essa anomalia lingu\u00edstica \u00e9 reprov\u00e1vel e n\u00e3o pode prosperar. Fico muito feliz e parabenizo a gest\u00e3o municipal pela san\u00e7\u00e3o da lei\u201d, destacou o vereador Felipe Alves, propositor da mat\u00e9ria.<\/p>\n\n\n\n<p>Pela norma, fica proibida a utiliza\u00e7\u00e3o da linguagem neutra na matriz curricular, material did\u00e1tico, atividades e exerc\u00edcios escolares avaliativos ou n\u00e3o, impressos ou digitais, bem como em editais de concursos p\u00fablicos e sele\u00e7\u00f5es simplificadas e seus respectivos programas e avalia\u00e7\u00f5es, convoca\u00e7\u00f5es, instru\u00e7\u00f5es normativas, circulares, notas t\u00e9cnicas e documentos oficiais, na capital potiguar.<\/p>\n\n\n\n<p>A lei estabelece como linguagem neutra toda e qualquer modifica\u00e7\u00e3o da part\u00edcula e\/ou do conjunto de padr\u00f5es lingu\u00edsticos determinantes do g\u00eanero das palavras na L\u00edngua Portuguesa, seja na modalidade escrita ou falada, modifica\u00e7\u00e3o essa que vise anular e\/ou indeterminar, na linguagem, o masculino e\/ou feminina.<\/p>\n","protected":false},"excerpt":{"rendered":"<p>Foi sancionada a lei de autoria do vereador Felipe Alves (Uni\u00e3o Brasil) que pro\u00edbe o uso da denominada linguagem neutra ou dialeto n\u00e3o bin\u00e1rio, ou de qualquer outra que descaracterize a norma culta da L\u00edngua Portuguesa,nas escolas p\u00fablicas e privadas no \u00e2mbito de Natal. A san\u00e7\u00e3o do prefeito \u00c1lvaro Dias foi publicada na edi\u00e7\u00e3o desta [&hellip;]<\/p>\n","protected":false},"author":1,"featured_media":0,"comment_status":"open","ping_status":"open","sticky":false,"template":"","format":"standard","meta":{"cybocfi_hide_featured_image":"","_jetpack_memberships_contains_paid_content":false,"footnotes":""},"categories":[1],"tags":[],"class_list":["post-2554","post","type-post","status-publish","format-standard","hentry","category-diversos"],"yoast_head":"<!-- This site is optimized with the Yoast SEO plugin v25.6 - https:\/\/yoast.com\/wordpress\/plugins\/seo\/ -->\n<title>Lei que pro\u00edbe uso da linguagem neutra em escolas de Natal \u00e9 sancionada - Blog do Bispo<\/title>\n<meta name=\"robots\" content=\"index, follow, max-snippet:-1, max-image-preview:large, max-video-preview:-1\" \/>\n<link rel=\"canonical\" href=\"https:\/\/blogdobispo.com.br\/?p=2554\" \/>\n<meta property=\"og:locale\" content=\"pt_BR\" \/>\n<meta property=\"og:type\" content=\"article\" \/>\n<meta property=\"og:title\" content=\"Lei que pro\u00edbe uso da linguagem neutra em escolas de Natal \u00e9 sancionada - Blog do Bispo\" \/>\n<meta property=\"og:description\" content=\"Foi sancionada a lei de autoria do vereador Felipe Alves (Uni\u00e3o Brasil) que pro\u00edbe o uso da denominada linguagem neutra ou dialeto n\u00e3o bin\u00e1rio, ou de qualquer outra que descaracterize a norma culta da L\u00edngua Portuguesa,nas escolas p\u00fablicas e privadas no \u00e2mbito de Natal. A san\u00e7\u00e3o do prefeito \u00c1lvaro Dias foi publicada na edi\u00e7\u00e3o desta [&hellip;]\" \/>\n<meta property=\"og:url\" content=\"https:\/\/blogdobispo.com.br\/?p=2554\" \/>\n<meta property=\"og:site_name\" content=\"Blog do Bispo\" \/>\n<meta property=\"article:published_time\" content=\"2024-01-19T18:24:59+00:00\" \/>\n<meta property=\"article:modified_time\" content=\"2024-01-19T18:25:30+00:00\" \/>\n<meta property=\"og:image\" content=\"https:\/\/blogdobispo.com.br\/wp-content\/uploads\/2024\/01\/acfabbc2-bec1-4c33-9e37-a7a14aadf67b-1.jpg\" \/>\n<meta name=\"author\" content=\"Jefferson Sterfeno\" \/>\n<meta name=\"twitter:card\" content=\"summary_large_image\" \/>\n<meta name=\"twitter:label1\" content=\"Escrito por\" \/>\n\t<meta name=\"twitter:data1\" content=\"Jefferson Sterfeno\" \/>\n\t<meta name=\"twitter:label2\" content=\"Est. tempo de leitura\" \/>\n\t<meta name=\"twitter:data2\" content=\"1 minuto\" \/>\n<script type=\"application\/ld+json\" class=\"yoast-schema-graph\">{\"@context\":\"https:\/\/schema.org\",\"@graph\":[{\"@type\":\"Article\",\"@id\":\"https:\/\/blogdobispo.com.br\/?p=2554#article\",\"isPartOf\":{\"@id\":\"https:\/\/blogdobispo.com.br\/?p=2554\"},\"author\":{\"name\":\"Jefferson Sterfeno\",\"@id\":\"https:\/\/blogdobispo.com.br\/#\/schema\/person\/e2209cc0e6cea5c5233d033e997b373f\"},\"headline\":\"Lei que pro\u00edbe uso da linguagem neutra em escolas de Natal \u00e9 sancionada\",\"datePublished\":\"2024-01-19T18:24:59+00:00\",\"dateModified\":\"2024-01-19T18:25:30+00:00\",\"mainEntityOfPage\":{\"@id\":\"https:\/\/blogdobispo.com.br\/?p=2554\"},\"wordCount\":256,\"commentCount\":0,\"publisher\":{\"@id\":\"https:\/\/blogdobispo.com.br\/#organization\"},\"image\":{\"@id\":\"https:\/\/blogdobispo.com.br\/?p=2554#primaryimage\"},\"thumbnailUrl\":\"https:\/\/blogdobispo.com.br\/wp-content\/uploads\/2024\/01\/acfabbc2-bec1-4c33-9e37-a7a14aadf67b-1.jpg\",\"articleSection\":[\"diversos\"],\"inLanguage\":\"pt-BR\",\"potentialAction\":[{\"@type\":\"CommentAction\",\"name\":\"Comment\",\"target\":[\"https:\/\/blogdobispo.com.br\/?p=2554#respond\"]}]},{\"@type\":\"WebPage\",\"@id\":\"https:\/\/blogdobispo.com.br\/?p=2554\",\"url\":\"https:\/\/blogdobispo.com.br\/?p=2554\",\"name\":\"Lei que pro\u00edbe uso da linguagem neutra em escolas de Natal \u00e9 sancionada - Blog do Bispo\",\"isPartOf\":{\"@id\":\"https:\/\/blogdobispo.com.br\/#website\"},\"primaryImageOfPage\":{\"@id\":\"https:\/\/blogdobispo.com.br\/?p=2554#primaryimage\"},\"image\":{\"@id\":\"https:\/\/blogdobispo.com.br\/?p=2554#primaryimage\"},\"thumbnailUrl\":\"https:\/\/blogdobispo.com.br\/wp-content\/uploads\/2024\/01\/acfabbc2-bec1-4c33-9e37-a7a14aadf67b-1.jpg\",\"datePublished\":\"2024-01-19T18:24:59+00:00\",\"dateModified\":\"2024-01-19T18:25:30+00:00\",\"breadcrumb\":{\"@id\":\"https:\/\/blogdobispo.com.br\/?p=2554#breadcrumb\"},\"inLanguage\":\"pt-BR\",\"potentialAction\":[{\"@type\":\"ReadAction\",\"target\":[\"https:\/\/blogdobispo.com.br\/?p=2554\"]}]},{\"@type\":\"ImageObject\",\"inLanguage\":\"pt-BR\",\"@id\":\"https:\/\/blogdobispo.com.br\/?p=2554#primaryimage\",\"url\":\"https:\/\/blogdobispo.com.br\/wp-content\/uploads\/2024\/01\/acfabbc2-bec1-4c33-9e37-a7a14aadf67b-1.jpg\",\"contentUrl\":\"https:\/\/blogdobispo.com.br\/wp-content\/uploads\/2024\/01\/acfabbc2-bec1-4c33-9e37-a7a14aadf67b-1.jpg\"},{\"@type\":\"BreadcrumbList\",\"@id\":\"https:\/\/blogdobispo.com.br\/?p=2554#breadcrumb\",\"itemListElement\":[{\"@type\":\"ListItem\",\"position\":1,\"name\":\"In\u00edcio\",\"item\":\"https:\/\/blogdobispo.com.br\/\"},{\"@type\":\"ListItem\",\"position\":2,\"name\":\"Lei que pro\u00edbe uso da linguagem neutra em escolas de Natal \u00e9 sancionada\"}]},{\"@type\":\"WebSite\",\"@id\":\"https:\/\/blogdobispo.com.br\/#website\",\"url\":\"https:\/\/blogdobispo.com.br\/\",\"name\":\"Blog do Bispo\",\"description\":\"Comprometido apenas com o leitor\",\"publisher\":{\"@id\":\"https:\/\/blogdobispo.com.br\/#organization\"},\"potentialAction\":[{\"@type\":\"SearchAction\",\"target\":{\"@type\":\"EntryPoint\",\"urlTemplate\":\"https:\/\/blogdobispo.com.br\/?s={search_term_string}\"},\"query-input\":{\"@type\":\"PropertyValueSpecification\",\"valueRequired\":true,\"valueName\":\"search_term_string\"}}],\"inLanguage\":\"pt-BR\"},{\"@type\":\"Organization\",\"@id\":\"https:\/\/blogdobispo.com.br\/#organization\",\"name\":\"Blog do Bispo\",\"url\":\"https:\/\/blogdobispo.com.br\/\",\"logo\":{\"@type\":\"ImageObject\",\"inLanguage\":\"pt-BR\",\"@id\":\"https:\/\/blogdobispo.com.br\/#\/schema\/logo\/image\/\",\"url\":\"http:\/\/blogdobispo.com.br\/wp-content\/uploads\/2023\/05\/cropped-headear.png\",\"contentUrl\":\"http:\/\/blogdobispo.com.br\/wp-content\/uploads\/2023\/05\/cropped-headear.png\",\"width\":1500,\"height\":399,\"caption\":\"Blog do Bispo\"},\"image\":{\"@id\":\"https:\/\/blogdobispo.com.br\/#\/schema\/logo\/image\/\"}},{\"@type\":\"Person\",\"@id\":\"https:\/\/blogdobispo.com.br\/#\/schema\/person\/e2209cc0e6cea5c5233d033e997b373f\",\"name\":\"Jefferson Sterfeno\",\"image\":{\"@type\":\"ImageObject\",\"inLanguage\":\"pt-BR\",\"@id\":\"https:\/\/blogdobispo.com.br\/#\/schema\/person\/image\/\",\"url\":\"https:\/\/secure.gravatar.com\/avatar\/0534e84764641168a677026b6d57a3f51dc7ac4db0b4f6186d9cb330d4ee1160?s=96&d=mm&r=g\",\"contentUrl\":\"https:\/\/secure.gravatar.com\/avatar\/0534e84764641168a677026b6d57a3f51dc7ac4db0b4f6186d9cb330d4ee1160?s=96&d=mm&r=g\",\"caption\":\"Jefferson Sterfeno\"},\"sameAs\":[\"http:\/\/blogdobispo.com.br\"],\"url\":\"https:\/\/blogdobispo.com.br\/?author=1\"}]}<\/script>\n<!-- \/ Yoast SEO plugin. -->","yoast_head_json":{"title":"Lei que pro\u00edbe uso da linguagem neutra em escolas de Natal \u00e9 sancionada - Blog do Bispo","robots":{"index":"index","follow":"follow","max-snippet":"max-snippet:-1","max-image-preview":"max-image-preview:large","max-video-preview":"max-video-preview:-1"},"canonical":"https:\/\/blogdobispo.com.br\/?p=2554","og_locale":"pt_BR","og_type":"article","og_title":"Lei que pro\u00edbe uso da linguagem neutra em escolas de Natal \u00e9 sancionada - Blog do Bispo","og_description":"Foi sancionada a lei de autoria do vereador Felipe Alves (Uni\u00e3o Brasil) que pro\u00edbe o uso da denominada linguagem neutra ou dialeto n\u00e3o bin\u00e1rio, ou de qualquer outra que descaracterize a norma culta da L\u00edngua Portuguesa,nas escolas p\u00fablicas e privadas no \u00e2mbito de Natal. A san\u00e7\u00e3o do prefeito \u00c1lvaro Dias foi publicada na edi\u00e7\u00e3o desta [&hellip;]","og_url":"https:\/\/blogdobispo.com.br\/?p=2554","og_site_name":"Blog do Bispo","article_published_time":"2024-01-19T18:24:59+00:00","article_modified_time":"2024-01-19T18:25:30+00:00","og_image":[{"url":"https:\/\/blogdobispo.com.br\/wp-content\/uploads\/2024\/01\/acfabbc2-bec1-4c33-9e37-a7a14aadf67b-1.jpg","type":"","width":"","height":""}],"author":"Jefferson Sterfeno","twitter_card":"summary_large_image","twitter_misc":{"Escrito por":"Jefferson Sterfeno","Est. tempo de leitura":"1 minuto"},"schema":{"@context":"https:\/\/schema.org","@graph":[{"@type":"Article","@id":"https:\/\/blogdobispo.com.br\/?p=2554#article","isPartOf":{"@id":"https:\/\/blogdobispo.com.br\/?p=2554"},"author":{"name":"Jefferson Sterfeno","@id":"https:\/\/blogdobispo.com.br\/#\/schema\/person\/e2209cc0e6cea5c5233d033e997b373f"},"headline":"Lei que pro\u00edbe uso da linguagem neutra em escolas de Natal \u00e9 sancionada","datePublished":"2024-01-19T18:24:59+00:00","dateModified":"2024-01-19T18:25:30+00:00","mainEntityOfPage":{"@id":"https:\/\/blogdobispo.com.br\/?p=2554"},"wordCount":256,"commentCount":0,"publisher":{"@id":"https:\/\/blogdobispo.com.br\/#organization"},"image":{"@id":"https:\/\/blogdobispo.com.br\/?p=2554#primaryimage"},"thumbnailUrl":"https:\/\/blogdobispo.com.br\/wp-content\/uploads\/2024\/01\/acfabbc2-bec1-4c33-9e37-a7a14aadf67b-1.jpg","articleSection":["diversos"],"inLanguage":"pt-BR","potentialAction":[{"@type":"CommentAction","name":"Comment","target":["https:\/\/blogdobispo.com.br\/?p=2554#respond"]}]},{"@type":"WebPage","@id":"https:\/\/blogdobispo.com.br\/?p=2554","url":"https:\/\/blogdobispo.com.br\/?p=2554","name":"Lei que pro\u00edbe uso da linguagem neutra em escolas de Natal \u00e9 sancionada - Blog do Bispo","isPartOf":{"@id":"https:\/\/blogdobispo.com.br\/#website"},"primaryImageOfPage":{"@id":"https:\/\/blogdobispo.com.br\/?p=2554#primaryimage"},"image":{"@id":"https:\/\/blogdobispo.com.br\/?p=2554#primaryimage"},"thumbnailUrl":"https:\/\/blogdobispo.com.br\/wp-content\/uploads\/2024\/01\/acfabbc2-bec1-4c33-9e37-a7a14aadf67b-1.jpg","datePublished":"2024-01-19T18:24:59+00:00","dateModified":"2024-01-19T18:25:30+00:00","breadcrumb":{"@id":"https:\/\/blogdobispo.com.br\/?p=2554#breadcrumb"},"inLanguage":"pt-BR","potentialAction":[{"@type":"ReadAction","target":["https:\/\/blogdobispo.com.br\/?p=2554"]}]},{"@type":"ImageObject","inLanguage":"pt-BR","@id":"https:\/\/blogdobispo.com.br\/?p=2554#primaryimage","url":"https:\/\/blogdobispo.com.br\/wp-content\/uploads\/2024\/01\/acfabbc2-bec1-4c33-9e37-a7a14aadf67b-1.jpg","contentUrl":"https:\/\/blogdobispo.com.br\/wp-content\/uploads\/2024\/01\/acfabbc2-bec1-4c33-9e37-a7a14aadf67b-1.jpg"},{"@type":"BreadcrumbList","@id":"https:\/\/blogdobispo.com.br\/?p=2554#breadcrumb","itemListElement":[{"@type":"ListItem","position":1,"name":"In\u00edcio","item":"https:\/\/blogdobispo.com.br\/"},{"@type":"ListItem","position":2,"name":"Lei que pro\u00edbe uso da linguagem neutra em escolas de Natal \u00e9 sancionada"}]},{"@type":"WebSite","@id":"https:\/\/blogdobispo.com.br\/#website","url":"https:\/\/blogdobispo.com.br\/","name":"Blog do Bispo","description":"Comprometido apenas com o leitor","publisher":{"@id":"https:\/\/blogdobispo.com.br\/#organization"},"potentialAction":[{"@type":"SearchAction","target":{"@type":"EntryPoint","urlTemplate":"https:\/\/blogdobispo.com.br\/?s={search_term_string}"},"query-input":{"@type":"PropertyValueSpecification","valueRequired":true,"valueName":"search_term_string"}}],"inLanguage":"pt-BR"},{"@type":"Organization","@id":"https:\/\/blogdobispo.com.br\/#organization","name":"Blog do Bispo","url":"https:\/\/blogdobispo.com.br\/","logo":{"@type":"ImageObject","inLanguage":"pt-BR","@id":"https:\/\/blogdobispo.com.br\/#\/schema\/logo\/image\/","url":"http:\/\/blogdobispo.com.br\/wp-content\/uploads\/2023\/05\/cropped-headear.png","contentUrl":"http:\/\/blogdobispo.com.br\/wp-content\/uploads\/2023\/05\/cropped-headear.png","width":1500,"height":399,"caption":"Blog do Bispo"},"image":{"@id":"https:\/\/blogdobispo.com.br\/#\/schema\/logo\/image\/"}},{"@type":"Person","@id":"https:\/\/blogdobispo.com.br\/#\/schema\/person\/e2209cc0e6cea5c5233d033e997b373f","name":"Jefferson Sterfeno","image":{"@type":"ImageObject","inLanguage":"pt-BR","@id":"https:\/\/blogdobispo.com.br\/#\/schema\/person\/image\/","url":"https:\/\/secure.gravatar.com\/avatar\/0534e84764641168a677026b6d57a3f51dc7ac4db0b4f6186d9cb330d4ee1160?s=96&d=mm&r=g","contentUrl":"https:\/\/secure.gravatar.com\/avatar\/0534e84764641168a677026b6d57a3f51dc7ac4db0b4f6186d9cb330d4ee1160?s=96&d=mm&r=g","caption":"Jefferson Sterfeno"},"sameAs":["http:\/\/blogdobispo.com.br"],"url":"https:\/\/blogdobispo.com.br\/?author=1"}]}},"featured_image_urls":{"full":"","thumbnail":"","medium":"","medium_large":"","large":"","1536x1536":"","2048x2048":""},"author_info":{"display_name":"Jefferson Sterfeno","author_link":"https:\/\/blogdobispo.com.br\/?author=1"},"category_info":"<a href=\"https:\/\/blogdobispo.com.br\/?cat=1\" rel=\"category\">diversos<\/a>","tag_info":"diversos","comment_count":"0","jetpack_featured_media_url":"","jetpack_sharing_enabled":true,"_links":{"self":[{"href":"https:\/\/blogdobispo.com.br\/index.php?rest_route=\/wp\/v2\/posts\/2554","targetHints":{"allow":["GET"]}}],"collection":[{"href":"https:\/\/blogdobispo.com.br\/index.php?rest_route=\/wp\/v2\/posts"}],"about":[{"href":"https:\/\/blogdobispo.com.br\/index.php?rest_route=\/wp\/v2\/types\/post"}],"author":[{"embeddable":true,"href":"https:\/\/blogdobispo.com.br\/index.php?rest_route=\/wp\/v2\/users\/1"}],"replies":[{"embeddable":true,"href":"https:\/\/blogdobispo.com.br\/index.php?rest_route=%2Fwp%2Fv2%2Fcomments&post=2554"}],"version-history":[{"count":1,"href":"https:\/\/blogdobispo.com.br\/index.php?rest_route=\/wp\/v2\/posts\/2554\/revisions"}],"predecessor-version":[{"id":2555,"href":"https:\/\/blogdobispo.com.br\/index.php?rest_route=\/wp\/v2\/posts\/2554\/revisions\/2555"}],"wp:attachment":[{"href":"https:\/\/blogdobispo.com.br\/index.php?rest_route=%2Fwp%2Fv2%2Fmedia&parent=2554"}],"wp:term":[{"taxonomy":"category","embeddable":true,"href":"https:\/\/blogdobispo.com.br\/index.php?rest_route=%2Fwp%2Fv2%2Fcategories&post=2554"},{"taxonomy":"post_tag","embeddable":true,"href":"https:\/\/blogdobispo.com.br\/index.php?rest_route=%2Fwp%2Fv2%2Ftags&post=2554"}],"curies":[{"name":"wp","href":"https:\/\/api.w.org\/{rel}","templated":true}]}}