{"id":2546,"date":"2024-01-18T14:41:13","date_gmt":"2024-01-18T14:41:13","guid":{"rendered":"https:\/\/blogdobispo.com.br\/?p=2546"},"modified":"2024-01-18T14:41:13","modified_gmt":"2024-01-18T14:41:13","slug":"fundacao-rampa-e-dickson-junior-buscam-apoio-da-prefeitura-para-encenacao-da-conferencia-do-potengi","status":"publish","type":"post","link":"https:\/\/blogdobispo.com.br\/?p=2546","title":{"rendered":"<em>Funda\u00e7\u00e3o Rampa e Dickson J\u00fanior buscam apoio da Prefeitura para encena\u00e7\u00e3o da Confer\u00eancia do Potengi<\/em>"},"content":{"rendered":"\n<figure class=\"wp-block-image size-large\"><img data-recalc-dims=\"1\" fetchpriority=\"high\" decoding=\"async\" width=\"800\" height=\"600\" src=\"https:\/\/i0.wp.com\/blogdobispo.com.br\/wp-content\/uploads\/2024\/01\/4a336be8-880d-431e-88be-bbb86ed8eb9b-1-1024x768.jpg?resize=800%2C600&#038;ssl=1\" class=\"wp-image-2545\" srcset=\"https:\/\/i0.wp.com\/blogdobispo.com.br\/wp-content\/uploads\/2024\/01\/4a336be8-880d-431e-88be-bbb86ed8eb9b-1.jpg?resize=1024%2C768&amp;ssl=1 1024w, https:\/\/i0.wp.com\/blogdobispo.com.br\/wp-content\/uploads\/2024\/01\/4a336be8-880d-431e-88be-bbb86ed8eb9b-1.jpg?resize=300%2C225&amp;ssl=1 300w, https:\/\/i0.wp.com\/blogdobispo.com.br\/wp-content\/uploads\/2024\/01\/4a336be8-880d-431e-88be-bbb86ed8eb9b-1.jpg?resize=768%2C576&amp;ssl=1 768w, https:\/\/i0.wp.com\/blogdobispo.com.br\/wp-content\/uploads\/2024\/01\/4a336be8-880d-431e-88be-bbb86ed8eb9b-1.jpg?resize=1536%2C1152&amp;ssl=1 1536w, https:\/\/i0.wp.com\/blogdobispo.com.br\/wp-content\/uploads\/2024\/01\/4a336be8-880d-431e-88be-bbb86ed8eb9b-1.jpg?w=2000&amp;ssl=1 2000w, https:\/\/i0.wp.com\/blogdobispo.com.br\/wp-content\/uploads\/2024\/01\/4a336be8-880d-431e-88be-bbb86ed8eb9b-1.jpg?w=1600 1600w\" sizes=\"(max-width: 800px) 100vw, 800px\" \/><\/figure>\n\n\n\n<p><\/p>\n\n\n\n<p>Todo dia 28 de janeiro um comboio de ve\u00edculos antigos e viaturas militares percorrem as ruas da capital a partir da Rampa \u2013 vizinho ao comando do 3\u00ba Distrito Naval, em Santos Reis. Trata-se da encena\u00e7\u00e3o da \u201cConfer\u00eancia de Natal ou Confer\u00eancia do Potengi\u201d que revive o momento hist\u00f3rico de 1943, quando os presidentes do Brasil,&nbsp;Get\u00falio Vargas, e dos Estados Unidos, Franklin Roosevelt, se encontraram em Natal, \u00e0s margens do Rio Potengi, para definir a participa\u00e7\u00e3o brasileira na Segunda Guerra Mundial.<\/p>\n\n\n\n<p>Buscando apoio para esta edi\u00e7\u00e3o, amantes da hist\u00f3ria e entusiastas da explora\u00e7\u00e3o desse marco potiguar pelo turismo estiveram, nessa quarta-feira (17), com o diretor-presidente da Funcarte, Dacio Galv\u00e3o, por interm\u00e9dio do vereador Dickson J\u00fanior que \u00e9 autor da Lei Municipal n\u00ba 6.524\/ que colocou a data no calend\u00e1rio oficial de Natal.<\/p>\n\n\n\n<p>\u201cFui procurado em 2015 pela Funda\u00e7\u00e3o Rampa e, de imediato, me prontifiquei a apresentar o projeto de lei. Afinal tem uma grande import\u00e2ncia hist\u00f3rica porque&nbsp;marcou a entrada do Brasil na 2\u00aa Guerra Mundial\u201d, ressalta Dickson. O parlamentar refor\u00e7a que a data \u00e9 importante n\u00e3o s\u00f3 para Natal, mas para todo o Brasil, uma vez que a partir da\u00ed foi criada a For\u00e7a Expedicion\u00e1ria Brasileira (FEB), garantindo recursos para a consolida\u00e7\u00e3o da Companhia Sider\u00fargica Nacional brasileira e, al\u00e9m disso, foi quando surgiu a avia\u00e7\u00e3o de cargas e passageiros do Pa\u00eds.<\/p>\n\n\n\n<p>A DATA<br>A reuni\u00e3o ocorreu em 28 de janeiro de 1943. Voltando da Confer\u00eancia de Casablanca, que decidiu sobre o caminho a ser seguido pelos aliados, o presidente americano decidiu visitar as instala\u00e7\u00f5es militares na regi\u00e3o de Natal, que contribu\u00edam principalmente com o envio de aeronaves e suprimentos para os frontes na \u00c1frica e \u00c1sia. A cena \u00e9 remontada pelos integrantes da Funda\u00e7\u00e3o Rampa, criada em 2001 para preservar as edifica\u00e7\u00f5es da antiga base de hidroavi\u00f5es remanescente do in\u00edcio da d\u00e9cada de 40.<\/p>\n","protected":false},"excerpt":{"rendered":"<p>Todo dia 28 de janeiro um comboio de ve\u00edculos antigos e viaturas militares percorrem as ruas da capital a partir da Rampa \u2013 vizinho ao comando do 3\u00ba Distrito Naval, em Santos Reis. Trata-se da encena\u00e7\u00e3o da \u201cConfer\u00eancia de Natal ou Confer\u00eancia do Potengi\u201d que revive o momento hist\u00f3rico de 1943, quando os presidentes do [&hellip;]<\/p>\n","protected":false},"author":1,"featured_media":0,"comment_status":"open","ping_status":"open","sticky":false,"template":"","format":"standard","meta":{"cybocfi_hide_featured_image":"","_jetpack_memberships_contains_paid_content":false,"footnotes":""},"categories":[1],"tags":[],"class_list":["post-2546","post","type-post","status-publish","format-standard","hentry","category-diversos"],"yoast_head":"<!-- This site is optimized with the Yoast SEO plugin v25.6 - https:\/\/yoast.com\/wordpress\/plugins\/seo\/ -->\n<title>Funda\u00e7\u00e3o Rampa e Dickson J\u00fanior buscam apoio da Prefeitura para encena\u00e7\u00e3o da Confer\u00eancia do Potengi - Blog do Bispo<\/title>\n<meta name=\"robots\" content=\"index, follow, max-snippet:-1, max-image-preview:large, max-video-preview:-1\" \/>\n<link rel=\"canonical\" href=\"https:\/\/blogdobispo.com.br\/?p=2546\" \/>\n<meta property=\"og:locale\" content=\"pt_BR\" \/>\n<meta property=\"og:type\" content=\"article\" \/>\n<meta property=\"og:title\" content=\"Funda\u00e7\u00e3o Rampa e Dickson J\u00fanior buscam apoio da Prefeitura para encena\u00e7\u00e3o da Confer\u00eancia do Potengi - Blog do Bispo\" \/>\n<meta property=\"og:description\" content=\"Todo dia 28 de janeiro um comboio de ve\u00edculos antigos e viaturas militares percorrem as ruas da capital a partir da Rampa \u2013 vizinho ao comando do 3\u00ba Distrito Naval, em Santos Reis. Trata-se da encena\u00e7\u00e3o da \u201cConfer\u00eancia de Natal ou Confer\u00eancia do Potengi\u201d que revive o momento hist\u00f3rico de 1943, quando os presidentes do [&hellip;]\" \/>\n<meta property=\"og:url\" content=\"https:\/\/blogdobispo.com.br\/?p=2546\" \/>\n<meta property=\"og:site_name\" content=\"Blog do Bispo\" \/>\n<meta property=\"article:published_time\" content=\"2024-01-18T14:41:13+00:00\" \/>\n<meta property=\"og:image\" content=\"https:\/\/blogdobispo.com.br\/wp-content\/uploads\/2024\/01\/4a336be8-880d-431e-88be-bbb86ed8eb9b-1-1024x768.jpg\" \/>\n<meta name=\"author\" content=\"Jefferson Sterfeno\" \/>\n<meta name=\"twitter:card\" content=\"summary_large_image\" \/>\n<meta name=\"twitter:label1\" content=\"Escrito por\" \/>\n\t<meta name=\"twitter:data1\" content=\"Jefferson Sterfeno\" \/>\n\t<meta name=\"twitter:label2\" content=\"Est. tempo de leitura\" \/>\n\t<meta name=\"twitter:data2\" content=\"2 minutos\" \/>\n<script type=\"application\/ld+json\" class=\"yoast-schema-graph\">{\"@context\":\"https:\/\/schema.org\",\"@graph\":[{\"@type\":\"Article\",\"@id\":\"https:\/\/blogdobispo.com.br\/?p=2546#article\",\"isPartOf\":{\"@id\":\"https:\/\/blogdobispo.com.br\/?p=2546\"},\"author\":{\"name\":\"Jefferson Sterfeno\",\"@id\":\"https:\/\/blogdobispo.com.br\/#\/schema\/person\/e2209cc0e6cea5c5233d033e997b373f\"},\"headline\":\"Funda\u00e7\u00e3o Rampa e Dickson J\u00fanior buscam apoio da Prefeitura para encena\u00e7\u00e3o da Confer\u00eancia do Potengi\",\"datePublished\":\"2024-01-18T14:41:13+00:00\",\"mainEntityOfPage\":{\"@id\":\"https:\/\/blogdobispo.com.br\/?p=2546\"},\"wordCount\":347,\"commentCount\":0,\"publisher\":{\"@id\":\"https:\/\/blogdobispo.com.br\/#organization\"},\"image\":{\"@id\":\"https:\/\/blogdobispo.com.br\/?p=2546#primaryimage\"},\"thumbnailUrl\":\"https:\/\/blogdobispo.com.br\/wp-content\/uploads\/2024\/01\/4a336be8-880d-431e-88be-bbb86ed8eb9b-1-1024x768.jpg\",\"articleSection\":[\"diversos\"],\"inLanguage\":\"pt-BR\",\"potentialAction\":[{\"@type\":\"CommentAction\",\"name\":\"Comment\",\"target\":[\"https:\/\/blogdobispo.com.br\/?p=2546#respond\"]}]},{\"@type\":\"WebPage\",\"@id\":\"https:\/\/blogdobispo.com.br\/?p=2546\",\"url\":\"https:\/\/blogdobispo.com.br\/?p=2546\",\"name\":\"Funda\u00e7\u00e3o Rampa e Dickson J\u00fanior buscam apoio da Prefeitura para encena\u00e7\u00e3o da Confer\u00eancia do Potengi - Blog do Bispo\",\"isPartOf\":{\"@id\":\"https:\/\/blogdobispo.com.br\/#website\"},\"primaryImageOfPage\":{\"@id\":\"https:\/\/blogdobispo.com.br\/?p=2546#primaryimage\"},\"image\":{\"@id\":\"https:\/\/blogdobispo.com.br\/?p=2546#primaryimage\"},\"thumbnailUrl\":\"https:\/\/blogdobispo.com.br\/wp-content\/uploads\/2024\/01\/4a336be8-880d-431e-88be-bbb86ed8eb9b-1-1024x768.jpg\",\"datePublished\":\"2024-01-18T14:41:13+00:00\",\"breadcrumb\":{\"@id\":\"https:\/\/blogdobispo.com.br\/?p=2546#breadcrumb\"},\"inLanguage\":\"pt-BR\",\"potentialAction\":[{\"@type\":\"ReadAction\",\"target\":[\"https:\/\/blogdobispo.com.br\/?p=2546\"]}]},{\"@type\":\"ImageObject\",\"inLanguage\":\"pt-BR\",\"@id\":\"https:\/\/blogdobispo.com.br\/?p=2546#primaryimage\",\"url\":\"https:\/\/blogdobispo.com.br\/wp-content\/uploads\/2024\/01\/4a336be8-880d-431e-88be-bbb86ed8eb9b-1-1024x768.jpg\",\"contentUrl\":\"https:\/\/blogdobispo.com.br\/wp-content\/uploads\/2024\/01\/4a336be8-880d-431e-88be-bbb86ed8eb9b-1-1024x768.jpg\"},{\"@type\":\"BreadcrumbList\",\"@id\":\"https:\/\/blogdobispo.com.br\/?p=2546#breadcrumb\",\"itemListElement\":[{\"@type\":\"ListItem\",\"position\":1,\"name\":\"In\u00edcio\",\"item\":\"https:\/\/blogdobispo.com.br\/\"},{\"@type\":\"ListItem\",\"position\":2,\"name\":\"Funda\u00e7\u00e3o Rampa e Dickson J\u00fanior buscam apoio da Prefeitura para encena\u00e7\u00e3o da Confer\u00eancia do Potengi\"}]},{\"@type\":\"WebSite\",\"@id\":\"https:\/\/blogdobispo.com.br\/#website\",\"url\":\"https:\/\/blogdobispo.com.br\/\",\"name\":\"Blog do Bispo\",\"description\":\"Comprometido apenas com o leitor\",\"publisher\":{\"@id\":\"https:\/\/blogdobispo.com.br\/#organization\"},\"potentialAction\":[{\"@type\":\"SearchAction\",\"target\":{\"@type\":\"EntryPoint\",\"urlTemplate\":\"https:\/\/blogdobispo.com.br\/?s={search_term_string}\"},\"query-input\":{\"@type\":\"PropertyValueSpecification\",\"valueRequired\":true,\"valueName\":\"search_term_string\"}}],\"inLanguage\":\"pt-BR\"},{\"@type\":\"Organization\",\"@id\":\"https:\/\/blogdobispo.com.br\/#organization\",\"name\":\"Blog do Bispo\",\"url\":\"https:\/\/blogdobispo.com.br\/\",\"logo\":{\"@type\":\"ImageObject\",\"inLanguage\":\"pt-BR\",\"@id\":\"https:\/\/blogdobispo.com.br\/#\/schema\/logo\/image\/\",\"url\":\"http:\/\/blogdobispo.com.br\/wp-content\/uploads\/2023\/05\/cropped-headear.png\",\"contentUrl\":\"http:\/\/blogdobispo.com.br\/wp-content\/uploads\/2023\/05\/cropped-headear.png\",\"width\":1500,\"height\":399,\"caption\":\"Blog do Bispo\"},\"image\":{\"@id\":\"https:\/\/blogdobispo.com.br\/#\/schema\/logo\/image\/\"}},{\"@type\":\"Person\",\"@id\":\"https:\/\/blogdobispo.com.br\/#\/schema\/person\/e2209cc0e6cea5c5233d033e997b373f\",\"name\":\"Jefferson Sterfeno\",\"image\":{\"@type\":\"ImageObject\",\"inLanguage\":\"pt-BR\",\"@id\":\"https:\/\/blogdobispo.com.br\/#\/schema\/person\/image\/\",\"url\":\"https:\/\/secure.gravatar.com\/avatar\/0534e84764641168a677026b6d57a3f51dc7ac4db0b4f6186d9cb330d4ee1160?s=96&d=mm&r=g\",\"contentUrl\":\"https:\/\/secure.gravatar.com\/avatar\/0534e84764641168a677026b6d57a3f51dc7ac4db0b4f6186d9cb330d4ee1160?s=96&d=mm&r=g\",\"caption\":\"Jefferson Sterfeno\"},\"sameAs\":[\"http:\/\/blogdobispo.com.br\"],\"url\":\"https:\/\/blogdobispo.com.br\/?author=1\"}]}<\/script>\n<!-- \/ Yoast SEO plugin. -->","yoast_head_json":{"title":"Funda\u00e7\u00e3o Rampa e Dickson J\u00fanior buscam apoio da Prefeitura para encena\u00e7\u00e3o da Confer\u00eancia do Potengi - Blog do Bispo","robots":{"index":"index","follow":"follow","max-snippet":"max-snippet:-1","max-image-preview":"max-image-preview:large","max-video-preview":"max-video-preview:-1"},"canonical":"https:\/\/blogdobispo.com.br\/?p=2546","og_locale":"pt_BR","og_type":"article","og_title":"Funda\u00e7\u00e3o Rampa e Dickson J\u00fanior buscam apoio da Prefeitura para encena\u00e7\u00e3o da Confer\u00eancia do Potengi - Blog do Bispo","og_description":"Todo dia 28 de janeiro um comboio de ve\u00edculos antigos e viaturas militares percorrem as ruas da capital a partir da Rampa \u2013 vizinho ao comando do 3\u00ba Distrito Naval, em Santos Reis. Trata-se da encena\u00e7\u00e3o da \u201cConfer\u00eancia de Natal ou Confer\u00eancia do Potengi\u201d que revive o momento hist\u00f3rico de 1943, quando os presidentes do [&hellip;]","og_url":"https:\/\/blogdobispo.com.br\/?p=2546","og_site_name":"Blog do Bispo","article_published_time":"2024-01-18T14:41:13+00:00","og_image":[{"url":"https:\/\/blogdobispo.com.br\/wp-content\/uploads\/2024\/01\/4a336be8-880d-431e-88be-bbb86ed8eb9b-1-1024x768.jpg","type":"","width":"","height":""}],"author":"Jefferson Sterfeno","twitter_card":"summary_large_image","twitter_misc":{"Escrito por":"Jefferson Sterfeno","Est. tempo de leitura":"2 minutos"},"schema":{"@context":"https:\/\/schema.org","@graph":[{"@type":"Article","@id":"https:\/\/blogdobispo.com.br\/?p=2546#article","isPartOf":{"@id":"https:\/\/blogdobispo.com.br\/?p=2546"},"author":{"name":"Jefferson Sterfeno","@id":"https:\/\/blogdobispo.com.br\/#\/schema\/person\/e2209cc0e6cea5c5233d033e997b373f"},"headline":"Funda\u00e7\u00e3o Rampa e Dickson J\u00fanior buscam apoio da Prefeitura para encena\u00e7\u00e3o da Confer\u00eancia do Potengi","datePublished":"2024-01-18T14:41:13+00:00","mainEntityOfPage":{"@id":"https:\/\/blogdobispo.com.br\/?p=2546"},"wordCount":347,"commentCount":0,"publisher":{"@id":"https:\/\/blogdobispo.com.br\/#organization"},"image":{"@id":"https:\/\/blogdobispo.com.br\/?p=2546#primaryimage"},"thumbnailUrl":"https:\/\/blogdobispo.com.br\/wp-content\/uploads\/2024\/01\/4a336be8-880d-431e-88be-bbb86ed8eb9b-1-1024x768.jpg","articleSection":["diversos"],"inLanguage":"pt-BR","potentialAction":[{"@type":"CommentAction","name":"Comment","target":["https:\/\/blogdobispo.com.br\/?p=2546#respond"]}]},{"@type":"WebPage","@id":"https:\/\/blogdobispo.com.br\/?p=2546","url":"https:\/\/blogdobispo.com.br\/?p=2546","name":"Funda\u00e7\u00e3o Rampa e Dickson J\u00fanior buscam apoio da Prefeitura para encena\u00e7\u00e3o da Confer\u00eancia do Potengi - Blog do Bispo","isPartOf":{"@id":"https:\/\/blogdobispo.com.br\/#website"},"primaryImageOfPage":{"@id":"https:\/\/blogdobispo.com.br\/?p=2546#primaryimage"},"image":{"@id":"https:\/\/blogdobispo.com.br\/?p=2546#primaryimage"},"thumbnailUrl":"https:\/\/blogdobispo.com.br\/wp-content\/uploads\/2024\/01\/4a336be8-880d-431e-88be-bbb86ed8eb9b-1-1024x768.jpg","datePublished":"2024-01-18T14:41:13+00:00","breadcrumb":{"@id":"https:\/\/blogdobispo.com.br\/?p=2546#breadcrumb"},"inLanguage":"pt-BR","potentialAction":[{"@type":"ReadAction","target":["https:\/\/blogdobispo.com.br\/?p=2546"]}]},{"@type":"ImageObject","inLanguage":"pt-BR","@id":"https:\/\/blogdobispo.com.br\/?p=2546#primaryimage","url":"https:\/\/blogdobispo.com.br\/wp-content\/uploads\/2024\/01\/4a336be8-880d-431e-88be-bbb86ed8eb9b-1-1024x768.jpg","contentUrl":"https:\/\/blogdobispo.com.br\/wp-content\/uploads\/2024\/01\/4a336be8-880d-431e-88be-bbb86ed8eb9b-1-1024x768.jpg"},{"@type":"BreadcrumbList","@id":"https:\/\/blogdobispo.com.br\/?p=2546#breadcrumb","itemListElement":[{"@type":"ListItem","position":1,"name":"In\u00edcio","item":"https:\/\/blogdobispo.com.br\/"},{"@type":"ListItem","position":2,"name":"Funda\u00e7\u00e3o Rampa e Dickson J\u00fanior buscam apoio da Prefeitura para encena\u00e7\u00e3o da Confer\u00eancia do Potengi"}]},{"@type":"WebSite","@id":"https:\/\/blogdobispo.com.br\/#website","url":"https:\/\/blogdobispo.com.br\/","name":"Blog do Bispo","description":"Comprometido apenas com o leitor","publisher":{"@id":"https:\/\/blogdobispo.com.br\/#organization"},"potentialAction":[{"@type":"SearchAction","target":{"@type":"EntryPoint","urlTemplate":"https:\/\/blogdobispo.com.br\/?s={search_term_string}"},"query-input":{"@type":"PropertyValueSpecification","valueRequired":true,"valueName":"search_term_string"}}],"inLanguage":"pt-BR"},{"@type":"Organization","@id":"https:\/\/blogdobispo.com.br\/#organization","name":"Blog do Bispo","url":"https:\/\/blogdobispo.com.br\/","logo":{"@type":"ImageObject","inLanguage":"pt-BR","@id":"https:\/\/blogdobispo.com.br\/#\/schema\/logo\/image\/","url":"http:\/\/blogdobispo.com.br\/wp-content\/uploads\/2023\/05\/cropped-headear.png","contentUrl":"http:\/\/blogdobispo.com.br\/wp-content\/uploads\/2023\/05\/cropped-headear.png","width":1500,"height":399,"caption":"Blog do Bispo"},"image":{"@id":"https:\/\/blogdobispo.com.br\/#\/schema\/logo\/image\/"}},{"@type":"Person","@id":"https:\/\/blogdobispo.com.br\/#\/schema\/person\/e2209cc0e6cea5c5233d033e997b373f","name":"Jefferson Sterfeno","image":{"@type":"ImageObject","inLanguage":"pt-BR","@id":"https:\/\/blogdobispo.com.br\/#\/schema\/person\/image\/","url":"https:\/\/secure.gravatar.com\/avatar\/0534e84764641168a677026b6d57a3f51dc7ac4db0b4f6186d9cb330d4ee1160?s=96&d=mm&r=g","contentUrl":"https:\/\/secure.gravatar.com\/avatar\/0534e84764641168a677026b6d57a3f51dc7ac4db0b4f6186d9cb330d4ee1160?s=96&d=mm&r=g","caption":"Jefferson Sterfeno"},"sameAs":["http:\/\/blogdobispo.com.br"],"url":"https:\/\/blogdobispo.com.br\/?author=1"}]}},"featured_image_urls":{"full":"","thumbnail":"","medium":"","medium_large":"","large":"","1536x1536":"","2048x2048":""},"author_info":{"display_name":"Jefferson Sterfeno","author_link":"https:\/\/blogdobispo.com.br\/?author=1"},"category_info":"<a href=\"https:\/\/blogdobispo.com.br\/?cat=1\" rel=\"category\">diversos<\/a>","tag_info":"diversos","comment_count":"0","jetpack_featured_media_url":"","jetpack_sharing_enabled":true,"_links":{"self":[{"href":"https:\/\/blogdobispo.com.br\/index.php?rest_route=\/wp\/v2\/posts\/2546","targetHints":{"allow":["GET"]}}],"collection":[{"href":"https:\/\/blogdobispo.com.br\/index.php?rest_route=\/wp\/v2\/posts"}],"about":[{"href":"https:\/\/blogdobispo.com.br\/index.php?rest_route=\/wp\/v2\/types\/post"}],"author":[{"embeddable":true,"href":"https:\/\/blogdobispo.com.br\/index.php?rest_route=\/wp\/v2\/users\/1"}],"replies":[{"embeddable":true,"href":"https:\/\/blogdobispo.com.br\/index.php?rest_route=%2Fwp%2Fv2%2Fcomments&post=2546"}],"version-history":[{"count":0,"href":"https:\/\/blogdobispo.com.br\/index.php?rest_route=\/wp\/v2\/posts\/2546\/revisions"}],"wp:attachment":[{"href":"https:\/\/blogdobispo.com.br\/index.php?rest_route=%2Fwp%2Fv2%2Fmedia&parent=2546"}],"wp:term":[{"taxonomy":"category","embeddable":true,"href":"https:\/\/blogdobispo.com.br\/index.php?rest_route=%2Fwp%2Fv2%2Fcategories&post=2546"},{"taxonomy":"post_tag","embeddable":true,"href":"https:\/\/blogdobispo.com.br\/index.php?rest_route=%2Fwp%2Fv2%2Ftags&post=2546"}],"curies":[{"name":"wp","href":"https:\/\/api.w.org\/{rel}","templated":true}]}}