{"id":2544,"date":"2024-01-18T03:19:38","date_gmt":"2024-01-18T03:19:38","guid":{"rendered":"https:\/\/blogdobispo.com.br\/?p=2544"},"modified":"2024-01-18T03:19:38","modified_gmt":"2024-01-18T03:19:38","slug":"prefeitura-promove-mais-uma-edicao-do-viva-natal","status":"publish","type":"post","link":"https:\/\/blogdobispo.com.br\/?p=2544","title":{"rendered":"Prefeitura promove mais uma edi\u00e7\u00e3o do VIVA NATAL"},"content":{"rendered":"\n<p>Durante dois dias, neste s\u00e1bado (20) e domingo (21), a Prefeitura do Natal, por meio da Secretaria Municipal de Esporte e Lazer (Sel), promove a 4\u00aa edi\u00e7\u00e3o do projeto Viva Natal nas Praias. A programa\u00e7\u00e3o, que ser\u00e1 realizada das 08h \u00e0s 17h, na Praia de Miami (orla da Zona Leste), conta com torneios de v\u00e1rios esportes. <\/p>\n\n\n\n<p>A ideia \u00e9 promover uma verdadeira integra\u00e7\u00e3o entre sa\u00fade, esporte e lazer para todos os p\u00fablicos, como faz quest\u00e3o de ressaltar o prefeito \u00c1lvaro Dias. \u201cAl\u00e9m de impulsionar o turismo local nas praias urbanas, o projeto Viva Natal tamb\u00e9m busca incentivar os natalenses a conhecerem a pr\u00f3pria cidade, atrav\u00e9s de uma programa\u00e7\u00e3o esportiva, de lazer, recreativa, cultural e, principalmente, de qualidade de vida para a popula\u00e7\u00e3o\u201d, disse o prefeito.&nbsp;<\/p>\n\n\n\n<p>A iniciativa conta tamb\u00e9m com atra\u00e7\u00f5es culturais.&nbsp; Entre as atra\u00e7\u00f5es musicais, a banda Pagode do Coxa&nbsp; anima o p\u00fablico no s\u00e1bado (20), e no domingo, a programa\u00e7\u00e3o ser\u00e1 aberta \u00e0 popula\u00e7\u00e3o com oficinas esportivas e show de Alan Persa. Entre os esportes oferecidos no projeto, est\u00e3o Jiu-jitsu, futebol de areia, Beach Wrestling, X2, Bodyboard, frescobol, surf, Beach Tennis, V\u00f4lei dos surdos, Surf dog, al\u00e9m de atra\u00e7\u00f5es musicais, espa\u00e7o Kids e oficinas esportivas.<\/p>\n\n\n\n<p><br \/>\u201cInvestir no esporte, na sa\u00fade p\u00fablica, investir na crian\u00e7a e no adolescente \u00e9 primordial. O Viva Natal nas Praias \u00e9 um evento grandios\u00edssimo, de muito sucesso e que envolve diversas atividades f\u00edsicas, com um final de semana inteiro dedicado aos turistas e \u00e0 popula\u00e7\u00e3o de Natal, inclusive, com apresenta\u00e7\u00e3o do break dance, o mais novo esporte ol\u00edmpico de muito sucesso entre os jovens. Podemos dizer, que o Viva Natal \u00e9 um grande presente que a Prefeitura oferece \u00e0 popula\u00e7\u00e3o durante este ver\u00e3o\u201d, revela o secret\u00e1rio da Sel, Rafael Motta.<\/p>\n\n\n\n<p><br \/>A realiza\u00e7\u00e3o do Viva Natal nas Praias conta com o apoio das Secretarias Municipais de Turismo (Setur), de Sa\u00fade (SMS), de Comunica\u00e7\u00e3o Social (Secom), de Trabalho e Assist\u00eancia Social (Semtas) e da Funcarte.&nbsp; Este ano, o evento tamb\u00e9m tem a parceria da Band RN.<\/p>\n\n\n\n<p>Confira a programa\u00e7\u00e3o:<\/p>\n\n\n\n<p><strong>S\u00c1BADO (20\/01):<\/strong><\/p>\n\n\n\n<p>SURF E BODYBOARD:- 08h<br \/>AUL\u00c3O DE FITDANCE:- 09h<br \/>X2: 10h<br \/>V\u00d4LEI PARA SURDOS: 14h<br \/>TENDA KIDS: 15h<br \/>CAMPEONATO CAVEIRA DE JIU- JITSU : 16h<br \/>FRESCOBOL: 17h<\/p>\n\n\n\n<p><strong>DOMINGO (21\/01)<\/strong><\/p>\n\n\n\n<p>CALISTENIA: 08h<br>AUL\u00c3O DE FITDANCE: 09h<br>ALTINHA (CL\u00cdNICA): 09h<br>FUTV\u00d4LEI: 09h<br>CANICROSS: 14h<br>BEACH WRESTLING: 15h<br>CAMPEONATO CAVEIRA DE JIU-JITSU: 16h<br>TENDA KIDS: das 15hs \u00e0s 17h<\/p>\n\n\n\n<figure class=\"wp-block-image size-large\"><img data-recalc-dims=\"1\" fetchpriority=\"high\" decoding=\"async\" width=\"800\" height=\"600\" src=\"https:\/\/i0.wp.com\/blogdobispo.com.br\/wp-content\/uploads\/2024\/01\/img_5245-1.jpg?resize=800%2C600&#038;ssl=1\" class=\"wp-image-2543\" srcset=\"https:\/\/i0.wp.com\/blogdobispo.com.br\/wp-content\/uploads\/2024\/01\/img_5245-1.jpg?w=1024&amp;ssl=1 1024w, https:\/\/i0.wp.com\/blogdobispo.com.br\/wp-content\/uploads\/2024\/01\/img_5245-1.jpg?resize=300%2C225&amp;ssl=1 300w, https:\/\/i0.wp.com\/blogdobispo.com.br\/wp-content\/uploads\/2024\/01\/img_5245-1.jpg?resize=768%2C576&amp;ssl=1 768w\" sizes=\"(max-width: 800px) 100vw, 800px\" \/><\/figure>\n","protected":false},"excerpt":{"rendered":"<p>Durante dois dias, neste s\u00e1bado (20) e domingo (21), a Prefeitura do Natal, por meio da Secretaria Municipal de Esporte e Lazer (Sel), promove a 4\u00aa edi\u00e7\u00e3o do projeto Viva Natal nas Praias. A programa\u00e7\u00e3o, que ser\u00e1 realizada das 08h \u00e0s 17h, na Praia de Miami (orla da Zona Leste), conta com torneios de v\u00e1rios [&hellip;]<\/p>\n","protected":false},"author":1,"featured_media":0,"comment_status":"open","ping_status":"open","sticky":false,"template":"","format":"standard","meta":{"cybocfi_hide_featured_image":"","_jetpack_memberships_contains_paid_content":false,"footnotes":""},"categories":[1],"tags":[],"class_list":["post-2544","post","type-post","status-publish","format-standard","hentry","category-diversos"],"yoast_head":"<!-- This site is optimized with the Yoast SEO plugin v25.6 - https:\/\/yoast.com\/wordpress\/plugins\/seo\/ -->\n<title>Prefeitura promove mais uma edi\u00e7\u00e3o do VIVA NATAL - Blog do Bispo<\/title>\n<meta name=\"robots\" content=\"index, follow, max-snippet:-1, max-image-preview:large, max-video-preview:-1\" \/>\n<link rel=\"canonical\" href=\"https:\/\/blogdobispo.com.br\/?p=2544\" \/>\n<meta property=\"og:locale\" content=\"pt_BR\" \/>\n<meta property=\"og:type\" content=\"article\" \/>\n<meta property=\"og:title\" content=\"Prefeitura promove mais uma edi\u00e7\u00e3o do VIVA NATAL - Blog do Bispo\" \/>\n<meta property=\"og:description\" content=\"Durante dois dias, neste s\u00e1bado (20) e domingo (21), a Prefeitura do Natal, por meio da Secretaria Municipal de Esporte e Lazer (Sel), promove a 4\u00aa edi\u00e7\u00e3o do projeto Viva Natal nas Praias. A programa\u00e7\u00e3o, que ser\u00e1 realizada das 08h \u00e0s 17h, na Praia de Miami (orla da Zona Leste), conta com torneios de v\u00e1rios [&hellip;]\" \/>\n<meta property=\"og:url\" content=\"https:\/\/blogdobispo.com.br\/?p=2544\" \/>\n<meta property=\"og:site_name\" content=\"Blog do Bispo\" \/>\n<meta property=\"article:published_time\" content=\"2024-01-18T03:19:38+00:00\" \/>\n<meta property=\"og:image\" content=\"https:\/\/blogdobispo.com.br\/wp-content\/uploads\/2024\/01\/img_5245-1.jpg\" \/>\n<meta name=\"author\" content=\"Jefferson Sterfeno\" \/>\n<meta name=\"twitter:card\" content=\"summary_large_image\" \/>\n<meta name=\"twitter:label1\" content=\"Escrito por\" \/>\n\t<meta name=\"twitter:data1\" content=\"Jefferson Sterfeno\" \/>\n\t<meta name=\"twitter:label2\" content=\"Est. tempo de leitura\" \/>\n\t<meta name=\"twitter:data2\" content=\"2 minutos\" \/>\n<script type=\"application\/ld+json\" class=\"yoast-schema-graph\">{\"@context\":\"https:\/\/schema.org\",\"@graph\":[{\"@type\":\"Article\",\"@id\":\"https:\/\/blogdobispo.com.br\/?p=2544#article\",\"isPartOf\":{\"@id\":\"https:\/\/blogdobispo.com.br\/?p=2544\"},\"author\":{\"name\":\"Jefferson Sterfeno\",\"@id\":\"https:\/\/blogdobispo.com.br\/#\/schema\/person\/e2209cc0e6cea5c5233d033e997b373f\"},\"headline\":\"Prefeitura promove mais uma edi\u00e7\u00e3o do VIVA NATAL\",\"datePublished\":\"2024-01-18T03:19:38+00:00\",\"mainEntityOfPage\":{\"@id\":\"https:\/\/blogdobispo.com.br\/?p=2544\"},\"wordCount\":427,\"commentCount\":0,\"publisher\":{\"@id\":\"https:\/\/blogdobispo.com.br\/#organization\"},\"image\":{\"@id\":\"https:\/\/blogdobispo.com.br\/?p=2544#primaryimage\"},\"thumbnailUrl\":\"https:\/\/blogdobispo.com.br\/wp-content\/uploads\/2024\/01\/img_5245-1.jpg\",\"articleSection\":[\"diversos\"],\"inLanguage\":\"pt-BR\",\"potentialAction\":[{\"@type\":\"CommentAction\",\"name\":\"Comment\",\"target\":[\"https:\/\/blogdobispo.com.br\/?p=2544#respond\"]}]},{\"@type\":\"WebPage\",\"@id\":\"https:\/\/blogdobispo.com.br\/?p=2544\",\"url\":\"https:\/\/blogdobispo.com.br\/?p=2544\",\"name\":\"Prefeitura promove mais uma edi\u00e7\u00e3o do VIVA NATAL - Blog do Bispo\",\"isPartOf\":{\"@id\":\"https:\/\/blogdobispo.com.br\/#website\"},\"primaryImageOfPage\":{\"@id\":\"https:\/\/blogdobispo.com.br\/?p=2544#primaryimage\"},\"image\":{\"@id\":\"https:\/\/blogdobispo.com.br\/?p=2544#primaryimage\"},\"thumbnailUrl\":\"https:\/\/blogdobispo.com.br\/wp-content\/uploads\/2024\/01\/img_5245-1.jpg\",\"datePublished\":\"2024-01-18T03:19:38+00:00\",\"breadcrumb\":{\"@id\":\"https:\/\/blogdobispo.com.br\/?p=2544#breadcrumb\"},\"inLanguage\":\"pt-BR\",\"potentialAction\":[{\"@type\":\"ReadAction\",\"target\":[\"https:\/\/blogdobispo.com.br\/?p=2544\"]}]},{\"@type\":\"ImageObject\",\"inLanguage\":\"pt-BR\",\"@id\":\"https:\/\/blogdobispo.com.br\/?p=2544#primaryimage\",\"url\":\"https:\/\/blogdobispo.com.br\/wp-content\/uploads\/2024\/01\/img_5245-1.jpg\",\"contentUrl\":\"https:\/\/blogdobispo.com.br\/wp-content\/uploads\/2024\/01\/img_5245-1.jpg\"},{\"@type\":\"BreadcrumbList\",\"@id\":\"https:\/\/blogdobispo.com.br\/?p=2544#breadcrumb\",\"itemListElement\":[{\"@type\":\"ListItem\",\"position\":1,\"name\":\"In\u00edcio\",\"item\":\"https:\/\/blogdobispo.com.br\/\"},{\"@type\":\"ListItem\",\"position\":2,\"name\":\"Prefeitura promove mais uma edi\u00e7\u00e3o do VIVA NATAL\"}]},{\"@type\":\"WebSite\",\"@id\":\"https:\/\/blogdobispo.com.br\/#website\",\"url\":\"https:\/\/blogdobispo.com.br\/\",\"name\":\"Blog do Bispo\",\"description\":\"Comprometido apenas com o leitor\",\"publisher\":{\"@id\":\"https:\/\/blogdobispo.com.br\/#organization\"},\"potentialAction\":[{\"@type\":\"SearchAction\",\"target\":{\"@type\":\"EntryPoint\",\"urlTemplate\":\"https:\/\/blogdobispo.com.br\/?s={search_term_string}\"},\"query-input\":{\"@type\":\"PropertyValueSpecification\",\"valueRequired\":true,\"valueName\":\"search_term_string\"}}],\"inLanguage\":\"pt-BR\"},{\"@type\":\"Organization\",\"@id\":\"https:\/\/blogdobispo.com.br\/#organization\",\"name\":\"Blog do Bispo\",\"url\":\"https:\/\/blogdobispo.com.br\/\",\"logo\":{\"@type\":\"ImageObject\",\"inLanguage\":\"pt-BR\",\"@id\":\"https:\/\/blogdobispo.com.br\/#\/schema\/logo\/image\/\",\"url\":\"http:\/\/blogdobispo.com.br\/wp-content\/uploads\/2023\/05\/cropped-headear.png\",\"contentUrl\":\"http:\/\/blogdobispo.com.br\/wp-content\/uploads\/2023\/05\/cropped-headear.png\",\"width\":1500,\"height\":399,\"caption\":\"Blog do Bispo\"},\"image\":{\"@id\":\"https:\/\/blogdobispo.com.br\/#\/schema\/logo\/image\/\"}},{\"@type\":\"Person\",\"@id\":\"https:\/\/blogdobispo.com.br\/#\/schema\/person\/e2209cc0e6cea5c5233d033e997b373f\",\"name\":\"Jefferson Sterfeno\",\"image\":{\"@type\":\"ImageObject\",\"inLanguage\":\"pt-BR\",\"@id\":\"https:\/\/blogdobispo.com.br\/#\/schema\/person\/image\/\",\"url\":\"https:\/\/secure.gravatar.com\/avatar\/0534e84764641168a677026b6d57a3f51dc7ac4db0b4f6186d9cb330d4ee1160?s=96&d=mm&r=g\",\"contentUrl\":\"https:\/\/secure.gravatar.com\/avatar\/0534e84764641168a677026b6d57a3f51dc7ac4db0b4f6186d9cb330d4ee1160?s=96&d=mm&r=g\",\"caption\":\"Jefferson Sterfeno\"},\"sameAs\":[\"http:\/\/blogdobispo.com.br\"],\"url\":\"https:\/\/blogdobispo.com.br\/?author=1\"}]}<\/script>\n<!-- \/ Yoast SEO plugin. -->","yoast_head_json":{"title":"Prefeitura promove mais uma edi\u00e7\u00e3o do VIVA NATAL - Blog do Bispo","robots":{"index":"index","follow":"follow","max-snippet":"max-snippet:-1","max-image-preview":"max-image-preview:large","max-video-preview":"max-video-preview:-1"},"canonical":"https:\/\/blogdobispo.com.br\/?p=2544","og_locale":"pt_BR","og_type":"article","og_title":"Prefeitura promove mais uma edi\u00e7\u00e3o do VIVA NATAL - Blog do Bispo","og_description":"Durante dois dias, neste s\u00e1bado (20) e domingo (21), a Prefeitura do Natal, por meio da Secretaria Municipal de Esporte e Lazer (Sel), promove a 4\u00aa edi\u00e7\u00e3o do projeto Viva Natal nas Praias. A programa\u00e7\u00e3o, que ser\u00e1 realizada das 08h \u00e0s 17h, na Praia de Miami (orla da Zona Leste), conta com torneios de v\u00e1rios [&hellip;]","og_url":"https:\/\/blogdobispo.com.br\/?p=2544","og_site_name":"Blog do Bispo","article_published_time":"2024-01-18T03:19:38+00:00","og_image":[{"url":"https:\/\/blogdobispo.com.br\/wp-content\/uploads\/2024\/01\/img_5245-1.jpg","type":"","width":"","height":""}],"author":"Jefferson Sterfeno","twitter_card":"summary_large_image","twitter_misc":{"Escrito por":"Jefferson Sterfeno","Est. tempo de leitura":"2 minutos"},"schema":{"@context":"https:\/\/schema.org","@graph":[{"@type":"Article","@id":"https:\/\/blogdobispo.com.br\/?p=2544#article","isPartOf":{"@id":"https:\/\/blogdobispo.com.br\/?p=2544"},"author":{"name":"Jefferson Sterfeno","@id":"https:\/\/blogdobispo.com.br\/#\/schema\/person\/e2209cc0e6cea5c5233d033e997b373f"},"headline":"Prefeitura promove mais uma edi\u00e7\u00e3o do VIVA NATAL","datePublished":"2024-01-18T03:19:38+00:00","mainEntityOfPage":{"@id":"https:\/\/blogdobispo.com.br\/?p=2544"},"wordCount":427,"commentCount":0,"publisher":{"@id":"https:\/\/blogdobispo.com.br\/#organization"},"image":{"@id":"https:\/\/blogdobispo.com.br\/?p=2544#primaryimage"},"thumbnailUrl":"https:\/\/blogdobispo.com.br\/wp-content\/uploads\/2024\/01\/img_5245-1.jpg","articleSection":["diversos"],"inLanguage":"pt-BR","potentialAction":[{"@type":"CommentAction","name":"Comment","target":["https:\/\/blogdobispo.com.br\/?p=2544#respond"]}]},{"@type":"WebPage","@id":"https:\/\/blogdobispo.com.br\/?p=2544","url":"https:\/\/blogdobispo.com.br\/?p=2544","name":"Prefeitura promove mais uma edi\u00e7\u00e3o do VIVA NATAL - Blog do Bispo","isPartOf":{"@id":"https:\/\/blogdobispo.com.br\/#website"},"primaryImageOfPage":{"@id":"https:\/\/blogdobispo.com.br\/?p=2544#primaryimage"},"image":{"@id":"https:\/\/blogdobispo.com.br\/?p=2544#primaryimage"},"thumbnailUrl":"https:\/\/blogdobispo.com.br\/wp-content\/uploads\/2024\/01\/img_5245-1.jpg","datePublished":"2024-01-18T03:19:38+00:00","breadcrumb":{"@id":"https:\/\/blogdobispo.com.br\/?p=2544#breadcrumb"},"inLanguage":"pt-BR","potentialAction":[{"@type":"ReadAction","target":["https:\/\/blogdobispo.com.br\/?p=2544"]}]},{"@type":"ImageObject","inLanguage":"pt-BR","@id":"https:\/\/blogdobispo.com.br\/?p=2544#primaryimage","url":"https:\/\/blogdobispo.com.br\/wp-content\/uploads\/2024\/01\/img_5245-1.jpg","contentUrl":"https:\/\/blogdobispo.com.br\/wp-content\/uploads\/2024\/01\/img_5245-1.jpg"},{"@type":"BreadcrumbList","@id":"https:\/\/blogdobispo.com.br\/?p=2544#breadcrumb","itemListElement":[{"@type":"ListItem","position":1,"name":"In\u00edcio","item":"https:\/\/blogdobispo.com.br\/"},{"@type":"ListItem","position":2,"name":"Prefeitura promove mais uma edi\u00e7\u00e3o do VIVA NATAL"}]},{"@type":"WebSite","@id":"https:\/\/blogdobispo.com.br\/#website","url":"https:\/\/blogdobispo.com.br\/","name":"Blog do Bispo","description":"Comprometido apenas com o leitor","publisher":{"@id":"https:\/\/blogdobispo.com.br\/#organization"},"potentialAction":[{"@type":"SearchAction","target":{"@type":"EntryPoint","urlTemplate":"https:\/\/blogdobispo.com.br\/?s={search_term_string}"},"query-input":{"@type":"PropertyValueSpecification","valueRequired":true,"valueName":"search_term_string"}}],"inLanguage":"pt-BR"},{"@type":"Organization","@id":"https:\/\/blogdobispo.com.br\/#organization","name":"Blog do Bispo","url":"https:\/\/blogdobispo.com.br\/","logo":{"@type":"ImageObject","inLanguage":"pt-BR","@id":"https:\/\/blogdobispo.com.br\/#\/schema\/logo\/image\/","url":"http:\/\/blogdobispo.com.br\/wp-content\/uploads\/2023\/05\/cropped-headear.png","contentUrl":"http:\/\/blogdobispo.com.br\/wp-content\/uploads\/2023\/05\/cropped-headear.png","width":1500,"height":399,"caption":"Blog do Bispo"},"image":{"@id":"https:\/\/blogdobispo.com.br\/#\/schema\/logo\/image\/"}},{"@type":"Person","@id":"https:\/\/blogdobispo.com.br\/#\/schema\/person\/e2209cc0e6cea5c5233d033e997b373f","name":"Jefferson Sterfeno","image":{"@type":"ImageObject","inLanguage":"pt-BR","@id":"https:\/\/blogdobispo.com.br\/#\/schema\/person\/image\/","url":"https:\/\/secure.gravatar.com\/avatar\/0534e84764641168a677026b6d57a3f51dc7ac4db0b4f6186d9cb330d4ee1160?s=96&d=mm&r=g","contentUrl":"https:\/\/secure.gravatar.com\/avatar\/0534e84764641168a677026b6d57a3f51dc7ac4db0b4f6186d9cb330d4ee1160?s=96&d=mm&r=g","caption":"Jefferson Sterfeno"},"sameAs":["http:\/\/blogdobispo.com.br"],"url":"https:\/\/blogdobispo.com.br\/?author=1"}]}},"featured_image_urls":{"full":"","thumbnail":"","medium":"","medium_large":"","large":"","1536x1536":"","2048x2048":""},"author_info":{"display_name":"Jefferson Sterfeno","author_link":"https:\/\/blogdobispo.com.br\/?author=1"},"category_info":"<a href=\"https:\/\/blogdobispo.com.br\/?cat=1\" rel=\"category\">diversos<\/a>","tag_info":"diversos","comment_count":"0","jetpack_featured_media_url":"","jetpack_sharing_enabled":true,"_links":{"self":[{"href":"https:\/\/blogdobispo.com.br\/index.php?rest_route=\/wp\/v2\/posts\/2544","targetHints":{"allow":["GET"]}}],"collection":[{"href":"https:\/\/blogdobispo.com.br\/index.php?rest_route=\/wp\/v2\/posts"}],"about":[{"href":"https:\/\/blogdobispo.com.br\/index.php?rest_route=\/wp\/v2\/types\/post"}],"author":[{"embeddable":true,"href":"https:\/\/blogdobispo.com.br\/index.php?rest_route=\/wp\/v2\/users\/1"}],"replies":[{"embeddable":true,"href":"https:\/\/blogdobispo.com.br\/index.php?rest_route=%2Fwp%2Fv2%2Fcomments&post=2544"}],"version-history":[{"count":0,"href":"https:\/\/blogdobispo.com.br\/index.php?rest_route=\/wp\/v2\/posts\/2544\/revisions"}],"wp:attachment":[{"href":"https:\/\/blogdobispo.com.br\/index.php?rest_route=%2Fwp%2Fv2%2Fmedia&parent=2544"}],"wp:term":[{"taxonomy":"category","embeddable":true,"href":"https:\/\/blogdobispo.com.br\/index.php?rest_route=%2Fwp%2Fv2%2Fcategories&post=2544"},{"taxonomy":"post_tag","embeddable":true,"href":"https:\/\/blogdobispo.com.br\/index.php?rest_route=%2Fwp%2Fv2%2Ftags&post=2544"}],"curies":[{"name":"wp","href":"https:\/\/api.w.org\/{rel}","templated":true}]}}