{"id":2538,"date":"2024-01-16T17:06:59","date_gmt":"2024-01-16T17:06:59","guid":{"rendered":"https:\/\/blogdobispo.com.br\/?p=2538"},"modified":"2024-01-16T17:06:59","modified_gmt":"2024-01-16T17:06:59","slug":"daniel-santiago-assume-presidencia-municipal-do-pp-com-apoio-do-presidente-da-camara-de-natal-eriko-jacome","status":"publish","type":"post","link":"https:\/\/blogdobispo.com.br\/?p=2538","title":{"rendered":"<em>Daniel Santiago assume Presid\u00eancia Municipal do PP com apoio do presidente da C\u00e2mara de Natal, Eriko J\u00e1come<\/em>"},"content":{"rendered":"\n<figure class=\"wp-block-image size-large\"><img data-recalc-dims=\"1\" fetchpriority=\"high\" decoding=\"async\" width=\"800\" height=\"570\" src=\"https:\/\/i0.wp.com\/blogdobispo.com.br\/wp-content\/uploads\/2024\/01\/b238b43d-89cc-4444-9edb-9c9a1a9eed8a-1-1024x730.jpg?resize=800%2C570&#038;ssl=1\" class=\"wp-image-2537\" srcset=\"https:\/\/i0.wp.com\/blogdobispo.com.br\/wp-content\/uploads\/2024\/01\/b238b43d-89cc-4444-9edb-9c9a1a9eed8a-1.jpg?resize=1024%2C730&amp;ssl=1 1024w, https:\/\/i0.wp.com\/blogdobispo.com.br\/wp-content\/uploads\/2024\/01\/b238b43d-89cc-4444-9edb-9c9a1a9eed8a-1.jpg?resize=300%2C214&amp;ssl=1 300w, https:\/\/i0.wp.com\/blogdobispo.com.br\/wp-content\/uploads\/2024\/01\/b238b43d-89cc-4444-9edb-9c9a1a9eed8a-1.jpg?resize=768%2C547&amp;ssl=1 768w, https:\/\/i0.wp.com\/blogdobispo.com.br\/wp-content\/uploads\/2024\/01\/b238b43d-89cc-4444-9edb-9c9a1a9eed8a-1.jpg?w=1280&amp;ssl=1 1280w\" sizes=\"(max-width: 800px) 100vw, 800px\" \/><\/figure>\n\n\n\n<p><\/p>\n\n\n\n<p>Na manh\u00e3 desta ter\u00e7a-feira (16), o Partido Progressista formalizou a nomea\u00e7\u00e3o de Daniel Santiago para a presid\u00eancia municipal. Essa decis\u00e3o estrat\u00e9gica, indicada pelo presidente da C\u00e2mara Municipal de Natal, Eriko J\u00e1come, representa um movimento significativo em meio \u00e0 reorganiza\u00e7\u00e3o partid\u00e1ria, antecipando as mudan\u00e7as esperadas com as janelas partid\u00e1rias que se abrir\u00e3o em mar\u00e7o.<\/p>\n\n\n\n<p>A transi\u00e7\u00e3o, que coloca Daniel \u00e0 frente do PP, antecipa uma s\u00e9rie de mudan\u00e7as pol\u00edticas para o pr\u00f3ximo ano. Eriko J\u00e1come, presidente da C\u00e2mara e figura influente na pol\u00edtica local, deve assumir a presid\u00eancia municipal em mar\u00e7o, consolidando a estrat\u00e9gia de fortalecimento do partido.<\/p>\n\n\n\n<p>O grupo liderado por Eriko chega ao PP com for\u00e7a total, apresentando mais de 30 pr\u00e9-candidatos com um hist\u00f3rico de trabalho destacado nas quatro zonas da cidade. A ambi\u00e7\u00e3o do grupo \u00e9 formar cinco vereadores no munic\u00edpio de Natal, um objetivo ousado que demonstra a determina\u00e7\u00e3o e a coes\u00e3o desse novo alinhamento partid\u00e1rio.<\/p>\n\n\n\n<p>Daniel Santiago, com 35 anos, possui uma s\u00f3lida carreira no servi\u00e7o p\u00fablico desde 2007, ele j\u00e1 ocupou cargos nos poderes executivo e legislativo. Seu trabalho em coordena\u00e7\u00e3o de projetos governamentais, especialmente no Pr\u00f3 Sert\u00e3o pelo Governo do RN, destaca sua experi\u00eancia e capacidade de lideran\u00e7a.<\/p>\n\n\n\n<p>A movimenta\u00e7\u00e3o do grupo no PP indicam um cen\u00e1rio pol\u00edtico din\u00e2mico para o pr\u00f3ximo ano, prometendo uma disputa eleitoral acirrada em toda Natal.<\/p>\n","protected":false},"excerpt":{"rendered":"<p>Na manh\u00e3 desta ter\u00e7a-feira (16), o Partido Progressista formalizou a nomea\u00e7\u00e3o de Daniel Santiago para a presid\u00eancia municipal. Essa decis\u00e3o estrat\u00e9gica, indicada pelo presidente da C\u00e2mara Municipal de Natal, Eriko J\u00e1come, representa um movimento significativo em meio \u00e0 reorganiza\u00e7\u00e3o partid\u00e1ria, antecipando as mudan\u00e7as esperadas com as janelas partid\u00e1rias que se abrir\u00e3o em mar\u00e7o. A transi\u00e7\u00e3o, [&hellip;]<\/p>\n","protected":false},"author":1,"featured_media":0,"comment_status":"open","ping_status":"open","sticky":false,"template":"","format":"standard","meta":{"cybocfi_hide_featured_image":"","_jetpack_memberships_contains_paid_content":false,"footnotes":""},"categories":[1],"tags":[],"class_list":["post-2538","post","type-post","status-publish","format-standard","hentry","category-diversos"],"yoast_head":"<!-- This site is optimized with the Yoast SEO plugin v25.6 - https:\/\/yoast.com\/wordpress\/plugins\/seo\/ -->\n<title>Daniel Santiago assume Presid\u00eancia Municipal do PP com apoio do presidente da C\u00e2mara de Natal, Eriko J\u00e1come - Blog do Bispo<\/title>\n<meta name=\"robots\" content=\"index, follow, max-snippet:-1, max-image-preview:large, max-video-preview:-1\" \/>\n<link rel=\"canonical\" href=\"https:\/\/blogdobispo.com.br\/?p=2538\" \/>\n<meta property=\"og:locale\" content=\"pt_BR\" \/>\n<meta property=\"og:type\" content=\"article\" \/>\n<meta property=\"og:title\" content=\"Daniel Santiago assume Presid\u00eancia Municipal do PP com apoio do presidente da C\u00e2mara de Natal, Eriko J\u00e1come - Blog do Bispo\" \/>\n<meta property=\"og:description\" content=\"Na manh\u00e3 desta ter\u00e7a-feira (16), o Partido Progressista formalizou a nomea\u00e7\u00e3o de Daniel Santiago para a presid\u00eancia municipal. Essa decis\u00e3o estrat\u00e9gica, indicada pelo presidente da C\u00e2mara Municipal de Natal, Eriko J\u00e1come, representa um movimento significativo em meio \u00e0 reorganiza\u00e7\u00e3o partid\u00e1ria, antecipando as mudan\u00e7as esperadas com as janelas partid\u00e1rias que se abrir\u00e3o em mar\u00e7o. A transi\u00e7\u00e3o, [&hellip;]\" \/>\n<meta property=\"og:url\" content=\"https:\/\/blogdobispo.com.br\/?p=2538\" \/>\n<meta property=\"og:site_name\" content=\"Blog do Bispo\" \/>\n<meta property=\"article:published_time\" content=\"2024-01-16T17:06:59+00:00\" \/>\n<meta property=\"og:image\" content=\"https:\/\/blogdobispo.com.br\/wp-content\/uploads\/2024\/01\/b238b43d-89cc-4444-9edb-9c9a1a9eed8a-1-1024x730.jpg\" \/>\n<meta name=\"author\" content=\"Jefferson Sterfeno\" \/>\n<meta name=\"twitter:card\" content=\"summary_large_image\" \/>\n<meta name=\"twitter:label1\" content=\"Escrito por\" \/>\n\t<meta name=\"twitter:data1\" content=\"Jefferson Sterfeno\" \/>\n\t<meta name=\"twitter:label2\" content=\"Est. tempo de leitura\" \/>\n\t<meta name=\"twitter:data2\" content=\"1 minuto\" \/>\n<script type=\"application\/ld+json\" class=\"yoast-schema-graph\">{\"@context\":\"https:\/\/schema.org\",\"@graph\":[{\"@type\":\"Article\",\"@id\":\"https:\/\/blogdobispo.com.br\/?p=2538#article\",\"isPartOf\":{\"@id\":\"https:\/\/blogdobispo.com.br\/?p=2538\"},\"author\":{\"name\":\"Jefferson Sterfeno\",\"@id\":\"https:\/\/blogdobispo.com.br\/#\/schema\/person\/e2209cc0e6cea5c5233d033e997b373f\"},\"headline\":\"Daniel Santiago assume Presid\u00eancia Municipal do PP com apoio do presidente da C\u00e2mara de Natal, Eriko J\u00e1come\",\"datePublished\":\"2024-01-16T17:06:59+00:00\",\"mainEntityOfPage\":{\"@id\":\"https:\/\/blogdobispo.com.br\/?p=2538\"},\"wordCount\":275,\"commentCount\":0,\"publisher\":{\"@id\":\"https:\/\/blogdobispo.com.br\/#organization\"},\"image\":{\"@id\":\"https:\/\/blogdobispo.com.br\/?p=2538#primaryimage\"},\"thumbnailUrl\":\"https:\/\/blogdobispo.com.br\/wp-content\/uploads\/2024\/01\/b238b43d-89cc-4444-9edb-9c9a1a9eed8a-1-1024x730.jpg\",\"articleSection\":[\"diversos\"],\"inLanguage\":\"pt-BR\",\"potentialAction\":[{\"@type\":\"CommentAction\",\"name\":\"Comment\",\"target\":[\"https:\/\/blogdobispo.com.br\/?p=2538#respond\"]}]},{\"@type\":\"WebPage\",\"@id\":\"https:\/\/blogdobispo.com.br\/?p=2538\",\"url\":\"https:\/\/blogdobispo.com.br\/?p=2538\",\"name\":\"Daniel Santiago assume Presid\u00eancia Municipal do PP com apoio do presidente da C\u00e2mara de Natal, Eriko J\u00e1come - Blog do Bispo\",\"isPartOf\":{\"@id\":\"https:\/\/blogdobispo.com.br\/#website\"},\"primaryImageOfPage\":{\"@id\":\"https:\/\/blogdobispo.com.br\/?p=2538#primaryimage\"},\"image\":{\"@id\":\"https:\/\/blogdobispo.com.br\/?p=2538#primaryimage\"},\"thumbnailUrl\":\"https:\/\/blogdobispo.com.br\/wp-content\/uploads\/2024\/01\/b238b43d-89cc-4444-9edb-9c9a1a9eed8a-1-1024x730.jpg\",\"datePublished\":\"2024-01-16T17:06:59+00:00\",\"breadcrumb\":{\"@id\":\"https:\/\/blogdobispo.com.br\/?p=2538#breadcrumb\"},\"inLanguage\":\"pt-BR\",\"potentialAction\":[{\"@type\":\"ReadAction\",\"target\":[\"https:\/\/blogdobispo.com.br\/?p=2538\"]}]},{\"@type\":\"ImageObject\",\"inLanguage\":\"pt-BR\",\"@id\":\"https:\/\/blogdobispo.com.br\/?p=2538#primaryimage\",\"url\":\"https:\/\/blogdobispo.com.br\/wp-content\/uploads\/2024\/01\/b238b43d-89cc-4444-9edb-9c9a1a9eed8a-1-1024x730.jpg\",\"contentUrl\":\"https:\/\/blogdobispo.com.br\/wp-content\/uploads\/2024\/01\/b238b43d-89cc-4444-9edb-9c9a1a9eed8a-1-1024x730.jpg\"},{\"@type\":\"BreadcrumbList\",\"@id\":\"https:\/\/blogdobispo.com.br\/?p=2538#breadcrumb\",\"itemListElement\":[{\"@type\":\"ListItem\",\"position\":1,\"name\":\"In\u00edcio\",\"item\":\"https:\/\/blogdobispo.com.br\/\"},{\"@type\":\"ListItem\",\"position\":2,\"name\":\"Daniel Santiago assume Presid\u00eancia Municipal do PP com apoio do presidente da C\u00e2mara de Natal, Eriko J\u00e1come\"}]},{\"@type\":\"WebSite\",\"@id\":\"https:\/\/blogdobispo.com.br\/#website\",\"url\":\"https:\/\/blogdobispo.com.br\/\",\"name\":\"Blog do Bispo\",\"description\":\"Comprometido apenas com o leitor\",\"publisher\":{\"@id\":\"https:\/\/blogdobispo.com.br\/#organization\"},\"potentialAction\":[{\"@type\":\"SearchAction\",\"target\":{\"@type\":\"EntryPoint\",\"urlTemplate\":\"https:\/\/blogdobispo.com.br\/?s={search_term_string}\"},\"query-input\":{\"@type\":\"PropertyValueSpecification\",\"valueRequired\":true,\"valueName\":\"search_term_string\"}}],\"inLanguage\":\"pt-BR\"},{\"@type\":\"Organization\",\"@id\":\"https:\/\/blogdobispo.com.br\/#organization\",\"name\":\"Blog do Bispo\",\"url\":\"https:\/\/blogdobispo.com.br\/\",\"logo\":{\"@type\":\"ImageObject\",\"inLanguage\":\"pt-BR\",\"@id\":\"https:\/\/blogdobispo.com.br\/#\/schema\/logo\/image\/\",\"url\":\"http:\/\/blogdobispo.com.br\/wp-content\/uploads\/2023\/05\/cropped-headear.png\",\"contentUrl\":\"http:\/\/blogdobispo.com.br\/wp-content\/uploads\/2023\/05\/cropped-headear.png\",\"width\":1500,\"height\":399,\"caption\":\"Blog do Bispo\"},\"image\":{\"@id\":\"https:\/\/blogdobispo.com.br\/#\/schema\/logo\/image\/\"}},{\"@type\":\"Person\",\"@id\":\"https:\/\/blogdobispo.com.br\/#\/schema\/person\/e2209cc0e6cea5c5233d033e997b373f\",\"name\":\"Jefferson Sterfeno\",\"image\":{\"@type\":\"ImageObject\",\"inLanguage\":\"pt-BR\",\"@id\":\"https:\/\/blogdobispo.com.br\/#\/schema\/person\/image\/\",\"url\":\"https:\/\/secure.gravatar.com\/avatar\/0534e84764641168a677026b6d57a3f51dc7ac4db0b4f6186d9cb330d4ee1160?s=96&d=mm&r=g\",\"contentUrl\":\"https:\/\/secure.gravatar.com\/avatar\/0534e84764641168a677026b6d57a3f51dc7ac4db0b4f6186d9cb330d4ee1160?s=96&d=mm&r=g\",\"caption\":\"Jefferson Sterfeno\"},\"sameAs\":[\"http:\/\/blogdobispo.com.br\"],\"url\":\"https:\/\/blogdobispo.com.br\/?author=1\"}]}<\/script>\n<!-- \/ Yoast SEO plugin. -->","yoast_head_json":{"title":"Daniel Santiago assume Presid\u00eancia Municipal do PP com apoio do presidente da C\u00e2mara de Natal, Eriko J\u00e1come - Blog do Bispo","robots":{"index":"index","follow":"follow","max-snippet":"max-snippet:-1","max-image-preview":"max-image-preview:large","max-video-preview":"max-video-preview:-1"},"canonical":"https:\/\/blogdobispo.com.br\/?p=2538","og_locale":"pt_BR","og_type":"article","og_title":"Daniel Santiago assume Presid\u00eancia Municipal do PP com apoio do presidente da C\u00e2mara de Natal, Eriko J\u00e1come - Blog do Bispo","og_description":"Na manh\u00e3 desta ter\u00e7a-feira (16), o Partido Progressista formalizou a nomea\u00e7\u00e3o de Daniel Santiago para a presid\u00eancia municipal. Essa decis\u00e3o estrat\u00e9gica, indicada pelo presidente da C\u00e2mara Municipal de Natal, Eriko J\u00e1come, representa um movimento significativo em meio \u00e0 reorganiza\u00e7\u00e3o partid\u00e1ria, antecipando as mudan\u00e7as esperadas com as janelas partid\u00e1rias que se abrir\u00e3o em mar\u00e7o. A transi\u00e7\u00e3o, [&hellip;]","og_url":"https:\/\/blogdobispo.com.br\/?p=2538","og_site_name":"Blog do Bispo","article_published_time":"2024-01-16T17:06:59+00:00","og_image":[{"url":"https:\/\/blogdobispo.com.br\/wp-content\/uploads\/2024\/01\/b238b43d-89cc-4444-9edb-9c9a1a9eed8a-1-1024x730.jpg","type":"","width":"","height":""}],"author":"Jefferson Sterfeno","twitter_card":"summary_large_image","twitter_misc":{"Escrito por":"Jefferson Sterfeno","Est. tempo de leitura":"1 minuto"},"schema":{"@context":"https:\/\/schema.org","@graph":[{"@type":"Article","@id":"https:\/\/blogdobispo.com.br\/?p=2538#article","isPartOf":{"@id":"https:\/\/blogdobispo.com.br\/?p=2538"},"author":{"name":"Jefferson Sterfeno","@id":"https:\/\/blogdobispo.com.br\/#\/schema\/person\/e2209cc0e6cea5c5233d033e997b373f"},"headline":"Daniel Santiago assume Presid\u00eancia Municipal do PP com apoio do presidente da C\u00e2mara de Natal, Eriko J\u00e1come","datePublished":"2024-01-16T17:06:59+00:00","mainEntityOfPage":{"@id":"https:\/\/blogdobispo.com.br\/?p=2538"},"wordCount":275,"commentCount":0,"publisher":{"@id":"https:\/\/blogdobispo.com.br\/#organization"},"image":{"@id":"https:\/\/blogdobispo.com.br\/?p=2538#primaryimage"},"thumbnailUrl":"https:\/\/blogdobispo.com.br\/wp-content\/uploads\/2024\/01\/b238b43d-89cc-4444-9edb-9c9a1a9eed8a-1-1024x730.jpg","articleSection":["diversos"],"inLanguage":"pt-BR","potentialAction":[{"@type":"CommentAction","name":"Comment","target":["https:\/\/blogdobispo.com.br\/?p=2538#respond"]}]},{"@type":"WebPage","@id":"https:\/\/blogdobispo.com.br\/?p=2538","url":"https:\/\/blogdobispo.com.br\/?p=2538","name":"Daniel Santiago assume Presid\u00eancia Municipal do PP com apoio do presidente da C\u00e2mara de Natal, Eriko J\u00e1come - Blog do Bispo","isPartOf":{"@id":"https:\/\/blogdobispo.com.br\/#website"},"primaryImageOfPage":{"@id":"https:\/\/blogdobispo.com.br\/?p=2538#primaryimage"},"image":{"@id":"https:\/\/blogdobispo.com.br\/?p=2538#primaryimage"},"thumbnailUrl":"https:\/\/blogdobispo.com.br\/wp-content\/uploads\/2024\/01\/b238b43d-89cc-4444-9edb-9c9a1a9eed8a-1-1024x730.jpg","datePublished":"2024-01-16T17:06:59+00:00","breadcrumb":{"@id":"https:\/\/blogdobispo.com.br\/?p=2538#breadcrumb"},"inLanguage":"pt-BR","potentialAction":[{"@type":"ReadAction","target":["https:\/\/blogdobispo.com.br\/?p=2538"]}]},{"@type":"ImageObject","inLanguage":"pt-BR","@id":"https:\/\/blogdobispo.com.br\/?p=2538#primaryimage","url":"https:\/\/blogdobispo.com.br\/wp-content\/uploads\/2024\/01\/b238b43d-89cc-4444-9edb-9c9a1a9eed8a-1-1024x730.jpg","contentUrl":"https:\/\/blogdobispo.com.br\/wp-content\/uploads\/2024\/01\/b238b43d-89cc-4444-9edb-9c9a1a9eed8a-1-1024x730.jpg"},{"@type":"BreadcrumbList","@id":"https:\/\/blogdobispo.com.br\/?p=2538#breadcrumb","itemListElement":[{"@type":"ListItem","position":1,"name":"In\u00edcio","item":"https:\/\/blogdobispo.com.br\/"},{"@type":"ListItem","position":2,"name":"Daniel Santiago assume Presid\u00eancia Municipal do PP com apoio do presidente da C\u00e2mara de Natal, Eriko J\u00e1come"}]},{"@type":"WebSite","@id":"https:\/\/blogdobispo.com.br\/#website","url":"https:\/\/blogdobispo.com.br\/","name":"Blog do Bispo","description":"Comprometido apenas com o leitor","publisher":{"@id":"https:\/\/blogdobispo.com.br\/#organization"},"potentialAction":[{"@type":"SearchAction","target":{"@type":"EntryPoint","urlTemplate":"https:\/\/blogdobispo.com.br\/?s={search_term_string}"},"query-input":{"@type":"PropertyValueSpecification","valueRequired":true,"valueName":"search_term_string"}}],"inLanguage":"pt-BR"},{"@type":"Organization","@id":"https:\/\/blogdobispo.com.br\/#organization","name":"Blog do Bispo","url":"https:\/\/blogdobispo.com.br\/","logo":{"@type":"ImageObject","inLanguage":"pt-BR","@id":"https:\/\/blogdobispo.com.br\/#\/schema\/logo\/image\/","url":"http:\/\/blogdobispo.com.br\/wp-content\/uploads\/2023\/05\/cropped-headear.png","contentUrl":"http:\/\/blogdobispo.com.br\/wp-content\/uploads\/2023\/05\/cropped-headear.png","width":1500,"height":399,"caption":"Blog do Bispo"},"image":{"@id":"https:\/\/blogdobispo.com.br\/#\/schema\/logo\/image\/"}},{"@type":"Person","@id":"https:\/\/blogdobispo.com.br\/#\/schema\/person\/e2209cc0e6cea5c5233d033e997b373f","name":"Jefferson Sterfeno","image":{"@type":"ImageObject","inLanguage":"pt-BR","@id":"https:\/\/blogdobispo.com.br\/#\/schema\/person\/image\/","url":"https:\/\/secure.gravatar.com\/avatar\/0534e84764641168a677026b6d57a3f51dc7ac4db0b4f6186d9cb330d4ee1160?s=96&d=mm&r=g","contentUrl":"https:\/\/secure.gravatar.com\/avatar\/0534e84764641168a677026b6d57a3f51dc7ac4db0b4f6186d9cb330d4ee1160?s=96&d=mm&r=g","caption":"Jefferson Sterfeno"},"sameAs":["http:\/\/blogdobispo.com.br"],"url":"https:\/\/blogdobispo.com.br\/?author=1"}]}},"featured_image_urls":{"full":"","thumbnail":"","medium":"","medium_large":"","large":"","1536x1536":"","2048x2048":""},"author_info":{"display_name":"Jefferson Sterfeno","author_link":"https:\/\/blogdobispo.com.br\/?author=1"},"category_info":"<a href=\"https:\/\/blogdobispo.com.br\/?cat=1\" rel=\"category\">diversos<\/a>","tag_info":"diversos","comment_count":"0","jetpack_featured_media_url":"","jetpack_sharing_enabled":true,"_links":{"self":[{"href":"https:\/\/blogdobispo.com.br\/index.php?rest_route=\/wp\/v2\/posts\/2538","targetHints":{"allow":["GET"]}}],"collection":[{"href":"https:\/\/blogdobispo.com.br\/index.php?rest_route=\/wp\/v2\/posts"}],"about":[{"href":"https:\/\/blogdobispo.com.br\/index.php?rest_route=\/wp\/v2\/types\/post"}],"author":[{"embeddable":true,"href":"https:\/\/blogdobispo.com.br\/index.php?rest_route=\/wp\/v2\/users\/1"}],"replies":[{"embeddable":true,"href":"https:\/\/blogdobispo.com.br\/index.php?rest_route=%2Fwp%2Fv2%2Fcomments&post=2538"}],"version-history":[{"count":0,"href":"https:\/\/blogdobispo.com.br\/index.php?rest_route=\/wp\/v2\/posts\/2538\/revisions"}],"wp:attachment":[{"href":"https:\/\/blogdobispo.com.br\/index.php?rest_route=%2Fwp%2Fv2%2Fmedia&parent=2538"}],"wp:term":[{"taxonomy":"category","embeddable":true,"href":"https:\/\/blogdobispo.com.br\/index.php?rest_route=%2Fwp%2Fv2%2Fcategories&post=2538"},{"taxonomy":"post_tag","embeddable":true,"href":"https:\/\/blogdobispo.com.br\/index.php?rest_route=%2Fwp%2Fv2%2Ftags&post=2538"}],"curies":[{"name":"wp","href":"https:\/\/api.w.org\/{rel}","templated":true}]}}