{"id":2520,"date":"2024-01-16T05:30:50","date_gmt":"2024-01-16T05:30:50","guid":{"rendered":"https:\/\/blogdobispo.com.br\/?p=2520"},"modified":"2024-01-16T05:40:01","modified_gmt":"2024-01-16T05:40:01","slug":"lideranca-do-soledade-busca-eleger-terceiro-vereador-consecutivo","status":"publish","type":"post","link":"https:\/\/blogdobispo.com.br\/?p=2520","title":{"rendered":"Lideran\u00e7a do Soledade busca eleger terceiro vereador consecutivo"},"content":{"rendered":"\n<p>Pelo nome Valtecio Bento poucas pessoas saber\u00e3o quem \u00e9 o cidad\u00e3o, mas quando o seu apelido \u00e9 revelado todos conhecem a hist\u00f3ria de Tet\u00e9, importante lideran\u00e7a do Soledade II da Zona Norte. <\/p>\n\n\n\n<p>Com uma hist\u00f3ria de vida de supera\u00e7\u00e3o por ter vencido um c\u00e2ncer, Tet\u00e9 ter\u00e1 mais um grande desafio em 2024, eleger seu terceiro vereador consecutivo. Tet\u00e9 apoiar\u00e1 M\u00e1rcio Gomes do PP, que nas \u00faltimas elei\u00e7\u00f5es teve 1800 votos. <\/p>\n\n\n\n<p>Abriu m\u00e3o do gabinete de Peixoto e Anderson para ficar sem espa\u00e7os ao lado da lideran\u00e7a do Santa Catarina. <\/p>\n\n\n\n<p>Estrategista nato, e conhecedor como poucos do perfil do eleitorado da Zona Norte, Tet\u00e9 ter\u00e1 o grande desafio da sua vida pol\u00edtica, depois de eleger Nina Souza em 2016 e seu vizinho Geovane Peixoto em 2020, Tet\u00e9 tem reunido um grande grupo de amigos para apoiar M\u00e1rcio. <\/p>\n\n\n\n<figure class=\"wp-block-image size-large\"><img data-recalc-dims=\"1\" fetchpriority=\"high\" decoding=\"async\" width=\"524\" height=\"682\" src=\"https:\/\/i0.wp.com\/blogdobispo.com.br\/wp-content\/uploads\/2024\/01\/img_5221-1.jpg?resize=524%2C682&#038;ssl=1\" alt=\"\" class=\"wp-image-2519\" srcset=\"https:\/\/i0.wp.com\/blogdobispo.com.br\/wp-content\/uploads\/2024\/01\/img_5221-1.jpg?w=524&amp;ssl=1 524w, https:\/\/i0.wp.com\/blogdobispo.com.br\/wp-content\/uploads\/2024\/01\/img_5221-1.jpg?resize=230%2C300&amp;ssl=1 230w\" sizes=\"(max-width: 524px) 100vw, 524px\" \/><\/figure>\n\n\n\n<p>Recentemente a \u00faltima ades\u00e3o foi do ex chefe de gabinete de Anderson Lopes, Melquisedeque que entrou na campanha de M\u00e1rcio atrav\u00e9s do di\u00e1logo com Tet\u00e9. <\/p>\n\n\n\n<p>O homem sabe os caminhos das pedras e tem tudo para pedir m\u00fasica no fant\u00e1stico, elegendo o terceiro vereador consecutivo. <\/p>\n","protected":false},"excerpt":{"rendered":"<p>Pelo nome Valtecio Bento poucas pessoas saber\u00e3o quem \u00e9 o cidad\u00e3o, mas quando o seu apelido \u00e9 revelado todos conhecem a hist\u00f3ria de Tet\u00e9, importante lideran\u00e7a do Soledade II da Zona Norte. Com uma hist\u00f3ria de vida de supera\u00e7\u00e3o por ter vencido um c\u00e2ncer, Tet\u00e9 ter\u00e1 mais um grande desafio em 2024, eleger seu terceiro [&hellip;]<\/p>\n","protected":false},"author":1,"featured_media":0,"comment_status":"open","ping_status":"open","sticky":false,"template":"","format":"standard","meta":{"cybocfi_hide_featured_image":"","_jetpack_memberships_contains_paid_content":false,"footnotes":""},"categories":[1],"tags":[],"class_list":["post-2520","post","type-post","status-publish","format-standard","hentry","category-diversos"],"yoast_head":"<!-- This site is optimized with the Yoast SEO plugin v25.6 - https:\/\/yoast.com\/wordpress\/plugins\/seo\/ -->\n<title>Lideran\u00e7a do Soledade busca eleger terceiro vereador consecutivo - Blog do Bispo<\/title>\n<meta name=\"robots\" content=\"index, follow, max-snippet:-1, max-image-preview:large, max-video-preview:-1\" \/>\n<link rel=\"canonical\" href=\"https:\/\/blogdobispo.com.br\/?p=2520\" \/>\n<meta property=\"og:locale\" content=\"pt_BR\" \/>\n<meta property=\"og:type\" content=\"article\" \/>\n<meta property=\"og:title\" content=\"Lideran\u00e7a do Soledade busca eleger terceiro vereador consecutivo - Blog do Bispo\" \/>\n<meta property=\"og:description\" content=\"Pelo nome Valtecio Bento poucas pessoas saber\u00e3o quem \u00e9 o cidad\u00e3o, mas quando o seu apelido \u00e9 revelado todos conhecem a hist\u00f3ria de Tet\u00e9, importante lideran\u00e7a do Soledade II da Zona Norte. Com uma hist\u00f3ria de vida de supera\u00e7\u00e3o por ter vencido um c\u00e2ncer, Tet\u00e9 ter\u00e1 mais um grande desafio em 2024, eleger seu terceiro [&hellip;]\" \/>\n<meta property=\"og:url\" content=\"https:\/\/blogdobispo.com.br\/?p=2520\" \/>\n<meta property=\"og:site_name\" content=\"Blog do Bispo\" \/>\n<meta property=\"article:published_time\" content=\"2024-01-16T05:30:50+00:00\" \/>\n<meta property=\"article:modified_time\" content=\"2024-01-16T05:40:01+00:00\" \/>\n<meta property=\"og:image\" content=\"https:\/\/blogdobispo.com.br\/wp-content\/uploads\/2024\/01\/img_5221-1.jpg\" \/>\n<meta name=\"author\" content=\"Jefferson Sterfeno\" \/>\n<meta name=\"twitter:card\" content=\"summary_large_image\" \/>\n<meta name=\"twitter:label1\" content=\"Escrito por\" \/>\n\t<meta name=\"twitter:data1\" content=\"Jefferson Sterfeno\" \/>\n\t<meta name=\"twitter:label2\" content=\"Est. tempo de leitura\" \/>\n\t<meta name=\"twitter:data2\" content=\"1 minuto\" \/>\n<script type=\"application\/ld+json\" class=\"yoast-schema-graph\">{\"@context\":\"https:\/\/schema.org\",\"@graph\":[{\"@type\":\"Article\",\"@id\":\"https:\/\/blogdobispo.com.br\/?p=2520#article\",\"isPartOf\":{\"@id\":\"https:\/\/blogdobispo.com.br\/?p=2520\"},\"author\":{\"name\":\"Jefferson Sterfeno\",\"@id\":\"https:\/\/blogdobispo.com.br\/#\/schema\/person\/e2209cc0e6cea5c5233d033e997b373f\"},\"headline\":\"Lideran\u00e7a do Soledade busca eleger terceiro vereador consecutivo\",\"datePublished\":\"2024-01-16T05:30:50+00:00\",\"dateModified\":\"2024-01-16T05:40:01+00:00\",\"mainEntityOfPage\":{\"@id\":\"https:\/\/blogdobispo.com.br\/?p=2520\"},\"wordCount\":204,\"commentCount\":0,\"publisher\":{\"@id\":\"https:\/\/blogdobispo.com.br\/#organization\"},\"image\":{\"@id\":\"https:\/\/blogdobispo.com.br\/?p=2520#primaryimage\"},\"thumbnailUrl\":\"https:\/\/blogdobispo.com.br\/wp-content\/uploads\/2024\/01\/img_5221-1.jpg\",\"articleSection\":[\"diversos\"],\"inLanguage\":\"pt-BR\",\"potentialAction\":[{\"@type\":\"CommentAction\",\"name\":\"Comment\",\"target\":[\"https:\/\/blogdobispo.com.br\/?p=2520#respond\"]}]},{\"@type\":\"WebPage\",\"@id\":\"https:\/\/blogdobispo.com.br\/?p=2520\",\"url\":\"https:\/\/blogdobispo.com.br\/?p=2520\",\"name\":\"Lideran\u00e7a do Soledade busca eleger terceiro vereador consecutivo - Blog do Bispo\",\"isPartOf\":{\"@id\":\"https:\/\/blogdobispo.com.br\/#website\"},\"primaryImageOfPage\":{\"@id\":\"https:\/\/blogdobispo.com.br\/?p=2520#primaryimage\"},\"image\":{\"@id\":\"https:\/\/blogdobispo.com.br\/?p=2520#primaryimage\"},\"thumbnailUrl\":\"https:\/\/blogdobispo.com.br\/wp-content\/uploads\/2024\/01\/img_5221-1.jpg\",\"datePublished\":\"2024-01-16T05:30:50+00:00\",\"dateModified\":\"2024-01-16T05:40:01+00:00\",\"breadcrumb\":{\"@id\":\"https:\/\/blogdobispo.com.br\/?p=2520#breadcrumb\"},\"inLanguage\":\"pt-BR\",\"potentialAction\":[{\"@type\":\"ReadAction\",\"target\":[\"https:\/\/blogdobispo.com.br\/?p=2520\"]}]},{\"@type\":\"ImageObject\",\"inLanguage\":\"pt-BR\",\"@id\":\"https:\/\/blogdobispo.com.br\/?p=2520#primaryimage\",\"url\":\"https:\/\/blogdobispo.com.br\/wp-content\/uploads\/2024\/01\/img_5221-1.jpg\",\"contentUrl\":\"https:\/\/blogdobispo.com.br\/wp-content\/uploads\/2024\/01\/img_5221-1.jpg\"},{\"@type\":\"BreadcrumbList\",\"@id\":\"https:\/\/blogdobispo.com.br\/?p=2520#breadcrumb\",\"itemListElement\":[{\"@type\":\"ListItem\",\"position\":1,\"name\":\"In\u00edcio\",\"item\":\"https:\/\/blogdobispo.com.br\/\"},{\"@type\":\"ListItem\",\"position\":2,\"name\":\"Lideran\u00e7a do Soledade busca eleger terceiro vereador consecutivo\"}]},{\"@type\":\"WebSite\",\"@id\":\"https:\/\/blogdobispo.com.br\/#website\",\"url\":\"https:\/\/blogdobispo.com.br\/\",\"name\":\"Blog do Bispo\",\"description\":\"Comprometido apenas com o leitor\",\"publisher\":{\"@id\":\"https:\/\/blogdobispo.com.br\/#organization\"},\"potentialAction\":[{\"@type\":\"SearchAction\",\"target\":{\"@type\":\"EntryPoint\",\"urlTemplate\":\"https:\/\/blogdobispo.com.br\/?s={search_term_string}\"},\"query-input\":{\"@type\":\"PropertyValueSpecification\",\"valueRequired\":true,\"valueName\":\"search_term_string\"}}],\"inLanguage\":\"pt-BR\"},{\"@type\":\"Organization\",\"@id\":\"https:\/\/blogdobispo.com.br\/#organization\",\"name\":\"Blog do Bispo\",\"url\":\"https:\/\/blogdobispo.com.br\/\",\"logo\":{\"@type\":\"ImageObject\",\"inLanguage\":\"pt-BR\",\"@id\":\"https:\/\/blogdobispo.com.br\/#\/schema\/logo\/image\/\",\"url\":\"http:\/\/blogdobispo.com.br\/wp-content\/uploads\/2023\/05\/cropped-headear.png\",\"contentUrl\":\"http:\/\/blogdobispo.com.br\/wp-content\/uploads\/2023\/05\/cropped-headear.png\",\"width\":1500,\"height\":399,\"caption\":\"Blog do Bispo\"},\"image\":{\"@id\":\"https:\/\/blogdobispo.com.br\/#\/schema\/logo\/image\/\"}},{\"@type\":\"Person\",\"@id\":\"https:\/\/blogdobispo.com.br\/#\/schema\/person\/e2209cc0e6cea5c5233d033e997b373f\",\"name\":\"Jefferson Sterfeno\",\"image\":{\"@type\":\"ImageObject\",\"inLanguage\":\"pt-BR\",\"@id\":\"https:\/\/blogdobispo.com.br\/#\/schema\/person\/image\/\",\"url\":\"https:\/\/secure.gravatar.com\/avatar\/0534e84764641168a677026b6d57a3f51dc7ac4db0b4f6186d9cb330d4ee1160?s=96&d=mm&r=g\",\"contentUrl\":\"https:\/\/secure.gravatar.com\/avatar\/0534e84764641168a677026b6d57a3f51dc7ac4db0b4f6186d9cb330d4ee1160?s=96&d=mm&r=g\",\"caption\":\"Jefferson Sterfeno\"},\"sameAs\":[\"http:\/\/blogdobispo.com.br\"],\"url\":\"https:\/\/blogdobispo.com.br\/?author=1\"}]}<\/script>\n<!-- \/ Yoast SEO plugin. -->","yoast_head_json":{"title":"Lideran\u00e7a do Soledade busca eleger terceiro vereador consecutivo - Blog do Bispo","robots":{"index":"index","follow":"follow","max-snippet":"max-snippet:-1","max-image-preview":"max-image-preview:large","max-video-preview":"max-video-preview:-1"},"canonical":"https:\/\/blogdobispo.com.br\/?p=2520","og_locale":"pt_BR","og_type":"article","og_title":"Lideran\u00e7a do Soledade busca eleger terceiro vereador consecutivo - Blog do Bispo","og_description":"Pelo nome Valtecio Bento poucas pessoas saber\u00e3o quem \u00e9 o cidad\u00e3o, mas quando o seu apelido \u00e9 revelado todos conhecem a hist\u00f3ria de Tet\u00e9, importante lideran\u00e7a do Soledade II da Zona Norte. Com uma hist\u00f3ria de vida de supera\u00e7\u00e3o por ter vencido um c\u00e2ncer, Tet\u00e9 ter\u00e1 mais um grande desafio em 2024, eleger seu terceiro [&hellip;]","og_url":"https:\/\/blogdobispo.com.br\/?p=2520","og_site_name":"Blog do Bispo","article_published_time":"2024-01-16T05:30:50+00:00","article_modified_time":"2024-01-16T05:40:01+00:00","og_image":[{"url":"https:\/\/blogdobispo.com.br\/wp-content\/uploads\/2024\/01\/img_5221-1.jpg","type":"","width":"","height":""}],"author":"Jefferson Sterfeno","twitter_card":"summary_large_image","twitter_misc":{"Escrito por":"Jefferson Sterfeno","Est. tempo de leitura":"1 minuto"},"schema":{"@context":"https:\/\/schema.org","@graph":[{"@type":"Article","@id":"https:\/\/blogdobispo.com.br\/?p=2520#article","isPartOf":{"@id":"https:\/\/blogdobispo.com.br\/?p=2520"},"author":{"name":"Jefferson Sterfeno","@id":"https:\/\/blogdobispo.com.br\/#\/schema\/person\/e2209cc0e6cea5c5233d033e997b373f"},"headline":"Lideran\u00e7a do Soledade busca eleger terceiro vereador consecutivo","datePublished":"2024-01-16T05:30:50+00:00","dateModified":"2024-01-16T05:40:01+00:00","mainEntityOfPage":{"@id":"https:\/\/blogdobispo.com.br\/?p=2520"},"wordCount":204,"commentCount":0,"publisher":{"@id":"https:\/\/blogdobispo.com.br\/#organization"},"image":{"@id":"https:\/\/blogdobispo.com.br\/?p=2520#primaryimage"},"thumbnailUrl":"https:\/\/blogdobispo.com.br\/wp-content\/uploads\/2024\/01\/img_5221-1.jpg","articleSection":["diversos"],"inLanguage":"pt-BR","potentialAction":[{"@type":"CommentAction","name":"Comment","target":["https:\/\/blogdobispo.com.br\/?p=2520#respond"]}]},{"@type":"WebPage","@id":"https:\/\/blogdobispo.com.br\/?p=2520","url":"https:\/\/blogdobispo.com.br\/?p=2520","name":"Lideran\u00e7a do Soledade busca eleger terceiro vereador consecutivo - Blog do Bispo","isPartOf":{"@id":"https:\/\/blogdobispo.com.br\/#website"},"primaryImageOfPage":{"@id":"https:\/\/blogdobispo.com.br\/?p=2520#primaryimage"},"image":{"@id":"https:\/\/blogdobispo.com.br\/?p=2520#primaryimage"},"thumbnailUrl":"https:\/\/blogdobispo.com.br\/wp-content\/uploads\/2024\/01\/img_5221-1.jpg","datePublished":"2024-01-16T05:30:50+00:00","dateModified":"2024-01-16T05:40:01+00:00","breadcrumb":{"@id":"https:\/\/blogdobispo.com.br\/?p=2520#breadcrumb"},"inLanguage":"pt-BR","potentialAction":[{"@type":"ReadAction","target":["https:\/\/blogdobispo.com.br\/?p=2520"]}]},{"@type":"ImageObject","inLanguage":"pt-BR","@id":"https:\/\/blogdobispo.com.br\/?p=2520#primaryimage","url":"https:\/\/blogdobispo.com.br\/wp-content\/uploads\/2024\/01\/img_5221-1.jpg","contentUrl":"https:\/\/blogdobispo.com.br\/wp-content\/uploads\/2024\/01\/img_5221-1.jpg"},{"@type":"BreadcrumbList","@id":"https:\/\/blogdobispo.com.br\/?p=2520#breadcrumb","itemListElement":[{"@type":"ListItem","position":1,"name":"In\u00edcio","item":"https:\/\/blogdobispo.com.br\/"},{"@type":"ListItem","position":2,"name":"Lideran\u00e7a do Soledade busca eleger terceiro vereador consecutivo"}]},{"@type":"WebSite","@id":"https:\/\/blogdobispo.com.br\/#website","url":"https:\/\/blogdobispo.com.br\/","name":"Blog do Bispo","description":"Comprometido apenas com o leitor","publisher":{"@id":"https:\/\/blogdobispo.com.br\/#organization"},"potentialAction":[{"@type":"SearchAction","target":{"@type":"EntryPoint","urlTemplate":"https:\/\/blogdobispo.com.br\/?s={search_term_string}"},"query-input":{"@type":"PropertyValueSpecification","valueRequired":true,"valueName":"search_term_string"}}],"inLanguage":"pt-BR"},{"@type":"Organization","@id":"https:\/\/blogdobispo.com.br\/#organization","name":"Blog do Bispo","url":"https:\/\/blogdobispo.com.br\/","logo":{"@type":"ImageObject","inLanguage":"pt-BR","@id":"https:\/\/blogdobispo.com.br\/#\/schema\/logo\/image\/","url":"http:\/\/blogdobispo.com.br\/wp-content\/uploads\/2023\/05\/cropped-headear.png","contentUrl":"http:\/\/blogdobispo.com.br\/wp-content\/uploads\/2023\/05\/cropped-headear.png","width":1500,"height":399,"caption":"Blog do Bispo"},"image":{"@id":"https:\/\/blogdobispo.com.br\/#\/schema\/logo\/image\/"}},{"@type":"Person","@id":"https:\/\/blogdobispo.com.br\/#\/schema\/person\/e2209cc0e6cea5c5233d033e997b373f","name":"Jefferson Sterfeno","image":{"@type":"ImageObject","inLanguage":"pt-BR","@id":"https:\/\/blogdobispo.com.br\/#\/schema\/person\/image\/","url":"https:\/\/secure.gravatar.com\/avatar\/0534e84764641168a677026b6d57a3f51dc7ac4db0b4f6186d9cb330d4ee1160?s=96&d=mm&r=g","contentUrl":"https:\/\/secure.gravatar.com\/avatar\/0534e84764641168a677026b6d57a3f51dc7ac4db0b4f6186d9cb330d4ee1160?s=96&d=mm&r=g","caption":"Jefferson Sterfeno"},"sameAs":["http:\/\/blogdobispo.com.br"],"url":"https:\/\/blogdobispo.com.br\/?author=1"}]}},"featured_image_urls":{"full":"","thumbnail":"","medium":"","medium_large":"","large":"","1536x1536":"","2048x2048":""},"author_info":{"display_name":"Jefferson Sterfeno","author_link":"https:\/\/blogdobispo.com.br\/?author=1"},"category_info":"<a href=\"https:\/\/blogdobispo.com.br\/?cat=1\" rel=\"category\">diversos<\/a>","tag_info":"diversos","comment_count":"0","jetpack_featured_media_url":"","jetpack_sharing_enabled":true,"_links":{"self":[{"href":"https:\/\/blogdobispo.com.br\/index.php?rest_route=\/wp\/v2\/posts\/2520","targetHints":{"allow":["GET"]}}],"collection":[{"href":"https:\/\/blogdobispo.com.br\/index.php?rest_route=\/wp\/v2\/posts"}],"about":[{"href":"https:\/\/blogdobispo.com.br\/index.php?rest_route=\/wp\/v2\/types\/post"}],"author":[{"embeddable":true,"href":"https:\/\/blogdobispo.com.br\/index.php?rest_route=\/wp\/v2\/users\/1"}],"replies":[{"embeddable":true,"href":"https:\/\/blogdobispo.com.br\/index.php?rest_route=%2Fwp%2Fv2%2Fcomments&post=2520"}],"version-history":[{"count":3,"href":"https:\/\/blogdobispo.com.br\/index.php?rest_route=\/wp\/v2\/posts\/2520\/revisions"}],"predecessor-version":[{"id":2523,"href":"https:\/\/blogdobispo.com.br\/index.php?rest_route=\/wp\/v2\/posts\/2520\/revisions\/2523"}],"wp:attachment":[{"href":"https:\/\/blogdobispo.com.br\/index.php?rest_route=%2Fwp%2Fv2%2Fmedia&parent=2520"}],"wp:term":[{"taxonomy":"category","embeddable":true,"href":"https:\/\/blogdobispo.com.br\/index.php?rest_route=%2Fwp%2Fv2%2Fcategories&post=2520"},{"taxonomy":"post_tag","embeddable":true,"href":"https:\/\/blogdobispo.com.br\/index.php?rest_route=%2Fwp%2Fv2%2Ftags&post=2520"}],"curies":[{"name":"wp","href":"https:\/\/api.w.org\/{rel}","templated":true}]}}