{"id":2511,"date":"2024-01-15T03:43:38","date_gmt":"2024-01-15T03:43:38","guid":{"rendered":"https:\/\/blogdobispo.com.br\/?p=2511"},"modified":"2024-01-15T03:43:38","modified_gmt":"2024-01-15T03:43:38","slug":"prefeito-de-assu-emite-nota-contra-joao-maia","status":"publish","type":"post","link":"https:\/\/blogdobispo.com.br\/?p=2511","title":{"rendered":"Prefeito de Assu emite nota contra Jo\u00e3o Maia"},"content":{"rendered":"\n<figure class=\"wp-block-image size-large\"><img data-recalc-dims=\"1\" fetchpriority=\"high\" decoding=\"async\" width=\"800\" height=\"904\" src=\"https:\/\/i0.wp.com\/blogdobispo.com.br\/wp-content\/uploads\/2024\/01\/img_5211-1-906x1024.png?resize=800%2C904&#038;ssl=1\" class=\"wp-image-2510\" srcset=\"https:\/\/i0.wp.com\/blogdobispo.com.br\/wp-content\/uploads\/2024\/01\/img_5211-1.png?resize=906%2C1024&amp;ssl=1 906w, https:\/\/i0.wp.com\/blogdobispo.com.br\/wp-content\/uploads\/2024\/01\/img_5211-1.png?resize=265%2C300&amp;ssl=1 265w, https:\/\/i0.wp.com\/blogdobispo.com.br\/wp-content\/uploads\/2024\/01\/img_5211-1.png?resize=768%2C868&amp;ssl=1 768w, https:\/\/i0.wp.com\/blogdobispo.com.br\/wp-content\/uploads\/2024\/01\/img_5211-1.png?resize=1024%2C1158&amp;ssl=1 1024w, https:\/\/i0.wp.com\/blogdobispo.com.br\/wp-content\/uploads\/2024\/01\/img_5211-1.png?w=1179&amp;ssl=1 1179w\" sizes=\"(max-width: 800px) 100vw, 800px\" \/><\/figure>\n\n\n\n<p>Ao longo dos anos em que tenho tido a honra de administrar nossa cidade, enfrentei com firmeza e dignidade os desafios deste cargo, sempre exercendo minhas fun\u00e7\u00f5es com entusiasmo e alegria. Desde o in\u00edcio de meu primeiro mandato, enfrentei persegui\u00e7\u00f5es por parte daqueles que se consideram donos da vontade popular.<\/p>\n\n\n\n<p>Em ambas as minhas elei\u00e7\u00f5es, fui alvo de acusa\u00e7\u00f5es infundadas, em uma tentativa absurda de invalidar os mandatos que voc\u00eas, honrosamente, me confiaram.<\/p>\n\n\n\n<p>Recentemente, os mesmos que me perseguiam, agora se posicionam falsamente como v\u00edtimas, tentando ocultar a persegui\u00e7\u00e3o que orquestraram.<\/p>\n\n\n\n<p>Eles articularam, nos bastidores da prefeitura, uma alian\u00e7a que me recorda o ad\u00e1gio popular: &#8220;cobra engolindo cobra&#8221;.<\/p>\n\n\n\n<p>A tentativa era uma s\u00f3: tirar a prefeitura do povo de Assu.<\/p>\n\n\n\n<p>Com a b\u00ean\u00e7\u00e3o divina e o apoio inabal\u00e1vel dos meus conterr\u00e2neos, consegui comprovar na Justi\u00e7a que eles estavam errados. A Justi\u00e7a nos deu raz\u00e3o e nos liberou desses processos que eles nos colocaram.<\/p>\n\n\n\n<p>Agora, Assu come\u00e7a a colher os frutos de nosso trabalho conjunto. Tenho me dedicado incansavelmente ao cuidado de nossa estimada cidade, sem demagogia, sem falsidade, sem trai\u00e7\u00e3o e sem teatro.<\/p>\n\n\n\n<p>Aos que se juntaram para cassar o mandato conferido por voc\u00eas &#8211; que mentiram, foram desleais, me perseguiram e agora se fazem de v\u00edtimas &#8211; tenho respondido com trabalho \u00e1rduo e compromisso com todos voc\u00eas.<\/p>\n\n\n\n<p>\u00c9 por isso que eu sou cem por cento solid\u00e1rio a George nessa quest\u00e3o de Jo\u00e3o Maia. N\u00e3o s\u00f3 por ser meu irm\u00e3o, mas por ser uma pessoa coerente, verdadeira e \u00edntegra. Foi o pedido de George e do nosso grupo que me levaram a votar em Jo\u00e3o Maia.<\/p>\n\n\n\n<p>Continuaremos juntos. Para al\u00e9m da nossa grandiosa e reconhecida obra administrativa, o maior bem que fazemos a Assu \u00e9 defend\u00ea-la. \u00c9 garantir que os contumazes dilapidadores do patrim\u00f4nio do nosso povo n\u00e3o retornem ao poder.<\/p>\n\n\n\n<p>A esperan\u00e7a da plena continuidade do trabalho em Ass\u00fa, j\u00e1 se faz presente!<\/p>\n\n\n\n<p><\/p>\n","protected":false},"excerpt":{"rendered":"<p>Ao longo dos anos em que tenho tido a honra de administrar nossa cidade, enfrentei com firmeza e dignidade os desafios deste cargo, sempre exercendo minhas fun\u00e7\u00f5es com entusiasmo e alegria. Desde o in\u00edcio de meu primeiro mandato, enfrentei persegui\u00e7\u00f5es por parte daqueles que se consideram donos da vontade popular. Em ambas as minhas elei\u00e7\u00f5es, [&hellip;]<\/p>\n","protected":false},"author":1,"featured_media":0,"comment_status":"open","ping_status":"open","sticky":false,"template":"","format":"standard","meta":{"cybocfi_hide_featured_image":"","_jetpack_memberships_contains_paid_content":false,"footnotes":""},"categories":[1],"tags":[],"class_list":["post-2511","post","type-post","status-publish","format-standard","hentry","category-diversos"],"yoast_head":"<!-- This site is optimized with the Yoast SEO plugin v25.6 - https:\/\/yoast.com\/wordpress\/plugins\/seo\/ -->\n<title>Prefeito de Assu emite nota contra Jo\u00e3o Maia - Blog do Bispo<\/title>\n<meta name=\"robots\" content=\"index, follow, max-snippet:-1, max-image-preview:large, max-video-preview:-1\" \/>\n<link rel=\"canonical\" href=\"https:\/\/blogdobispo.com.br\/?p=2511\" \/>\n<meta property=\"og:locale\" content=\"pt_BR\" \/>\n<meta property=\"og:type\" content=\"article\" \/>\n<meta property=\"og:title\" content=\"Prefeito de Assu emite nota contra Jo\u00e3o Maia - Blog do Bispo\" \/>\n<meta property=\"og:description\" content=\"Ao longo dos anos em que tenho tido a honra de administrar nossa cidade, enfrentei com firmeza e dignidade os desafios deste cargo, sempre exercendo minhas fun\u00e7\u00f5es com entusiasmo e alegria. Desde o in\u00edcio de meu primeiro mandato, enfrentei persegui\u00e7\u00f5es por parte daqueles que se consideram donos da vontade popular. Em ambas as minhas elei\u00e7\u00f5es, [&hellip;]\" \/>\n<meta property=\"og:url\" content=\"https:\/\/blogdobispo.com.br\/?p=2511\" \/>\n<meta property=\"og:site_name\" content=\"Blog do Bispo\" \/>\n<meta property=\"article:published_time\" content=\"2024-01-15T03:43:38+00:00\" \/>\n<meta property=\"og:image\" content=\"https:\/\/blogdobispo.com.br\/wp-content\/uploads\/2024\/01\/img_5211-1-906x1024.png\" \/>\n<meta name=\"author\" content=\"Jefferson Sterfeno\" \/>\n<meta name=\"twitter:card\" content=\"summary_large_image\" \/>\n<meta name=\"twitter:label1\" content=\"Escrito por\" \/>\n\t<meta name=\"twitter:data1\" content=\"Jefferson Sterfeno\" \/>\n\t<meta name=\"twitter:label2\" content=\"Est. tempo de leitura\" \/>\n\t<meta name=\"twitter:data2\" content=\"2 minutos\" \/>\n<script type=\"application\/ld+json\" class=\"yoast-schema-graph\">{\"@context\":\"https:\/\/schema.org\",\"@graph\":[{\"@type\":\"Article\",\"@id\":\"https:\/\/blogdobispo.com.br\/?p=2511#article\",\"isPartOf\":{\"@id\":\"https:\/\/blogdobispo.com.br\/?p=2511\"},\"author\":{\"name\":\"Jefferson Sterfeno\",\"@id\":\"https:\/\/blogdobispo.com.br\/#\/schema\/person\/e2209cc0e6cea5c5233d033e997b373f\"},\"headline\":\"Prefeito de Assu emite nota contra Jo\u00e3o Maia\",\"datePublished\":\"2024-01-15T03:43:38+00:00\",\"mainEntityOfPage\":{\"@id\":\"https:\/\/blogdobispo.com.br\/?p=2511\"},\"wordCount\":354,\"commentCount\":0,\"publisher\":{\"@id\":\"https:\/\/blogdobispo.com.br\/#organization\"},\"image\":{\"@id\":\"https:\/\/blogdobispo.com.br\/?p=2511#primaryimage\"},\"thumbnailUrl\":\"https:\/\/blogdobispo.com.br\/wp-content\/uploads\/2024\/01\/img_5211-1-906x1024.png\",\"articleSection\":[\"diversos\"],\"inLanguage\":\"pt-BR\",\"potentialAction\":[{\"@type\":\"CommentAction\",\"name\":\"Comment\",\"target\":[\"https:\/\/blogdobispo.com.br\/?p=2511#respond\"]}]},{\"@type\":\"WebPage\",\"@id\":\"https:\/\/blogdobispo.com.br\/?p=2511\",\"url\":\"https:\/\/blogdobispo.com.br\/?p=2511\",\"name\":\"Prefeito de Assu emite nota contra Jo\u00e3o Maia - Blog do Bispo\",\"isPartOf\":{\"@id\":\"https:\/\/blogdobispo.com.br\/#website\"},\"primaryImageOfPage\":{\"@id\":\"https:\/\/blogdobispo.com.br\/?p=2511#primaryimage\"},\"image\":{\"@id\":\"https:\/\/blogdobispo.com.br\/?p=2511#primaryimage\"},\"thumbnailUrl\":\"https:\/\/blogdobispo.com.br\/wp-content\/uploads\/2024\/01\/img_5211-1-906x1024.png\",\"datePublished\":\"2024-01-15T03:43:38+00:00\",\"breadcrumb\":{\"@id\":\"https:\/\/blogdobispo.com.br\/?p=2511#breadcrumb\"},\"inLanguage\":\"pt-BR\",\"potentialAction\":[{\"@type\":\"ReadAction\",\"target\":[\"https:\/\/blogdobispo.com.br\/?p=2511\"]}]},{\"@type\":\"ImageObject\",\"inLanguage\":\"pt-BR\",\"@id\":\"https:\/\/blogdobispo.com.br\/?p=2511#primaryimage\",\"url\":\"https:\/\/blogdobispo.com.br\/wp-content\/uploads\/2024\/01\/img_5211-1-906x1024.png\",\"contentUrl\":\"https:\/\/blogdobispo.com.br\/wp-content\/uploads\/2024\/01\/img_5211-1-906x1024.png\"},{\"@type\":\"BreadcrumbList\",\"@id\":\"https:\/\/blogdobispo.com.br\/?p=2511#breadcrumb\",\"itemListElement\":[{\"@type\":\"ListItem\",\"position\":1,\"name\":\"In\u00edcio\",\"item\":\"https:\/\/blogdobispo.com.br\/\"},{\"@type\":\"ListItem\",\"position\":2,\"name\":\"Prefeito de Assu emite nota contra Jo\u00e3o Maia\"}]},{\"@type\":\"WebSite\",\"@id\":\"https:\/\/blogdobispo.com.br\/#website\",\"url\":\"https:\/\/blogdobispo.com.br\/\",\"name\":\"Blog do Bispo\",\"description\":\"Comprometido apenas com o leitor\",\"publisher\":{\"@id\":\"https:\/\/blogdobispo.com.br\/#organization\"},\"potentialAction\":[{\"@type\":\"SearchAction\",\"target\":{\"@type\":\"EntryPoint\",\"urlTemplate\":\"https:\/\/blogdobispo.com.br\/?s={search_term_string}\"},\"query-input\":{\"@type\":\"PropertyValueSpecification\",\"valueRequired\":true,\"valueName\":\"search_term_string\"}}],\"inLanguage\":\"pt-BR\"},{\"@type\":\"Organization\",\"@id\":\"https:\/\/blogdobispo.com.br\/#organization\",\"name\":\"Blog do Bispo\",\"url\":\"https:\/\/blogdobispo.com.br\/\",\"logo\":{\"@type\":\"ImageObject\",\"inLanguage\":\"pt-BR\",\"@id\":\"https:\/\/blogdobispo.com.br\/#\/schema\/logo\/image\/\",\"url\":\"http:\/\/blogdobispo.com.br\/wp-content\/uploads\/2023\/05\/cropped-headear.png\",\"contentUrl\":\"http:\/\/blogdobispo.com.br\/wp-content\/uploads\/2023\/05\/cropped-headear.png\",\"width\":1500,\"height\":399,\"caption\":\"Blog do Bispo\"},\"image\":{\"@id\":\"https:\/\/blogdobispo.com.br\/#\/schema\/logo\/image\/\"}},{\"@type\":\"Person\",\"@id\":\"https:\/\/blogdobispo.com.br\/#\/schema\/person\/e2209cc0e6cea5c5233d033e997b373f\",\"name\":\"Jefferson Sterfeno\",\"image\":{\"@type\":\"ImageObject\",\"inLanguage\":\"pt-BR\",\"@id\":\"https:\/\/blogdobispo.com.br\/#\/schema\/person\/image\/\",\"url\":\"https:\/\/secure.gravatar.com\/avatar\/0534e84764641168a677026b6d57a3f51dc7ac4db0b4f6186d9cb330d4ee1160?s=96&d=mm&r=g\",\"contentUrl\":\"https:\/\/secure.gravatar.com\/avatar\/0534e84764641168a677026b6d57a3f51dc7ac4db0b4f6186d9cb330d4ee1160?s=96&d=mm&r=g\",\"caption\":\"Jefferson Sterfeno\"},\"sameAs\":[\"http:\/\/blogdobispo.com.br\"],\"url\":\"https:\/\/blogdobispo.com.br\/?author=1\"}]}<\/script>\n<!-- \/ Yoast SEO plugin. -->","yoast_head_json":{"title":"Prefeito de Assu emite nota contra Jo\u00e3o Maia - Blog do Bispo","robots":{"index":"index","follow":"follow","max-snippet":"max-snippet:-1","max-image-preview":"max-image-preview:large","max-video-preview":"max-video-preview:-1"},"canonical":"https:\/\/blogdobispo.com.br\/?p=2511","og_locale":"pt_BR","og_type":"article","og_title":"Prefeito de Assu emite nota contra Jo\u00e3o Maia - Blog do Bispo","og_description":"Ao longo dos anos em que tenho tido a honra de administrar nossa cidade, enfrentei com firmeza e dignidade os desafios deste cargo, sempre exercendo minhas fun\u00e7\u00f5es com entusiasmo e alegria. Desde o in\u00edcio de meu primeiro mandato, enfrentei persegui\u00e7\u00f5es por parte daqueles que se consideram donos da vontade popular. Em ambas as minhas elei\u00e7\u00f5es, [&hellip;]","og_url":"https:\/\/blogdobispo.com.br\/?p=2511","og_site_name":"Blog do Bispo","article_published_time":"2024-01-15T03:43:38+00:00","og_image":[{"url":"https:\/\/blogdobispo.com.br\/wp-content\/uploads\/2024\/01\/img_5211-1-906x1024.png","type":"","width":"","height":""}],"author":"Jefferson Sterfeno","twitter_card":"summary_large_image","twitter_misc":{"Escrito por":"Jefferson Sterfeno","Est. tempo de leitura":"2 minutos"},"schema":{"@context":"https:\/\/schema.org","@graph":[{"@type":"Article","@id":"https:\/\/blogdobispo.com.br\/?p=2511#article","isPartOf":{"@id":"https:\/\/blogdobispo.com.br\/?p=2511"},"author":{"name":"Jefferson Sterfeno","@id":"https:\/\/blogdobispo.com.br\/#\/schema\/person\/e2209cc0e6cea5c5233d033e997b373f"},"headline":"Prefeito de Assu emite nota contra Jo\u00e3o Maia","datePublished":"2024-01-15T03:43:38+00:00","mainEntityOfPage":{"@id":"https:\/\/blogdobispo.com.br\/?p=2511"},"wordCount":354,"commentCount":0,"publisher":{"@id":"https:\/\/blogdobispo.com.br\/#organization"},"image":{"@id":"https:\/\/blogdobispo.com.br\/?p=2511#primaryimage"},"thumbnailUrl":"https:\/\/blogdobispo.com.br\/wp-content\/uploads\/2024\/01\/img_5211-1-906x1024.png","articleSection":["diversos"],"inLanguage":"pt-BR","potentialAction":[{"@type":"CommentAction","name":"Comment","target":["https:\/\/blogdobispo.com.br\/?p=2511#respond"]}]},{"@type":"WebPage","@id":"https:\/\/blogdobispo.com.br\/?p=2511","url":"https:\/\/blogdobispo.com.br\/?p=2511","name":"Prefeito de Assu emite nota contra Jo\u00e3o Maia - Blog do Bispo","isPartOf":{"@id":"https:\/\/blogdobispo.com.br\/#website"},"primaryImageOfPage":{"@id":"https:\/\/blogdobispo.com.br\/?p=2511#primaryimage"},"image":{"@id":"https:\/\/blogdobispo.com.br\/?p=2511#primaryimage"},"thumbnailUrl":"https:\/\/blogdobispo.com.br\/wp-content\/uploads\/2024\/01\/img_5211-1-906x1024.png","datePublished":"2024-01-15T03:43:38+00:00","breadcrumb":{"@id":"https:\/\/blogdobispo.com.br\/?p=2511#breadcrumb"},"inLanguage":"pt-BR","potentialAction":[{"@type":"ReadAction","target":["https:\/\/blogdobispo.com.br\/?p=2511"]}]},{"@type":"ImageObject","inLanguage":"pt-BR","@id":"https:\/\/blogdobispo.com.br\/?p=2511#primaryimage","url":"https:\/\/blogdobispo.com.br\/wp-content\/uploads\/2024\/01\/img_5211-1-906x1024.png","contentUrl":"https:\/\/blogdobispo.com.br\/wp-content\/uploads\/2024\/01\/img_5211-1-906x1024.png"},{"@type":"BreadcrumbList","@id":"https:\/\/blogdobispo.com.br\/?p=2511#breadcrumb","itemListElement":[{"@type":"ListItem","position":1,"name":"In\u00edcio","item":"https:\/\/blogdobispo.com.br\/"},{"@type":"ListItem","position":2,"name":"Prefeito de Assu emite nota contra Jo\u00e3o Maia"}]},{"@type":"WebSite","@id":"https:\/\/blogdobispo.com.br\/#website","url":"https:\/\/blogdobispo.com.br\/","name":"Blog do Bispo","description":"Comprometido apenas com o leitor","publisher":{"@id":"https:\/\/blogdobispo.com.br\/#organization"},"potentialAction":[{"@type":"SearchAction","target":{"@type":"EntryPoint","urlTemplate":"https:\/\/blogdobispo.com.br\/?s={search_term_string}"},"query-input":{"@type":"PropertyValueSpecification","valueRequired":true,"valueName":"search_term_string"}}],"inLanguage":"pt-BR"},{"@type":"Organization","@id":"https:\/\/blogdobispo.com.br\/#organization","name":"Blog do Bispo","url":"https:\/\/blogdobispo.com.br\/","logo":{"@type":"ImageObject","inLanguage":"pt-BR","@id":"https:\/\/blogdobispo.com.br\/#\/schema\/logo\/image\/","url":"http:\/\/blogdobispo.com.br\/wp-content\/uploads\/2023\/05\/cropped-headear.png","contentUrl":"http:\/\/blogdobispo.com.br\/wp-content\/uploads\/2023\/05\/cropped-headear.png","width":1500,"height":399,"caption":"Blog do Bispo"},"image":{"@id":"https:\/\/blogdobispo.com.br\/#\/schema\/logo\/image\/"}},{"@type":"Person","@id":"https:\/\/blogdobispo.com.br\/#\/schema\/person\/e2209cc0e6cea5c5233d033e997b373f","name":"Jefferson Sterfeno","image":{"@type":"ImageObject","inLanguage":"pt-BR","@id":"https:\/\/blogdobispo.com.br\/#\/schema\/person\/image\/","url":"https:\/\/secure.gravatar.com\/avatar\/0534e84764641168a677026b6d57a3f51dc7ac4db0b4f6186d9cb330d4ee1160?s=96&d=mm&r=g","contentUrl":"https:\/\/secure.gravatar.com\/avatar\/0534e84764641168a677026b6d57a3f51dc7ac4db0b4f6186d9cb330d4ee1160?s=96&d=mm&r=g","caption":"Jefferson Sterfeno"},"sameAs":["http:\/\/blogdobispo.com.br"],"url":"https:\/\/blogdobispo.com.br\/?author=1"}]}},"featured_image_urls":{"full":"","thumbnail":"","medium":"","medium_large":"","large":"","1536x1536":"","2048x2048":""},"author_info":{"display_name":"Jefferson Sterfeno","author_link":"https:\/\/blogdobispo.com.br\/?author=1"},"category_info":"<a href=\"https:\/\/blogdobispo.com.br\/?cat=1\" rel=\"category\">diversos<\/a>","tag_info":"diversos","comment_count":"0","jetpack_featured_media_url":"","jetpack_sharing_enabled":true,"_links":{"self":[{"href":"https:\/\/blogdobispo.com.br\/index.php?rest_route=\/wp\/v2\/posts\/2511","targetHints":{"allow":["GET"]}}],"collection":[{"href":"https:\/\/blogdobispo.com.br\/index.php?rest_route=\/wp\/v2\/posts"}],"about":[{"href":"https:\/\/blogdobispo.com.br\/index.php?rest_route=\/wp\/v2\/types\/post"}],"author":[{"embeddable":true,"href":"https:\/\/blogdobispo.com.br\/index.php?rest_route=\/wp\/v2\/users\/1"}],"replies":[{"embeddable":true,"href":"https:\/\/blogdobispo.com.br\/index.php?rest_route=%2Fwp%2Fv2%2Fcomments&post=2511"}],"version-history":[{"count":0,"href":"https:\/\/blogdobispo.com.br\/index.php?rest_route=\/wp\/v2\/posts\/2511\/revisions"}],"wp:attachment":[{"href":"https:\/\/blogdobispo.com.br\/index.php?rest_route=%2Fwp%2Fv2%2Fmedia&parent=2511"}],"wp:term":[{"taxonomy":"category","embeddable":true,"href":"https:\/\/blogdobispo.com.br\/index.php?rest_route=%2Fwp%2Fv2%2Fcategories&post=2511"},{"taxonomy":"post_tag","embeddable":true,"href":"https:\/\/blogdobispo.com.br\/index.php?rest_route=%2Fwp%2Fv2%2Ftags&post=2511"}],"curies":[{"name":"wp","href":"https:\/\/api.w.org\/{rel}","templated":true}]}}