{"id":2507,"date":"2024-01-12T17:09:30","date_gmt":"2024-01-12T17:09:30","guid":{"rendered":"https:\/\/blogdobispo.com.br\/?p=2507"},"modified":"2024-01-12T17:09:30","modified_gmt":"2024-01-12T17:09:30","slug":"prefeito-alvaro-dias-divulga-a-programacao-oficial-do-carnaval-2024","status":"publish","type":"post","link":"https:\/\/blogdobispo.com.br\/?p=2507","title":{"rendered":"Prefeito \u00c1lvaro Dias divulga a programa\u00e7\u00e3o oficial do Carnaval 2024"},"content":{"rendered":"\n<figure class=\"wp-block-image size-large\"><img data-recalc-dims=\"1\" fetchpriority=\"high\" decoding=\"async\" width=\"800\" height=\"533\" src=\"https:\/\/i0.wp.com\/blogdobispo.com.br\/wp-content\/uploads\/2024\/01\/img_5173-1-1024x682.jpg?resize=800%2C533&#038;ssl=1\" class=\"wp-image-2506\" srcset=\"https:\/\/i0.wp.com\/blogdobispo.com.br\/wp-content\/uploads\/2024\/01\/img_5173-1.jpg?resize=1024%2C682&amp;ssl=1 1024w, https:\/\/i0.wp.com\/blogdobispo.com.br\/wp-content\/uploads\/2024\/01\/img_5173-1.jpg?resize=300%2C200&amp;ssl=1 300w, https:\/\/i0.wp.com\/blogdobispo.com.br\/wp-content\/uploads\/2024\/01\/img_5173-1.jpg?resize=768%2C512&amp;ssl=1 768w, https:\/\/i0.wp.com\/blogdobispo.com.br\/wp-content\/uploads\/2024\/01\/img_5173-1.jpg?resize=1536%2C1023&amp;ssl=1 1536w, https:\/\/i0.wp.com\/blogdobispo.com.br\/wp-content\/uploads\/2024\/01\/img_5173-1.jpg?w=1600&amp;ssl=1 1600w\" sizes=\"(max-width: 800px) 100vw, 800px\" \/><\/figure>\n\n\n\n<p>Ao som do tradicional frevo e chuva de confetes, o prefeito \u00c1lvaro Dias divulgou oficialmente a programa\u00e7\u00e3o do Carnaval 2024, no Sesc da avenida Rio Branco. A manh\u00e3 festiva desta quinta-feira (11), contou com a presen\u00e7a de artistas locais, nacionais, secret\u00e1rios, representantes do legislativo municipal, imprensa e convidados. Este ano a festa homenageia a Banda Independente da Ribeira, s\u00edmbolo de luta e tradi\u00e7\u00e3o do carnaval de rua de Natal.<\/p>\n\n\n\n<p>O carnaval ser\u00e1 aberto oficialmente com o tradicional Baile de M\u00e1scaras, na quinta-feira, dia 8 de fevereiro, no Polo Petr\u00f3polis (que este ano ser\u00e1 na lateral da Pra\u00e7a Pedro Velho) com shows da Banda Independente da Ribeira, Spok e Banda do Giba e Convidados, Lia de Itamarac\u00e1 e Elba Ramalho. \u00c9 o tradicional momento em que o prefeito \u00c1lvaro Dias faz e entrega das chaves da cidade ao Rei e \u00e0 Rainha, dando in\u00edcio oficial ao per\u00edodo de folia.&nbsp;&nbsp;<\/p>\n\n\n\n<p>A programa\u00e7\u00e3o divulgada pela Prefeitura de Natal, por meio da Secretaria de Cultura (Secult\/Funcarte) vai at\u00e9 a quarta-feira de cinzas (14), com blocos, desfiles de escolas de samba e de \u00edndios, shows locais e nacionais distribu\u00eddos nas quatros zonas da cidade. A programa\u00e7\u00e3o segue a partir da sexta-feira (9) nos polos, de forma simult\u00e2nea, al\u00e9m dos blocos de ruas e orquestras de frevo incentivados pela Prefeitura atrav\u00e9s de Editais, Sele\u00e7\u00f5es P\u00fablicas e projetos da Lei Djalma Maranh\u00e3o.<\/p>\n\n\n\n<p>O prefeito \u00c1lvaro Dias celebrou o lan\u00e7amento do carnaval e projetou que esta ser\u00e1 a maior e melhor edi\u00e7\u00e3o dos \u00faltimos anos na cidade. Para o chefe do executivo municipal, a implementa\u00e7\u00e3o de investimentos na \u00e1rea cultural representa a valoriza\u00e7\u00e3o dos artistas locais e suas produ\u00e7\u00f5es, bem como gera um forte impacto positivo na economia criativa da cidade: \u201cO carnaval de Natal \u00e9 uma realidade e cresce a cada ano. Como prefeito, tenho orgulho de proporcionar essa festa para a popula\u00e7\u00e3o da nossa cidade que merece. N\u00e3o tenho d\u00favidas que a edi\u00e7\u00e3o deste ano de 2024 ser\u00e1 um sucesso e a maior de todos os tempos\u201d, afirmou.<\/p>\n\n\n\n<p>O Carnaval 2024 re\u00fane em torno de mil artistas que v\u00e3o se apresentar nos sete polos espalhados da cidade: Petr\u00f3polis, Ribeira, Redinha, Rocas, Ponta Negra, Centro Hist\u00f3rico e Nazar\u00e9, e conta com dez palcos nas quatros zonas da capital. Al\u00e9m da quest\u00e3o econ\u00f4mica, o Carnaval de Natal levou em considera\u00e7\u00e3o o est\u00edmulo \u00e0 valoriza\u00e7\u00e3o da cultura local. \u201cA maioria da grade do nosso Carnaval tem a presen\u00e7a e o talento musical dos nossos artistas\u201d, relembra o prefeito.<\/p>\n\n\n\n<p>A Lei Djalma Maranh\u00e3o, da Prefeitura do Natal, incentiva projetos de Pr\u00e9vias e Blocos no Carnaval 2024. As Pr\u00e9vias come\u00e7am no dia 2 de fevereiro com Kd Xox\u00f3 e seguem no dia 3 com Nem se Acaba nem Fica Pouco, Bloco Cheia de Manias, Enquanto Campos Corre, Sales S\u00f3 Caminha, Patuscada e Tro\u00e7a do K-1.&nbsp; No domingo (4) tem Me Leva Mam\u00e3e e Patotinha. Na ter\u00e7a-feira, dia 6, \u00e9 a vez de Se Parar eu Caio e na quinta-feira, dia 8, Segura que Deu Onda.&nbsp;<\/p>\n\n\n\n<p>Os Blocos incentivados pela Lei Djalma Maranh\u00e3o come\u00e7am no s\u00e1bado dia 10 com Submarino Amarelo, Petr\u00f3polis Folia (segunda-feira, dia 12) e na ter\u00e7a-feira (13) seguem com A Banda e Muitos Carnavais.<\/p>\n\n\n\n<p>Segundo o secret\u00e1rio de cultura do munic\u00edpio, D\u00e1cio Galv\u00e3o, o Carnaval \u00e9 realizado, por interm\u00e9dio de recursos da Lei Djalma Maranh\u00e3o, para projetos de Pr\u00e9vias e Blocos, emendas parlamentares e recursos pr\u00f3prios. \u201cA contrata\u00e7\u00e3o de artistas potiguares responde por mais de 90% do volume de atra\u00e7\u00f5es. O carnaval segue mantendo o padr\u00e3o est\u00e9tico e art\u00edstico que a popula\u00e7\u00e3o espera e democratiza o acesso do p\u00fablico a P\u00f3los e do artista \u00e0 cadeia produtiva dos recursos utilizados\u201d, disse o secret\u00e1rio de Cultura.<\/p>\n\n\n\n<p>Um desses artistas que ir\u00e1 se apresentar \u00e9 o m\u00fasico Anderson Foca, integrante da Orquestra Greiosa e ressaltou a import\u00e2ncia do carnaval quando falou da expectativa da estreia do bloco infantil \u201cA Greiosinha\u201d. \u201cCriamos a banda em 2016 para e pelo carnaval que \u00e9 um grande encontro de outros artistas da cidade que apresentam a sua arte. Este ano estamos preparando um EP que ser\u00e1 lan\u00e7ado antes do carnaval e vamos trazer de novidade o bloco infantil \u201cA Greiosinha\u201d, que ir\u00e1 desfilar na Pra\u00e7a Pedro Velho em seu primeiro ano. Estamos animados e este ano o carnaval promete\u201d, comentou Anderson Foca.<\/p>\n\n\n\n<p>A Prefeitura do Natal oferece toda a estrutura, log\u00edstica e coordena o Carnaval em todos os Polos e palcos. Os fil\u00f5es ter\u00e3o \u00e0 disposi\u00e7\u00e3o 5 postos m\u00e9dicos, 5 ambul\u00e2ncias com UTI e 8 ambul\u00e2ncias b\u00e1sicas, al\u00e9m de 60 brigadistas, 350 seguran\u00e7as, estrutura de 350 banheiros qu\u00edmicos, \u00e1reas com PCD, int\u00e9rpretes de Libras, sonoriza\u00e7\u00e3o e projeto de ilumina\u00e7\u00e3o c\u00eanica.<\/p>\n\n\n\n<p>Confira a programa\u00e7\u00e3o completa nos Polos culturais:<\/p>\n\n\n\n<p>PETR\u00d3POLIS<\/p>\n\n\n\n<p>A folia em Petr\u00f3polis segue na sexta-feira (9) com show de Carlinhos Brown, Roberta S\u00e1 no s\u00e1bado (10), Chico C\u00e9sar se apresentando no domingo (11) e Almir Rouche na ter\u00e7a-feira, dia 13. O Polo recebe tamb\u00e9m pr\u00e9vias carnavalescas e Blocos de Rua. Na quinta-feira (8) o Cortejo Carnavalesco, na sexta (9) a novidade projeto Full Chico (Jorge Neg\u00e3o e Gilberto Cabral) que sai do Bar 294 em dire\u00e7\u00e3o ao Palco Petr\u00f3polis, no domingo tem Bloco da Greiosa, segunda-feira (12) V\u00e3o me Levando-Frevo do Xico e na ter\u00e7a-feira (13) Muitos Carnavais.&nbsp;&nbsp;<\/p>\n\n\n\n<p>PONTA NEGRA<\/p>\n\n\n\n<p>O tradicional palco na pra\u00e7a do Gringo\u2019s (Pra\u00e7a Ecol\u00f3gica) ter\u00e1 shows a partir da sexta-feira (9) indo at\u00e9 a ter\u00e7a (13). Ricardo Chaves sobe no palco no s\u00e1bado (10), Alexandre Pires se apresenta no domingo (11), Geraldo Azevedo na segunda-feira (12) e Paralamas do Sucesso fechando a programa\u00e7\u00e3o na ter\u00e7a-feira (13). O Polo recebe tamb\u00e9m pr\u00e9vias carnavalescas e Blocos de Rua.<\/p>\n\n\n\n<p>CENTRO HIST\u00d3RICO<\/p>\n\n\n\n<p>O tradicional ponto de encontro da boemia da cidade, o Centro Hist\u00f3rico de Natal receber\u00e1 programa\u00e7\u00e3o variada de shows de sexta (9) a ter\u00e7a-feira (13). No s\u00e1bado (10) tem Majur, no domingo (11) o lend\u00e1rio Desfile das Kengas com show de Faf\u00e1 de Bel\u00e9m, na segunda-feira (12) \u00e9 a vez de Mv Bill e fechando a grade no Centro tem Sergynho Pimenta na ter\u00e7a-feira, dia 13.&nbsp;<\/p>\n\n\n\n<p>O Polo recebe tamb\u00e9m pr\u00e9vias carnavalescas e Blocos de Rua durante todos os dias. No s\u00e1bado, dia 10, tem Transfolia, no domingo (11) As Kengas e na ter\u00e7a-feira (13) o Galo dos Perturbados.&nbsp;<\/p>\n\n\n\n<p>POLO RIBEIRA ESCOLAS E TRIBOS<\/p>\n\n\n\n<p>A avenida Duque de Caxias (Passarela do Samba), na Ribeira, recebe o desfile das Escolas de Samba e Cortejo das Tribos de \u00cdndios na semana seguinte ao Carnaval. Na sexta-feira (16), das 18h \u00e0s 20h, tem a apresenta\u00e7\u00e3o das tradicionais Tribos de \u00cdndios. Das 20h at\u00e9 1h o p\u00fablico ter\u00e1 o desfile das Escolas de Samba de Acesso e do Grupo B. No s\u00e1bado (17), \u00e9 a vez do desfile das Escolas do Grupo A.&nbsp;<\/p>\n\n\n\n<p>POLO NAZAR\u00c9 ZONA OESTE<\/p>\n\n\n\n<p>O bairro de Nazar\u00e9 recebe um dos polos mais animados do Carnaval de Natal. Na rua lateral do Terminal Rodovi\u00e1rio de Natal, se apresentam a partir de s\u00e1bado (10) L\u00e9o Patr\u00edcio, Circuito Musical, Thiago Freitas e Thabata Medeiros. No domingo (11) \u00e9 a vez de Luizinho Nobre, Sergynho Pimenta e \u00c9rika Silva. E na segunda-feira (12) tem Bira Santos, banda Grafith e banda Feras.&nbsp;<\/p>\n\n\n\n<p>POLO REDINHA<\/p>\n\n\n\n<p>O tradicional Palco do Bui\u00fa, na Redinha, tem programa\u00e7\u00e3o musical variada a partir da sexta (9), com shows de Spok Frevo e Orquestra e Circuito Musical, com Fantasm\u00e3o e Giannini Alencar no s\u00e1bado (10); Sergynho Pimenta e Thabata no domingo (11); Banda Grafith e \u00c9rika Silva na segunda-feira (12) e fechando a programa\u00e7\u00e3o na ter\u00e7a (13) tem Monobloco e Banda Feras.&nbsp;<\/p>\n\n\n\n<p>POLO ROCAS<\/p>\n\n\n\n<p>Ber\u00e7o do samba e do futebol, o bairro das Rocas tem folia na segunda-feira com o consagrado Segunda de Vagabundo (segunda, dia 12), desfile dos Blocos As Guerreiras, banda Carcar\u00e1 e bloco Os Gr\u00e1vidos.&nbsp;<\/p>\n\n\n\n<p>EDITAIS E SELE\u00c7\u00d5ES PARA O CARNAVAL<\/p>\n\n\n\n<p>A Prefeitura do Natal disponibiliza editais p\u00fablicos e sele\u00e7\u00f5es voltadas para o Carnaval de 2024. Artistas e produtores ligados \u00e0 folia poder\u00e3o participar do processo. Ser\u00e3o lan\u00e7adas sele\u00e7\u00f5es p\u00fablicas e editais voltados para todos os segmentos e este ano com homenagens especiais. A Escolha do Rei Momo e Rainha do Carnaval, Coordenador de Reinado e Corneteiro, cuja escolha acontece sempre no p\u00e1tio da Funcarte com muita m\u00fasica e anima\u00e7\u00e3o, vai homenagear Severino Galv\u00e3o.<br \/>A Sele\u00e7\u00e3o P\u00fablica para Tribos de \u00cdndios ir\u00e1 homenagear o Mestre Raimundo Brasil e para as Escolas de Samba ser\u00e1 Mestre Lucarino. Na sele\u00e7\u00e3o de bandas de frevo a homenagem ser\u00e1 para o Maestro Neemias Lopes e de atra\u00e7\u00f5es musicais o compositor Dosinho. Haver\u00e1 tamb\u00e9m edital para Blocos e Tro\u00e7as.&nbsp;<\/p>\n\n\n\n<p>O edital para Reinado de Momo vai selecionar e premiar a Rainha e o Rei, Corneteiro, Figurinista e Coordenador do Reinado.<\/p>\n\n\n\n<p>O edital para Orquestras de Frevo vai selecionar e apoiar financeiramente 50 Orquestras de Frevo. J\u00e1 a Sele\u00e7\u00e3o P\u00fablica para Tribos de \u00cdndios vai premiar 9 tribos de \u00edndios de reconhecimento de Patrim\u00f4nio Cultural do Munic\u00edpio. <\/p>\n\n\n\n<p>O edital para Escolas de Samba premia e incentiva financeiramente as agremia\u00e7\u00f5es e&nbsp; o credenciamento e apoio financeiro para atra\u00e7\u00f5es musicais atende grupos percussivos, dj\u2019s, mc\u2019s e rappers que se apresentam nos Polos e ruas, al\u00e9m do edital para Blocos e Tro\u00e7as que disponibiliza Orquestras&nbsp; de Frevo que desfilar\u00e3o nos Polos Carnavalescos, Avenidas e Ruas.<\/p>\n\n\n\n<p>Os detalhes e documenta\u00e7\u00e3o necess\u00e1ria estar\u00e3o dispon\u00edveis no <a href=\"http:\/\/www.natal.rn.gov.br\/dom%20e%20www.blogdafuncarte.com.br\">www.natal.rn.gov.br\/dom e www.blogdafuncarte.com.br<\/a>.<\/p>\n","protected":false},"excerpt":{"rendered":"<p>Ao som do tradicional frevo e chuva de confetes, o prefeito \u00c1lvaro Dias divulgou oficialmente a programa\u00e7\u00e3o do Carnaval 2024, no Sesc da avenida Rio Branco. A manh\u00e3 festiva desta quinta-feira (11), contou com a presen\u00e7a de artistas locais, nacionais, secret\u00e1rios, representantes do legislativo municipal, imprensa e convidados. Este ano a festa homenageia a Banda [&hellip;]<\/p>\n","protected":false},"author":1,"featured_media":0,"comment_status":"open","ping_status":"open","sticky":false,"template":"","format":"standard","meta":{"cybocfi_hide_featured_image":"","_jetpack_memberships_contains_paid_content":false,"footnotes":""},"categories":[1],"tags":[],"class_list":["post-2507","post","type-post","status-publish","format-standard","hentry","category-diversos"],"yoast_head":"<!-- This site is optimized with the Yoast SEO plugin v25.6 - https:\/\/yoast.com\/wordpress\/plugins\/seo\/ -->\n<title>Prefeito \u00c1lvaro Dias divulga a programa\u00e7\u00e3o oficial do Carnaval 2024 - Blog do Bispo<\/title>\n<meta name=\"robots\" content=\"index, follow, max-snippet:-1, max-image-preview:large, max-video-preview:-1\" \/>\n<link rel=\"canonical\" href=\"https:\/\/blogdobispo.com.br\/?p=2507\" \/>\n<meta property=\"og:locale\" content=\"pt_BR\" \/>\n<meta property=\"og:type\" content=\"article\" \/>\n<meta property=\"og:title\" content=\"Prefeito \u00c1lvaro Dias divulga a programa\u00e7\u00e3o oficial do Carnaval 2024 - Blog do Bispo\" \/>\n<meta property=\"og:description\" content=\"Ao som do tradicional frevo e chuva de confetes, o prefeito \u00c1lvaro Dias divulgou oficialmente a programa\u00e7\u00e3o do Carnaval 2024, no Sesc da avenida Rio Branco. A manh\u00e3 festiva desta quinta-feira (11), contou com a presen\u00e7a de artistas locais, nacionais, secret\u00e1rios, representantes do legislativo municipal, imprensa e convidados. Este ano a festa homenageia a Banda [&hellip;]\" \/>\n<meta property=\"og:url\" content=\"https:\/\/blogdobispo.com.br\/?p=2507\" \/>\n<meta property=\"og:site_name\" content=\"Blog do Bispo\" \/>\n<meta property=\"article:published_time\" content=\"2024-01-12T17:09:30+00:00\" \/>\n<meta property=\"og:image\" content=\"https:\/\/blogdobispo.com.br\/wp-content\/uploads\/2024\/01\/img_5173-1-1024x682.jpg\" \/>\n<meta name=\"author\" content=\"Jefferson Sterfeno\" \/>\n<meta name=\"twitter:card\" content=\"summary_large_image\" \/>\n<meta name=\"twitter:label1\" content=\"Escrito por\" \/>\n\t<meta name=\"twitter:data1\" content=\"Jefferson Sterfeno\" \/>\n\t<meta name=\"twitter:label2\" content=\"Est. tempo de leitura\" \/>\n\t<meta name=\"twitter:data2\" content=\"8 minutos\" \/>\n<script type=\"application\/ld+json\" class=\"yoast-schema-graph\">{\"@context\":\"https:\/\/schema.org\",\"@graph\":[{\"@type\":\"Article\",\"@id\":\"https:\/\/blogdobispo.com.br\/?p=2507#article\",\"isPartOf\":{\"@id\":\"https:\/\/blogdobispo.com.br\/?p=2507\"},\"author\":{\"name\":\"Jefferson Sterfeno\",\"@id\":\"https:\/\/blogdobispo.com.br\/#\/schema\/person\/e2209cc0e6cea5c5233d033e997b373f\"},\"headline\":\"Prefeito \u00c1lvaro Dias divulga a programa\u00e7\u00e3o oficial do Carnaval 2024\",\"datePublished\":\"2024-01-12T17:09:30+00:00\",\"mainEntityOfPage\":{\"@id\":\"https:\/\/blogdobispo.com.br\/?p=2507\"},\"wordCount\":1653,\"commentCount\":0,\"publisher\":{\"@id\":\"https:\/\/blogdobispo.com.br\/#organization\"},\"image\":{\"@id\":\"https:\/\/blogdobispo.com.br\/?p=2507#primaryimage\"},\"thumbnailUrl\":\"https:\/\/blogdobispo.com.br\/wp-content\/uploads\/2024\/01\/img_5173-1-1024x682.jpg\",\"articleSection\":[\"diversos\"],\"inLanguage\":\"pt-BR\",\"potentialAction\":[{\"@type\":\"CommentAction\",\"name\":\"Comment\",\"target\":[\"https:\/\/blogdobispo.com.br\/?p=2507#respond\"]}]},{\"@type\":\"WebPage\",\"@id\":\"https:\/\/blogdobispo.com.br\/?p=2507\",\"url\":\"https:\/\/blogdobispo.com.br\/?p=2507\",\"name\":\"Prefeito \u00c1lvaro Dias divulga a programa\u00e7\u00e3o oficial do Carnaval 2024 - Blog do Bispo\",\"isPartOf\":{\"@id\":\"https:\/\/blogdobispo.com.br\/#website\"},\"primaryImageOfPage\":{\"@id\":\"https:\/\/blogdobispo.com.br\/?p=2507#primaryimage\"},\"image\":{\"@id\":\"https:\/\/blogdobispo.com.br\/?p=2507#primaryimage\"},\"thumbnailUrl\":\"https:\/\/blogdobispo.com.br\/wp-content\/uploads\/2024\/01\/img_5173-1-1024x682.jpg\",\"datePublished\":\"2024-01-12T17:09:30+00:00\",\"breadcrumb\":{\"@id\":\"https:\/\/blogdobispo.com.br\/?p=2507#breadcrumb\"},\"inLanguage\":\"pt-BR\",\"potentialAction\":[{\"@type\":\"ReadAction\",\"target\":[\"https:\/\/blogdobispo.com.br\/?p=2507\"]}]},{\"@type\":\"ImageObject\",\"inLanguage\":\"pt-BR\",\"@id\":\"https:\/\/blogdobispo.com.br\/?p=2507#primaryimage\",\"url\":\"https:\/\/blogdobispo.com.br\/wp-content\/uploads\/2024\/01\/img_5173-1-1024x682.jpg\",\"contentUrl\":\"https:\/\/blogdobispo.com.br\/wp-content\/uploads\/2024\/01\/img_5173-1-1024x682.jpg\"},{\"@type\":\"BreadcrumbList\",\"@id\":\"https:\/\/blogdobispo.com.br\/?p=2507#breadcrumb\",\"itemListElement\":[{\"@type\":\"ListItem\",\"position\":1,\"name\":\"In\u00edcio\",\"item\":\"https:\/\/blogdobispo.com.br\/\"},{\"@type\":\"ListItem\",\"position\":2,\"name\":\"Prefeito \u00c1lvaro Dias divulga a programa\u00e7\u00e3o oficial do Carnaval 2024\"}]},{\"@type\":\"WebSite\",\"@id\":\"https:\/\/blogdobispo.com.br\/#website\",\"url\":\"https:\/\/blogdobispo.com.br\/\",\"name\":\"Blog do Bispo\",\"description\":\"Comprometido apenas com o leitor\",\"publisher\":{\"@id\":\"https:\/\/blogdobispo.com.br\/#organization\"},\"potentialAction\":[{\"@type\":\"SearchAction\",\"target\":{\"@type\":\"EntryPoint\",\"urlTemplate\":\"https:\/\/blogdobispo.com.br\/?s={search_term_string}\"},\"query-input\":{\"@type\":\"PropertyValueSpecification\",\"valueRequired\":true,\"valueName\":\"search_term_string\"}}],\"inLanguage\":\"pt-BR\"},{\"@type\":\"Organization\",\"@id\":\"https:\/\/blogdobispo.com.br\/#organization\",\"name\":\"Blog do Bispo\",\"url\":\"https:\/\/blogdobispo.com.br\/\",\"logo\":{\"@type\":\"ImageObject\",\"inLanguage\":\"pt-BR\",\"@id\":\"https:\/\/blogdobispo.com.br\/#\/schema\/logo\/image\/\",\"url\":\"http:\/\/blogdobispo.com.br\/wp-content\/uploads\/2023\/05\/cropped-headear.png\",\"contentUrl\":\"http:\/\/blogdobispo.com.br\/wp-content\/uploads\/2023\/05\/cropped-headear.png\",\"width\":1500,\"height\":399,\"caption\":\"Blog do Bispo\"},\"image\":{\"@id\":\"https:\/\/blogdobispo.com.br\/#\/schema\/logo\/image\/\"}},{\"@type\":\"Person\",\"@id\":\"https:\/\/blogdobispo.com.br\/#\/schema\/person\/e2209cc0e6cea5c5233d033e997b373f\",\"name\":\"Jefferson Sterfeno\",\"image\":{\"@type\":\"ImageObject\",\"inLanguage\":\"pt-BR\",\"@id\":\"https:\/\/blogdobispo.com.br\/#\/schema\/person\/image\/\",\"url\":\"https:\/\/secure.gravatar.com\/avatar\/0534e84764641168a677026b6d57a3f51dc7ac4db0b4f6186d9cb330d4ee1160?s=96&d=mm&r=g\",\"contentUrl\":\"https:\/\/secure.gravatar.com\/avatar\/0534e84764641168a677026b6d57a3f51dc7ac4db0b4f6186d9cb330d4ee1160?s=96&d=mm&r=g\",\"caption\":\"Jefferson Sterfeno\"},\"sameAs\":[\"http:\/\/blogdobispo.com.br\"],\"url\":\"https:\/\/blogdobispo.com.br\/?author=1\"}]}<\/script>\n<!-- \/ Yoast SEO plugin. -->","yoast_head_json":{"title":"Prefeito \u00c1lvaro Dias divulga a programa\u00e7\u00e3o oficial do Carnaval 2024 - Blog do Bispo","robots":{"index":"index","follow":"follow","max-snippet":"max-snippet:-1","max-image-preview":"max-image-preview:large","max-video-preview":"max-video-preview:-1"},"canonical":"https:\/\/blogdobispo.com.br\/?p=2507","og_locale":"pt_BR","og_type":"article","og_title":"Prefeito \u00c1lvaro Dias divulga a programa\u00e7\u00e3o oficial do Carnaval 2024 - Blog do Bispo","og_description":"Ao som do tradicional frevo e chuva de confetes, o prefeito \u00c1lvaro Dias divulgou oficialmente a programa\u00e7\u00e3o do Carnaval 2024, no Sesc da avenida Rio Branco. A manh\u00e3 festiva desta quinta-feira (11), contou com a presen\u00e7a de artistas locais, nacionais, secret\u00e1rios, representantes do legislativo municipal, imprensa e convidados. Este ano a festa homenageia a Banda [&hellip;]","og_url":"https:\/\/blogdobispo.com.br\/?p=2507","og_site_name":"Blog do Bispo","article_published_time":"2024-01-12T17:09:30+00:00","og_image":[{"url":"https:\/\/blogdobispo.com.br\/wp-content\/uploads\/2024\/01\/img_5173-1-1024x682.jpg","type":"","width":"","height":""}],"author":"Jefferson Sterfeno","twitter_card":"summary_large_image","twitter_misc":{"Escrito por":"Jefferson Sterfeno","Est. tempo de leitura":"8 minutos"},"schema":{"@context":"https:\/\/schema.org","@graph":[{"@type":"Article","@id":"https:\/\/blogdobispo.com.br\/?p=2507#article","isPartOf":{"@id":"https:\/\/blogdobispo.com.br\/?p=2507"},"author":{"name":"Jefferson Sterfeno","@id":"https:\/\/blogdobispo.com.br\/#\/schema\/person\/e2209cc0e6cea5c5233d033e997b373f"},"headline":"Prefeito \u00c1lvaro Dias divulga a programa\u00e7\u00e3o oficial do Carnaval 2024","datePublished":"2024-01-12T17:09:30+00:00","mainEntityOfPage":{"@id":"https:\/\/blogdobispo.com.br\/?p=2507"},"wordCount":1653,"commentCount":0,"publisher":{"@id":"https:\/\/blogdobispo.com.br\/#organization"},"image":{"@id":"https:\/\/blogdobispo.com.br\/?p=2507#primaryimage"},"thumbnailUrl":"https:\/\/blogdobispo.com.br\/wp-content\/uploads\/2024\/01\/img_5173-1-1024x682.jpg","articleSection":["diversos"],"inLanguage":"pt-BR","potentialAction":[{"@type":"CommentAction","name":"Comment","target":["https:\/\/blogdobispo.com.br\/?p=2507#respond"]}]},{"@type":"WebPage","@id":"https:\/\/blogdobispo.com.br\/?p=2507","url":"https:\/\/blogdobispo.com.br\/?p=2507","name":"Prefeito \u00c1lvaro Dias divulga a programa\u00e7\u00e3o oficial do Carnaval 2024 - Blog do Bispo","isPartOf":{"@id":"https:\/\/blogdobispo.com.br\/#website"},"primaryImageOfPage":{"@id":"https:\/\/blogdobispo.com.br\/?p=2507#primaryimage"},"image":{"@id":"https:\/\/blogdobispo.com.br\/?p=2507#primaryimage"},"thumbnailUrl":"https:\/\/blogdobispo.com.br\/wp-content\/uploads\/2024\/01\/img_5173-1-1024x682.jpg","datePublished":"2024-01-12T17:09:30+00:00","breadcrumb":{"@id":"https:\/\/blogdobispo.com.br\/?p=2507#breadcrumb"},"inLanguage":"pt-BR","potentialAction":[{"@type":"ReadAction","target":["https:\/\/blogdobispo.com.br\/?p=2507"]}]},{"@type":"ImageObject","inLanguage":"pt-BR","@id":"https:\/\/blogdobispo.com.br\/?p=2507#primaryimage","url":"https:\/\/blogdobispo.com.br\/wp-content\/uploads\/2024\/01\/img_5173-1-1024x682.jpg","contentUrl":"https:\/\/blogdobispo.com.br\/wp-content\/uploads\/2024\/01\/img_5173-1-1024x682.jpg"},{"@type":"BreadcrumbList","@id":"https:\/\/blogdobispo.com.br\/?p=2507#breadcrumb","itemListElement":[{"@type":"ListItem","position":1,"name":"In\u00edcio","item":"https:\/\/blogdobispo.com.br\/"},{"@type":"ListItem","position":2,"name":"Prefeito \u00c1lvaro Dias divulga a programa\u00e7\u00e3o oficial do Carnaval 2024"}]},{"@type":"WebSite","@id":"https:\/\/blogdobispo.com.br\/#website","url":"https:\/\/blogdobispo.com.br\/","name":"Blog do Bispo","description":"Comprometido apenas com o leitor","publisher":{"@id":"https:\/\/blogdobispo.com.br\/#organization"},"potentialAction":[{"@type":"SearchAction","target":{"@type":"EntryPoint","urlTemplate":"https:\/\/blogdobispo.com.br\/?s={search_term_string}"},"query-input":{"@type":"PropertyValueSpecification","valueRequired":true,"valueName":"search_term_string"}}],"inLanguage":"pt-BR"},{"@type":"Organization","@id":"https:\/\/blogdobispo.com.br\/#organization","name":"Blog do Bispo","url":"https:\/\/blogdobispo.com.br\/","logo":{"@type":"ImageObject","inLanguage":"pt-BR","@id":"https:\/\/blogdobispo.com.br\/#\/schema\/logo\/image\/","url":"http:\/\/blogdobispo.com.br\/wp-content\/uploads\/2023\/05\/cropped-headear.png","contentUrl":"http:\/\/blogdobispo.com.br\/wp-content\/uploads\/2023\/05\/cropped-headear.png","width":1500,"height":399,"caption":"Blog do Bispo"},"image":{"@id":"https:\/\/blogdobispo.com.br\/#\/schema\/logo\/image\/"}},{"@type":"Person","@id":"https:\/\/blogdobispo.com.br\/#\/schema\/person\/e2209cc0e6cea5c5233d033e997b373f","name":"Jefferson Sterfeno","image":{"@type":"ImageObject","inLanguage":"pt-BR","@id":"https:\/\/blogdobispo.com.br\/#\/schema\/person\/image\/","url":"https:\/\/secure.gravatar.com\/avatar\/0534e84764641168a677026b6d57a3f51dc7ac4db0b4f6186d9cb330d4ee1160?s=96&d=mm&r=g","contentUrl":"https:\/\/secure.gravatar.com\/avatar\/0534e84764641168a677026b6d57a3f51dc7ac4db0b4f6186d9cb330d4ee1160?s=96&d=mm&r=g","caption":"Jefferson Sterfeno"},"sameAs":["http:\/\/blogdobispo.com.br"],"url":"https:\/\/blogdobispo.com.br\/?author=1"}]}},"featured_image_urls":{"full":"","thumbnail":"","medium":"","medium_large":"","large":"","1536x1536":"","2048x2048":""},"author_info":{"display_name":"Jefferson Sterfeno","author_link":"https:\/\/blogdobispo.com.br\/?author=1"},"category_info":"<a href=\"https:\/\/blogdobispo.com.br\/?cat=1\" rel=\"category\">diversos<\/a>","tag_info":"diversos","comment_count":"0","jetpack_featured_media_url":"","jetpack_sharing_enabled":true,"_links":{"self":[{"href":"https:\/\/blogdobispo.com.br\/index.php?rest_route=\/wp\/v2\/posts\/2507","targetHints":{"allow":["GET"]}}],"collection":[{"href":"https:\/\/blogdobispo.com.br\/index.php?rest_route=\/wp\/v2\/posts"}],"about":[{"href":"https:\/\/blogdobispo.com.br\/index.php?rest_route=\/wp\/v2\/types\/post"}],"author":[{"embeddable":true,"href":"https:\/\/blogdobispo.com.br\/index.php?rest_route=\/wp\/v2\/users\/1"}],"replies":[{"embeddable":true,"href":"https:\/\/blogdobispo.com.br\/index.php?rest_route=%2Fwp%2Fv2%2Fcomments&post=2507"}],"version-history":[{"count":0,"href":"https:\/\/blogdobispo.com.br\/index.php?rest_route=\/wp\/v2\/posts\/2507\/revisions"}],"wp:attachment":[{"href":"https:\/\/blogdobispo.com.br\/index.php?rest_route=%2Fwp%2Fv2%2Fmedia&parent=2507"}],"wp:term":[{"taxonomy":"category","embeddable":true,"href":"https:\/\/blogdobispo.com.br\/index.php?rest_route=%2Fwp%2Fv2%2Fcategories&post=2507"},{"taxonomy":"post_tag","embeddable":true,"href":"https:\/\/blogdobispo.com.br\/index.php?rest_route=%2Fwp%2Fv2%2Ftags&post=2507"}],"curies":[{"name":"wp","href":"https:\/\/api.w.org\/{rel}","templated":true}]}}