{"id":2501,"date":"2024-01-10T07:41:02","date_gmt":"2024-01-10T07:41:02","guid":{"rendered":"https:\/\/blogdobispo.com.br\/?p=2501"},"modified":"2024-01-10T07:41:02","modified_gmt":"2024-01-10T07:41:02","slug":"agencia-seja-create-anuncia-lancamento-de-projeto-inovador-voltado-para-profissionais-de-saude-no-instagram","status":"publish","type":"post","link":"https:\/\/blogdobispo.com.br\/?p=2501","title":{"rendered":"<em>Ag\u00eancia Seja Create Anuncia Lan\u00e7amento de Projeto Inovador Voltado para Profissionais de Sa\u00fade no Instagram<\/em>"},"content":{"rendered":"\n<figure class=\"wp-block-image size-large\"><img data-recalc-dims=\"1\" fetchpriority=\"high\" decoding=\"async\" width=\"800\" height=\"419\" src=\"https:\/\/i0.wp.com\/blogdobispo.com.br\/wp-content\/uploads\/2024\/01\/e8408ef7-fffa-465f-b192-0bd79f0401fe-1-1-1024x536.jpg?resize=800%2C419&#038;ssl=1\" class=\"wp-image-2500\" srcset=\"https:\/\/i0.wp.com\/blogdobispo.com.br\/wp-content\/uploads\/2024\/01\/e8408ef7-fffa-465f-b192-0bd79f0401fe-1-1.jpg?resize=1024%2C536&amp;ssl=1 1024w, https:\/\/i0.wp.com\/blogdobispo.com.br\/wp-content\/uploads\/2024\/01\/e8408ef7-fffa-465f-b192-0bd79f0401fe-1-1.jpg?resize=300%2C157&amp;ssl=1 300w, https:\/\/i0.wp.com\/blogdobispo.com.br\/wp-content\/uploads\/2024\/01\/e8408ef7-fffa-465f-b192-0bd79f0401fe-1-1.jpg?resize=768%2C402&amp;ssl=1 768w, https:\/\/i0.wp.com\/blogdobispo.com.br\/wp-content\/uploads\/2024\/01\/e8408ef7-fffa-465f-b192-0bd79f0401fe-1-1.jpg?w=1280&amp;ssl=1 1280w\" sizes=\"(max-width: 800px) 100vw, 800px\" \/><\/figure>\n\n\n\n<p><\/p>\n\n\n\n<p><em>Os empres\u00e1rios Jos\u00e9 Patr\u00edcio e Ruth Medeiros lan\u00e7am em 2024 projeto voltado para profissionais na \u00e1rea da sa\u00fade.<\/em><\/p>\n\n\n\n<p>Sob a lideran\u00e7a dos s\u00f3cios diretores executivos, Jos\u00e9 Patr\u00edcio e Ruth Medeiros, a ag\u00eancia, fundada em 2021, agora anuncia seu projeto que visa fortalecer a presen\u00e7a digital de profissionais da sa\u00fade, incluindo m\u00e9dicos, psiquiatras, psic\u00f3logos, entre outros.<\/p>\n\n\n\n<p>Por isso, a Ag\u00eancia Seja Create, de marketing e m\u00eddias localizada no Seahub Coworking, vai criar um Instagram dedicado exclusivamente \u00e0 \u00e1rea da sa\u00fade com dicas para esses profissionais atrair clientes por meio das m\u00eddias sociais.<\/p>\n\n\n\n<p>Posicionamento, autoridade e visibilidade online s\u00e3o os pilares fundamentais que guiar\u00e3o esses especialistas rumo a um futuro digital promissor.<\/p>\n\n\n\n<p>\u201cA ag\u00eancia est\u00e1 entusiasmada em desempenhar um papel significativo na transforma\u00e7\u00e3o da presen\u00e7a online dos profissionais de sa\u00fade, contribuindo para uma comunidade mais saud\u00e1vel e conectada\u201d, disse o empres\u00e1rio Jos\u00e9 Patr\u00edcio.<\/p>\n\n\n\n<p>Mediante estrat\u00e9gias personalizadas, a ag\u00eancia visa posicionar esses especialistas como refer\u00eancias em suas respectivas \u00e1reas, construindo autoridade e aumentando significativamente sua visibilidade online.<\/p>\n\n\n\n<p><em>Conectando Profissionais de Sa\u00fade aos Pacientes Certos<\/em><\/p>\n\n\n\n<p>\u201cO novo projeto n\u00e3o apenas oferece um canal exclusivo para os profissionais de sa\u00fade se destacarem, mas tamb\u00e9m visa conectar esses especialistas aos pacientes certos. A presen\u00e7a digital eficaz n\u00e3o apenas atrai novos pacientes, mas tamb\u00e9m contribui para a manuten\u00e7\u00e3o de relacionamentos duradouros.\u201d, comentou Ruth Medeiros.<\/p>\n\n\n\n<p>Com o aumento exponencial da busca por informa\u00e7\u00f5es relacionadas \u00e0 sa\u00fade na internet, a Ag\u00eancia Seja Create proporciona uma oportunidade \u00fanica para os profissionais alcan\u00e7arem uma audi\u00eancia relevante e constru\u00edrem relacionamentos s\u00f3lidos com seus pacientes.<\/p>\n\n\n\n<p>A Ag\u00eancia Seja Create acredita que o novo projeto n\u00e3o apenas atender\u00e1 \u00e0s necessidades imediatas dos profissionais de sa\u00fade, mas tamb\u00e9m garantir\u00e1 um crescimento sustent\u00e1vel em suas pr\u00e1ticas.<\/p>\n\n\n\n<p><em>Servi\u00e7o:<\/em><br>Seja Create &#8211; Ag\u00eancia de Marketing e M\u00eddias<br>Endere\u00e7o: Avenida Engenheiro Roberto Freire, 1692, Capim Macio. CEP: 59082-095. Loja 14, Seahub.<br>Instagram: https:\/\/instagram.com\/sejacreatesaude<br>Facebook: https:\/\/facebook.com\/sejacreate<\/p>\n","protected":false},"excerpt":{"rendered":"<p>Os empres\u00e1rios Jos\u00e9 Patr\u00edcio e Ruth Medeiros lan\u00e7am em 2024 projeto voltado para profissionais na \u00e1rea da sa\u00fade. Sob a lideran\u00e7a dos s\u00f3cios diretores executivos, Jos\u00e9 Patr\u00edcio e Ruth Medeiros, a ag\u00eancia, fundada em 2021, agora anuncia seu projeto que visa fortalecer a presen\u00e7a digital de profissionais da sa\u00fade, incluindo m\u00e9dicos, psiquiatras, psic\u00f3logos, entre outros. [&hellip;]<\/p>\n","protected":false},"author":1,"featured_media":0,"comment_status":"open","ping_status":"open","sticky":false,"template":"","format":"standard","meta":{"cybocfi_hide_featured_image":"","_jetpack_memberships_contains_paid_content":false,"footnotes":""},"categories":[1],"tags":[],"class_list":["post-2501","post","type-post","status-publish","format-standard","hentry","category-diversos"],"yoast_head":"<!-- This site is optimized with the Yoast SEO plugin v25.6 - https:\/\/yoast.com\/wordpress\/plugins\/seo\/ -->\n<title>Ag\u00eancia Seja Create Anuncia Lan\u00e7amento de Projeto Inovador Voltado para Profissionais de Sa\u00fade no Instagram - Blog do Bispo<\/title>\n<meta name=\"robots\" content=\"index, follow, max-snippet:-1, max-image-preview:large, max-video-preview:-1\" \/>\n<link rel=\"canonical\" href=\"https:\/\/blogdobispo.com.br\/?p=2501\" \/>\n<meta property=\"og:locale\" content=\"pt_BR\" \/>\n<meta property=\"og:type\" content=\"article\" \/>\n<meta property=\"og:title\" content=\"Ag\u00eancia Seja Create Anuncia Lan\u00e7amento de Projeto Inovador Voltado para Profissionais de Sa\u00fade no Instagram - Blog do Bispo\" \/>\n<meta property=\"og:description\" content=\"Os empres\u00e1rios Jos\u00e9 Patr\u00edcio e Ruth Medeiros lan\u00e7am em 2024 projeto voltado para profissionais na \u00e1rea da sa\u00fade. Sob a lideran\u00e7a dos s\u00f3cios diretores executivos, Jos\u00e9 Patr\u00edcio e Ruth Medeiros, a ag\u00eancia, fundada em 2021, agora anuncia seu projeto que visa fortalecer a presen\u00e7a digital de profissionais da sa\u00fade, incluindo m\u00e9dicos, psiquiatras, psic\u00f3logos, entre outros. [&hellip;]\" \/>\n<meta property=\"og:url\" content=\"https:\/\/blogdobispo.com.br\/?p=2501\" \/>\n<meta property=\"og:site_name\" content=\"Blog do Bispo\" \/>\n<meta property=\"article:published_time\" content=\"2024-01-10T07:41:02+00:00\" \/>\n<meta property=\"og:image\" content=\"https:\/\/blogdobispo.com.br\/wp-content\/uploads\/2024\/01\/e8408ef7-fffa-465f-b192-0bd79f0401fe-1-1-1024x536.jpg\" \/>\n<meta name=\"author\" content=\"Jefferson Sterfeno\" \/>\n<meta name=\"twitter:card\" content=\"summary_large_image\" \/>\n<meta name=\"twitter:label1\" content=\"Escrito por\" \/>\n\t<meta name=\"twitter:data1\" content=\"Jefferson Sterfeno\" \/>\n\t<meta name=\"twitter:label2\" content=\"Est. tempo de leitura\" \/>\n\t<meta name=\"twitter:data2\" content=\"2 minutos\" \/>\n<script type=\"application\/ld+json\" class=\"yoast-schema-graph\">{\"@context\":\"https:\/\/schema.org\",\"@graph\":[{\"@type\":\"Article\",\"@id\":\"https:\/\/blogdobispo.com.br\/?p=2501#article\",\"isPartOf\":{\"@id\":\"https:\/\/blogdobispo.com.br\/?p=2501\"},\"author\":{\"name\":\"Jefferson Sterfeno\",\"@id\":\"https:\/\/blogdobispo.com.br\/#\/schema\/person\/e2209cc0e6cea5c5233d033e997b373f\"},\"headline\":\"Ag\u00eancia Seja Create Anuncia Lan\u00e7amento de Projeto Inovador Voltado para Profissionais de Sa\u00fade no Instagram\",\"datePublished\":\"2024-01-10T07:41:02+00:00\",\"mainEntityOfPage\":{\"@id\":\"https:\/\/blogdobispo.com.br\/?p=2501\"},\"wordCount\":375,\"commentCount\":0,\"publisher\":{\"@id\":\"https:\/\/blogdobispo.com.br\/#organization\"},\"image\":{\"@id\":\"https:\/\/blogdobispo.com.br\/?p=2501#primaryimage\"},\"thumbnailUrl\":\"https:\/\/blogdobispo.com.br\/wp-content\/uploads\/2024\/01\/e8408ef7-fffa-465f-b192-0bd79f0401fe-1-1-1024x536.jpg\",\"articleSection\":[\"diversos\"],\"inLanguage\":\"pt-BR\",\"potentialAction\":[{\"@type\":\"CommentAction\",\"name\":\"Comment\",\"target\":[\"https:\/\/blogdobispo.com.br\/?p=2501#respond\"]}]},{\"@type\":\"WebPage\",\"@id\":\"https:\/\/blogdobispo.com.br\/?p=2501\",\"url\":\"https:\/\/blogdobispo.com.br\/?p=2501\",\"name\":\"Ag\u00eancia Seja Create Anuncia Lan\u00e7amento de Projeto Inovador Voltado para Profissionais de Sa\u00fade no Instagram - Blog do Bispo\",\"isPartOf\":{\"@id\":\"https:\/\/blogdobispo.com.br\/#website\"},\"primaryImageOfPage\":{\"@id\":\"https:\/\/blogdobispo.com.br\/?p=2501#primaryimage\"},\"image\":{\"@id\":\"https:\/\/blogdobispo.com.br\/?p=2501#primaryimage\"},\"thumbnailUrl\":\"https:\/\/blogdobispo.com.br\/wp-content\/uploads\/2024\/01\/e8408ef7-fffa-465f-b192-0bd79f0401fe-1-1-1024x536.jpg\",\"datePublished\":\"2024-01-10T07:41:02+00:00\",\"breadcrumb\":{\"@id\":\"https:\/\/blogdobispo.com.br\/?p=2501#breadcrumb\"},\"inLanguage\":\"pt-BR\",\"potentialAction\":[{\"@type\":\"ReadAction\",\"target\":[\"https:\/\/blogdobispo.com.br\/?p=2501\"]}]},{\"@type\":\"ImageObject\",\"inLanguage\":\"pt-BR\",\"@id\":\"https:\/\/blogdobispo.com.br\/?p=2501#primaryimage\",\"url\":\"https:\/\/blogdobispo.com.br\/wp-content\/uploads\/2024\/01\/e8408ef7-fffa-465f-b192-0bd79f0401fe-1-1-1024x536.jpg\",\"contentUrl\":\"https:\/\/blogdobispo.com.br\/wp-content\/uploads\/2024\/01\/e8408ef7-fffa-465f-b192-0bd79f0401fe-1-1-1024x536.jpg\"},{\"@type\":\"BreadcrumbList\",\"@id\":\"https:\/\/blogdobispo.com.br\/?p=2501#breadcrumb\",\"itemListElement\":[{\"@type\":\"ListItem\",\"position\":1,\"name\":\"In\u00edcio\",\"item\":\"https:\/\/blogdobispo.com.br\/\"},{\"@type\":\"ListItem\",\"position\":2,\"name\":\"Ag\u00eancia Seja Create Anuncia Lan\u00e7amento de Projeto Inovador Voltado para Profissionais de Sa\u00fade no Instagram\"}]},{\"@type\":\"WebSite\",\"@id\":\"https:\/\/blogdobispo.com.br\/#website\",\"url\":\"https:\/\/blogdobispo.com.br\/\",\"name\":\"Blog do Bispo\",\"description\":\"Comprometido apenas com o leitor\",\"publisher\":{\"@id\":\"https:\/\/blogdobispo.com.br\/#organization\"},\"potentialAction\":[{\"@type\":\"SearchAction\",\"target\":{\"@type\":\"EntryPoint\",\"urlTemplate\":\"https:\/\/blogdobispo.com.br\/?s={search_term_string}\"},\"query-input\":{\"@type\":\"PropertyValueSpecification\",\"valueRequired\":true,\"valueName\":\"search_term_string\"}}],\"inLanguage\":\"pt-BR\"},{\"@type\":\"Organization\",\"@id\":\"https:\/\/blogdobispo.com.br\/#organization\",\"name\":\"Blog do Bispo\",\"url\":\"https:\/\/blogdobispo.com.br\/\",\"logo\":{\"@type\":\"ImageObject\",\"inLanguage\":\"pt-BR\",\"@id\":\"https:\/\/blogdobispo.com.br\/#\/schema\/logo\/image\/\",\"url\":\"http:\/\/blogdobispo.com.br\/wp-content\/uploads\/2023\/05\/cropped-headear.png\",\"contentUrl\":\"http:\/\/blogdobispo.com.br\/wp-content\/uploads\/2023\/05\/cropped-headear.png\",\"width\":1500,\"height\":399,\"caption\":\"Blog do Bispo\"},\"image\":{\"@id\":\"https:\/\/blogdobispo.com.br\/#\/schema\/logo\/image\/\"}},{\"@type\":\"Person\",\"@id\":\"https:\/\/blogdobispo.com.br\/#\/schema\/person\/e2209cc0e6cea5c5233d033e997b373f\",\"name\":\"Jefferson Sterfeno\",\"image\":{\"@type\":\"ImageObject\",\"inLanguage\":\"pt-BR\",\"@id\":\"https:\/\/blogdobispo.com.br\/#\/schema\/person\/image\/\",\"url\":\"https:\/\/secure.gravatar.com\/avatar\/0534e84764641168a677026b6d57a3f51dc7ac4db0b4f6186d9cb330d4ee1160?s=96&d=mm&r=g\",\"contentUrl\":\"https:\/\/secure.gravatar.com\/avatar\/0534e84764641168a677026b6d57a3f51dc7ac4db0b4f6186d9cb330d4ee1160?s=96&d=mm&r=g\",\"caption\":\"Jefferson Sterfeno\"},\"sameAs\":[\"http:\/\/blogdobispo.com.br\"],\"url\":\"https:\/\/blogdobispo.com.br\/?author=1\"}]}<\/script>\n<!-- \/ Yoast SEO plugin. -->","yoast_head_json":{"title":"Ag\u00eancia Seja Create Anuncia Lan\u00e7amento de Projeto Inovador Voltado para Profissionais de Sa\u00fade no Instagram - Blog do Bispo","robots":{"index":"index","follow":"follow","max-snippet":"max-snippet:-1","max-image-preview":"max-image-preview:large","max-video-preview":"max-video-preview:-1"},"canonical":"https:\/\/blogdobispo.com.br\/?p=2501","og_locale":"pt_BR","og_type":"article","og_title":"Ag\u00eancia Seja Create Anuncia Lan\u00e7amento de Projeto Inovador Voltado para Profissionais de Sa\u00fade no Instagram - Blog do Bispo","og_description":"Os empres\u00e1rios Jos\u00e9 Patr\u00edcio e Ruth Medeiros lan\u00e7am em 2024 projeto voltado para profissionais na \u00e1rea da sa\u00fade. Sob a lideran\u00e7a dos s\u00f3cios diretores executivos, Jos\u00e9 Patr\u00edcio e Ruth Medeiros, a ag\u00eancia, fundada em 2021, agora anuncia seu projeto que visa fortalecer a presen\u00e7a digital de profissionais da sa\u00fade, incluindo m\u00e9dicos, psiquiatras, psic\u00f3logos, entre outros. [&hellip;]","og_url":"https:\/\/blogdobispo.com.br\/?p=2501","og_site_name":"Blog do Bispo","article_published_time":"2024-01-10T07:41:02+00:00","og_image":[{"url":"https:\/\/blogdobispo.com.br\/wp-content\/uploads\/2024\/01\/e8408ef7-fffa-465f-b192-0bd79f0401fe-1-1-1024x536.jpg","type":"","width":"","height":""}],"author":"Jefferson Sterfeno","twitter_card":"summary_large_image","twitter_misc":{"Escrito por":"Jefferson Sterfeno","Est. tempo de leitura":"2 minutos"},"schema":{"@context":"https:\/\/schema.org","@graph":[{"@type":"Article","@id":"https:\/\/blogdobispo.com.br\/?p=2501#article","isPartOf":{"@id":"https:\/\/blogdobispo.com.br\/?p=2501"},"author":{"name":"Jefferson Sterfeno","@id":"https:\/\/blogdobispo.com.br\/#\/schema\/person\/e2209cc0e6cea5c5233d033e997b373f"},"headline":"Ag\u00eancia Seja Create Anuncia Lan\u00e7amento de Projeto Inovador Voltado para Profissionais de Sa\u00fade no Instagram","datePublished":"2024-01-10T07:41:02+00:00","mainEntityOfPage":{"@id":"https:\/\/blogdobispo.com.br\/?p=2501"},"wordCount":375,"commentCount":0,"publisher":{"@id":"https:\/\/blogdobispo.com.br\/#organization"},"image":{"@id":"https:\/\/blogdobispo.com.br\/?p=2501#primaryimage"},"thumbnailUrl":"https:\/\/blogdobispo.com.br\/wp-content\/uploads\/2024\/01\/e8408ef7-fffa-465f-b192-0bd79f0401fe-1-1-1024x536.jpg","articleSection":["diversos"],"inLanguage":"pt-BR","potentialAction":[{"@type":"CommentAction","name":"Comment","target":["https:\/\/blogdobispo.com.br\/?p=2501#respond"]}]},{"@type":"WebPage","@id":"https:\/\/blogdobispo.com.br\/?p=2501","url":"https:\/\/blogdobispo.com.br\/?p=2501","name":"Ag\u00eancia Seja Create Anuncia Lan\u00e7amento de Projeto Inovador Voltado para Profissionais de Sa\u00fade no Instagram - Blog do Bispo","isPartOf":{"@id":"https:\/\/blogdobispo.com.br\/#website"},"primaryImageOfPage":{"@id":"https:\/\/blogdobispo.com.br\/?p=2501#primaryimage"},"image":{"@id":"https:\/\/blogdobispo.com.br\/?p=2501#primaryimage"},"thumbnailUrl":"https:\/\/blogdobispo.com.br\/wp-content\/uploads\/2024\/01\/e8408ef7-fffa-465f-b192-0bd79f0401fe-1-1-1024x536.jpg","datePublished":"2024-01-10T07:41:02+00:00","breadcrumb":{"@id":"https:\/\/blogdobispo.com.br\/?p=2501#breadcrumb"},"inLanguage":"pt-BR","potentialAction":[{"@type":"ReadAction","target":["https:\/\/blogdobispo.com.br\/?p=2501"]}]},{"@type":"ImageObject","inLanguage":"pt-BR","@id":"https:\/\/blogdobispo.com.br\/?p=2501#primaryimage","url":"https:\/\/blogdobispo.com.br\/wp-content\/uploads\/2024\/01\/e8408ef7-fffa-465f-b192-0bd79f0401fe-1-1-1024x536.jpg","contentUrl":"https:\/\/blogdobispo.com.br\/wp-content\/uploads\/2024\/01\/e8408ef7-fffa-465f-b192-0bd79f0401fe-1-1-1024x536.jpg"},{"@type":"BreadcrumbList","@id":"https:\/\/blogdobispo.com.br\/?p=2501#breadcrumb","itemListElement":[{"@type":"ListItem","position":1,"name":"In\u00edcio","item":"https:\/\/blogdobispo.com.br\/"},{"@type":"ListItem","position":2,"name":"Ag\u00eancia Seja Create Anuncia Lan\u00e7amento de Projeto Inovador Voltado para Profissionais de Sa\u00fade no Instagram"}]},{"@type":"WebSite","@id":"https:\/\/blogdobispo.com.br\/#website","url":"https:\/\/blogdobispo.com.br\/","name":"Blog do Bispo","description":"Comprometido apenas com o leitor","publisher":{"@id":"https:\/\/blogdobispo.com.br\/#organization"},"potentialAction":[{"@type":"SearchAction","target":{"@type":"EntryPoint","urlTemplate":"https:\/\/blogdobispo.com.br\/?s={search_term_string}"},"query-input":{"@type":"PropertyValueSpecification","valueRequired":true,"valueName":"search_term_string"}}],"inLanguage":"pt-BR"},{"@type":"Organization","@id":"https:\/\/blogdobispo.com.br\/#organization","name":"Blog do Bispo","url":"https:\/\/blogdobispo.com.br\/","logo":{"@type":"ImageObject","inLanguage":"pt-BR","@id":"https:\/\/blogdobispo.com.br\/#\/schema\/logo\/image\/","url":"http:\/\/blogdobispo.com.br\/wp-content\/uploads\/2023\/05\/cropped-headear.png","contentUrl":"http:\/\/blogdobispo.com.br\/wp-content\/uploads\/2023\/05\/cropped-headear.png","width":1500,"height":399,"caption":"Blog do Bispo"},"image":{"@id":"https:\/\/blogdobispo.com.br\/#\/schema\/logo\/image\/"}},{"@type":"Person","@id":"https:\/\/blogdobispo.com.br\/#\/schema\/person\/e2209cc0e6cea5c5233d033e997b373f","name":"Jefferson Sterfeno","image":{"@type":"ImageObject","inLanguage":"pt-BR","@id":"https:\/\/blogdobispo.com.br\/#\/schema\/person\/image\/","url":"https:\/\/secure.gravatar.com\/avatar\/0534e84764641168a677026b6d57a3f51dc7ac4db0b4f6186d9cb330d4ee1160?s=96&d=mm&r=g","contentUrl":"https:\/\/secure.gravatar.com\/avatar\/0534e84764641168a677026b6d57a3f51dc7ac4db0b4f6186d9cb330d4ee1160?s=96&d=mm&r=g","caption":"Jefferson Sterfeno"},"sameAs":["http:\/\/blogdobispo.com.br"],"url":"https:\/\/blogdobispo.com.br\/?author=1"}]}},"featured_image_urls":{"full":"","thumbnail":"","medium":"","medium_large":"","large":"","1536x1536":"","2048x2048":""},"author_info":{"display_name":"Jefferson Sterfeno","author_link":"https:\/\/blogdobispo.com.br\/?author=1"},"category_info":"<a href=\"https:\/\/blogdobispo.com.br\/?cat=1\" rel=\"category\">diversos<\/a>","tag_info":"diversos","comment_count":"0","jetpack_featured_media_url":"","jetpack_sharing_enabled":true,"_links":{"self":[{"href":"https:\/\/blogdobispo.com.br\/index.php?rest_route=\/wp\/v2\/posts\/2501","targetHints":{"allow":["GET"]}}],"collection":[{"href":"https:\/\/blogdobispo.com.br\/index.php?rest_route=\/wp\/v2\/posts"}],"about":[{"href":"https:\/\/blogdobispo.com.br\/index.php?rest_route=\/wp\/v2\/types\/post"}],"author":[{"embeddable":true,"href":"https:\/\/blogdobispo.com.br\/index.php?rest_route=\/wp\/v2\/users\/1"}],"replies":[{"embeddable":true,"href":"https:\/\/blogdobispo.com.br\/index.php?rest_route=%2Fwp%2Fv2%2Fcomments&post=2501"}],"version-history":[{"count":0,"href":"https:\/\/blogdobispo.com.br\/index.php?rest_route=\/wp\/v2\/posts\/2501\/revisions"}],"wp:attachment":[{"href":"https:\/\/blogdobispo.com.br\/index.php?rest_route=%2Fwp%2Fv2%2Fmedia&parent=2501"}],"wp:term":[{"taxonomy":"category","embeddable":true,"href":"https:\/\/blogdobispo.com.br\/index.php?rest_route=%2Fwp%2Fv2%2Fcategories&post=2501"},{"taxonomy":"post_tag","embeddable":true,"href":"https:\/\/blogdobispo.com.br\/index.php?rest_route=%2Fwp%2Fv2%2Ftags&post=2501"}],"curies":[{"name":"wp","href":"https:\/\/api.w.org\/{rel}","templated":true}]}}