{"id":2484,"date":"2024-01-05T01:14:23","date_gmt":"2024-01-05T01:14:23","guid":{"rendered":"https:\/\/blogdobispo.com.br\/?p=2484"},"modified":"2024-01-05T01:27:20","modified_gmt":"2024-01-05T01:27:20","slug":"escanteado-por-alvaro-rafael-motta-podera-trocar-de-grupo","status":"publish","type":"post","link":"https:\/\/blogdobispo.com.br\/?p=2484","title":{"rendered":"Escanteado por \u00c1lvaro, Rafael Motta poder\u00e1 trocar de grupo"},"content":{"rendered":"\n<p>Desde que assumiu a secretaria de esporte e lazer, Rafael Motta tem experimentado um comportamento diferente do Prefeito Alvaro Dias, quem acompanha os cerimoniais de eventos p\u00fablicos, assiste as entrevistas do prefeito, j\u00e1 perceberam que Rafael n\u00e3o est\u00e1 nos planos de \u00c1lvaro para suced\u00ea-lo na prefeitura. Nem ao menos se cogita uma candidatura a vice em uma propensa chapa encabe\u00e7ada por Joana Guerra. <\/p>\n\n\n\n<p>Rafael n\u00e3o tem vez na Prefeitura, mostrando claramente que a nomea\u00e7\u00e3o na SEL foi uma estrat\u00e9gia para tirar ex deputado do jogo pol\u00edtico desse ano. <\/p>\n\n\n\n<p>Por outro lado, os bastidores sabe que Rafael n\u00e3o est\u00e1 morto, mostrou que ainda tem for\u00e7a junto \u00e0 esquerda quando conseguiu remanejar sua (antiga e ex) indica\u00e7\u00e3o do DETRAN para o IDEMA mesmo n\u00e3o tendo nenhuma liga\u00e7\u00e3o com a governadora F\u00e1tima. <\/p>\n\n\n\n<p>Isso somente aconteceu por uma pessoa: A prefeitavel Natalia Bonavides que brigou de todas as formas para manter o espa\u00e7o de Rafael, e que n\u00e3o perdeu as esperan\u00e7as de t\u00ea-lo como companheiro de chapa. <\/p>\n\n\n\n<p>N\u00e3o podemos esquecer que no plano nacional, o PT de Natalia e o PSB de Rafael tem sintonia total, o que facilitaria a reaproxima\u00e7\u00e3o de Motta. <\/p>\n\n\n\n<p>Rafael est\u00e1 deslocado e visivelmente triste, esperava que poderia ter seu nome mais cogitado no grupo do Prefeito, afinal de contas estamos falando de um ex deputado federal que presen\u00e7a em mais de 50 munic\u00edpios do RN, um nome muito forte para um cargo t\u00e3o pequeno como a SEL. <\/p>\n\n\n\n<p>Como disse um amigo, tem muita \u00e1gua pra passar debaixo da Ponte de Igap\u00f3, n\u00e3o se assuste se Rafael mudar de lado. <\/p>\n\n\n\n<figure class=\"wp-block-image size-large\"><img data-recalc-dims=\"1\" fetchpriority=\"high\" decoding=\"async\" width=\"684\" height=\"448\" src=\"https:\/\/i0.wp.com\/blogdobispo.com.br\/wp-content\/uploads\/2024\/01\/img_5040-1.jpg?resize=684%2C448&#038;ssl=1\" alt=\"\" class=\"wp-image-2483\" srcset=\"https:\/\/i0.wp.com\/blogdobispo.com.br\/wp-content\/uploads\/2024\/01\/img_5040-1.jpg?w=684&amp;ssl=1 684w, https:\/\/i0.wp.com\/blogdobispo.com.br\/wp-content\/uploads\/2024\/01\/img_5040-1.jpg?resize=300%2C196&amp;ssl=1 300w\" sizes=\"(max-width: 684px) 100vw, 684px\" \/><\/figure>\n","protected":false},"excerpt":{"rendered":"<p>Desde que assumiu a secretaria de esporte e lazer, Rafael Motta tem experimentado um comportamento diferente do Prefeito Alvaro Dias, quem acompanha os cerimoniais de eventos p\u00fablicos, assiste as entrevistas do prefeito, j\u00e1 perceberam que Rafael n\u00e3o est\u00e1 nos planos de \u00c1lvaro para suced\u00ea-lo na prefeitura. Nem ao menos se cogita uma candidatura a vice [&hellip;]<\/p>\n","protected":false},"author":1,"featured_media":0,"comment_status":"open","ping_status":"open","sticky":false,"template":"","format":"standard","meta":{"cybocfi_hide_featured_image":"","_jetpack_memberships_contains_paid_content":false,"footnotes":""},"categories":[1],"tags":[],"class_list":["post-2484","post","type-post","status-publish","format-standard","hentry","category-diversos"],"yoast_head":"<!-- This site is optimized with the Yoast SEO plugin v25.6 - https:\/\/yoast.com\/wordpress\/plugins\/seo\/ -->\n<title>Escanteado por \u00c1lvaro, Rafael Motta poder\u00e1 trocar de grupo - Blog do Bispo<\/title>\n<meta name=\"robots\" content=\"index, follow, max-snippet:-1, max-image-preview:large, max-video-preview:-1\" \/>\n<link rel=\"canonical\" href=\"https:\/\/blogdobispo.com.br\/?p=2484\" \/>\n<meta property=\"og:locale\" content=\"pt_BR\" \/>\n<meta property=\"og:type\" content=\"article\" \/>\n<meta property=\"og:title\" content=\"Escanteado por \u00c1lvaro, Rafael Motta poder\u00e1 trocar de grupo - Blog do Bispo\" \/>\n<meta property=\"og:description\" content=\"Desde que assumiu a secretaria de esporte e lazer, Rafael Motta tem experimentado um comportamento diferente do Prefeito Alvaro Dias, quem acompanha os cerimoniais de eventos p\u00fablicos, assiste as entrevistas do prefeito, j\u00e1 perceberam que Rafael n\u00e3o est\u00e1 nos planos de \u00c1lvaro para suced\u00ea-lo na prefeitura. Nem ao menos se cogita uma candidatura a vice [&hellip;]\" \/>\n<meta property=\"og:url\" content=\"https:\/\/blogdobispo.com.br\/?p=2484\" \/>\n<meta property=\"og:site_name\" content=\"Blog do Bispo\" \/>\n<meta property=\"article:published_time\" content=\"2024-01-05T01:14:23+00:00\" \/>\n<meta property=\"article:modified_time\" content=\"2024-01-05T01:27:20+00:00\" \/>\n<meta property=\"og:image\" content=\"https:\/\/blogdobispo.com.br\/wp-content\/uploads\/2024\/01\/img_5040-1.jpg\" \/>\n<meta name=\"author\" content=\"Jefferson Sterfeno\" \/>\n<meta name=\"twitter:card\" content=\"summary_large_image\" \/>\n<meta name=\"twitter:label1\" content=\"Escrito por\" \/>\n\t<meta name=\"twitter:data1\" content=\"Jefferson Sterfeno\" \/>\n\t<meta name=\"twitter:label2\" content=\"Est. tempo de leitura\" \/>\n\t<meta name=\"twitter:data2\" content=\"1 minuto\" \/>\n<script type=\"application\/ld+json\" class=\"yoast-schema-graph\">{\"@context\":\"https:\/\/schema.org\",\"@graph\":[{\"@type\":\"Article\",\"@id\":\"https:\/\/blogdobispo.com.br\/?p=2484#article\",\"isPartOf\":{\"@id\":\"https:\/\/blogdobispo.com.br\/?p=2484\"},\"author\":{\"name\":\"Jefferson Sterfeno\",\"@id\":\"https:\/\/blogdobispo.com.br\/#\/schema\/person\/e2209cc0e6cea5c5233d033e997b373f\"},\"headline\":\"Escanteado por \u00c1lvaro, Rafael Motta poder\u00e1 trocar de grupo\",\"datePublished\":\"2024-01-05T01:14:23+00:00\",\"dateModified\":\"2024-01-05T01:27:20+00:00\",\"mainEntityOfPage\":{\"@id\":\"https:\/\/blogdobispo.com.br\/?p=2484\"},\"wordCount\":291,\"commentCount\":0,\"publisher\":{\"@id\":\"https:\/\/blogdobispo.com.br\/#organization\"},\"image\":{\"@id\":\"https:\/\/blogdobispo.com.br\/?p=2484#primaryimage\"},\"thumbnailUrl\":\"https:\/\/blogdobispo.com.br\/wp-content\/uploads\/2024\/01\/img_5040-1.jpg\",\"articleSection\":[\"diversos\"],\"inLanguage\":\"pt-BR\",\"potentialAction\":[{\"@type\":\"CommentAction\",\"name\":\"Comment\",\"target\":[\"https:\/\/blogdobispo.com.br\/?p=2484#respond\"]}]},{\"@type\":\"WebPage\",\"@id\":\"https:\/\/blogdobispo.com.br\/?p=2484\",\"url\":\"https:\/\/blogdobispo.com.br\/?p=2484\",\"name\":\"Escanteado por \u00c1lvaro, Rafael Motta poder\u00e1 trocar de grupo - Blog do Bispo\",\"isPartOf\":{\"@id\":\"https:\/\/blogdobispo.com.br\/#website\"},\"primaryImageOfPage\":{\"@id\":\"https:\/\/blogdobispo.com.br\/?p=2484#primaryimage\"},\"image\":{\"@id\":\"https:\/\/blogdobispo.com.br\/?p=2484#primaryimage\"},\"thumbnailUrl\":\"https:\/\/blogdobispo.com.br\/wp-content\/uploads\/2024\/01\/img_5040-1.jpg\",\"datePublished\":\"2024-01-05T01:14:23+00:00\",\"dateModified\":\"2024-01-05T01:27:20+00:00\",\"breadcrumb\":{\"@id\":\"https:\/\/blogdobispo.com.br\/?p=2484#breadcrumb\"},\"inLanguage\":\"pt-BR\",\"potentialAction\":[{\"@type\":\"ReadAction\",\"target\":[\"https:\/\/blogdobispo.com.br\/?p=2484\"]}]},{\"@type\":\"ImageObject\",\"inLanguage\":\"pt-BR\",\"@id\":\"https:\/\/blogdobispo.com.br\/?p=2484#primaryimage\",\"url\":\"https:\/\/blogdobispo.com.br\/wp-content\/uploads\/2024\/01\/img_5040-1.jpg\",\"contentUrl\":\"https:\/\/blogdobispo.com.br\/wp-content\/uploads\/2024\/01\/img_5040-1.jpg\"},{\"@type\":\"BreadcrumbList\",\"@id\":\"https:\/\/blogdobispo.com.br\/?p=2484#breadcrumb\",\"itemListElement\":[{\"@type\":\"ListItem\",\"position\":1,\"name\":\"In\u00edcio\",\"item\":\"https:\/\/blogdobispo.com.br\/\"},{\"@type\":\"ListItem\",\"position\":2,\"name\":\"Escanteado por \u00c1lvaro, Rafael Motta poder\u00e1 trocar de grupo\"}]},{\"@type\":\"WebSite\",\"@id\":\"https:\/\/blogdobispo.com.br\/#website\",\"url\":\"https:\/\/blogdobispo.com.br\/\",\"name\":\"Blog do Bispo\",\"description\":\"Comprometido apenas com o leitor\",\"publisher\":{\"@id\":\"https:\/\/blogdobispo.com.br\/#organization\"},\"potentialAction\":[{\"@type\":\"SearchAction\",\"target\":{\"@type\":\"EntryPoint\",\"urlTemplate\":\"https:\/\/blogdobispo.com.br\/?s={search_term_string}\"},\"query-input\":{\"@type\":\"PropertyValueSpecification\",\"valueRequired\":true,\"valueName\":\"search_term_string\"}}],\"inLanguage\":\"pt-BR\"},{\"@type\":\"Organization\",\"@id\":\"https:\/\/blogdobispo.com.br\/#organization\",\"name\":\"Blog do Bispo\",\"url\":\"https:\/\/blogdobispo.com.br\/\",\"logo\":{\"@type\":\"ImageObject\",\"inLanguage\":\"pt-BR\",\"@id\":\"https:\/\/blogdobispo.com.br\/#\/schema\/logo\/image\/\",\"url\":\"http:\/\/blogdobispo.com.br\/wp-content\/uploads\/2023\/05\/cropped-headear.png\",\"contentUrl\":\"http:\/\/blogdobispo.com.br\/wp-content\/uploads\/2023\/05\/cropped-headear.png\",\"width\":1500,\"height\":399,\"caption\":\"Blog do Bispo\"},\"image\":{\"@id\":\"https:\/\/blogdobispo.com.br\/#\/schema\/logo\/image\/\"}},{\"@type\":\"Person\",\"@id\":\"https:\/\/blogdobispo.com.br\/#\/schema\/person\/e2209cc0e6cea5c5233d033e997b373f\",\"name\":\"Jefferson Sterfeno\",\"image\":{\"@type\":\"ImageObject\",\"inLanguage\":\"pt-BR\",\"@id\":\"https:\/\/blogdobispo.com.br\/#\/schema\/person\/image\/\",\"url\":\"https:\/\/secure.gravatar.com\/avatar\/0534e84764641168a677026b6d57a3f51dc7ac4db0b4f6186d9cb330d4ee1160?s=96&d=mm&r=g\",\"contentUrl\":\"https:\/\/secure.gravatar.com\/avatar\/0534e84764641168a677026b6d57a3f51dc7ac4db0b4f6186d9cb330d4ee1160?s=96&d=mm&r=g\",\"caption\":\"Jefferson Sterfeno\"},\"sameAs\":[\"http:\/\/blogdobispo.com.br\"],\"url\":\"https:\/\/blogdobispo.com.br\/?author=1\"}]}<\/script>\n<!-- \/ Yoast SEO plugin. -->","yoast_head_json":{"title":"Escanteado por \u00c1lvaro, Rafael Motta poder\u00e1 trocar de grupo - Blog do Bispo","robots":{"index":"index","follow":"follow","max-snippet":"max-snippet:-1","max-image-preview":"max-image-preview:large","max-video-preview":"max-video-preview:-1"},"canonical":"https:\/\/blogdobispo.com.br\/?p=2484","og_locale":"pt_BR","og_type":"article","og_title":"Escanteado por \u00c1lvaro, Rafael Motta poder\u00e1 trocar de grupo - Blog do Bispo","og_description":"Desde que assumiu a secretaria de esporte e lazer, Rafael Motta tem experimentado um comportamento diferente do Prefeito Alvaro Dias, quem acompanha os cerimoniais de eventos p\u00fablicos, assiste as entrevistas do prefeito, j\u00e1 perceberam que Rafael n\u00e3o est\u00e1 nos planos de \u00c1lvaro para suced\u00ea-lo na prefeitura. Nem ao menos se cogita uma candidatura a vice [&hellip;]","og_url":"https:\/\/blogdobispo.com.br\/?p=2484","og_site_name":"Blog do Bispo","article_published_time":"2024-01-05T01:14:23+00:00","article_modified_time":"2024-01-05T01:27:20+00:00","og_image":[{"url":"https:\/\/blogdobispo.com.br\/wp-content\/uploads\/2024\/01\/img_5040-1.jpg","type":"","width":"","height":""}],"author":"Jefferson Sterfeno","twitter_card":"summary_large_image","twitter_misc":{"Escrito por":"Jefferson Sterfeno","Est. tempo de leitura":"1 minuto"},"schema":{"@context":"https:\/\/schema.org","@graph":[{"@type":"Article","@id":"https:\/\/blogdobispo.com.br\/?p=2484#article","isPartOf":{"@id":"https:\/\/blogdobispo.com.br\/?p=2484"},"author":{"name":"Jefferson Sterfeno","@id":"https:\/\/blogdobispo.com.br\/#\/schema\/person\/e2209cc0e6cea5c5233d033e997b373f"},"headline":"Escanteado por \u00c1lvaro, Rafael Motta poder\u00e1 trocar de grupo","datePublished":"2024-01-05T01:14:23+00:00","dateModified":"2024-01-05T01:27:20+00:00","mainEntityOfPage":{"@id":"https:\/\/blogdobispo.com.br\/?p=2484"},"wordCount":291,"commentCount":0,"publisher":{"@id":"https:\/\/blogdobispo.com.br\/#organization"},"image":{"@id":"https:\/\/blogdobispo.com.br\/?p=2484#primaryimage"},"thumbnailUrl":"https:\/\/blogdobispo.com.br\/wp-content\/uploads\/2024\/01\/img_5040-1.jpg","articleSection":["diversos"],"inLanguage":"pt-BR","potentialAction":[{"@type":"CommentAction","name":"Comment","target":["https:\/\/blogdobispo.com.br\/?p=2484#respond"]}]},{"@type":"WebPage","@id":"https:\/\/blogdobispo.com.br\/?p=2484","url":"https:\/\/blogdobispo.com.br\/?p=2484","name":"Escanteado por \u00c1lvaro, Rafael Motta poder\u00e1 trocar de grupo - Blog do Bispo","isPartOf":{"@id":"https:\/\/blogdobispo.com.br\/#website"},"primaryImageOfPage":{"@id":"https:\/\/blogdobispo.com.br\/?p=2484#primaryimage"},"image":{"@id":"https:\/\/blogdobispo.com.br\/?p=2484#primaryimage"},"thumbnailUrl":"https:\/\/blogdobispo.com.br\/wp-content\/uploads\/2024\/01\/img_5040-1.jpg","datePublished":"2024-01-05T01:14:23+00:00","dateModified":"2024-01-05T01:27:20+00:00","breadcrumb":{"@id":"https:\/\/blogdobispo.com.br\/?p=2484#breadcrumb"},"inLanguage":"pt-BR","potentialAction":[{"@type":"ReadAction","target":["https:\/\/blogdobispo.com.br\/?p=2484"]}]},{"@type":"ImageObject","inLanguage":"pt-BR","@id":"https:\/\/blogdobispo.com.br\/?p=2484#primaryimage","url":"https:\/\/blogdobispo.com.br\/wp-content\/uploads\/2024\/01\/img_5040-1.jpg","contentUrl":"https:\/\/blogdobispo.com.br\/wp-content\/uploads\/2024\/01\/img_5040-1.jpg"},{"@type":"BreadcrumbList","@id":"https:\/\/blogdobispo.com.br\/?p=2484#breadcrumb","itemListElement":[{"@type":"ListItem","position":1,"name":"In\u00edcio","item":"https:\/\/blogdobispo.com.br\/"},{"@type":"ListItem","position":2,"name":"Escanteado por \u00c1lvaro, Rafael Motta poder\u00e1 trocar de grupo"}]},{"@type":"WebSite","@id":"https:\/\/blogdobispo.com.br\/#website","url":"https:\/\/blogdobispo.com.br\/","name":"Blog do Bispo","description":"Comprometido apenas com o leitor","publisher":{"@id":"https:\/\/blogdobispo.com.br\/#organization"},"potentialAction":[{"@type":"SearchAction","target":{"@type":"EntryPoint","urlTemplate":"https:\/\/blogdobispo.com.br\/?s={search_term_string}"},"query-input":{"@type":"PropertyValueSpecification","valueRequired":true,"valueName":"search_term_string"}}],"inLanguage":"pt-BR"},{"@type":"Organization","@id":"https:\/\/blogdobispo.com.br\/#organization","name":"Blog do Bispo","url":"https:\/\/blogdobispo.com.br\/","logo":{"@type":"ImageObject","inLanguage":"pt-BR","@id":"https:\/\/blogdobispo.com.br\/#\/schema\/logo\/image\/","url":"http:\/\/blogdobispo.com.br\/wp-content\/uploads\/2023\/05\/cropped-headear.png","contentUrl":"http:\/\/blogdobispo.com.br\/wp-content\/uploads\/2023\/05\/cropped-headear.png","width":1500,"height":399,"caption":"Blog do Bispo"},"image":{"@id":"https:\/\/blogdobispo.com.br\/#\/schema\/logo\/image\/"}},{"@type":"Person","@id":"https:\/\/blogdobispo.com.br\/#\/schema\/person\/e2209cc0e6cea5c5233d033e997b373f","name":"Jefferson Sterfeno","image":{"@type":"ImageObject","inLanguage":"pt-BR","@id":"https:\/\/blogdobispo.com.br\/#\/schema\/person\/image\/","url":"https:\/\/secure.gravatar.com\/avatar\/0534e84764641168a677026b6d57a3f51dc7ac4db0b4f6186d9cb330d4ee1160?s=96&d=mm&r=g","contentUrl":"https:\/\/secure.gravatar.com\/avatar\/0534e84764641168a677026b6d57a3f51dc7ac4db0b4f6186d9cb330d4ee1160?s=96&d=mm&r=g","caption":"Jefferson Sterfeno"},"sameAs":["http:\/\/blogdobispo.com.br"],"url":"https:\/\/blogdobispo.com.br\/?author=1"}]}},"featured_image_urls":{"full":"","thumbnail":"","medium":"","medium_large":"","large":"","1536x1536":"","2048x2048":""},"author_info":{"display_name":"Jefferson Sterfeno","author_link":"https:\/\/blogdobispo.com.br\/?author=1"},"category_info":"<a href=\"https:\/\/blogdobispo.com.br\/?cat=1\" rel=\"category\">diversos<\/a>","tag_info":"diversos","comment_count":"0","jetpack_featured_media_url":"","jetpack_sharing_enabled":true,"_links":{"self":[{"href":"https:\/\/blogdobispo.com.br\/index.php?rest_route=\/wp\/v2\/posts\/2484","targetHints":{"allow":["GET"]}}],"collection":[{"href":"https:\/\/blogdobispo.com.br\/index.php?rest_route=\/wp\/v2\/posts"}],"about":[{"href":"https:\/\/blogdobispo.com.br\/index.php?rest_route=\/wp\/v2\/types\/post"}],"author":[{"embeddable":true,"href":"https:\/\/blogdobispo.com.br\/index.php?rest_route=\/wp\/v2\/users\/1"}],"replies":[{"embeddable":true,"href":"https:\/\/blogdobispo.com.br\/index.php?rest_route=%2Fwp%2Fv2%2Fcomments&post=2484"}],"version-history":[{"count":3,"href":"https:\/\/blogdobispo.com.br\/index.php?rest_route=\/wp\/v2\/posts\/2484\/revisions"}],"predecessor-version":[{"id":2487,"href":"https:\/\/blogdobispo.com.br\/index.php?rest_route=\/wp\/v2\/posts\/2484\/revisions\/2487"}],"wp:attachment":[{"href":"https:\/\/blogdobispo.com.br\/index.php?rest_route=%2Fwp%2Fv2%2Fmedia&parent=2484"}],"wp:term":[{"taxonomy":"category","embeddable":true,"href":"https:\/\/blogdobispo.com.br\/index.php?rest_route=%2Fwp%2Fv2%2Fcategories&post=2484"},{"taxonomy":"post_tag","embeddable":true,"href":"https:\/\/blogdobispo.com.br\/index.php?rest_route=%2Fwp%2Fv2%2Ftags&post=2484"}],"curies":[{"name":"wp","href":"https:\/\/api.w.org\/{rel}","templated":true}]}}